{"id":1381,"date":"2017-04-20T13:44:34","date_gmt":"2017-04-20T11:44:34","guid":{"rendered":"http:\/\/www.naturparkmagazin.de\/nossentiner-schwinzer-heide\/?p=1381"},"modified":"2017-04-26T14:29:36","modified_gmt":"2017-04-26T12:29:36","slug":"erfassung-ziehender-fledermaeuse","status":"publish","type":"post","link":"https:\/\/www.naturparkmagazin.de\/nossentiner-schwinzer-heide\/erfassung-ziehender-fledermaeuse\/","title":{"rendered":"Erfassung ziehender Flederm\u00e4use"},"content":{"rendered":"<div id=\"attachment_1382\" style=\"width: 310px\" class=\"wp-caption aligncenter\"><a href=\"https:\/\/www.naturparkmagazin.de\/nossentiner-schwinzer-heide\/wp-content\/uploads\/sites\/28\/web005b.jpg\"><img aria-describedby=\"caption-attachment-1382\" decoding=\"async\" loading=\"lazy\" class=\"size-full wp-image-1382\" src=\"https:\/\/www.naturparkmagazin.de\/nossentiner-schwinzer-heide\/wp-content\/uploads\/sites\/28\/web005b.jpg\" alt=\"Abendsegler \u00a9 VDN\/Podany &amp; Leibig\" width=\"300\" height=\"500\" srcset=\"https:\/\/www.naturparkmagazin.de\/nossentiner-schwinzer-heide\/wp-content\/uploads\/sites\/28\/web005b.jpg 300w, https:\/\/www.naturparkmagazin.de\/nossentiner-schwinzer-heide\/wp-content\/uploads\/sites\/28\/web005b-200x333.jpg 200w\" sizes=\"(max-width: 300px) 100vw, 300px\" \/><\/a><p id=\"caption-attachment-1382\" class=\"wp-caption-text\">Abendsegler \u00a9 VDN\/Podany &amp; Leibig<\/p><\/div>\n<p>Im Rahmen des landesweiten Fledermaus-Monitoring in den Naturparken von Mecklenburg-Vorpommern werden in 4 ausgew\u00e4hlten Naturparken auch Daten zur Wanderung von weitziehenden Fledermausarten erhoben. An zwei Stellen, auf dem Kirchturm der Dobbertiner Klosterkirche und in der Ortschaft Wooster Teerofen, sind im Naturpark Nossentiner\/Schwinzer Heide sogenannte \u201eWaldboxen\u201c installiert. Diese bestehen aus einem Fledermaus-Detektor (Batcorder, Fa. Ecoobs), einem Solar-Panel und einem GSM-Modul zur \u00dcbertragung der Ergebnisse per SMS. Die Detektoren nehmen vollautomatisch in Echtzeit s\u00e4mtliche Fledermausrufe in den N\u00e4chten auf und senden jeden Morgen per SMS die Ergebnisse auf das Handy der zust\u00e4ndigen Mitarbeiter. Die Daten werden dann im Monat Mai durch den Bioakustiker Martin Post vom F\u00f6rderverein des Naturparks Nossentiner\/Schwinzer Heide ausgewertet. Durch die kalte Wetterlage mit anhaltenden Nachtfr\u00f6sten, scheint bisher der Zug der Rauhautflederm\u00e4use, Abendsegler, Zweifarbflederm\u00e4use und Kleinabendsegler noch nicht gestartet sein.<\/p>\n<div id=\"attachment_1383\" style=\"width: 510px\" class=\"wp-caption aligncenter\"><a href=\"https:\/\/www.naturparkmagazin.de\/nossentiner-schwinzer-heide\/wp-content\/uploads\/sites\/28\/Blick-von-Klosterkircheb.jpg\"><img aria-describedby=\"caption-attachment-1383\" decoding=\"async\" loading=\"lazy\" class=\"size-full wp-image-1383\" src=\"https:\/\/www.naturparkmagazin.de\/nossentiner-schwinzer-heide\/wp-content\/uploads\/sites\/28\/Blick-von-Klosterkircheb.jpg\" alt=\"Blick von der Klosterkirche \u00a9 Nossentiner Schwinzer Heide\" width=\"500\" height=\"300\" srcset=\"https:\/\/www.naturparkmagazin.de\/nossentiner-schwinzer-heide\/wp-content\/uploads\/sites\/28\/Blick-von-Klosterkircheb.jpg 500w, https:\/\/www.naturparkmagazin.de\/nossentiner-schwinzer-heide\/wp-content\/uploads\/sites\/28\/Blick-von-Klosterkircheb-300x180.jpg 300w, https:\/\/www.naturparkmagazin.de\/nossentiner-schwinzer-heide\/wp-content\/uploads\/sites\/28\/Blick-von-Klosterkircheb-200x120.jpg 200w\" sizes=\"(max-width: 500px) 100vw, 500px\" \/><\/a><p id=\"caption-attachment-1383\" class=\"wp-caption-text\">Blick von der Klosterkirche \u00a9 Nossentiner Schwinzer Heide<\/p><\/div>\n<p>&nbsp;<\/p>\n","protected":false},"excerpt":{"rendered":"<p>Im Rahmen des landesweiten Fledermaus-Monitoring in den Naturparken von Mecklenburg-Vorpommern werden in 4 ausgew\u00e4hlten Naturparken auch Daten zur Wanderung von weitziehenden Fledermausarten erhoben<\/p>\n","protected":false},"author":73,"featured_media":1384,"comment_status":"open","ping_status":"open","sticky":false,"template":"","format":"standard","meta":[],"categories":[7],"tags":[],"yoast_head":"<!-- This site is optimized with the Yoast SEO plugin v19.10 - https:\/\/yoast.com\/wordpress\/plugins\/seo\/ -->\n<title>Erfassung ziehender Flederm\u00e4use - Naturpark Nossentiner\/Schwinzer Heide<\/title>\n<meta name=\"robots\" content=\"index, follow, max-snippet:-1, max-image-preview:large, max-video-preview:-1\" \/>\n<link rel=\"canonical\" href=\"https:\/\/www.naturparkmagazin.de\/nossentiner-schwinzer-heide\/erfassung-ziehender-fledermaeuse\/\" \/>\n<meta property=\"og:locale\" content=\"de_DE\" \/>\n<meta property=\"og:type\" content=\"article\" \/>\n<meta property=\"og:title\" content=\"Erfassung ziehender Flederm\u00e4use - Naturpark Nossentiner\/Schwinzer Heide\" \/>\n<meta property=\"og:description\" content=\"Im Rahmen des landesweiten Fledermaus-Monitoring in den Naturparken von Mecklenburg-Vorpommern werden in 4 ausgew\u00e4hlten Naturparken auch Daten zur Wanderung von weitziehenden Fledermausarten erhoben\" \/>\n<meta property=\"og:url\" content=\"https:\/\/www.naturparkmagazin.de\/nossentiner-schwinzer-heide\/erfassung-ziehender-fledermaeuse\/\" \/>\n<meta property=\"og:site_name\" content=\"Naturpark Nossentiner\/Schwinzer Heide\" \/>\n<meta property=\"article:published_time\" content=\"2017-04-20T11:44:34+00:00\" \/>\n<meta property=\"article:modified_time\" content=\"2017-04-26T12:29:36+00:00\" \/>\n<meta property=\"og:image\" content=\"https:\/\/www.naturparkmagazin.de\/nossentiner-schwinzer-heide\/wp-content\/uploads\/sites\/28\/web005bf.jpg\" \/>\n\t<meta property=\"og:image:width\" content=\"200\" \/>\n\t<meta property=\"og:image:height\" content=\"200\" \/>\n\t<meta property=\"og:image:type\" content=\"image\/jpeg\" \/>\n<meta name=\"author\" content=\"manuelamerz\" \/>\n<meta name=\"twitter:label1\" content=\"Verfasst von\" \/>\n\t<meta name=\"twitter:data1\" content=\"manuelamerz\" \/>\n\t<meta name=\"twitter:label2\" content=\"Gesch\u00e4tzte Lesezeit\" \/>\n\t<meta name=\"twitter:data2\" content=\"1\u00a0Minute\" \/>\n<script type=\"application\/ld+json\" class=\"yoast-schema-graph\">{\"@context\":\"https:\/\/schema.org\",\"@graph\":[{\"@type\":\"WebPage\",\"@id\":\"https:\/\/www.naturparkmagazin.de\/nossentiner-schwinzer-heide\/erfassung-ziehender-fledermaeuse\/\",\"url\":\"https:\/\/www.naturparkmagazin.de\/nossentiner-schwinzer-heide\/erfassung-ziehender-fledermaeuse\/\",\"name\":\"Erfassung ziehender Flederm\u00e4use - Naturpark Nossentiner\/Schwinzer Heide\",\"isPartOf\":{\"@id\":\"https:\/\/www.naturparkmagazin.de\/nossentiner-schwinzer-heide\/#website\"},\"datePublished\":\"2017-04-20T11:44:34+00:00\",\"dateModified\":\"2017-04-26T12:29:36+00:00\",\"author\":{\"@id\":\"https:\/\/www.naturparkmagazin.de\/nossentiner-schwinzer-heide\/#\/schema\/person\/3cff9b8773ed55f0189255fa9adfd57c\"},\"breadcrumb\":{\"@id\":\"https:\/\/www.naturparkmagazin.de\/nossentiner-schwinzer-heide\/erfassung-ziehender-fledermaeuse\/#breadcrumb\"},\"inLanguage\":\"de\",\"potentialAction\":[{\"@type\":\"ReadAction\",\"target\":[\"https:\/\/www.naturparkmagazin.de\/nossentiner-schwinzer-heide\/erfassung-ziehender-fledermaeuse\/\"]}]},{\"@type\":\"BreadcrumbList\",\"@id\":\"https:\/\/www.naturparkmagazin.de\/nossentiner-schwinzer-heide\/erfassung-ziehender-fledermaeuse\/#breadcrumb\",\"itemListElement\":[{\"@type\":\"ListItem\",\"position\":1,\"name\":\"Home\",\"item\":\"https:\/\/www.naturparkmagazin.de\/nossentiner-schwinzer-heide\/\"},{\"@type\":\"ListItem\",\"position\":2,\"name\":\"Erfassung ziehender Flederm\u00e4use\"}]},{\"@type\":\"WebSite\",\"@id\":\"https:\/\/www.naturparkmagazin.de\/nossentiner-schwinzer-heide\/#website\",\"url\":\"https:\/\/www.naturparkmagazin.de\/nossentiner-schwinzer-heide\/\",\"name\":\"Naturpark Nossentiner\/Schwinzer Heide\",\"description\":\"\",\"potentialAction\":[{\"@type\":\"SearchAction\",\"target\":{\"@type\":\"EntryPoint\",\"urlTemplate\":\"https:\/\/www.naturparkmagazin.de\/nossentiner-schwinzer-heide\/?s={search_term_string}\"},\"query-input\":\"required name=search_term_string\"}],\"inLanguage\":\"de\"},{\"@type\":\"Person\",\"@id\":\"https:\/\/www.naturparkmagazin.de\/nossentiner-schwinzer-heide\/#\/schema\/person\/3cff9b8773ed55f0189255fa9adfd57c\",\"name\":\"manuelamerz\",\"url\":\"https:\/\/www.naturparkmagazin.de\/nossentiner-schwinzer-heide\/author\/manuelamerz\/\"}]}<\/script>\n<!-- \/ Yoast SEO plugin. -->","yoast_head_json":{"title":"Erfassung ziehender Flederm\u00e4use - Naturpark Nossentiner\/Schwinzer Heide","robots":{"index":"index","follow":"follow","max-snippet":"max-snippet:-1","max-image-preview":"max-image-preview:large","max-video-preview":"max-video-preview:-1"},"canonical":"https:\/\/www.naturparkmagazin.de\/nossentiner-schwinzer-heide\/erfassung-ziehender-fledermaeuse\/","og_locale":"de_DE","og_type":"article","og_title":"Erfassung ziehender Flederm\u00e4use - Naturpark Nossentiner\/Schwinzer Heide","og_description":"Im Rahmen des landesweiten Fledermaus-Monitoring in den Naturparken von Mecklenburg-Vorpommern werden in 4 ausgew\u00e4hlten Naturparken auch Daten zur Wanderung von weitziehenden Fledermausarten erhoben","og_url":"https:\/\/www.naturparkmagazin.de\/nossentiner-schwinzer-heide\/erfassung-ziehender-fledermaeuse\/","og_site_name":"Naturpark Nossentiner\/Schwinzer Heide","article_published_time":"2017-04-20T11:44:34+00:00","article_modified_time":"2017-04-26T12:29:36+00:00","og_image":[{"width":200,"height":200,"url":"https:\/\/www.naturparkmagazin.de\/nossentiner-schwinzer-heide\/wp-content\/uploads\/sites\/28\/web005bf.jpg","type":"image\/jpeg"}],"author":"manuelamerz","twitter_misc":{"Verfasst von":"manuelamerz","Gesch\u00e4tzte Lesezeit":"1\u00a0Minute"},"schema":{"@context":"https:\/\/schema.org","@graph":[{"@type":"WebPage","@id":"https:\/\/www.naturparkmagazin.de\/nossentiner-schwinzer-heide\/erfassung-ziehender-fledermaeuse\/","url":"https:\/\/www.naturparkmagazin.de\/nossentiner-schwinzer-heide\/erfassung-ziehender-fledermaeuse\/","name":"Erfassung ziehender Flederm\u00e4use - Naturpark Nossentiner\/Schwinzer Heide","isPartOf":{"@id":"https:\/\/www.naturparkmagazin.de\/nossentiner-schwinzer-heide\/#website"},"datePublished":"2017-04-20T11:44:34+00:00","dateModified":"2017-04-26T12:29:36+00:00","author":{"@id":"https:\/\/www.naturparkmagazin.de\/nossentiner-schwinzer-heide\/#\/schema\/person\/3cff9b8773ed55f0189255fa9adfd57c"},"breadcrumb":{"@id":"https:\/\/www.naturparkmagazin.de\/nossentiner-schwinzer-heide\/erfassung-ziehender-fledermaeuse\/#breadcrumb"},"inLanguage":"de","potentialAction":[{"@type":"ReadAction","target":["https:\/\/www.naturparkmagazin.de\/nossentiner-schwinzer-heide\/erfassung-ziehender-fledermaeuse\/"]}]},{"@type":"BreadcrumbList","@id":"https:\/\/www.naturparkmagazin.de\/nossentiner-schwinzer-heide\/erfassung-ziehender-fledermaeuse\/#breadcrumb","itemListElement":[{"@type":"ListItem","position":1,"name":"Home","item":"https:\/\/www.naturparkmagazin.de\/nossentiner-schwinzer-heide\/"},{"@type":"ListItem","position":2,"name":"Erfassung ziehender Flederm\u00e4use"}]},{"@type":"WebSite","@id":"https:\/\/www.naturparkmagazin.de\/nossentiner-schwinzer-heide\/#website","url":"https:\/\/www.naturparkmagazin.de\/nossentiner-schwinzer-heide\/","name":"Naturpark Nossentiner\/Schwinzer Heide","description":"","potentialAction":[{"@type":"SearchAction","target":{"@type":"EntryPoint","urlTemplate":"https:\/\/www.naturparkmagazin.de\/nossentiner-schwinzer-heide\/?s={search_term_string}"},"query-input":"required name=search_term_string"}],"inLanguage":"de"},{"@type":"Person","@id":"https:\/\/www.naturparkmagazin.de\/nossentiner-schwinzer-heide\/#\/schema\/person\/3cff9b8773ed55f0189255fa9adfd57c","name":"manuelamerz","url":"https:\/\/www.naturparkmagazin.de\/nossentiner-schwinzer-heide\/author\/manuelamerz\/"}]}},"_links":{"self":[{"href":"https:\/\/www.naturparkmagazin.de\/nossentiner-schwinzer-heide\/wp-json\/wp\/v2\/posts\/1381"}],"collection":[{"href":"https:\/\/www.naturparkmagazin.de\/nossentiner-schwinzer-heide\/wp-json\/wp\/v2\/posts"}],"about":[{"href":"https:\/\/www.naturparkmagazin.de\/nossentiner-schwinzer-heide\/wp-json\/wp\/v2\/types\/post"}],"author":[{"embeddable":true,"href":"https:\/\/www.naturparkmagazin.de\/nossentiner-schwinzer-heide\/wp-json\/wp\/v2\/users\/73"}],"replies":[{"embeddable":true,"href":"https:\/\/www.naturparkmagazin.de\/nossentiner-schwinzer-heide\/wp-json\/wp\/v2\/comments?post=1381"}],"version-history":[{"count":2,"href":"https:\/\/www.naturparkmagazin.de\/nossentiner-schwinzer-heide\/wp-json\/wp\/v2\/posts\/1381\/revisions"}],"predecessor-version":[{"id":1386,"href":"https:\/\/www.naturparkmagazin.de\/nossentiner-schwinzer-heide\/wp-json\/wp\/v2\/posts\/1381\/revisions\/1386"}],"wp:featuredmedia":[{"embeddable":true,"href":"https:\/\/www.naturparkmagazin.de\/nossentiner-schwinzer-heide\/wp-json\/wp\/v2\/media\/1384"}],"wp:attachment":[{"href":"https:\/\/www.naturparkmagazin.de\/nossentiner-schwinzer-heide\/wp-json\/wp\/v2\/media?parent=1381"}],"wp:term":[{"taxonomy":"category","embeddable":true,"href":"https:\/\/www.naturparkmagazin.de\/nossentiner-schwinzer-heide\/wp-json\/wp\/v2\/categories?post=1381"},{"taxonomy":"post_tag","embeddable":true,"href":"https:\/\/www.naturparkmagazin.de\/nossentiner-schwinzer-heide\/wp-json\/wp\/v2\/tags?post=1381"}],"curies":[{"name":"wp","href":"https:\/\/api.w.org\/{rel}","templated":true}]}}