{"id":1387,"date":"2017-04-20T14:36:05","date_gmt":"2017-04-20T12:36:05","guid":{"rendered":"http:\/\/www.naturparkmagazin.de\/nossentiner-schwinzer-heide\/?p=1387"},"modified":"2017-04-26T14:43:42","modified_gmt":"2017-04-26T12:43:42","slug":"tag-des-baumes-2","status":"publish","type":"post","link":"https:\/\/www.naturparkmagazin.de\/nossentiner-schwinzer-heide\/tag-des-baumes-2\/","title":{"rendered":"Tag des Baumes"},"content":{"rendered":"<div id=\"attachment_1388\" style=\"width: 510px\" class=\"wp-caption alignnone\"><a href=\"https:\/\/www.naturparkmagazin.de\/nossentiner-schwinzer-heide\/wp-content\/uploads\/sites\/28\/Kiefer-bei-Klleesten_Naturdenkmal_b.jpg\"><img aria-describedby=\"caption-attachment-1388\" decoding=\"async\" loading=\"lazy\" class=\"size-full wp-image-1388\" src=\"https:\/\/www.naturparkmagazin.de\/nossentiner-schwinzer-heide\/wp-content\/uploads\/sites\/28\/Kiefer-bei-Klleesten_Naturdenkmal_b.jpg\" alt=\"Kiefer bei Klleesten \u00a9 Naturpark Nossentiner Schwinzer Heide\" width=\"500\" height=\"300\" srcset=\"https:\/\/www.naturparkmagazin.de\/nossentiner-schwinzer-heide\/wp-content\/uploads\/sites\/28\/Kiefer-bei-Klleesten_Naturdenkmal_b.jpg 500w, https:\/\/www.naturparkmagazin.de\/nossentiner-schwinzer-heide\/wp-content\/uploads\/sites\/28\/Kiefer-bei-Klleesten_Naturdenkmal_b-300x180.jpg 300w, https:\/\/www.naturparkmagazin.de\/nossentiner-schwinzer-heide\/wp-content\/uploads\/sites\/28\/Kiefer-bei-Klleesten_Naturdenkmal_b-200x120.jpg 200w\" sizes=\"(max-width: 500px) 100vw, 500px\" \/><\/a><p id=\"caption-attachment-1388\" class=\"wp-caption-text\">Kiefer bei Klleesten \u00a9 Naturpark Nossentiner Schwinzer Heide<\/p><\/div>\n<p>Am 25.04.2017, am Tag des Baumes, wurde im Naturpark eine gef\u00fchrte Exkursion zu den \u201eGr\u00fcnen Riesen\u201c, zu ausgew\u00e4hlten Naturdenkm\u00e4lern im Naturpark Nossentiner\/Schwinzer Heide durchgef\u00fchrt. Neben der sehenswerten Flatterulme in Glave, war die Sch\u00e4ferbuche in Neu Dobbin, die Sommerlinde an der Kirche von Dobbin und die eindrucksvolle Kiefer am Kleestener See, Stationen der Exkursion. Begleitet durch ein Fernsehteam des NDR-Nordmagazin (<a href=\"https:\/\/www.ndr.de\/fernsehen\/sendungen\/nordmagazin\/Nordmagazin,sendung633152.html\">https:\/\/www.ndr.de\/fernsehen\/sendungen\/nordmagazin\/Nordmagazin,sendung633152.html<\/a>)\u00a0 \u00a0wurde an der Sch\u00e4ferbuche, einer alten Rotbuche mit einem Stammumfang von fast 10 Metern, die Tradition des internationalen Tag des Baumes aufgegriffen und zusammen mit dem B\u00fcrgermeister der Gemeinde Dobbin-Linstow, Herrn Wilfried Baldermann, ein junger Baum gepflanzt. Das Besondere an diesem \u201eJungen Riesen\u201c ist, dass er genetisch identisch aus einem Steckling der alten Sch\u00e4ferbuche gewonnen wurde. Die Sch\u00e4ferbuche ist durch den Brandkrustenpilz (<em>Kretzschmaria deusta<\/em><em>)<\/em>\u00a0 befallen, welcher neben einer intensiven Wei\u00dff\u00e4ule durch eine Moderf\u00e4ule die Zellw\u00e4nde des Holzes aufl\u00f6st und die Stand- und Bruchfestigkeit des Baumes oder von Teilen des Baumes stark herabsetzt. Der junge Steckling wurde im Rahmen des Projektes \u201eJunge Riesen\u201c, welches \u00fcber viele Jahre finanziell durch die Norddeutsche Stiftung f\u00fcr Umwelt und Entwicklung unterst\u00fctzt wurde, auf dem Gel\u00e4nde der Naturparkverwaltung durch unsere G\u00e4rtnerin Inge Stickel gezogen und verschult.<\/p>\n<div id=\"attachment_1389\" style=\"width: 510px\" class=\"wp-caption alignnone\"><a href=\"https:\/\/www.naturparkmagazin.de\/nossentiner-schwinzer-heide\/wp-content\/uploads\/sites\/28\/Baumpflanzung_2017_Tag-des-Baumesb.jpg\"><img aria-describedby=\"caption-attachment-1389\" decoding=\"async\" loading=\"lazy\" class=\"size-full wp-image-1389\" src=\"https:\/\/www.naturparkmagazin.de\/nossentiner-schwinzer-heide\/wp-content\/uploads\/sites\/28\/Baumpflanzung_2017_Tag-des-Baumesb.jpg\" alt=\"Baumpflanzung 2017 \u00a9 Naturpark Nossentiner Schwinzer Heide\" width=\"500\" height=\"300\" srcset=\"https:\/\/www.naturparkmagazin.de\/nossentiner-schwinzer-heide\/wp-content\/uploads\/sites\/28\/Baumpflanzung_2017_Tag-des-Baumesb.jpg 500w, https:\/\/www.naturparkmagazin.de\/nossentiner-schwinzer-heide\/wp-content\/uploads\/sites\/28\/Baumpflanzung_2017_Tag-des-Baumesb-300x180.jpg 300w, https:\/\/www.naturparkmagazin.de\/nossentiner-schwinzer-heide\/wp-content\/uploads\/sites\/28\/Baumpflanzung_2017_Tag-des-Baumesb-200x120.jpg 200w\" sizes=\"(max-width: 500px) 100vw, 500px\" \/><\/a><p id=\"caption-attachment-1389\" class=\"wp-caption-text\">Baumpflanzung 2017 \u00a9 Naturpark Nossentiner Schwinzer Heide<\/p><\/div>\n<p>&nbsp;<\/p>\n","protected":false},"excerpt":{"rendered":"<p>Am 25.04.2017, am Tag des Baumes, wurde im Naturpark eine gef\u00fchrte Exkursion zu den \u201eGr\u00fcnen Riesen\u201c, zu ausgew\u00e4hlten Naturdenkm\u00e4lern im Naturpark Nossentiner\/Schwinzer Heide durchgef\u00fchrt.<\/p>\n","protected":false},"author":73,"featured_media":1390,"comment_status":"open","ping_status":"open","sticky":false,"template":"","format":"standard","meta":[],"categories":[7],"tags":[],"yoast_head":"<!-- This site is optimized with the Yoast SEO plugin v19.10 - https:\/\/yoast.com\/wordpress\/plugins\/seo\/ -->\n<title>Tag des Baumes - Naturpark Nossentiner\/Schwinzer Heide<\/title>\n<meta name=\"robots\" content=\"index, follow, max-snippet:-1, max-image-preview:large, max-video-preview:-1\" \/>\n<link rel=\"canonical\" href=\"https:\/\/www.naturparkmagazin.de\/nossentiner-schwinzer-heide\/tag-des-baumes-2\/\" \/>\n<meta property=\"og:locale\" content=\"de_DE\" \/>\n<meta property=\"og:type\" content=\"article\" \/>\n<meta property=\"og:title\" content=\"Tag des Baumes - Naturpark Nossentiner\/Schwinzer Heide\" \/>\n<meta property=\"og:description\" content=\"Am 25.04.2017, am Tag des Baumes, wurde im Naturpark eine gef\u00fchrte Exkursion zu den \u201eGr\u00fcnen Riesen\u201c, zu ausgew\u00e4hlten Naturdenkm\u00e4lern im Naturpark Nossentiner\/Schwinzer Heide durchgef\u00fchrt.\" \/>\n<meta property=\"og:url\" content=\"https:\/\/www.naturparkmagazin.de\/nossentiner-schwinzer-heide\/tag-des-baumes-2\/\" \/>\n<meta property=\"og:site_name\" content=\"Naturpark Nossentiner\/Schwinzer Heide\" \/>\n<meta property=\"article:published_time\" content=\"2017-04-20T12:36:05+00:00\" \/>\n<meta property=\"article:modified_time\" content=\"2017-04-26T12:43:42+00:00\" \/>\n<meta property=\"og:image\" content=\"https:\/\/www.naturparkmagazin.de\/nossentiner-schwinzer-heide\/wp-content\/uploads\/sites\/28\/Kiefer-bei-Klleesten_Naturdenkmal_bf.jpg\" \/>\n\t<meta property=\"og:image:width\" content=\"200\" \/>\n\t<meta property=\"og:image:height\" content=\"200\" \/>\n\t<meta property=\"og:image:type\" content=\"image\/jpeg\" \/>\n<meta name=\"author\" content=\"manuelamerz\" \/>\n<meta name=\"twitter:label1\" content=\"Verfasst von\" \/>\n\t<meta name=\"twitter:data1\" content=\"manuelamerz\" \/>\n\t<meta name=\"twitter:label2\" content=\"Gesch\u00e4tzte Lesezeit\" \/>\n\t<meta name=\"twitter:data2\" content=\"1\u00a0Minute\" \/>\n<script type=\"application\/ld+json\" class=\"yoast-schema-graph\">{\"@context\":\"https:\/\/schema.org\",\"@graph\":[{\"@type\":\"WebPage\",\"@id\":\"https:\/\/www.naturparkmagazin.de\/nossentiner-schwinzer-heide\/tag-des-baumes-2\/\",\"url\":\"https:\/\/www.naturparkmagazin.de\/nossentiner-schwinzer-heide\/tag-des-baumes-2\/\",\"name\":\"Tag des Baumes - Naturpark Nossentiner\/Schwinzer Heide\",\"isPartOf\":{\"@id\":\"https:\/\/www.naturparkmagazin.de\/nossentiner-schwinzer-heide\/#website\"},\"datePublished\":\"2017-04-20T12:36:05+00:00\",\"dateModified\":\"2017-04-26T12:43:42+00:00\",\"author\":{\"@id\":\"https:\/\/www.naturparkmagazin.de\/nossentiner-schwinzer-heide\/#\/schema\/person\/3cff9b8773ed55f0189255fa9adfd57c\"},\"breadcrumb\":{\"@id\":\"https:\/\/www.naturparkmagazin.de\/nossentiner-schwinzer-heide\/tag-des-baumes-2\/#breadcrumb\"},\"inLanguage\":\"de\",\"potentialAction\":[{\"@type\":\"ReadAction\",\"target\":[\"https:\/\/www.naturparkmagazin.de\/nossentiner-schwinzer-heide\/tag-des-baumes-2\/\"]}]},{\"@type\":\"BreadcrumbList\",\"@id\":\"https:\/\/www.naturparkmagazin.de\/nossentiner-schwinzer-heide\/tag-des-baumes-2\/#breadcrumb\",\"itemListElement\":[{\"@type\":\"ListItem\",\"position\":1,\"name\":\"Home\",\"item\":\"https:\/\/www.naturparkmagazin.de\/nossentiner-schwinzer-heide\/\"},{\"@type\":\"ListItem\",\"position\":2,\"name\":\"Tag des Baumes\"}]},{\"@type\":\"WebSite\",\"@id\":\"https:\/\/www.naturparkmagazin.de\/nossentiner-schwinzer-heide\/#website\",\"url\":\"https:\/\/www.naturparkmagazin.de\/nossentiner-schwinzer-heide\/\",\"name\":\"Naturpark Nossentiner\/Schwinzer Heide\",\"description\":\"\",\"potentialAction\":[{\"@type\":\"SearchAction\",\"target\":{\"@type\":\"EntryPoint\",\"urlTemplate\":\"https:\/\/www.naturparkmagazin.de\/nossentiner-schwinzer-heide\/?s={search_term_string}\"},\"query-input\":\"required name=search_term_string\"}],\"inLanguage\":\"de\"},{\"@type\":\"Person\",\"@id\":\"https:\/\/www.naturparkmagazin.de\/nossentiner-schwinzer-heide\/#\/schema\/person\/3cff9b8773ed55f0189255fa9adfd57c\",\"name\":\"manuelamerz\",\"url\":\"https:\/\/www.naturparkmagazin.de\/nossentiner-schwinzer-heide\/author\/manuelamerz\/\"}]}<\/script>\n<!-- \/ Yoast SEO plugin. -->","yoast_head_json":{"title":"Tag des Baumes - Naturpark Nossentiner\/Schwinzer Heide","robots":{"index":"index","follow":"follow","max-snippet":"max-snippet:-1","max-image-preview":"max-image-preview:large","max-video-preview":"max-video-preview:-1"},"canonical":"https:\/\/www.naturparkmagazin.de\/nossentiner-schwinzer-heide\/tag-des-baumes-2\/","og_locale":"de_DE","og_type":"article","og_title":"Tag des Baumes - Naturpark Nossentiner\/Schwinzer Heide","og_description":"Am 25.04.2017, am Tag des Baumes, wurde im Naturpark eine gef\u00fchrte Exkursion zu den \u201eGr\u00fcnen Riesen\u201c, zu ausgew\u00e4hlten Naturdenkm\u00e4lern im Naturpark Nossentiner\/Schwinzer Heide durchgef\u00fchrt.","og_url":"https:\/\/www.naturparkmagazin.de\/nossentiner-schwinzer-heide\/tag-des-baumes-2\/","og_site_name":"Naturpark Nossentiner\/Schwinzer Heide","article_published_time":"2017-04-20T12:36:05+00:00","article_modified_time":"2017-04-26T12:43:42+00:00","og_image":[{"width":200,"height":200,"url":"https:\/\/www.naturparkmagazin.de\/nossentiner-schwinzer-heide\/wp-content\/uploads\/sites\/28\/Kiefer-bei-Klleesten_Naturdenkmal_bf.jpg","type":"image\/jpeg"}],"author":"manuelamerz","twitter_misc":{"Verfasst von":"manuelamerz","Gesch\u00e4tzte Lesezeit":"1\u00a0Minute"},"schema":{"@context":"https:\/\/schema.org","@graph":[{"@type":"WebPage","@id":"https:\/\/www.naturparkmagazin.de\/nossentiner-schwinzer-heide\/tag-des-baumes-2\/","url":"https:\/\/www.naturparkmagazin.de\/nossentiner-schwinzer-heide\/tag-des-baumes-2\/","name":"Tag des Baumes - Naturpark Nossentiner\/Schwinzer Heide","isPartOf":{"@id":"https:\/\/www.naturparkmagazin.de\/nossentiner-schwinzer-heide\/#website"},"datePublished":"2017-04-20T12:36:05+00:00","dateModified":"2017-04-26T12:43:42+00:00","author":{"@id":"https:\/\/www.naturparkmagazin.de\/nossentiner-schwinzer-heide\/#\/schema\/person\/3cff9b8773ed55f0189255fa9adfd57c"},"breadcrumb":{"@id":"https:\/\/www.naturparkmagazin.de\/nossentiner-schwinzer-heide\/tag-des-baumes-2\/#breadcrumb"},"inLanguage":"de","potentialAction":[{"@type":"ReadAction","target":["https:\/\/www.naturparkmagazin.de\/nossentiner-schwinzer-heide\/tag-des-baumes-2\/"]}]},{"@type":"BreadcrumbList","@id":"https:\/\/www.naturparkmagazin.de\/nossentiner-schwinzer-heide\/tag-des-baumes-2\/#breadcrumb","itemListElement":[{"@type":"ListItem","position":1,"name":"Home","item":"https:\/\/www.naturparkmagazin.de\/nossentiner-schwinzer-heide\/"},{"@type":"ListItem","position":2,"name":"Tag des Baumes"}]},{"@type":"WebSite","@id":"https:\/\/www.naturparkmagazin.de\/nossentiner-schwinzer-heide\/#website","url":"https:\/\/www.naturparkmagazin.de\/nossentiner-schwinzer-heide\/","name":"Naturpark Nossentiner\/Schwinzer Heide","description":"","potentialAction":[{"@type":"SearchAction","target":{"@type":"EntryPoint","urlTemplate":"https:\/\/www.naturparkmagazin.de\/nossentiner-schwinzer-heide\/?s={search_term_string}"},"query-input":"required name=search_term_string"}],"inLanguage":"de"},{"@type":"Person","@id":"https:\/\/www.naturparkmagazin.de\/nossentiner-schwinzer-heide\/#\/schema\/person\/3cff9b8773ed55f0189255fa9adfd57c","name":"manuelamerz","url":"https:\/\/www.naturparkmagazin.de\/nossentiner-schwinzer-heide\/author\/manuelamerz\/"}]}},"_links":{"self":[{"href":"https:\/\/www.naturparkmagazin.de\/nossentiner-schwinzer-heide\/wp-json\/wp\/v2\/posts\/1387"}],"collection":[{"href":"https:\/\/www.naturparkmagazin.de\/nossentiner-schwinzer-heide\/wp-json\/wp\/v2\/posts"}],"about":[{"href":"https:\/\/www.naturparkmagazin.de\/nossentiner-schwinzer-heide\/wp-json\/wp\/v2\/types\/post"}],"author":[{"embeddable":true,"href":"https:\/\/www.naturparkmagazin.de\/nossentiner-schwinzer-heide\/wp-json\/wp\/v2\/users\/73"}],"replies":[{"embeddable":true,"href":"https:\/\/www.naturparkmagazin.de\/nossentiner-schwinzer-heide\/wp-json\/wp\/v2\/comments?post=1387"}],"version-history":[{"count":2,"href":"https:\/\/www.naturparkmagazin.de\/nossentiner-schwinzer-heide\/wp-json\/wp\/v2\/posts\/1387\/revisions"}],"predecessor-version":[{"id":1392,"href":"https:\/\/www.naturparkmagazin.de\/nossentiner-schwinzer-heide\/wp-json\/wp\/v2\/posts\/1387\/revisions\/1392"}],"wp:featuredmedia":[{"embeddable":true,"href":"https:\/\/www.naturparkmagazin.de\/nossentiner-schwinzer-heide\/wp-json\/wp\/v2\/media\/1390"}],"wp:attachment":[{"href":"https:\/\/www.naturparkmagazin.de\/nossentiner-schwinzer-heide\/wp-json\/wp\/v2\/media?parent=1387"}],"wp:term":[{"taxonomy":"category","embeddable":true,"href":"https:\/\/www.naturparkmagazin.de\/nossentiner-schwinzer-heide\/wp-json\/wp\/v2\/categories?post=1387"},{"taxonomy":"post_tag","embeddable":true,"href":"https:\/\/www.naturparkmagazin.de\/nossentiner-schwinzer-heide\/wp-json\/wp\/v2\/tags?post=1387"}],"curies":[{"name":"wp","href":"https:\/\/api.w.org\/{rel}","templated":true}]}}