{"id":1414,"date":"2017-05-16T11:56:22","date_gmt":"2017-05-16T09:56:22","guid":{"rendered":"http:\/\/www.naturparkmagazin.de\/nossentiner-schwinzer-heide\/?p=1414"},"modified":"2017-05-17T13:10:01","modified_gmt":"2017-05-17T11:10:01","slug":"foto-workshop-augustlicht-mit-monika-lawrenz-im-naturpark-am-19-august-2017","status":"publish","type":"post","link":"https:\/\/www.naturparkmagazin.de\/nossentiner-schwinzer-heide\/foto-workshop-augustlicht-mit-monika-lawrenz-im-naturpark-am-19-august-2017\/","title":{"rendered":"Foto-Workshop \u201eAUGUSTLICHT\u201c mit Monika Lawrenz im Naturpark am 19. August 2017"},"content":{"rendered":"<p>Der erste Foto-Workshop mit renommierten Fotografin Monika Lawrenz, der im M\u00e4rz im Naturpark Nossentiner\/Schwinzer Heide stattfand, war trotz widrigen Wetters ein voller Erfolg.<\/p>\n<p>Auch der zweite Workshop am 24. Juni ist bereits komplett ausgebucht. Deshalb wird nun ein dritter Workshop \u201eAUGUSTLICHT\u201c am 19. August angeboten.<\/p>\n<p><a href=\"https:\/\/www.naturparkmagazin.de\/nossentiner-schwinzer-heide\/wp-content\/uploads\/sites\/28\/Sommerwiese-im-Abendlicht-FotoMonikaLawrenz9976.jpg\"><img decoding=\"async\" loading=\"lazy\" class=\"alignnone size-medium wp-image-1417\" src=\"https:\/\/www.naturparkmagazin.de\/nossentiner-schwinzer-heide\/wp-content\/uploads\/sites\/28\/Sommerwiese-im-Abendlicht-FotoMonikaLawrenz9976-620x412.jpg\" alt=\"Sommerwiese im Abendlicht-FotoMonikaLawrenz9976\" width=\"620\" height=\"412\" srcset=\"https:\/\/www.naturparkmagazin.de\/nossentiner-schwinzer-heide\/wp-content\/uploads\/sites\/28\/Sommerwiese-im-Abendlicht-FotoMonikaLawrenz9976-620x412.jpg 620w, https:\/\/www.naturparkmagazin.de\/nossentiner-schwinzer-heide\/wp-content\/uploads\/sites\/28\/Sommerwiese-im-Abendlicht-FotoMonikaLawrenz9976-300x200.jpg 300w, https:\/\/www.naturparkmagazin.de\/nossentiner-schwinzer-heide\/wp-content\/uploads\/sites\/28\/Sommerwiese-im-Abendlicht-FotoMonikaLawrenz9976-940x625.jpg 940w, https:\/\/www.naturparkmagazin.de\/nossentiner-schwinzer-heide\/wp-content\/uploads\/sites\/28\/Sommerwiese-im-Abendlicht-FotoMonikaLawrenz9976-670x446.jpg 670w, https:\/\/www.naturparkmagazin.de\/nossentiner-schwinzer-heide\/wp-content\/uploads\/sites\/28\/Sommerwiese-im-Abendlicht-FotoMonikaLawrenz9976-200x133.jpg 200w, https:\/\/www.naturparkmagazin.de\/nossentiner-schwinzer-heide\/wp-content\/uploads\/sites\/28\/Sommerwiese-im-Abendlicht-FotoMonikaLawrenz9976.jpg 1024w\" sizes=\"(max-width: 620px) 100vw, 620px\" \/><\/a><\/p>\n<p>Der Tages-Workshop richtet sich an fotografische Einsteiger und Aufsteiger in der Naturfotografie. Treff ist um 12 Uhr im Naturparkzentrum Karower Meiler.<\/p>\n<p>Gerade in Mecklenburg-Vorpommern gibt es urspru\u0308ngliche Sch\u00f6nheiten in der Natur.<\/p>\n<p>Ausdrucksstarke Motive zu finden und sie dann ins richtige Licht zu setzen sind die Voraussetzungen fu\u0308r au\u00dfergew\u00f6hnlich interessante Bilder.<\/p>\n<p>Im Workshop lernen Sie, wie Sie durch Bildgestaltung und die richtige Vorauswahl an ihrer Kamera ku\u0308nstlerische Akzente in der Naturfotografie setzen k\u00f6nnen. Ziel ist es, eine eigene, individuelle Sichtweise zu entwickeln. Geplant ist eine mehrst\u00fcndige Fototour durch den Naturpark. Anschlie\u00dfend werden die entstandenen Bilder am Rechner gemeinsam gesichtet und ausgewertet. Drei besonders gelungene Bilder von jedem Teilnehmer werden im Adobe Lightroom-Programm bearbeitet und in einer abschlie\u00dfenden Dia-Show pr\u00e4sentiert.<\/p>\n<p>Die Teilnahmegeb\u00fchr f\u00fcr den Workshop betr\u00e4gt 59 \u20ac pro Teilnehmer.<\/p>\n<p>Bitte mitbringen:<\/p>\n<ul>\n<li>\u00a0\u00a0\u00a0 Kameraequipment, Stativ, Bedienungsanleitung der Kamera<\/li>\n<li>\u00a0\u00a0\u00a0 wenn vorhanden, Laptop mit Bildbearbeitungsprogramm, z.B. Lightroom 4 oder 5 (kostenlose Testversion erh\u00e4ltlich)<\/li>\n<li>\u00a0\u00a0\u00a0 max. 5 eigene Fotoprints mit Motiven aus der Natur<\/li>\n<li>\u00a0\u00a0\u00a0 wetterfeste Kleidung<\/li>\n<li>\u00a0\u00a0\u00a0 Getr\u00e4nk\/Snack fu\u0308r die Tagestour<\/li>\n<\/ul>\n<p>&nbsp;<\/p>\n<p>Anmeldungen bitte per Email beim Naturpark Nossentiner\/Schwinzer Heide: <a href=\"mailto:Poststelle-NSH@lung.mv-regierung.de\">Poststelle-NSH@lung.mv-regierung.de<\/a><\/p>\n<p>Telefon: 038738-7390-0<\/p>\n<p>Weitere Informationen:<\/p>\n<p>Monika Lawrenz<\/p>\n<p>Tel: 038736-43047<\/p>\n<p>Email: <a href=\"mailto:fotografie@monikalawrenz.de\">fotografie@monikalawrenz.de<\/a><\/p>\n<p><a href=\"http:\/\/www.monikalawrenz.de\/\">www.monikalawrenz.de<\/a><\/p>\n<p><a href=\"https:\/\/www.naturparkmagazin.de\/nossentiner-schwinzer-heide\/wp-content\/uploads\/sites\/28\/Spiegelung-im-Moor-FotoMonikaLawrenz_3192.jpg\"><img decoding=\"async\" loading=\"lazy\" class=\"alignnone size-medium wp-image-1419\" src=\"https:\/\/www.naturparkmagazin.de\/nossentiner-schwinzer-heide\/wp-content\/uploads\/sites\/28\/Spiegelung-im-Moor-FotoMonikaLawrenz_3192-620x414.jpg\" alt=\"Spiegelung im Moor-FotoMonikaLawrenz_3192\" width=\"620\" height=\"414\" srcset=\"https:\/\/www.naturparkmagazin.de\/nossentiner-schwinzer-heide\/wp-content\/uploads\/sites\/28\/Spiegelung-im-Moor-FotoMonikaLawrenz_3192-620x414.jpg 620w, https:\/\/www.naturparkmagazin.de\/nossentiner-schwinzer-heide\/wp-content\/uploads\/sites\/28\/Spiegelung-im-Moor-FotoMonikaLawrenz_3192-300x200.jpg 300w, https:\/\/www.naturparkmagazin.de\/nossentiner-schwinzer-heide\/wp-content\/uploads\/sites\/28\/Spiegelung-im-Moor-FotoMonikaLawrenz_3192-940x627.jpg 940w, https:\/\/www.naturparkmagazin.de\/nossentiner-schwinzer-heide\/wp-content\/uploads\/sites\/28\/Spiegelung-im-Moor-FotoMonikaLawrenz_3192-670x447.jpg 670w, https:\/\/www.naturparkmagazin.de\/nossentiner-schwinzer-heide\/wp-content\/uploads\/sites\/28\/Spiegelung-im-Moor-FotoMonikaLawrenz_3192-200x133.jpg 200w, https:\/\/www.naturparkmagazin.de\/nossentiner-schwinzer-heide\/wp-content\/uploads\/sites\/28\/Spiegelung-im-Moor-FotoMonikaLawrenz_3192.jpg 1024w\" sizes=\"(max-width: 620px) 100vw, 620px\" \/><\/a><\/p>\n","protected":false},"excerpt":{"rendered":"<p>Der erste Foto-Workshop mit renommierten Fotografin Monika Lawrenz, der im M\u00e4rz im Naturpark Nossentiner\/Schwinzer Heide stattfand, war trotz widrigen Wetters ein voller Erfolg. Auch der zweite Workshop am 24. Juni ist bereits komplett ausgebucht. Deshalb wird nun ein dritter Workshop \u201eAUGUSTLICHT\u201c am 19. August angeboten. Der Tages-Workshop richtet sich an fotografische Einsteiger und Aufsteiger in<\/p>\n","protected":false},"author":28,"featured_media":1417,"comment_status":"open","ping_status":"open","sticky":false,"template":"","format":"standard","meta":[],"categories":[11],"tags":[],"yoast_head":"<!-- This site is optimized with the Yoast SEO plugin v19.10 - https:\/\/yoast.com\/wordpress\/plugins\/seo\/ -->\n<title>Foto-Workshop \u201eAUGUSTLICHT\u201c mit Monika Lawrenz im Naturpark am 19. August 2017 - Naturpark Nossentiner\/Schwinzer Heide<\/title>\n<meta name=\"robots\" content=\"index, follow, max-snippet:-1, max-image-preview:large, max-video-preview:-1\" \/>\n<link rel=\"canonical\" href=\"https:\/\/www.naturparkmagazin.de\/nossentiner-schwinzer-heide\/foto-workshop-augustlicht-mit-monika-lawrenz-im-naturpark-am-19-august-2017\/\" \/>\n<meta property=\"og:locale\" content=\"de_DE\" \/>\n<meta property=\"og:type\" content=\"article\" \/>\n<meta property=\"og:title\" content=\"Foto-Workshop \u201eAUGUSTLICHT\u201c mit Monika Lawrenz im Naturpark am 19. August 2017 - Naturpark Nossentiner\/Schwinzer Heide\" \/>\n<meta property=\"og:description\" content=\"Der erste Foto-Workshop mit renommierten Fotografin Monika Lawrenz, der im M\u00e4rz im Naturpark Nossentiner\/Schwinzer Heide stattfand, war trotz widrigen Wetters ein voller Erfolg. Auch der zweite Workshop am 24. Juni ist bereits komplett ausgebucht. Deshalb wird nun ein dritter Workshop \u201eAUGUSTLICHT\u201c am 19. August angeboten. Der Tages-Workshop richtet sich an fotografische Einsteiger und Aufsteiger in\" \/>\n<meta property=\"og:url\" content=\"https:\/\/www.naturparkmagazin.de\/nossentiner-schwinzer-heide\/foto-workshop-augustlicht-mit-monika-lawrenz-im-naturpark-am-19-august-2017\/\" \/>\n<meta property=\"og:site_name\" content=\"Naturpark Nossentiner\/Schwinzer Heide\" \/>\n<meta property=\"article:published_time\" content=\"2017-05-16T09:56:22+00:00\" \/>\n<meta property=\"article:modified_time\" content=\"2017-05-17T11:10:01+00:00\" \/>\n<meta property=\"og:image\" content=\"https:\/\/www.naturparkmagazin.de\/nossentiner-schwinzer-heide\/wp-content\/uploads\/sites\/28\/Sommerwiese-im-Abendlicht-FotoMonikaLawrenz9976.jpg\" \/>\n\t<meta property=\"og:image:width\" content=\"1024\" \/>\n\t<meta property=\"og:image:height\" content=\"681\" \/>\n\t<meta property=\"og:image:type\" content=\"image\/jpeg\" \/>\n<meta name=\"twitter:label1\" content=\"Verfasst von\" \/>\n\t<meta name=\"twitter:data1\" content=\"\" \/>\n\t<meta name=\"twitter:label2\" content=\"Gesch\u00e4tzte Lesezeit\" \/>\n\t<meta name=\"twitter:data2\" content=\"1\u00a0Minute\" \/>\n<script type=\"application\/ld+json\" class=\"yoast-schema-graph\">{\"@context\":\"https:\/\/schema.org\",\"@graph\":[{\"@type\":\"WebPage\",\"@id\":\"https:\/\/www.naturparkmagazin.de\/nossentiner-schwinzer-heide\/foto-workshop-augustlicht-mit-monika-lawrenz-im-naturpark-am-19-august-2017\/\",\"url\":\"https:\/\/www.naturparkmagazin.de\/nossentiner-schwinzer-heide\/foto-workshop-augustlicht-mit-monika-lawrenz-im-naturpark-am-19-august-2017\/\",\"name\":\"Foto-Workshop \u201eAUGUSTLICHT\u201c mit Monika Lawrenz im Naturpark am 19. August 2017 - Naturpark Nossentiner\/Schwinzer Heide\",\"isPartOf\":{\"@id\":\"https:\/\/www.naturparkmagazin.de\/nossentiner-schwinzer-heide\/#website\"},\"datePublished\":\"2017-05-16T09:56:22+00:00\",\"dateModified\":\"2017-05-17T11:10:01+00:00\",\"author\":{\"@id\":\"\"},\"breadcrumb\":{\"@id\":\"https:\/\/www.naturparkmagazin.de\/nossentiner-schwinzer-heide\/foto-workshop-augustlicht-mit-monika-lawrenz-im-naturpark-am-19-august-2017\/#breadcrumb\"},\"inLanguage\":\"de\",\"potentialAction\":[{\"@type\":\"ReadAction\",\"target\":[\"https:\/\/www.naturparkmagazin.de\/nossentiner-schwinzer-heide\/foto-workshop-augustlicht-mit-monika-lawrenz-im-naturpark-am-19-august-2017\/\"]}]},{\"@type\":\"BreadcrumbList\",\"@id\":\"https:\/\/www.naturparkmagazin.de\/nossentiner-schwinzer-heide\/foto-workshop-augustlicht-mit-monika-lawrenz-im-naturpark-am-19-august-2017\/#breadcrumb\",\"itemListElement\":[{\"@type\":\"ListItem\",\"position\":1,\"name\":\"Home\",\"item\":\"https:\/\/www.naturparkmagazin.de\/nossentiner-schwinzer-heide\/\"},{\"@type\":\"ListItem\",\"position\":2,\"name\":\"Foto-Workshop \u201eAUGUSTLICHT\u201c mit Monika Lawrenz im Naturpark am 19. August 2017\"}]},{\"@type\":\"WebSite\",\"@id\":\"https:\/\/www.naturparkmagazin.de\/nossentiner-schwinzer-heide\/#website\",\"url\":\"https:\/\/www.naturparkmagazin.de\/nossentiner-schwinzer-heide\/\",\"name\":\"Naturpark Nossentiner\/Schwinzer Heide\",\"description\":\"\",\"potentialAction\":[{\"@type\":\"SearchAction\",\"target\":{\"@type\":\"EntryPoint\",\"urlTemplate\":\"https:\/\/www.naturparkmagazin.de\/nossentiner-schwinzer-heide\/?s={search_term_string}\"},\"query-input\":\"required name=search_term_string\"}],\"inLanguage\":\"de\"},{\"@type\":\"Person\",\"@id\":\"\",\"url\":\"https:\/\/www.naturparkmagazin.de\/nossentiner-schwinzer-heide\/author\/\"}]}<\/script>\n<!-- \/ Yoast SEO plugin. -->","yoast_head_json":{"title":"Foto-Workshop \u201eAUGUSTLICHT\u201c mit Monika Lawrenz im Naturpark am 19. August 2017 - Naturpark Nossentiner\/Schwinzer Heide","robots":{"index":"index","follow":"follow","max-snippet":"max-snippet:-1","max-image-preview":"max-image-preview:large","max-video-preview":"max-video-preview:-1"},"canonical":"https:\/\/www.naturparkmagazin.de\/nossentiner-schwinzer-heide\/foto-workshop-augustlicht-mit-monika-lawrenz-im-naturpark-am-19-august-2017\/","og_locale":"de_DE","og_type":"article","og_title":"Foto-Workshop \u201eAUGUSTLICHT\u201c mit Monika Lawrenz im Naturpark am 19. August 2017 - Naturpark Nossentiner\/Schwinzer Heide","og_description":"Der erste Foto-Workshop mit renommierten Fotografin Monika Lawrenz, der im M\u00e4rz im Naturpark Nossentiner\/Schwinzer Heide stattfand, war trotz widrigen Wetters ein voller Erfolg. Auch der zweite Workshop am 24. Juni ist bereits komplett ausgebucht. Deshalb wird nun ein dritter Workshop \u201eAUGUSTLICHT\u201c am 19. August angeboten. Der Tages-Workshop richtet sich an fotografische Einsteiger und Aufsteiger in","og_url":"https:\/\/www.naturparkmagazin.de\/nossentiner-schwinzer-heide\/foto-workshop-augustlicht-mit-monika-lawrenz-im-naturpark-am-19-august-2017\/","og_site_name":"Naturpark Nossentiner\/Schwinzer Heide","article_published_time":"2017-05-16T09:56:22+00:00","article_modified_time":"2017-05-17T11:10:01+00:00","og_image":[{"width":1024,"height":681,"url":"https:\/\/www.naturparkmagazin.de\/nossentiner-schwinzer-heide\/wp-content\/uploads\/sites\/28\/Sommerwiese-im-Abendlicht-FotoMonikaLawrenz9976.jpg","type":"image\/jpeg"}],"twitter_misc":{"Verfasst von":"","Gesch\u00e4tzte Lesezeit":"1\u00a0Minute"},"schema":{"@context":"https:\/\/schema.org","@graph":[{"@type":"WebPage","@id":"https:\/\/www.naturparkmagazin.de\/nossentiner-schwinzer-heide\/foto-workshop-augustlicht-mit-monika-lawrenz-im-naturpark-am-19-august-2017\/","url":"https:\/\/www.naturparkmagazin.de\/nossentiner-schwinzer-heide\/foto-workshop-augustlicht-mit-monika-lawrenz-im-naturpark-am-19-august-2017\/","name":"Foto-Workshop \u201eAUGUSTLICHT\u201c mit Monika Lawrenz im Naturpark am 19. August 2017 - Naturpark Nossentiner\/Schwinzer Heide","isPartOf":{"@id":"https:\/\/www.naturparkmagazin.de\/nossentiner-schwinzer-heide\/#website"},"datePublished":"2017-05-16T09:56:22+00:00","dateModified":"2017-05-17T11:10:01+00:00","author":{"@id":""},"breadcrumb":{"@id":"https:\/\/www.naturparkmagazin.de\/nossentiner-schwinzer-heide\/foto-workshop-augustlicht-mit-monika-lawrenz-im-naturpark-am-19-august-2017\/#breadcrumb"},"inLanguage":"de","potentialAction":[{"@type":"ReadAction","target":["https:\/\/www.naturparkmagazin.de\/nossentiner-schwinzer-heide\/foto-workshop-augustlicht-mit-monika-lawrenz-im-naturpark-am-19-august-2017\/"]}]},{"@type":"BreadcrumbList","@id":"https:\/\/www.naturparkmagazin.de\/nossentiner-schwinzer-heide\/foto-workshop-augustlicht-mit-monika-lawrenz-im-naturpark-am-19-august-2017\/#breadcrumb","itemListElement":[{"@type":"ListItem","position":1,"name":"Home","item":"https:\/\/www.naturparkmagazin.de\/nossentiner-schwinzer-heide\/"},{"@type":"ListItem","position":2,"name":"Foto-Workshop \u201eAUGUSTLICHT\u201c mit Monika Lawrenz im Naturpark am 19. August 2017"}]},{"@type":"WebSite","@id":"https:\/\/www.naturparkmagazin.de\/nossentiner-schwinzer-heide\/#website","url":"https:\/\/www.naturparkmagazin.de\/nossentiner-schwinzer-heide\/","name":"Naturpark Nossentiner\/Schwinzer Heide","description":"","potentialAction":[{"@type":"SearchAction","target":{"@type":"EntryPoint","urlTemplate":"https:\/\/www.naturparkmagazin.de\/nossentiner-schwinzer-heide\/?s={search_term_string}"},"query-input":"required name=search_term_string"}],"inLanguage":"de"},{"@type":"Person","@id":"","url":"https:\/\/www.naturparkmagazin.de\/nossentiner-schwinzer-heide\/author\/"}]}},"_links":{"self":[{"href":"https:\/\/www.naturparkmagazin.de\/nossentiner-schwinzer-heide\/wp-json\/wp\/v2\/posts\/1414"}],"collection":[{"href":"https:\/\/www.naturparkmagazin.de\/nossentiner-schwinzer-heide\/wp-json\/wp\/v2\/posts"}],"about":[{"href":"https:\/\/www.naturparkmagazin.de\/nossentiner-schwinzer-heide\/wp-json\/wp\/v2\/types\/post"}],"author":[{"embeddable":true,"href":"https:\/\/www.naturparkmagazin.de\/nossentiner-schwinzer-heide\/wp-json\/wp\/v2\/users\/28"}],"replies":[{"embeddable":true,"href":"https:\/\/www.naturparkmagazin.de\/nossentiner-schwinzer-heide\/wp-json\/wp\/v2\/comments?post=1414"}],"version-history":[{"count":3,"href":"https:\/\/www.naturparkmagazin.de\/nossentiner-schwinzer-heide\/wp-json\/wp\/v2\/posts\/1414\/revisions"}],"predecessor-version":[{"id":1420,"href":"https:\/\/www.naturparkmagazin.de\/nossentiner-schwinzer-heide\/wp-json\/wp\/v2\/posts\/1414\/revisions\/1420"}],"wp:featuredmedia":[{"embeddable":true,"href":"https:\/\/www.naturparkmagazin.de\/nossentiner-schwinzer-heide\/wp-json\/wp\/v2\/media\/1417"}],"wp:attachment":[{"href":"https:\/\/www.naturparkmagazin.de\/nossentiner-schwinzer-heide\/wp-json\/wp\/v2\/media?parent=1414"}],"wp:term":[{"taxonomy":"category","embeddable":true,"href":"https:\/\/www.naturparkmagazin.de\/nossentiner-schwinzer-heide\/wp-json\/wp\/v2\/categories?post=1414"},{"taxonomy":"post_tag","embeddable":true,"href":"https:\/\/www.naturparkmagazin.de\/nossentiner-schwinzer-heide\/wp-json\/wp\/v2\/tags?post=1414"}],"curies":[{"name":"wp","href":"https:\/\/api.w.org\/{rel}","templated":true}]}}