{"id":1445,"date":"2017-05-30T08:49:10","date_gmt":"2017-05-30T06:49:10","guid":{"rendered":"http:\/\/www.naturparkmagazin.de\/nossentiner-schwinzer-heide\/?p=1445"},"modified":"2017-05-30T08:49:10","modified_gmt":"2017-05-30T06:49:10","slug":"regionaltreffen-warnow-elde-am-14-6-2017-in-mestlin","status":"publish","type":"post","link":"https:\/\/www.naturparkmagazin.de\/nossentiner-schwinzer-heide\/regionaltreffen-warnow-elde-am-14-6-2017-in-mestlin\/","title":{"rendered":"Regionaltreffen Warnow-Elde am 14.6.2017 in Mestlin"},"content":{"rendered":"<p><a href=\"https:\/\/www.naturparkmagazin.de\/nossentiner-schwinzer-heide\/wp-content\/uploads\/sites\/28\/image001.jpg\"><img decoding=\"async\" loading=\"lazy\" class=\"alignnone size-medium wp-image-1448\" src=\"https:\/\/www.naturparkmagazin.de\/nossentiner-schwinzer-heide\/wp-content\/uploads\/sites\/28\/image001-620x89.jpg\" alt=\"image001\" width=\"620\" height=\"89\" srcset=\"https:\/\/www.naturparkmagazin.de\/nossentiner-schwinzer-heide\/wp-content\/uploads\/sites\/28\/image001-620x89.jpg 620w, https:\/\/www.naturparkmagazin.de\/nossentiner-schwinzer-heide\/wp-content\/uploads\/sites\/28\/image001-300x43.jpg 300w, https:\/\/www.naturparkmagazin.de\/nossentiner-schwinzer-heide\/wp-content\/uploads\/sites\/28\/image001-940x135.jpg 940w, https:\/\/www.naturparkmagazin.de\/nossentiner-schwinzer-heide\/wp-content\/uploads\/sites\/28\/image001-670x96.jpg 670w, https:\/\/www.naturparkmagazin.de\/nossentiner-schwinzer-heide\/wp-content\/uploads\/sites\/28\/image001-200x29.jpg 200w, https:\/\/www.naturparkmagazin.de\/nossentiner-schwinzer-heide\/wp-content\/uploads\/sites\/28\/image001.jpg 1600w\" sizes=\"(max-width: 620px) 100vw, 620px\" \/><\/a><\/p>\n<p>Am <strong>14. Juni 2017 ab 15 Uhr<\/strong> findet im <strong>Kulturhaus Mestlin<\/strong>, heute Wirkungsst\u00e4tte von Denkmal Kultur Mestlin e.V., ein Regionaltreffen statt, auf dem Aktive und Interessierte Kooperationen und Projekte planen, die zur weiteren Entwicklung der Region um Warnow und Elde beitragen.<\/p>\n<p>Im Mittelpunkt des Austauschs werden folgende vier Themen stehen:<\/p>\n<ol>\n<li>Fl\u00e4chennutzungspl\u00e4ne &#8211; Sinn und M\u00f6glichkeiten. Wie kommt man von der Theorie zur Praxis?<\/li>\n<li>Landwirtschaft und Regionale Produkte &#8211; Pro und Kontra. M\u00f6glichkeiten und Chancen f\u00fcr regionale Wirtschaft.<\/li>\n<li>Regionale Identit\u00e4t und Daseinsvorsorge<\/li>\n<li>Mobilit\u00e4t und die Chancen von \u201eMischnutzungen\u201c<\/li>\n<\/ol>\n<p>Interessierte Personen und Aktive aus der Region um Warnow und Elde und ganz Mecklenburg-Vorpommern sind herzlich eingeladen, an der Veranstaltung teilzunehmen.<\/p>\n<p><strong>F\u00fcr R\u00fcckfragen zur Veranstaltung wenden Sie sich bitte an <a href=\"mailto:projektbuero@fokusland.de\">projektbuero@fokusland.de<\/a> bzw. rufen uns unter der Telefonnummer 03843-776905 an.<\/strong><\/p>\n<p><em>Die Veranstaltung findet im Rahmen des Projekts &#8222;fokusLAND&#8220; statt, das MV-weit Aktive aus dem l\u00e4ndlichen Raum miteinander vernetzt. So erhalten interessierte Einzelprojekte die Chance, sich unkompliziert mit Menschen aus der eigenen Region auszutauschen &#8211; und auch mit Denjenigen aus ganz Mecklenburg-Vorpommern, die gerade an \u00e4hnlichen Themen und Anliegen arbeiten. <\/em><\/p>\n<p><strong><em>Weitere Informationen dazu finden Sie unter <a href=\"http:\/\/www.fokusland.de\">www.fokusland.de<\/a><\/em><\/strong><\/p>\n<p><a href=\"https:\/\/www.naturparkmagazin.de\/nossentiner-schwinzer-heide\/wp-content\/uploads\/sites\/28\/image002.jpg\"><img decoding=\"async\" loading=\"lazy\" class=\"alignnone size-medium wp-image-1447\" src=\"https:\/\/www.naturparkmagazin.de\/nossentiner-schwinzer-heide\/wp-content\/uploads\/sites\/28\/image002-620x113.jpg\" alt=\"image002\" width=\"620\" height=\"113\" srcset=\"https:\/\/www.naturparkmagazin.de\/nossentiner-schwinzer-heide\/wp-content\/uploads\/sites\/28\/image002-620x113.jpg 620w, https:\/\/www.naturparkmagazin.de\/nossentiner-schwinzer-heide\/wp-content\/uploads\/sites\/28\/image002-300x55.jpg 300w, https:\/\/www.naturparkmagazin.de\/nossentiner-schwinzer-heide\/wp-content\/uploads\/sites\/28\/image002-940x171.jpg 940w, https:\/\/www.naturparkmagazin.de\/nossentiner-schwinzer-heide\/wp-content\/uploads\/sites\/28\/image002-440x80.jpg 440w, https:\/\/www.naturparkmagazin.de\/nossentiner-schwinzer-heide\/wp-content\/uploads\/sites\/28\/image002-670x122.jpg 670w, https:\/\/www.naturparkmagazin.de\/nossentiner-schwinzer-heide\/wp-content\/uploads\/sites\/28\/image002-200x36.jpg 200w\" sizes=\"(max-width: 620px) 100vw, 620px\" \/><\/a><\/p>\n","protected":false},"excerpt":{"rendered":"<p>Am 14. Juni 2017 ab 15 Uhr findet im Kulturhaus Mestlin, heute Wirkungsst\u00e4tte von Denkmal Kultur Mestlin e.V., ein Regionaltreffen statt, auf dem Aktive und Interessierte Kooperationen und Projekte planen, die zur weiteren Entwicklung der Region um Warnow und Elde beitragen. Im Mittelpunkt des Austauschs werden folgende vier Themen stehen: Fl\u00e4chennutzungspl\u00e4ne &#8211; Sinn und M\u00f6glichkeiten.<\/p>\n","protected":false},"author":28,"featured_media":1448,"comment_status":"open","ping_status":"open","sticky":false,"template":"","format":"standard","meta":[],"categories":[11],"tags":[],"yoast_head":"<!-- This site is optimized with the Yoast SEO plugin v19.10 - https:\/\/yoast.com\/wordpress\/plugins\/seo\/ -->\n<title>Regionaltreffen Warnow-Elde am 14.6.2017 in Mestlin - Naturpark Nossentiner\/Schwinzer Heide<\/title>\n<meta name=\"robots\" content=\"index, follow, max-snippet:-1, max-image-preview:large, max-video-preview:-1\" \/>\n<link rel=\"canonical\" href=\"https:\/\/www.naturparkmagazin.de\/nossentiner-schwinzer-heide\/regionaltreffen-warnow-elde-am-14-6-2017-in-mestlin\/\" \/>\n<meta property=\"og:locale\" content=\"de_DE\" \/>\n<meta property=\"og:type\" content=\"article\" \/>\n<meta property=\"og:title\" content=\"Regionaltreffen Warnow-Elde am 14.6.2017 in Mestlin - Naturpark Nossentiner\/Schwinzer Heide\" \/>\n<meta property=\"og:description\" content=\"Am 14. Juni 2017 ab 15 Uhr findet im Kulturhaus Mestlin, heute Wirkungsst\u00e4tte von Denkmal Kultur Mestlin e.V., ein Regionaltreffen statt, auf dem Aktive und Interessierte Kooperationen und Projekte planen, die zur weiteren Entwicklung der Region um Warnow und Elde beitragen. Im Mittelpunkt des Austauschs werden folgende vier Themen stehen: Fl\u00e4chennutzungspl\u00e4ne &#8211; Sinn und M\u00f6glichkeiten.\" \/>\n<meta property=\"og:url\" content=\"https:\/\/www.naturparkmagazin.de\/nossentiner-schwinzer-heide\/regionaltreffen-warnow-elde-am-14-6-2017-in-mestlin\/\" \/>\n<meta property=\"og:site_name\" content=\"Naturpark Nossentiner\/Schwinzer Heide\" \/>\n<meta property=\"article:published_time\" content=\"2017-05-30T06:49:10+00:00\" \/>\n<meta property=\"og:image\" content=\"https:\/\/www.naturparkmagazin.de\/nossentiner-schwinzer-heide\/wp-content\/uploads\/sites\/28\/image001.jpg\" \/>\n\t<meta property=\"og:image:width\" content=\"1600\" \/>\n\t<meta property=\"og:image:height\" content=\"230\" \/>\n\t<meta property=\"og:image:type\" content=\"image\/jpeg\" \/>\n<meta name=\"twitter:label1\" content=\"Verfasst von\" \/>\n\t<meta name=\"twitter:data1\" content=\"\" \/>\n\t<meta name=\"twitter:label2\" content=\"Gesch\u00e4tzte Lesezeit\" \/>\n\t<meta name=\"twitter:data2\" content=\"1\u00a0Minute\" \/>\n<script type=\"application\/ld+json\" class=\"yoast-schema-graph\">{\"@context\":\"https:\/\/schema.org\",\"@graph\":[{\"@type\":\"WebPage\",\"@id\":\"https:\/\/www.naturparkmagazin.de\/nossentiner-schwinzer-heide\/regionaltreffen-warnow-elde-am-14-6-2017-in-mestlin\/\",\"url\":\"https:\/\/www.naturparkmagazin.de\/nossentiner-schwinzer-heide\/regionaltreffen-warnow-elde-am-14-6-2017-in-mestlin\/\",\"name\":\"Regionaltreffen Warnow-Elde am 14.6.2017 in Mestlin - Naturpark Nossentiner\/Schwinzer Heide\",\"isPartOf\":{\"@id\":\"https:\/\/www.naturparkmagazin.de\/nossentiner-schwinzer-heide\/#website\"},\"datePublished\":\"2017-05-30T06:49:10+00:00\",\"dateModified\":\"2017-05-30T06:49:10+00:00\",\"author\":{\"@id\":\"\"},\"breadcrumb\":{\"@id\":\"https:\/\/www.naturparkmagazin.de\/nossentiner-schwinzer-heide\/regionaltreffen-warnow-elde-am-14-6-2017-in-mestlin\/#breadcrumb\"},\"inLanguage\":\"de\",\"potentialAction\":[{\"@type\":\"ReadAction\",\"target\":[\"https:\/\/www.naturparkmagazin.de\/nossentiner-schwinzer-heide\/regionaltreffen-warnow-elde-am-14-6-2017-in-mestlin\/\"]}]},{\"@type\":\"BreadcrumbList\",\"@id\":\"https:\/\/www.naturparkmagazin.de\/nossentiner-schwinzer-heide\/regionaltreffen-warnow-elde-am-14-6-2017-in-mestlin\/#breadcrumb\",\"itemListElement\":[{\"@type\":\"ListItem\",\"position\":1,\"name\":\"Home\",\"item\":\"https:\/\/www.naturparkmagazin.de\/nossentiner-schwinzer-heide\/\"},{\"@type\":\"ListItem\",\"position\":2,\"name\":\"Regionaltreffen Warnow-Elde am 14.6.2017 in Mestlin\"}]},{\"@type\":\"WebSite\",\"@id\":\"https:\/\/www.naturparkmagazin.de\/nossentiner-schwinzer-heide\/#website\",\"url\":\"https:\/\/www.naturparkmagazin.de\/nossentiner-schwinzer-heide\/\",\"name\":\"Naturpark Nossentiner\/Schwinzer Heide\",\"description\":\"\",\"potentialAction\":[{\"@type\":\"SearchAction\",\"target\":{\"@type\":\"EntryPoint\",\"urlTemplate\":\"https:\/\/www.naturparkmagazin.de\/nossentiner-schwinzer-heide\/?s={search_term_string}\"},\"query-input\":\"required name=search_term_string\"}],\"inLanguage\":\"de\"},{\"@type\":\"Person\",\"@id\":\"\",\"url\":\"https:\/\/www.naturparkmagazin.de\/nossentiner-schwinzer-heide\/author\/\"}]}<\/script>\n<!-- \/ Yoast SEO plugin. -->","yoast_head_json":{"title":"Regionaltreffen Warnow-Elde am 14.6.2017 in Mestlin - Naturpark Nossentiner\/Schwinzer Heide","robots":{"index":"index","follow":"follow","max-snippet":"max-snippet:-1","max-image-preview":"max-image-preview:large","max-video-preview":"max-video-preview:-1"},"canonical":"https:\/\/www.naturparkmagazin.de\/nossentiner-schwinzer-heide\/regionaltreffen-warnow-elde-am-14-6-2017-in-mestlin\/","og_locale":"de_DE","og_type":"article","og_title":"Regionaltreffen Warnow-Elde am 14.6.2017 in Mestlin - Naturpark Nossentiner\/Schwinzer Heide","og_description":"Am 14. Juni 2017 ab 15 Uhr findet im Kulturhaus Mestlin, heute Wirkungsst\u00e4tte von Denkmal Kultur Mestlin e.V., ein Regionaltreffen statt, auf dem Aktive und Interessierte Kooperationen und Projekte planen, die zur weiteren Entwicklung der Region um Warnow und Elde beitragen. Im Mittelpunkt des Austauschs werden folgende vier Themen stehen: Fl\u00e4chennutzungspl\u00e4ne &#8211; Sinn und M\u00f6glichkeiten.","og_url":"https:\/\/www.naturparkmagazin.de\/nossentiner-schwinzer-heide\/regionaltreffen-warnow-elde-am-14-6-2017-in-mestlin\/","og_site_name":"Naturpark Nossentiner\/Schwinzer Heide","article_published_time":"2017-05-30T06:49:10+00:00","og_image":[{"width":1600,"height":230,"url":"https:\/\/www.naturparkmagazin.de\/nossentiner-schwinzer-heide\/wp-content\/uploads\/sites\/28\/image001.jpg","type":"image\/jpeg"}],"twitter_misc":{"Verfasst von":"","Gesch\u00e4tzte Lesezeit":"1\u00a0Minute"},"schema":{"@context":"https:\/\/schema.org","@graph":[{"@type":"WebPage","@id":"https:\/\/www.naturparkmagazin.de\/nossentiner-schwinzer-heide\/regionaltreffen-warnow-elde-am-14-6-2017-in-mestlin\/","url":"https:\/\/www.naturparkmagazin.de\/nossentiner-schwinzer-heide\/regionaltreffen-warnow-elde-am-14-6-2017-in-mestlin\/","name":"Regionaltreffen Warnow-Elde am 14.6.2017 in Mestlin - Naturpark Nossentiner\/Schwinzer Heide","isPartOf":{"@id":"https:\/\/www.naturparkmagazin.de\/nossentiner-schwinzer-heide\/#website"},"datePublished":"2017-05-30T06:49:10+00:00","dateModified":"2017-05-30T06:49:10+00:00","author":{"@id":""},"breadcrumb":{"@id":"https:\/\/www.naturparkmagazin.de\/nossentiner-schwinzer-heide\/regionaltreffen-warnow-elde-am-14-6-2017-in-mestlin\/#breadcrumb"},"inLanguage":"de","potentialAction":[{"@type":"ReadAction","target":["https:\/\/www.naturparkmagazin.de\/nossentiner-schwinzer-heide\/regionaltreffen-warnow-elde-am-14-6-2017-in-mestlin\/"]}]},{"@type":"BreadcrumbList","@id":"https:\/\/www.naturparkmagazin.de\/nossentiner-schwinzer-heide\/regionaltreffen-warnow-elde-am-14-6-2017-in-mestlin\/#breadcrumb","itemListElement":[{"@type":"ListItem","position":1,"name":"Home","item":"https:\/\/www.naturparkmagazin.de\/nossentiner-schwinzer-heide\/"},{"@type":"ListItem","position":2,"name":"Regionaltreffen Warnow-Elde am 14.6.2017 in Mestlin"}]},{"@type":"WebSite","@id":"https:\/\/www.naturparkmagazin.de\/nossentiner-schwinzer-heide\/#website","url":"https:\/\/www.naturparkmagazin.de\/nossentiner-schwinzer-heide\/","name":"Naturpark Nossentiner\/Schwinzer Heide","description":"","potentialAction":[{"@type":"SearchAction","target":{"@type":"EntryPoint","urlTemplate":"https:\/\/www.naturparkmagazin.de\/nossentiner-schwinzer-heide\/?s={search_term_string}"},"query-input":"required name=search_term_string"}],"inLanguage":"de"},{"@type":"Person","@id":"","url":"https:\/\/www.naturparkmagazin.de\/nossentiner-schwinzer-heide\/author\/"}]}},"_links":{"self":[{"href":"https:\/\/www.naturparkmagazin.de\/nossentiner-schwinzer-heide\/wp-json\/wp\/v2\/posts\/1445"}],"collection":[{"href":"https:\/\/www.naturparkmagazin.de\/nossentiner-schwinzer-heide\/wp-json\/wp\/v2\/posts"}],"about":[{"href":"https:\/\/www.naturparkmagazin.de\/nossentiner-schwinzer-heide\/wp-json\/wp\/v2\/types\/post"}],"author":[{"embeddable":true,"href":"https:\/\/www.naturparkmagazin.de\/nossentiner-schwinzer-heide\/wp-json\/wp\/v2\/users\/28"}],"replies":[{"embeddable":true,"href":"https:\/\/www.naturparkmagazin.de\/nossentiner-schwinzer-heide\/wp-json\/wp\/v2\/comments?post=1445"}],"version-history":[{"count":2,"href":"https:\/\/www.naturparkmagazin.de\/nossentiner-schwinzer-heide\/wp-json\/wp\/v2\/posts\/1445\/revisions"}],"predecessor-version":[{"id":1449,"href":"https:\/\/www.naturparkmagazin.de\/nossentiner-schwinzer-heide\/wp-json\/wp\/v2\/posts\/1445\/revisions\/1449"}],"wp:featuredmedia":[{"embeddable":true,"href":"https:\/\/www.naturparkmagazin.de\/nossentiner-schwinzer-heide\/wp-json\/wp\/v2\/media\/1448"}],"wp:attachment":[{"href":"https:\/\/www.naturparkmagazin.de\/nossentiner-schwinzer-heide\/wp-json\/wp\/v2\/media?parent=1445"}],"wp:term":[{"taxonomy":"category","embeddable":true,"href":"https:\/\/www.naturparkmagazin.de\/nossentiner-schwinzer-heide\/wp-json\/wp\/v2\/categories?post=1445"},{"taxonomy":"post_tag","embeddable":true,"href":"https:\/\/www.naturparkmagazin.de\/nossentiner-schwinzer-heide\/wp-json\/wp\/v2\/tags?post=1445"}],"curies":[{"name":"wp","href":"https:\/\/api.w.org\/{rel}","templated":true}]}}