{"id":1454,"date":"2017-06-15T14:34:16","date_gmt":"2017-06-15T12:34:16","guid":{"rendered":"http:\/\/www.naturparkmagazin.de\/nossentiner-schwinzer-heide\/?p=1454"},"modified":"2017-06-28T11:56:00","modified_gmt":"2017-06-28T09:56:00","slug":"das-archiv-der-baeume-was-jahresringe-uns-erzaehlen-koennen","status":"publish","type":"post","link":"https:\/\/www.naturparkmagazin.de\/nossentiner-schwinzer-heide\/das-archiv-der-baeume-was-jahresringe-uns-erzaehlen-koennen\/","title":{"rendered":"Das Archiv der B\u00e4ume &#8211; Was Jahresringe uns erz\u00e4hlen k\u00f6nnen"},"content":{"rendered":"<p><span style=\"color: #000000; font-family: Consolas;\">Der Naturpark Nossentiner\/Schwinzer Heide ist bekannt f\u00fcr seine vielen beeindruckenden, starken B\u00e4ume. Staunend steht der Betrachter vor den Baumriesen. Doch bieten die B\u00e4ume mehr als nur eine beeindruckende Erscheinung: ihre Jahresringe sind auch ein interessantes Geschichtsarchiv.<\/span><\/p>\n<p><img decoding=\"async\" loading=\"lazy\" class=\"  wp-image-1455 alignright\" src=\"https:\/\/www.naturparkmagazin.de\/nossentiner-schwinzer-heide\/wp-content\/uploads\/sites\/28\/Baumscheibe1_JanLe\u00dfmann-620x413.jpg\" alt=\"Baumscheibe1_JanLe\u00dfmann\" width=\"303\" height=\"202\" srcset=\"https:\/\/www.naturparkmagazin.de\/nossentiner-schwinzer-heide\/wp-content\/uploads\/sites\/28\/Baumscheibe1_JanLe\u00dfmann-620x413.jpg 620w, https:\/\/www.naturparkmagazin.de\/nossentiner-schwinzer-heide\/wp-content\/uploads\/sites\/28\/Baumscheibe1_JanLe\u00dfmann-300x200.jpg 300w, https:\/\/www.naturparkmagazin.de\/nossentiner-schwinzer-heide\/wp-content\/uploads\/sites\/28\/Baumscheibe1_JanLe\u00dfmann-940x626.jpg 940w, https:\/\/www.naturparkmagazin.de\/nossentiner-schwinzer-heide\/wp-content\/uploads\/sites\/28\/Baumscheibe1_JanLe\u00dfmann-670x446.jpg 670w, https:\/\/www.naturparkmagazin.de\/nossentiner-schwinzer-heide\/wp-content\/uploads\/sites\/28\/Baumscheibe1_JanLe\u00dfmann-200x133.jpg 200w, https:\/\/www.naturparkmagazin.de\/nossentiner-schwinzer-heide\/wp-content\/uploads\/sites\/28\/Baumscheibe1_JanLe\u00dfmann.jpg 1280w\" sizes=\"(max-width: 303px) 100vw, 303px\" \/><\/p>\n<p><span style=\"color: #000000; font-family: Consolas;\">Jahresringe aus Jahren mit guten Wachstumsbedingungen sind breiter als solche aus Jahren mit schlechten Lebensbedingungen. Da f\u00fcr alle B\u00e4ume einer Art in einer bestimmten Region die Lebensbedingungen etwa gleich sind, weisen sie die gleiche Abfolge von schmalen und breiten Jahresringen auf. So kann eine charakteristische Jahresring-Kurve aufgezeichnet werden. Anhand dieser Kurve k\u00f6nnen historische H\u00f6lzer, etwa aus Kirchen oder alten Geb\u00e4uden, eingeordnet und ziemlich genau datiert werden.<\/span><\/p>\n<p><span style=\"color: #000000; font-family: Consolas;\">Am 19. Juni 2017 er\u00f6ffnet im Naturparkzentrum Karower Meiler eine Ausstellung, die Einblick in das Archiv der B\u00e4ume und die Wissenschaft der Dendrochronologie (Holzaltersbestimmung) gibt. Eine Studentengruppe der Universit\u00e4t Greifswald hat verschiedene Untersuchungen an alten B\u00e4umen im Naturpark vorgenommen und die Ausstellung erarbeitet. <\/span><\/p>\n<p><span style=\"color: #000000; font-family: Consolas;\"><img decoding=\"async\" loading=\"lazy\" class=\"alignnone size-medium wp-image-1456\" src=\"https:\/\/www.naturparkmagazin.de\/nossentiner-schwinzer-heide\/wp-content\/uploads\/sites\/28\/Baumscheibe2_JanLe\u00dfmann-620x413.jpg\" alt=\"Baumscheibe2_JanLe\u00dfmann\" width=\"620\" height=\"413\" srcset=\"https:\/\/www.naturparkmagazin.de\/nossentiner-schwinzer-heide\/wp-content\/uploads\/sites\/28\/Baumscheibe2_JanLe\u00dfmann-620x413.jpg 620w, https:\/\/www.naturparkmagazin.de\/nossentiner-schwinzer-heide\/wp-content\/uploads\/sites\/28\/Baumscheibe2_JanLe\u00dfmann-300x200.jpg 300w, https:\/\/www.naturparkmagazin.de\/nossentiner-schwinzer-heide\/wp-content\/uploads\/sites\/28\/Baumscheibe2_JanLe\u00dfmann-940x626.jpg 940w, https:\/\/www.naturparkmagazin.de\/nossentiner-schwinzer-heide\/wp-content\/uploads\/sites\/28\/Baumscheibe2_JanLe\u00dfmann-670x446.jpg 670w, https:\/\/www.naturparkmagazin.de\/nossentiner-schwinzer-heide\/wp-content\/uploads\/sites\/28\/Baumscheibe2_JanLe\u00dfmann-200x133.jpg 200w, https:\/\/www.naturparkmagazin.de\/nossentiner-schwinzer-heide\/wp-content\/uploads\/sites\/28\/Baumscheibe2_JanLe\u00dfmann.jpg 1280w\" sizes=\"(max-width: 620px) 100vw, 620px\" \/><\/span><\/p>\n<p><span style=\"color: #000000; font-family: Consolas;\">Die Ausstellungser\u00f6ffnung beginnt um 18.30 Uhr mit einem Vortrag von Dr. Tobias Scharnweber (Universit\u00e4t Greifswald). Er wird in seinem Vortrag \u201eVon Sonnenflecken und Vulkanausbr\u00fcchen &#8211; was Jahressringe uns erz\u00e4hlen k\u00f6nnen, wenn wir sie zu deuten wissen\u201c einen \u00dcberblick geben, welche Informationen man aus Jahresringen entnehmen kann und welche Techniken die Dendrochronologie dabei verwendet. Dabei wird er einen Bogen schlagen von den Anf\u00e4ngen dieser Wissenschaft im 19. Jh. bis zu den Arbeiten am Dendrolabor Greifswald sowie die Untersuchungen im Naturpark Nossentiner\/Schwinzer Heide.<\/span><\/p>\n<p><a href=\"https:\/\/www.naturparkmagazin.de\/nossentiner-schwinzer-heide\/wp-content\/uploads\/sites\/28\/Baumscheibe2_JanLe\u00dfmann.jpg\">\u00a0<\/a><\/p>\n<p><span style=\"color: #000000; font-family: Consolas;\">Die Ausstellung im Karower Meiler, Ziegenhorn 1 in Karow, ist voraussichtlich bis zum 27. Juli 2017 zu sehen.<\/span><\/p>\n<p>&nbsp;<\/p>\n","protected":false},"excerpt":{"rendered":"<p>Der Naturpark Nossentiner\/Schwinzer Heide ist bekannt f\u00fcr seine vielen B\u00e4ume, die mehr als nur eine beeindruckende Erscheinung sind: ihre Jahresringe sind auch ein interessantes Geschichtsarchiv. Ausstellungser\u00f6ffnung  am 19.6.<\/p>\n","protected":false},"author":28,"featured_media":1456,"comment_status":"open","ping_status":"open","sticky":false,"template":"","format":"standard","meta":[],"categories":[11],"tags":[686],"yoast_head":"<!-- This site is optimized with the Yoast SEO plugin v19.10 - https:\/\/yoast.com\/wordpress\/plugins\/seo\/ -->\n<title>Das Archiv der B\u00e4ume - Was Jahresringe uns erz\u00e4hlen k\u00f6nnen - Naturpark Nossentiner\/Schwinzer Heide<\/title>\n<meta name=\"robots\" content=\"index, follow, max-snippet:-1, max-image-preview:large, max-video-preview:-1\" \/>\n<link rel=\"canonical\" href=\"https:\/\/www.naturparkmagazin.de\/nossentiner-schwinzer-heide\/das-archiv-der-baeume-was-jahresringe-uns-erzaehlen-koennen\/\" \/>\n<meta property=\"og:locale\" content=\"de_DE\" \/>\n<meta property=\"og:type\" content=\"article\" \/>\n<meta property=\"og:title\" content=\"Das Archiv der B\u00e4ume - Was Jahresringe uns erz\u00e4hlen k\u00f6nnen - Naturpark Nossentiner\/Schwinzer Heide\" \/>\n<meta property=\"og:description\" content=\"Der Naturpark Nossentiner\/Schwinzer Heide ist bekannt f\u00fcr seine vielen B\u00e4ume, die mehr als nur eine beeindruckende Erscheinung sind: ihre Jahresringe sind auch ein interessantes Geschichtsarchiv. Ausstellungser\u00f6ffnung am 19.6.\" \/>\n<meta property=\"og:url\" content=\"https:\/\/www.naturparkmagazin.de\/nossentiner-schwinzer-heide\/das-archiv-der-baeume-was-jahresringe-uns-erzaehlen-koennen\/\" \/>\n<meta property=\"og:site_name\" content=\"Naturpark Nossentiner\/Schwinzer Heide\" \/>\n<meta property=\"article:published_time\" content=\"2017-06-15T12:34:16+00:00\" \/>\n<meta property=\"article:modified_time\" content=\"2017-06-28T09:56:00+00:00\" \/>\n<meta property=\"og:image\" content=\"https:\/\/www.naturparkmagazin.de\/nossentiner-schwinzer-heide\/wp-content\/uploads\/sites\/28\/Baumscheibe2_JanLe\u00dfmann.jpg\" \/>\n\t<meta property=\"og:image:width\" content=\"1280\" \/>\n\t<meta property=\"og:image:height\" content=\"853\" \/>\n\t<meta property=\"og:image:type\" content=\"image\/jpeg\" \/>\n<meta name=\"twitter:label1\" content=\"Verfasst von\" \/>\n\t<meta name=\"twitter:data1\" content=\"\" \/>\n\t<meta name=\"twitter:label2\" content=\"Gesch\u00e4tzte Lesezeit\" \/>\n\t<meta name=\"twitter:data2\" content=\"1\u00a0Minute\" \/>\n<script type=\"application\/ld+json\" class=\"yoast-schema-graph\">{\"@context\":\"https:\/\/schema.org\",\"@graph\":[{\"@type\":\"WebPage\",\"@id\":\"https:\/\/www.naturparkmagazin.de\/nossentiner-schwinzer-heide\/das-archiv-der-baeume-was-jahresringe-uns-erzaehlen-koennen\/\",\"url\":\"https:\/\/www.naturparkmagazin.de\/nossentiner-schwinzer-heide\/das-archiv-der-baeume-was-jahresringe-uns-erzaehlen-koennen\/\",\"name\":\"Das Archiv der B\u00e4ume - Was Jahresringe uns erz\u00e4hlen k\u00f6nnen - Naturpark Nossentiner\/Schwinzer Heide\",\"isPartOf\":{\"@id\":\"https:\/\/www.naturparkmagazin.de\/nossentiner-schwinzer-heide\/#website\"},\"datePublished\":\"2017-06-15T12:34:16+00:00\",\"dateModified\":\"2017-06-28T09:56:00+00:00\",\"author\":{\"@id\":\"\"},\"breadcrumb\":{\"@id\":\"https:\/\/www.naturparkmagazin.de\/nossentiner-schwinzer-heide\/das-archiv-der-baeume-was-jahresringe-uns-erzaehlen-koennen\/#breadcrumb\"},\"inLanguage\":\"de\",\"potentialAction\":[{\"@type\":\"ReadAction\",\"target\":[\"https:\/\/www.naturparkmagazin.de\/nossentiner-schwinzer-heide\/das-archiv-der-baeume-was-jahresringe-uns-erzaehlen-koennen\/\"]}]},{\"@type\":\"BreadcrumbList\",\"@id\":\"https:\/\/www.naturparkmagazin.de\/nossentiner-schwinzer-heide\/das-archiv-der-baeume-was-jahresringe-uns-erzaehlen-koennen\/#breadcrumb\",\"itemListElement\":[{\"@type\":\"ListItem\",\"position\":1,\"name\":\"Home\",\"item\":\"https:\/\/www.naturparkmagazin.de\/nossentiner-schwinzer-heide\/\"},{\"@type\":\"ListItem\",\"position\":2,\"name\":\"Das Archiv der B\u00e4ume &#8211; Was Jahresringe uns erz\u00e4hlen k\u00f6nnen\"}]},{\"@type\":\"WebSite\",\"@id\":\"https:\/\/www.naturparkmagazin.de\/nossentiner-schwinzer-heide\/#website\",\"url\":\"https:\/\/www.naturparkmagazin.de\/nossentiner-schwinzer-heide\/\",\"name\":\"Naturpark Nossentiner\/Schwinzer Heide\",\"description\":\"\",\"potentialAction\":[{\"@type\":\"SearchAction\",\"target\":{\"@type\":\"EntryPoint\",\"urlTemplate\":\"https:\/\/www.naturparkmagazin.de\/nossentiner-schwinzer-heide\/?s={search_term_string}\"},\"query-input\":\"required name=search_term_string\"}],\"inLanguage\":\"de\"},{\"@type\":\"Person\",\"@id\":\"\",\"url\":\"https:\/\/www.naturparkmagazin.de\/nossentiner-schwinzer-heide\/author\/\"}]}<\/script>\n<!-- \/ Yoast SEO plugin. -->","yoast_head_json":{"title":"Das Archiv der B\u00e4ume - Was Jahresringe uns erz\u00e4hlen k\u00f6nnen - Naturpark Nossentiner\/Schwinzer Heide","robots":{"index":"index","follow":"follow","max-snippet":"max-snippet:-1","max-image-preview":"max-image-preview:large","max-video-preview":"max-video-preview:-1"},"canonical":"https:\/\/www.naturparkmagazin.de\/nossentiner-schwinzer-heide\/das-archiv-der-baeume-was-jahresringe-uns-erzaehlen-koennen\/","og_locale":"de_DE","og_type":"article","og_title":"Das Archiv der B\u00e4ume - Was Jahresringe uns erz\u00e4hlen k\u00f6nnen - Naturpark Nossentiner\/Schwinzer Heide","og_description":"Der Naturpark Nossentiner\/Schwinzer Heide ist bekannt f\u00fcr seine vielen B\u00e4ume, die mehr als nur eine beeindruckende Erscheinung sind: ihre Jahresringe sind auch ein interessantes Geschichtsarchiv. Ausstellungser\u00f6ffnung am 19.6.","og_url":"https:\/\/www.naturparkmagazin.de\/nossentiner-schwinzer-heide\/das-archiv-der-baeume-was-jahresringe-uns-erzaehlen-koennen\/","og_site_name":"Naturpark Nossentiner\/Schwinzer Heide","article_published_time":"2017-06-15T12:34:16+00:00","article_modified_time":"2017-06-28T09:56:00+00:00","og_image":[{"width":1280,"height":853,"url":"https:\/\/www.naturparkmagazin.de\/nossentiner-schwinzer-heide\/wp-content\/uploads\/sites\/28\/Baumscheibe2_JanLe\u00dfmann.jpg","type":"image\/jpeg"}],"twitter_misc":{"Verfasst von":"","Gesch\u00e4tzte Lesezeit":"1\u00a0Minute"},"schema":{"@context":"https:\/\/schema.org","@graph":[{"@type":"WebPage","@id":"https:\/\/www.naturparkmagazin.de\/nossentiner-schwinzer-heide\/das-archiv-der-baeume-was-jahresringe-uns-erzaehlen-koennen\/","url":"https:\/\/www.naturparkmagazin.de\/nossentiner-schwinzer-heide\/das-archiv-der-baeume-was-jahresringe-uns-erzaehlen-koennen\/","name":"Das Archiv der B\u00e4ume - Was Jahresringe uns erz\u00e4hlen k\u00f6nnen - Naturpark Nossentiner\/Schwinzer Heide","isPartOf":{"@id":"https:\/\/www.naturparkmagazin.de\/nossentiner-schwinzer-heide\/#website"},"datePublished":"2017-06-15T12:34:16+00:00","dateModified":"2017-06-28T09:56:00+00:00","author":{"@id":""},"breadcrumb":{"@id":"https:\/\/www.naturparkmagazin.de\/nossentiner-schwinzer-heide\/das-archiv-der-baeume-was-jahresringe-uns-erzaehlen-koennen\/#breadcrumb"},"inLanguage":"de","potentialAction":[{"@type":"ReadAction","target":["https:\/\/www.naturparkmagazin.de\/nossentiner-schwinzer-heide\/das-archiv-der-baeume-was-jahresringe-uns-erzaehlen-koennen\/"]}]},{"@type":"BreadcrumbList","@id":"https:\/\/www.naturparkmagazin.de\/nossentiner-schwinzer-heide\/das-archiv-der-baeume-was-jahresringe-uns-erzaehlen-koennen\/#breadcrumb","itemListElement":[{"@type":"ListItem","position":1,"name":"Home","item":"https:\/\/www.naturparkmagazin.de\/nossentiner-schwinzer-heide\/"},{"@type":"ListItem","position":2,"name":"Das Archiv der B\u00e4ume &#8211; Was Jahresringe uns erz\u00e4hlen k\u00f6nnen"}]},{"@type":"WebSite","@id":"https:\/\/www.naturparkmagazin.de\/nossentiner-schwinzer-heide\/#website","url":"https:\/\/www.naturparkmagazin.de\/nossentiner-schwinzer-heide\/","name":"Naturpark Nossentiner\/Schwinzer Heide","description":"","potentialAction":[{"@type":"SearchAction","target":{"@type":"EntryPoint","urlTemplate":"https:\/\/www.naturparkmagazin.de\/nossentiner-schwinzer-heide\/?s={search_term_string}"},"query-input":"required name=search_term_string"}],"inLanguage":"de"},{"@type":"Person","@id":"","url":"https:\/\/www.naturparkmagazin.de\/nossentiner-schwinzer-heide\/author\/"}]}},"_links":{"self":[{"href":"https:\/\/www.naturparkmagazin.de\/nossentiner-schwinzer-heide\/wp-json\/wp\/v2\/posts\/1454"}],"collection":[{"href":"https:\/\/www.naturparkmagazin.de\/nossentiner-schwinzer-heide\/wp-json\/wp\/v2\/posts"}],"about":[{"href":"https:\/\/www.naturparkmagazin.de\/nossentiner-schwinzer-heide\/wp-json\/wp\/v2\/types\/post"}],"author":[{"embeddable":true,"href":"https:\/\/www.naturparkmagazin.de\/nossentiner-schwinzer-heide\/wp-json\/wp\/v2\/users\/28"}],"replies":[{"embeddable":true,"href":"https:\/\/www.naturparkmagazin.de\/nossentiner-schwinzer-heide\/wp-json\/wp\/v2\/comments?post=1454"}],"version-history":[{"count":5,"href":"https:\/\/www.naturparkmagazin.de\/nossentiner-schwinzer-heide\/wp-json\/wp\/v2\/posts\/1454\/revisions"}],"predecessor-version":[{"id":1462,"href":"https:\/\/www.naturparkmagazin.de\/nossentiner-schwinzer-heide\/wp-json\/wp\/v2\/posts\/1454\/revisions\/1462"}],"wp:featuredmedia":[{"embeddable":true,"href":"https:\/\/www.naturparkmagazin.de\/nossentiner-schwinzer-heide\/wp-json\/wp\/v2\/media\/1456"}],"wp:attachment":[{"href":"https:\/\/www.naturparkmagazin.de\/nossentiner-schwinzer-heide\/wp-json\/wp\/v2\/media?parent=1454"}],"wp:term":[{"taxonomy":"category","embeddable":true,"href":"https:\/\/www.naturparkmagazin.de\/nossentiner-schwinzer-heide\/wp-json\/wp\/v2\/categories?post=1454"},{"taxonomy":"post_tag","embeddable":true,"href":"https:\/\/www.naturparkmagazin.de\/nossentiner-schwinzer-heide\/wp-json\/wp\/v2\/tags?post=1454"}],"curies":[{"name":"wp","href":"https:\/\/api.w.org\/{rel}","templated":true}]}}