{"id":1463,"date":"2017-06-28T12:30:15","date_gmt":"2017-06-28T10:30:15","guid":{"rendered":"http:\/\/www.naturparkmagazin.de\/nossentiner-schwinzer-heide\/?p=1463"},"modified":"2017-06-28T12:38:07","modified_gmt":"2017-06-28T10:38:07","slug":"regionale-schule-krakow-am-see-wird-naturpark-schule","status":"publish","type":"post","link":"https:\/\/www.naturparkmagazin.de\/nossentiner-schwinzer-heide\/regionale-schule-krakow-am-see-wird-naturpark-schule\/","title":{"rendered":"Regionale Schule Krakow am See wird Naturpark-Schule!"},"content":{"rendered":"<p>Die Regionale Schule Krakow am See mit Grundschule wird die erste offizielle Naturpark-Schule in unserem Naturpark. Zu diesem Zweck wurde im Juni 2017 eine entsprechende Kooperationsvereinbarung zwischen der Schule und dem Naturpark Nossentiner\/Schwinzer Heide unterzeichnet.<\/p>\n<p>Ziel ist der Aufbau einer festen, dauerhaften Kooperation zwischen Naturpark und Schule. Die Auszeichnung zur Naturpark-Schule erfolgt nach speziellen Kriterien, nach denen sich die Schulen verpflichten, Naturparkthemen und Themen der Bildung f\u00fcr nachhaltige Entwicklung (BNE) regelm\u00e4\u00dfig im Unterricht zu verankern und damit auch einen Beitrag zur BNE zu leisten.<\/p>\n<p>So werden wichtige Themen aus der Naturpark-Region wie biologische Vielfalt, Natur und Landschaft, Kultur und Handwerk sowie Land- und Forstwirtschaft regelm\u00e4\u00dfig im Unterricht oder auch auf Exkursionen oder Projekttagen der Schulen behandelt. Des Weiteren werden au\u00dferschulische Partner wie F\u00f6rster, Natursch\u00fctzer und Landwirte einbezogen. Die Sch\u00fclerinnen und Sch\u00fcler lernen auf diese Weise ihre Heimatregionen kennen und werden f\u00fcr das Einzigartige dieser Region begeistert.<\/p>\n<p><a href=\"https:\/\/www.naturparkmagazin.de\/nossentiner-schwinzer-heide\/wp-content\/uploads\/sites\/28\/Lehrertreff.jpg\"><img decoding=\"async\" loading=\"lazy\" class=\"alignnone size-medium wp-image-1465\" src=\"https:\/\/www.naturparkmagazin.de\/nossentiner-schwinzer-heide\/wp-content\/uploads\/sites\/28\/Lehrertreff-620x375.jpg\" alt=\"Lehrertreff\" width=\"620\" height=\"375\" srcset=\"https:\/\/www.naturparkmagazin.de\/nossentiner-schwinzer-heide\/wp-content\/uploads\/sites\/28\/Lehrertreff-620x375.jpg 620w, https:\/\/www.naturparkmagazin.de\/nossentiner-schwinzer-heide\/wp-content\/uploads\/sites\/28\/Lehrertreff-300x181.jpg 300w, https:\/\/www.naturparkmagazin.de\/nossentiner-schwinzer-heide\/wp-content\/uploads\/sites\/28\/Lehrertreff-940x569.jpg 940w, https:\/\/www.naturparkmagazin.de\/nossentiner-schwinzer-heide\/wp-content\/uploads\/sites\/28\/Lehrertreff-670x405.jpg 670w, https:\/\/www.naturparkmagazin.de\/nossentiner-schwinzer-heide\/wp-content\/uploads\/sites\/28\/Lehrertreff-200x121.jpg 200w\" sizes=\"(max-width: 620px) 100vw, 620px\" \/><\/a><\/p>\n<p>Am 12.6.2017 gab es ein erstes Treffen mit dem Lehrerkollegium der Regionalen im Naturparkzentrum Karower Meiler. Hier stellte das Naturpark-Team sich und seine Arbeit vor. Anschlie\u00dfend er\u00f6rterten die Teilnehmer m\u00f6gliche Themen und Ideen f\u00fcr eine Zusammenarbeit. Ein Rundgang durch den Karower Meiler und ein kleiner Imbiss mit K\u00f6stlichkeiten aus dem Kr\u00e4utergarten rundeten den Besuch ab.<\/p>\n<p>Weitere Informationen zum Projekt \u201eNetzwerk Naturpark-Schulen\u201c gibt es auf der Internetseite des VDN und im dazu geh\u00f6rigen Flyer:<\/p>\n<p><a href=\"https:\/\/www.naturparke.de\/fileadmin\/files\/public\/Service\/Infothek\/Broschueren_und_Flyer\/Naturparkschulen_druck.pdf\">VDN &#8211; Projekt Naturparkschulen Flyer<\/a><\/p>\n<p>&nbsp;<\/p>\n","protected":false},"excerpt":{"rendered":"<p>Die Regionale Schule Krakow am See mit Grundschule wird die erste offizielle Naturpark-Schule in unserem Naturpark.<\/p>\n","protected":false},"author":28,"featured_media":1465,"comment_status":"open","ping_status":"open","sticky":false,"template":"","format":"standard","meta":[],"categories":[7],"tags":[686],"yoast_head":"<!-- This site is optimized with the Yoast SEO plugin v19.10 - https:\/\/yoast.com\/wordpress\/plugins\/seo\/ -->\n<title>Regionale Schule Krakow am See wird Naturpark-Schule! - Naturpark Nossentiner\/Schwinzer Heide<\/title>\n<meta name=\"robots\" content=\"index, follow, max-snippet:-1, max-image-preview:large, max-video-preview:-1\" \/>\n<link rel=\"canonical\" href=\"https:\/\/www.naturparkmagazin.de\/nossentiner-schwinzer-heide\/regionale-schule-krakow-am-see-wird-naturpark-schule\/\" \/>\n<meta property=\"og:locale\" content=\"de_DE\" \/>\n<meta property=\"og:type\" content=\"article\" \/>\n<meta property=\"og:title\" content=\"Regionale Schule Krakow am See wird Naturpark-Schule! - Naturpark Nossentiner\/Schwinzer Heide\" \/>\n<meta property=\"og:description\" content=\"Die Regionale Schule Krakow am See mit Grundschule wird die erste offizielle Naturpark-Schule in unserem Naturpark.\" \/>\n<meta property=\"og:url\" content=\"https:\/\/www.naturparkmagazin.de\/nossentiner-schwinzer-heide\/regionale-schule-krakow-am-see-wird-naturpark-schule\/\" \/>\n<meta property=\"og:site_name\" content=\"Naturpark Nossentiner\/Schwinzer Heide\" \/>\n<meta property=\"article:published_time\" content=\"2017-06-28T10:30:15+00:00\" \/>\n<meta property=\"article:modified_time\" content=\"2017-06-28T10:38:07+00:00\" \/>\n<meta property=\"og:image\" content=\"https:\/\/www.naturparkmagazin.de\/nossentiner-schwinzer-heide\/wp-content\/uploads\/sites\/28\/Lehrertreff.jpg\" \/>\n\t<meta property=\"og:image:width\" content=\"2361\" \/>\n\t<meta property=\"og:image:height\" content=\"1428\" \/>\n\t<meta property=\"og:image:type\" content=\"image\/jpeg\" \/>\n<meta name=\"twitter:label1\" content=\"Verfasst von\" \/>\n\t<meta name=\"twitter:data1\" content=\"\" \/>\n\t<meta name=\"twitter:label2\" content=\"Gesch\u00e4tzte Lesezeit\" \/>\n\t<meta name=\"twitter:data2\" content=\"1\u00a0Minute\" \/>\n<script type=\"application\/ld+json\" class=\"yoast-schema-graph\">{\"@context\":\"https:\/\/schema.org\",\"@graph\":[{\"@type\":\"WebPage\",\"@id\":\"https:\/\/www.naturparkmagazin.de\/nossentiner-schwinzer-heide\/regionale-schule-krakow-am-see-wird-naturpark-schule\/\",\"url\":\"https:\/\/www.naturparkmagazin.de\/nossentiner-schwinzer-heide\/regionale-schule-krakow-am-see-wird-naturpark-schule\/\",\"name\":\"Regionale Schule Krakow am See wird Naturpark-Schule! - Naturpark Nossentiner\/Schwinzer Heide\",\"isPartOf\":{\"@id\":\"https:\/\/www.naturparkmagazin.de\/nossentiner-schwinzer-heide\/#website\"},\"datePublished\":\"2017-06-28T10:30:15+00:00\",\"dateModified\":\"2017-06-28T10:38:07+00:00\",\"author\":{\"@id\":\"\"},\"breadcrumb\":{\"@id\":\"https:\/\/www.naturparkmagazin.de\/nossentiner-schwinzer-heide\/regionale-schule-krakow-am-see-wird-naturpark-schule\/#breadcrumb\"},\"inLanguage\":\"de\",\"potentialAction\":[{\"@type\":\"ReadAction\",\"target\":[\"https:\/\/www.naturparkmagazin.de\/nossentiner-schwinzer-heide\/regionale-schule-krakow-am-see-wird-naturpark-schule\/\"]}]},{\"@type\":\"BreadcrumbList\",\"@id\":\"https:\/\/www.naturparkmagazin.de\/nossentiner-schwinzer-heide\/regionale-schule-krakow-am-see-wird-naturpark-schule\/#breadcrumb\",\"itemListElement\":[{\"@type\":\"ListItem\",\"position\":1,\"name\":\"Home\",\"item\":\"https:\/\/www.naturparkmagazin.de\/nossentiner-schwinzer-heide\/\"},{\"@type\":\"ListItem\",\"position\":2,\"name\":\"Regionale Schule Krakow am See wird Naturpark-Schule!\"}]},{\"@type\":\"WebSite\",\"@id\":\"https:\/\/www.naturparkmagazin.de\/nossentiner-schwinzer-heide\/#website\",\"url\":\"https:\/\/www.naturparkmagazin.de\/nossentiner-schwinzer-heide\/\",\"name\":\"Naturpark Nossentiner\/Schwinzer Heide\",\"description\":\"\",\"potentialAction\":[{\"@type\":\"SearchAction\",\"target\":{\"@type\":\"EntryPoint\",\"urlTemplate\":\"https:\/\/www.naturparkmagazin.de\/nossentiner-schwinzer-heide\/?s={search_term_string}\"},\"query-input\":\"required name=search_term_string\"}],\"inLanguage\":\"de\"},{\"@type\":\"Person\",\"@id\":\"\",\"url\":\"https:\/\/www.naturparkmagazin.de\/nossentiner-schwinzer-heide\/author\/\"}]}<\/script>\n<!-- \/ Yoast SEO plugin. -->","yoast_head_json":{"title":"Regionale Schule Krakow am See wird Naturpark-Schule! - Naturpark Nossentiner\/Schwinzer Heide","robots":{"index":"index","follow":"follow","max-snippet":"max-snippet:-1","max-image-preview":"max-image-preview:large","max-video-preview":"max-video-preview:-1"},"canonical":"https:\/\/www.naturparkmagazin.de\/nossentiner-schwinzer-heide\/regionale-schule-krakow-am-see-wird-naturpark-schule\/","og_locale":"de_DE","og_type":"article","og_title":"Regionale Schule Krakow am See wird Naturpark-Schule! - Naturpark Nossentiner\/Schwinzer Heide","og_description":"Die Regionale Schule Krakow am See mit Grundschule wird die erste offizielle Naturpark-Schule in unserem Naturpark.","og_url":"https:\/\/www.naturparkmagazin.de\/nossentiner-schwinzer-heide\/regionale-schule-krakow-am-see-wird-naturpark-schule\/","og_site_name":"Naturpark Nossentiner\/Schwinzer Heide","article_published_time":"2017-06-28T10:30:15+00:00","article_modified_time":"2017-06-28T10:38:07+00:00","og_image":[{"width":2361,"height":1428,"url":"https:\/\/www.naturparkmagazin.de\/nossentiner-schwinzer-heide\/wp-content\/uploads\/sites\/28\/Lehrertreff.jpg","type":"image\/jpeg"}],"twitter_misc":{"Verfasst von":"","Gesch\u00e4tzte Lesezeit":"1\u00a0Minute"},"schema":{"@context":"https:\/\/schema.org","@graph":[{"@type":"WebPage","@id":"https:\/\/www.naturparkmagazin.de\/nossentiner-schwinzer-heide\/regionale-schule-krakow-am-see-wird-naturpark-schule\/","url":"https:\/\/www.naturparkmagazin.de\/nossentiner-schwinzer-heide\/regionale-schule-krakow-am-see-wird-naturpark-schule\/","name":"Regionale Schule Krakow am See wird Naturpark-Schule! - Naturpark Nossentiner\/Schwinzer Heide","isPartOf":{"@id":"https:\/\/www.naturparkmagazin.de\/nossentiner-schwinzer-heide\/#website"},"datePublished":"2017-06-28T10:30:15+00:00","dateModified":"2017-06-28T10:38:07+00:00","author":{"@id":""},"breadcrumb":{"@id":"https:\/\/www.naturparkmagazin.de\/nossentiner-schwinzer-heide\/regionale-schule-krakow-am-see-wird-naturpark-schule\/#breadcrumb"},"inLanguage":"de","potentialAction":[{"@type":"ReadAction","target":["https:\/\/www.naturparkmagazin.de\/nossentiner-schwinzer-heide\/regionale-schule-krakow-am-see-wird-naturpark-schule\/"]}]},{"@type":"BreadcrumbList","@id":"https:\/\/www.naturparkmagazin.de\/nossentiner-schwinzer-heide\/regionale-schule-krakow-am-see-wird-naturpark-schule\/#breadcrumb","itemListElement":[{"@type":"ListItem","position":1,"name":"Home","item":"https:\/\/www.naturparkmagazin.de\/nossentiner-schwinzer-heide\/"},{"@type":"ListItem","position":2,"name":"Regionale Schule Krakow am See wird Naturpark-Schule!"}]},{"@type":"WebSite","@id":"https:\/\/www.naturparkmagazin.de\/nossentiner-schwinzer-heide\/#website","url":"https:\/\/www.naturparkmagazin.de\/nossentiner-schwinzer-heide\/","name":"Naturpark Nossentiner\/Schwinzer Heide","description":"","potentialAction":[{"@type":"SearchAction","target":{"@type":"EntryPoint","urlTemplate":"https:\/\/www.naturparkmagazin.de\/nossentiner-schwinzer-heide\/?s={search_term_string}"},"query-input":"required name=search_term_string"}],"inLanguage":"de"},{"@type":"Person","@id":"","url":"https:\/\/www.naturparkmagazin.de\/nossentiner-schwinzer-heide\/author\/"}]}},"_links":{"self":[{"href":"https:\/\/www.naturparkmagazin.de\/nossentiner-schwinzer-heide\/wp-json\/wp\/v2\/posts\/1463"}],"collection":[{"href":"https:\/\/www.naturparkmagazin.de\/nossentiner-schwinzer-heide\/wp-json\/wp\/v2\/posts"}],"about":[{"href":"https:\/\/www.naturparkmagazin.de\/nossentiner-schwinzer-heide\/wp-json\/wp\/v2\/types\/post"}],"author":[{"embeddable":true,"href":"https:\/\/www.naturparkmagazin.de\/nossentiner-schwinzer-heide\/wp-json\/wp\/v2\/users\/28"}],"replies":[{"embeddable":true,"href":"https:\/\/www.naturparkmagazin.de\/nossentiner-schwinzer-heide\/wp-json\/wp\/v2\/comments?post=1463"}],"version-history":[{"count":6,"href":"https:\/\/www.naturparkmagazin.de\/nossentiner-schwinzer-heide\/wp-json\/wp\/v2\/posts\/1463\/revisions"}],"predecessor-version":[{"id":1470,"href":"https:\/\/www.naturparkmagazin.de\/nossentiner-schwinzer-heide\/wp-json\/wp\/v2\/posts\/1463\/revisions\/1470"}],"wp:featuredmedia":[{"embeddable":true,"href":"https:\/\/www.naturparkmagazin.de\/nossentiner-schwinzer-heide\/wp-json\/wp\/v2\/media\/1465"}],"wp:attachment":[{"href":"https:\/\/www.naturparkmagazin.de\/nossentiner-schwinzer-heide\/wp-json\/wp\/v2\/media?parent=1463"}],"wp:term":[{"taxonomy":"category","embeddable":true,"href":"https:\/\/www.naturparkmagazin.de\/nossentiner-schwinzer-heide\/wp-json\/wp\/v2\/categories?post=1463"},{"taxonomy":"post_tag","embeddable":true,"href":"https:\/\/www.naturparkmagazin.de\/nossentiner-schwinzer-heide\/wp-json\/wp\/v2\/tags?post=1463"}],"curies":[{"name":"wp","href":"https:\/\/api.w.org\/{rel}","templated":true}]}}