{"id":1473,"date":"2018-01-24T00:02:55","date_gmt":"2018-01-23T23:02:55","guid":{"rendered":"http:\/\/www.naturparkmagazin.de\/nossentiner-schwinzer-heide\/?p=1473"},"modified":"2018-01-24T19:52:33","modified_gmt":"2018-01-24T18:52:33","slug":"foejler-gesucht","status":"publish","type":"post","link":"https:\/\/www.naturparkmagazin.de\/nossentiner-schwinzer-heide\/foejler-gesucht\/","title":{"rendered":"F\u00d6Jler gesucht!"},"content":{"rendered":"<p>Im September 2018 wird im Naturpark wieder eine F\u00d6J-Stelle frei!\nDas Freiwillige \u00d6kologische Jahr, kurz F\u00d6J, ist\u00a0eine wunderbare M\u00f6glichkeit, sich\u00a0zu orientieren und praktische Erfahrungen zu\u00a0sammeln. Der\u00a0Naturpark Nossentiner-Schwinzer Heide bietet seinen F\u00d6Jlern ein vielf\u00e4ltiges Themenspektrum, um die Arbeit im Naturpark kennenzulernen.<\/p>\n<p><img decoding=\"async\" loading=\"lazy\" class=\"alignnone  wp-image-1477\" src=\"https:\/\/www.naturparkmagazin.de\/nossentiner-schwinzer-heide\/wp-content\/uploads\/sites\/28\/F\u00d6J-Plakat_2017-620x887.jpg\" alt=\"F\u00d6J-Plakat_2017\" width=\"420\" height=\"600\" srcset=\"https:\/\/www.naturparkmagazin.de\/nossentiner-schwinzer-heide\/wp-content\/uploads\/sites\/28\/F\u00d6J-Plakat_2017-620x887.jpg 620w, https:\/\/www.naturparkmagazin.de\/nossentiner-schwinzer-heide\/wp-content\/uploads\/sites\/28\/F\u00d6J-Plakat_2017-300x429.jpg 300w, https:\/\/www.naturparkmagazin.de\/nossentiner-schwinzer-heide\/wp-content\/uploads\/sites\/28\/F\u00d6J-Plakat_2017-670x959.jpg 670w, https:\/\/www.naturparkmagazin.de\/nossentiner-schwinzer-heide\/wp-content\/uploads\/sites\/28\/F\u00d6J-Plakat_2017-200x286.jpg 200w, https:\/\/www.naturparkmagazin.de\/nossentiner-schwinzer-heide\/wp-content\/uploads\/sites\/28\/F\u00d6J-Plakat_2017.jpg 699w\" sizes=\"(max-width: 420px) 100vw, 420px\" \/><\/p>\n<p>Unser F\u00d6Jler aus dem Jahr 2017 meint:<\/p>\n<p>&#8222;Hallo, ich bin Felix und habe mein F\u00d6J im Naturpark absolviert.<\/p>\n<p>Was ist \u00fcberhaupt ein F\u00d6J?\nEtwas wirklich Gutes. Es ist ein Jahr, in dem Du viele neue berufliche und pers\u00f6nliche Erfahrungen sammeln darfst. Du bist\u00a0gerade mit der Schule fertig geworden und m\u00f6chtest Dich praktisch orientieren? Du m\u00f6chtest im Natur- und Umweltschutz arbeiten? Dann bewirb Dich jetzt f\u00fcr ein F\u00d6J!<\/p>\n<p>Du kannst viele Arbeitsbereiche kennenlernen oder Dich in eigenen Projekten verwirklichen.\u00a0Ich konnte mich in den Bereichen Imkerei, Umweltbildung, Landschaftspflege, Artenwissen, Grafikdesign und Politik weiterbilden.\u00a0Vor allem wei\u00df ich jetzt ein St\u00fcck mehr was ich will.&#8220;<\/p>\n<p>Neugierige geworden? Dann nimm Kontakt mit uns auf:<\/p>\n<p>Tel. 0387 387 3900<\/p>\n<p>Mail <a href=\"mailto:poststelle-nsh@lung.mv-regierung.de\">poststelle-nsh@lung.mv-regierung.de<\/a><\/p>\n<p>Wir freuen uns auf Dich!<\/p>\n<p>&nbsp;<\/p>\n","protected":false},"excerpt":{"rendered":"<p>Im September 2018 wird im Naturpark wieder eine F\u00d6J-Stelle frei!\nDas Freiwillige \u00d6kologische Jahr, kurz F\u00d6J, ist eine wunderbare M\u00f6glichkeit, sich zu orientieren und praktische Erfahrungen zu sammeln. Der Naturpark Nossentiner-Schwinzer Heide bietet seinen F\u00d6Jlern ein vielf\u00e4ltiges Themenspektrum, um die Arbeit im Naturpark kennenzulernen.<\/p>\n","protected":false},"author":28,"featured_media":1477,"comment_status":"open","ping_status":"open","sticky":false,"template":"","format":"standard","meta":[],"categories":[7],"tags":[1069],"yoast_head":"<!-- This site is optimized with the Yoast SEO plugin v19.10 - https:\/\/yoast.com\/wordpress\/plugins\/seo\/ -->\n<title>F\u00d6Jler gesucht! - Naturpark Nossentiner\/Schwinzer Heide<\/title>\n<meta name=\"robots\" content=\"index, follow, max-snippet:-1, max-image-preview:large, max-video-preview:-1\" \/>\n<link rel=\"canonical\" href=\"https:\/\/www.naturparkmagazin.de\/nossentiner-schwinzer-heide\/foejler-gesucht\/\" \/>\n<meta property=\"og:locale\" content=\"de_DE\" \/>\n<meta property=\"og:type\" content=\"article\" \/>\n<meta property=\"og:title\" content=\"F\u00d6Jler gesucht! - Naturpark Nossentiner\/Schwinzer Heide\" \/>\n<meta property=\"og:description\" content=\"Im September 2018 wird im Naturpark wieder eine F\u00d6J-Stelle frei! Das Freiwillige \u00d6kologische Jahr, kurz F\u00d6J, ist eine wunderbare M\u00f6glichkeit, sich zu orientieren und praktische Erfahrungen zu sammeln. Der Naturpark Nossentiner-Schwinzer Heide bietet seinen F\u00d6Jlern ein vielf\u00e4ltiges Themenspektrum, um die Arbeit im Naturpark kennenzulernen.\" \/>\n<meta property=\"og:url\" content=\"https:\/\/www.naturparkmagazin.de\/nossentiner-schwinzer-heide\/foejler-gesucht\/\" \/>\n<meta property=\"og:site_name\" content=\"Naturpark Nossentiner\/Schwinzer Heide\" \/>\n<meta property=\"article:published_time\" content=\"2018-01-23T23:02:55+00:00\" \/>\n<meta property=\"article:modified_time\" content=\"2018-01-24T18:52:33+00:00\" \/>\n<meta property=\"og:image\" content=\"https:\/\/www.naturparkmagazin.de\/nossentiner-schwinzer-heide\/wp-content\/uploads\/sites\/28\/F\u00d6J-Plakat_2017.jpg\" \/>\n\t<meta property=\"og:image:width\" content=\"699\" \/>\n\t<meta property=\"og:image:height\" content=\"1000\" \/>\n\t<meta property=\"og:image:type\" content=\"image\/jpeg\" \/>\n<meta name=\"twitter:label1\" content=\"Verfasst von\" \/>\n\t<meta name=\"twitter:data1\" content=\"\" \/>\n\t<meta name=\"twitter:label2\" content=\"Gesch\u00e4tzte Lesezeit\" \/>\n\t<meta name=\"twitter:data2\" content=\"1\u00a0Minute\" \/>\n<script type=\"application\/ld+json\" class=\"yoast-schema-graph\">{\"@context\":\"https:\/\/schema.org\",\"@graph\":[{\"@type\":\"WebPage\",\"@id\":\"https:\/\/www.naturparkmagazin.de\/nossentiner-schwinzer-heide\/foejler-gesucht\/\",\"url\":\"https:\/\/www.naturparkmagazin.de\/nossentiner-schwinzer-heide\/foejler-gesucht\/\",\"name\":\"F\u00d6Jler gesucht! - Naturpark Nossentiner\/Schwinzer Heide\",\"isPartOf\":{\"@id\":\"https:\/\/www.naturparkmagazin.de\/nossentiner-schwinzer-heide\/#website\"},\"datePublished\":\"2018-01-23T23:02:55+00:00\",\"dateModified\":\"2018-01-24T18:52:33+00:00\",\"author\":{\"@id\":\"\"},\"breadcrumb\":{\"@id\":\"https:\/\/www.naturparkmagazin.de\/nossentiner-schwinzer-heide\/foejler-gesucht\/#breadcrumb\"},\"inLanguage\":\"de\",\"potentialAction\":[{\"@type\":\"ReadAction\",\"target\":[\"https:\/\/www.naturparkmagazin.de\/nossentiner-schwinzer-heide\/foejler-gesucht\/\"]}]},{\"@type\":\"BreadcrumbList\",\"@id\":\"https:\/\/www.naturparkmagazin.de\/nossentiner-schwinzer-heide\/foejler-gesucht\/#breadcrumb\",\"itemListElement\":[{\"@type\":\"ListItem\",\"position\":1,\"name\":\"Home\",\"item\":\"https:\/\/www.naturparkmagazin.de\/nossentiner-schwinzer-heide\/\"},{\"@type\":\"ListItem\",\"position\":2,\"name\":\"F\u00d6Jler gesucht!\"}]},{\"@type\":\"WebSite\",\"@id\":\"https:\/\/www.naturparkmagazin.de\/nossentiner-schwinzer-heide\/#website\",\"url\":\"https:\/\/www.naturparkmagazin.de\/nossentiner-schwinzer-heide\/\",\"name\":\"Naturpark Nossentiner\/Schwinzer Heide\",\"description\":\"\",\"potentialAction\":[{\"@type\":\"SearchAction\",\"target\":{\"@type\":\"EntryPoint\",\"urlTemplate\":\"https:\/\/www.naturparkmagazin.de\/nossentiner-schwinzer-heide\/?s={search_term_string}\"},\"query-input\":\"required name=search_term_string\"}],\"inLanguage\":\"de\"},{\"@type\":\"Person\",\"@id\":\"\",\"url\":\"https:\/\/www.naturparkmagazin.de\/nossentiner-schwinzer-heide\/author\/\"}]}<\/script>\n<!-- \/ Yoast SEO plugin. -->","yoast_head_json":{"title":"F\u00d6Jler gesucht! - Naturpark Nossentiner\/Schwinzer Heide","robots":{"index":"index","follow":"follow","max-snippet":"max-snippet:-1","max-image-preview":"max-image-preview:large","max-video-preview":"max-video-preview:-1"},"canonical":"https:\/\/www.naturparkmagazin.de\/nossentiner-schwinzer-heide\/foejler-gesucht\/","og_locale":"de_DE","og_type":"article","og_title":"F\u00d6Jler gesucht! - Naturpark Nossentiner\/Schwinzer Heide","og_description":"Im September 2018 wird im Naturpark wieder eine F\u00d6J-Stelle frei! Das Freiwillige \u00d6kologische Jahr, kurz F\u00d6J, ist eine wunderbare M\u00f6glichkeit, sich zu orientieren und praktische Erfahrungen zu sammeln. Der Naturpark Nossentiner-Schwinzer Heide bietet seinen F\u00d6Jlern ein vielf\u00e4ltiges Themenspektrum, um die Arbeit im Naturpark kennenzulernen.","og_url":"https:\/\/www.naturparkmagazin.de\/nossentiner-schwinzer-heide\/foejler-gesucht\/","og_site_name":"Naturpark Nossentiner\/Schwinzer Heide","article_published_time":"2018-01-23T23:02:55+00:00","article_modified_time":"2018-01-24T18:52:33+00:00","og_image":[{"width":699,"height":1000,"url":"https:\/\/www.naturparkmagazin.de\/nossentiner-schwinzer-heide\/wp-content\/uploads\/sites\/28\/F\u00d6J-Plakat_2017.jpg","type":"image\/jpeg"}],"twitter_misc":{"Verfasst von":"","Gesch\u00e4tzte Lesezeit":"1\u00a0Minute"},"schema":{"@context":"https:\/\/schema.org","@graph":[{"@type":"WebPage","@id":"https:\/\/www.naturparkmagazin.de\/nossentiner-schwinzer-heide\/foejler-gesucht\/","url":"https:\/\/www.naturparkmagazin.de\/nossentiner-schwinzer-heide\/foejler-gesucht\/","name":"F\u00d6Jler gesucht! - Naturpark Nossentiner\/Schwinzer Heide","isPartOf":{"@id":"https:\/\/www.naturparkmagazin.de\/nossentiner-schwinzer-heide\/#website"},"datePublished":"2018-01-23T23:02:55+00:00","dateModified":"2018-01-24T18:52:33+00:00","author":{"@id":""},"breadcrumb":{"@id":"https:\/\/www.naturparkmagazin.de\/nossentiner-schwinzer-heide\/foejler-gesucht\/#breadcrumb"},"inLanguage":"de","potentialAction":[{"@type":"ReadAction","target":["https:\/\/www.naturparkmagazin.de\/nossentiner-schwinzer-heide\/foejler-gesucht\/"]}]},{"@type":"BreadcrumbList","@id":"https:\/\/www.naturparkmagazin.de\/nossentiner-schwinzer-heide\/foejler-gesucht\/#breadcrumb","itemListElement":[{"@type":"ListItem","position":1,"name":"Home","item":"https:\/\/www.naturparkmagazin.de\/nossentiner-schwinzer-heide\/"},{"@type":"ListItem","position":2,"name":"F\u00d6Jler gesucht!"}]},{"@type":"WebSite","@id":"https:\/\/www.naturparkmagazin.de\/nossentiner-schwinzer-heide\/#website","url":"https:\/\/www.naturparkmagazin.de\/nossentiner-schwinzer-heide\/","name":"Naturpark Nossentiner\/Schwinzer Heide","description":"","potentialAction":[{"@type":"SearchAction","target":{"@type":"EntryPoint","urlTemplate":"https:\/\/www.naturparkmagazin.de\/nossentiner-schwinzer-heide\/?s={search_term_string}"},"query-input":"required name=search_term_string"}],"inLanguage":"de"},{"@type":"Person","@id":"","url":"https:\/\/www.naturparkmagazin.de\/nossentiner-schwinzer-heide\/author\/"}]}},"_links":{"self":[{"href":"https:\/\/www.naturparkmagazin.de\/nossentiner-schwinzer-heide\/wp-json\/wp\/v2\/posts\/1473"}],"collection":[{"href":"https:\/\/www.naturparkmagazin.de\/nossentiner-schwinzer-heide\/wp-json\/wp\/v2\/posts"}],"about":[{"href":"https:\/\/www.naturparkmagazin.de\/nossentiner-schwinzer-heide\/wp-json\/wp\/v2\/types\/post"}],"author":[{"embeddable":true,"href":"https:\/\/www.naturparkmagazin.de\/nossentiner-schwinzer-heide\/wp-json\/wp\/v2\/users\/28"}],"replies":[{"embeddable":true,"href":"https:\/\/www.naturparkmagazin.de\/nossentiner-schwinzer-heide\/wp-json\/wp\/v2\/comments?post=1473"}],"version-history":[{"count":9,"href":"https:\/\/www.naturparkmagazin.de\/nossentiner-schwinzer-heide\/wp-json\/wp\/v2\/posts\/1473\/revisions"}],"predecessor-version":[{"id":1798,"href":"https:\/\/www.naturparkmagazin.de\/nossentiner-schwinzer-heide\/wp-json\/wp\/v2\/posts\/1473\/revisions\/1798"}],"wp:featuredmedia":[{"embeddable":true,"href":"https:\/\/www.naturparkmagazin.de\/nossentiner-schwinzer-heide\/wp-json\/wp\/v2\/media\/1477"}],"wp:attachment":[{"href":"https:\/\/www.naturparkmagazin.de\/nossentiner-schwinzer-heide\/wp-json\/wp\/v2\/media?parent=1473"}],"wp:term":[{"taxonomy":"category","embeddable":true,"href":"https:\/\/www.naturparkmagazin.de\/nossentiner-schwinzer-heide\/wp-json\/wp\/v2\/categories?post=1473"},{"taxonomy":"post_tag","embeddable":true,"href":"https:\/\/www.naturparkmagazin.de\/nossentiner-schwinzer-heide\/wp-json\/wp\/v2\/tags?post=1473"}],"curies":[{"name":"wp","href":"https:\/\/api.w.org\/{rel}","templated":true}]}}