{"id":1527,"date":"2017-07-20T11:30:34","date_gmt":"2017-07-20T09:30:34","guid":{"rendered":"http:\/\/www.naturparkmagazin.de\/nossentiner-schwinzer-heide\/?p=1527"},"modified":"2017-07-24T13:22:14","modified_gmt":"2017-07-24T11:22:14","slug":"raus-in-die-natur-umweltbildung-im-naturpark","status":"publish","type":"post","link":"https:\/\/www.naturparkmagazin.de\/nossentiner-schwinzer-heide\/raus-in-die-natur-umweltbildung-im-naturpark\/","title":{"rendered":"Raus in die Natur! Umweltbildung im Naturpark"},"content":{"rendered":"<p>Man sch\u00fctzt nur das, was man kennt. Deshalb ist es ein grundlegendes Anliegen des Naturparkes, Kinder und Jugendliche aus den Klassenzimmern zu locken und f\u00fcr die Natur zu begeistern.<\/p>\n<p>In den vergangenen Wochen gab es eine ganze Reihe von Exkursionen und Projekttagen, die von den Mitarbeitern unseres Naturparkes gestaltet und begleitet wurden. Insgesamt nutzten rund 300 Kinder der umliegenden Schulen aus Krakow, Plau, L\u00fcbz und Goldberg die Gelegenheit, unter fachkundiger F\u00fchrung in die Natur zu kommen. Eine gute Ausgangsbasis daf\u00fcr ist die Naturschutzstation in Wooster Teerofen, aber auch die Kinder- und Jugendbegegnungsst\u00e4tte und das Jugendschloss Neu Sammit.<\/p>\n<p>Hier erkl\u00e4rt unser Umweltbildner Martin Post die Welt der Flederm\u00e4use.<\/p>\n<p><a href=\"https:\/\/www.naturparkmagazin.de\/nossentiner-schwinzer-heide\/wp-content\/uploads\/sites\/28\/Exkursion_klein.jpg\"><img decoding=\"async\" loading=\"lazy\" class=\"alignnone size-medium wp-image-1528\" src=\"https:\/\/www.naturparkmagazin.de\/nossentiner-schwinzer-heide\/wp-content\/uploads\/sites\/28\/Exkursion_klein-620x425.jpg\" alt=\"Exkursion_klein\" width=\"620\" height=\"425\" srcset=\"https:\/\/www.naturparkmagazin.de\/nossentiner-schwinzer-heide\/wp-content\/uploads\/sites\/28\/Exkursion_klein-620x425.jpg 620w, https:\/\/www.naturparkmagazin.de\/nossentiner-schwinzer-heide\/wp-content\/uploads\/sites\/28\/Exkursion_klein-300x206.jpg 300w, https:\/\/www.naturparkmagazin.de\/nossentiner-schwinzer-heide\/wp-content\/uploads\/sites\/28\/Exkursion_klein-940x645.jpg 940w, https:\/\/www.naturparkmagazin.de\/nossentiner-schwinzer-heide\/wp-content\/uploads\/sites\/28\/Exkursion_klein-670x460.jpg 670w, https:\/\/www.naturparkmagazin.de\/nossentiner-schwinzer-heide\/wp-content\/uploads\/sites\/28\/Exkursion_klein-200x137.jpg 200w, https:\/\/www.naturparkmagazin.de\/nossentiner-schwinzer-heide\/wp-content\/uploads\/sites\/28\/Exkursion_klein.jpg 1280w\" sizes=\"(max-width: 620px) 100vw, 620px\" \/><\/a><\/p>\n<p>Auf dem Sommerfest der Naturparkschule Krakow am See waren waren unsere Ranger mit Wissens-Stationen zu Gast.<\/p>\n<p>Im Gymnasium L\u00fcbz wurde im Rahmen eines Projekttages eine Gruppe betreut.<\/p>\n<p>Auch beim Kinderumwelttag des M\u00fcritzeums in Waren waren unsere Ranger vor Ort. Hier hatten rund 800 Kinder jede Menge Spa\u00df.<\/p>\n<p>&nbsp;<\/p>\n","protected":false},"excerpt":{"rendered":"<p>Man sch\u00fctzt nur das, was man kennt. Deshalb ist es ein grundlegendes Anliegen des Naturparkes, Kinder und Jugendliche aus den Klassenzimmern zu locken und f\u00fcr die Natur zu begeistern.<\/p>\n","protected":false},"author":28,"featured_media":1528,"comment_status":"open","ping_status":"open","sticky":false,"template":"","format":"standard","meta":[],"categories":[7],"tags":[686],"yoast_head":"<!-- This site is optimized with the Yoast SEO plugin v19.10 - https:\/\/yoast.com\/wordpress\/plugins\/seo\/ -->\n<title>Raus in die Natur! Umweltbildung im Naturpark - Naturpark Nossentiner\/Schwinzer Heide<\/title>\n<meta name=\"robots\" content=\"index, follow, max-snippet:-1, max-image-preview:large, max-video-preview:-1\" \/>\n<link rel=\"canonical\" href=\"https:\/\/www.naturparkmagazin.de\/nossentiner-schwinzer-heide\/raus-in-die-natur-umweltbildung-im-naturpark\/\" \/>\n<meta property=\"og:locale\" content=\"de_DE\" \/>\n<meta property=\"og:type\" content=\"article\" \/>\n<meta property=\"og:title\" content=\"Raus in die Natur! Umweltbildung im Naturpark - Naturpark Nossentiner\/Schwinzer Heide\" \/>\n<meta property=\"og:description\" content=\"Man sch\u00fctzt nur das, was man kennt. Deshalb ist es ein grundlegendes Anliegen des Naturparkes, Kinder und Jugendliche aus den Klassenzimmern zu locken und f\u00fcr die Natur zu begeistern.\" \/>\n<meta property=\"og:url\" content=\"https:\/\/www.naturparkmagazin.de\/nossentiner-schwinzer-heide\/raus-in-die-natur-umweltbildung-im-naturpark\/\" \/>\n<meta property=\"og:site_name\" content=\"Naturpark Nossentiner\/Schwinzer Heide\" \/>\n<meta property=\"article:published_time\" content=\"2017-07-20T09:30:34+00:00\" \/>\n<meta property=\"article:modified_time\" content=\"2017-07-24T11:22:14+00:00\" \/>\n<meta property=\"og:image\" content=\"https:\/\/www.naturparkmagazin.de\/nossentiner-schwinzer-heide\/wp-content\/uploads\/sites\/28\/Exkursion_klein.jpg\" \/>\n\t<meta property=\"og:image:width\" content=\"1280\" \/>\n\t<meta property=\"og:image:height\" content=\"878\" \/>\n\t<meta property=\"og:image:type\" content=\"image\/jpeg\" \/>\n<meta name=\"twitter:label1\" content=\"Verfasst von\" \/>\n\t<meta name=\"twitter:data1\" content=\"\" \/>\n\t<meta name=\"twitter:label2\" content=\"Gesch\u00e4tzte Lesezeit\" \/>\n\t<meta name=\"twitter:data2\" content=\"1\u00a0Minute\" \/>\n<script type=\"application\/ld+json\" class=\"yoast-schema-graph\">{\"@context\":\"https:\/\/schema.org\",\"@graph\":[{\"@type\":\"WebPage\",\"@id\":\"https:\/\/www.naturparkmagazin.de\/nossentiner-schwinzer-heide\/raus-in-die-natur-umweltbildung-im-naturpark\/\",\"url\":\"https:\/\/www.naturparkmagazin.de\/nossentiner-schwinzer-heide\/raus-in-die-natur-umweltbildung-im-naturpark\/\",\"name\":\"Raus in die Natur! Umweltbildung im Naturpark - Naturpark Nossentiner\/Schwinzer Heide\",\"isPartOf\":{\"@id\":\"https:\/\/www.naturparkmagazin.de\/nossentiner-schwinzer-heide\/#website\"},\"datePublished\":\"2017-07-20T09:30:34+00:00\",\"dateModified\":\"2017-07-24T11:22:14+00:00\",\"author\":{\"@id\":\"\"},\"breadcrumb\":{\"@id\":\"https:\/\/www.naturparkmagazin.de\/nossentiner-schwinzer-heide\/raus-in-die-natur-umweltbildung-im-naturpark\/#breadcrumb\"},\"inLanguage\":\"de\",\"potentialAction\":[{\"@type\":\"ReadAction\",\"target\":[\"https:\/\/www.naturparkmagazin.de\/nossentiner-schwinzer-heide\/raus-in-die-natur-umweltbildung-im-naturpark\/\"]}]},{\"@type\":\"BreadcrumbList\",\"@id\":\"https:\/\/www.naturparkmagazin.de\/nossentiner-schwinzer-heide\/raus-in-die-natur-umweltbildung-im-naturpark\/#breadcrumb\",\"itemListElement\":[{\"@type\":\"ListItem\",\"position\":1,\"name\":\"Home\",\"item\":\"https:\/\/www.naturparkmagazin.de\/nossentiner-schwinzer-heide\/\"},{\"@type\":\"ListItem\",\"position\":2,\"name\":\"Raus in die Natur! Umweltbildung im Naturpark\"}]},{\"@type\":\"WebSite\",\"@id\":\"https:\/\/www.naturparkmagazin.de\/nossentiner-schwinzer-heide\/#website\",\"url\":\"https:\/\/www.naturparkmagazin.de\/nossentiner-schwinzer-heide\/\",\"name\":\"Naturpark Nossentiner\/Schwinzer Heide\",\"description\":\"\",\"potentialAction\":[{\"@type\":\"SearchAction\",\"target\":{\"@type\":\"EntryPoint\",\"urlTemplate\":\"https:\/\/www.naturparkmagazin.de\/nossentiner-schwinzer-heide\/?s={search_term_string}\"},\"query-input\":\"required name=search_term_string\"}],\"inLanguage\":\"de\"},{\"@type\":\"Person\",\"@id\":\"\",\"url\":\"https:\/\/www.naturparkmagazin.de\/nossentiner-schwinzer-heide\/author\/\"}]}<\/script>\n<!-- \/ Yoast SEO plugin. -->","yoast_head_json":{"title":"Raus in die Natur! Umweltbildung im Naturpark - Naturpark Nossentiner\/Schwinzer Heide","robots":{"index":"index","follow":"follow","max-snippet":"max-snippet:-1","max-image-preview":"max-image-preview:large","max-video-preview":"max-video-preview:-1"},"canonical":"https:\/\/www.naturparkmagazin.de\/nossentiner-schwinzer-heide\/raus-in-die-natur-umweltbildung-im-naturpark\/","og_locale":"de_DE","og_type":"article","og_title":"Raus in die Natur! Umweltbildung im Naturpark - Naturpark Nossentiner\/Schwinzer Heide","og_description":"Man sch\u00fctzt nur das, was man kennt. Deshalb ist es ein grundlegendes Anliegen des Naturparkes, Kinder und Jugendliche aus den Klassenzimmern zu locken und f\u00fcr die Natur zu begeistern.","og_url":"https:\/\/www.naturparkmagazin.de\/nossentiner-schwinzer-heide\/raus-in-die-natur-umweltbildung-im-naturpark\/","og_site_name":"Naturpark Nossentiner\/Schwinzer Heide","article_published_time":"2017-07-20T09:30:34+00:00","article_modified_time":"2017-07-24T11:22:14+00:00","og_image":[{"width":1280,"height":878,"url":"https:\/\/www.naturparkmagazin.de\/nossentiner-schwinzer-heide\/wp-content\/uploads\/sites\/28\/Exkursion_klein.jpg","type":"image\/jpeg"}],"twitter_misc":{"Verfasst von":"","Gesch\u00e4tzte Lesezeit":"1\u00a0Minute"},"schema":{"@context":"https:\/\/schema.org","@graph":[{"@type":"WebPage","@id":"https:\/\/www.naturparkmagazin.de\/nossentiner-schwinzer-heide\/raus-in-die-natur-umweltbildung-im-naturpark\/","url":"https:\/\/www.naturparkmagazin.de\/nossentiner-schwinzer-heide\/raus-in-die-natur-umweltbildung-im-naturpark\/","name":"Raus in die Natur! Umweltbildung im Naturpark - Naturpark Nossentiner\/Schwinzer Heide","isPartOf":{"@id":"https:\/\/www.naturparkmagazin.de\/nossentiner-schwinzer-heide\/#website"},"datePublished":"2017-07-20T09:30:34+00:00","dateModified":"2017-07-24T11:22:14+00:00","author":{"@id":""},"breadcrumb":{"@id":"https:\/\/www.naturparkmagazin.de\/nossentiner-schwinzer-heide\/raus-in-die-natur-umweltbildung-im-naturpark\/#breadcrumb"},"inLanguage":"de","potentialAction":[{"@type":"ReadAction","target":["https:\/\/www.naturparkmagazin.de\/nossentiner-schwinzer-heide\/raus-in-die-natur-umweltbildung-im-naturpark\/"]}]},{"@type":"BreadcrumbList","@id":"https:\/\/www.naturparkmagazin.de\/nossentiner-schwinzer-heide\/raus-in-die-natur-umweltbildung-im-naturpark\/#breadcrumb","itemListElement":[{"@type":"ListItem","position":1,"name":"Home","item":"https:\/\/www.naturparkmagazin.de\/nossentiner-schwinzer-heide\/"},{"@type":"ListItem","position":2,"name":"Raus in die Natur! Umweltbildung im Naturpark"}]},{"@type":"WebSite","@id":"https:\/\/www.naturparkmagazin.de\/nossentiner-schwinzer-heide\/#website","url":"https:\/\/www.naturparkmagazin.de\/nossentiner-schwinzer-heide\/","name":"Naturpark Nossentiner\/Schwinzer Heide","description":"","potentialAction":[{"@type":"SearchAction","target":{"@type":"EntryPoint","urlTemplate":"https:\/\/www.naturparkmagazin.de\/nossentiner-schwinzer-heide\/?s={search_term_string}"},"query-input":"required name=search_term_string"}],"inLanguage":"de"},{"@type":"Person","@id":"","url":"https:\/\/www.naturparkmagazin.de\/nossentiner-schwinzer-heide\/author\/"}]}},"_links":{"self":[{"href":"https:\/\/www.naturparkmagazin.de\/nossentiner-schwinzer-heide\/wp-json\/wp\/v2\/posts\/1527"}],"collection":[{"href":"https:\/\/www.naturparkmagazin.de\/nossentiner-schwinzer-heide\/wp-json\/wp\/v2\/posts"}],"about":[{"href":"https:\/\/www.naturparkmagazin.de\/nossentiner-schwinzer-heide\/wp-json\/wp\/v2\/types\/post"}],"author":[{"embeddable":true,"href":"https:\/\/www.naturparkmagazin.de\/nossentiner-schwinzer-heide\/wp-json\/wp\/v2\/users\/28"}],"replies":[{"embeddable":true,"href":"https:\/\/www.naturparkmagazin.de\/nossentiner-schwinzer-heide\/wp-json\/wp\/v2\/comments?post=1527"}],"version-history":[{"count":5,"href":"https:\/\/www.naturparkmagazin.de\/nossentiner-schwinzer-heide\/wp-json\/wp\/v2\/posts\/1527\/revisions"}],"predecessor-version":[{"id":1540,"href":"https:\/\/www.naturparkmagazin.de\/nossentiner-schwinzer-heide\/wp-json\/wp\/v2\/posts\/1527\/revisions\/1540"}],"wp:featuredmedia":[{"embeddable":true,"href":"https:\/\/www.naturparkmagazin.de\/nossentiner-schwinzer-heide\/wp-json\/wp\/v2\/media\/1528"}],"wp:attachment":[{"href":"https:\/\/www.naturparkmagazin.de\/nossentiner-schwinzer-heide\/wp-json\/wp\/v2\/media?parent=1527"}],"wp:term":[{"taxonomy":"category","embeddable":true,"href":"https:\/\/www.naturparkmagazin.de\/nossentiner-schwinzer-heide\/wp-json\/wp\/v2\/categories?post=1527"},{"taxonomy":"post_tag","embeddable":true,"href":"https:\/\/www.naturparkmagazin.de\/nossentiner-schwinzer-heide\/wp-json\/wp\/v2\/tags?post=1527"}],"curies":[{"name":"wp","href":"https:\/\/api.w.org\/{rel}","templated":true}]}}