{"id":1533,"date":"2017-07-24T11:26:15","date_gmt":"2017-07-24T09:26:15","guid":{"rendered":"http:\/\/www.naturparkmagazin.de\/nossentiner-schwinzer-heide\/?p=1533"},"modified":"2017-07-24T13:20:49","modified_gmt":"2017-07-24T11:20:49","slug":"projekt-schutz-der-dunkelheit-der-nacht-geht-weiter","status":"publish","type":"post","link":"https:\/\/www.naturparkmagazin.de\/nossentiner-schwinzer-heide\/projekt-schutz-der-dunkelheit-der-nacht-geht-weiter\/","title":{"rendered":"Projekt &#8222;Schutz der Dunkelheit der Nacht&#8220; geht weiter\u2026"},"content":{"rendered":"<p>Unser Projekt, das famili\u00e4r auch \u201eSternenpark-Projekt\u201c genannt wird, hat das erste Jahr erfolgreich gemeistert (wir berichteten im Newsletter). Deshalb wurde entschieden, sich um eine Finanzierung bei der Norddeutschen Stiftung f\u00fcr Umwelt und Entwicklung auch f\u00fcr das zweite Jahr zu bewerben.<\/p>\n<p>Im Juni fand eine Sitzung des Vergaberates der Norddeutschen Stiftung f\u00fcr Umwelt und Entwicklung statt, in deren\u00a0Rahmen die bisherigen Ergebnisse des Projektes vorgestellt und diskutiert wurden. Das Ergebnis dieser Sitzung war eindeutig: unser Projekt wird weiter gehen, die Finanzmittel werden auch f\u00fcr das zweite Jahr zur Verf\u00fcgung gestellt.<\/p>\n<div id=\"attachment_1535\" style=\"width: 630px\" class=\"wp-caption alignnone\"><img aria-describedby=\"caption-attachment-1535\" decoding=\"async\" loading=\"lazy\" class=\"wp-image-1535 size-medium\" src=\"https:\/\/www.naturparkmagazin.de\/nossentiner-schwinzer-heide\/wp-content\/uploads\/sites\/28\/Kartheuser_Sebastian-620x354.jpg\" alt=\"Copyright Sebastian Kartheuser\" width=\"620\" height=\"354\" srcset=\"https:\/\/www.naturparkmagazin.de\/nossentiner-schwinzer-heide\/wp-content\/uploads\/sites\/28\/Kartheuser_Sebastian-620x354.jpg 620w, https:\/\/www.naturparkmagazin.de\/nossentiner-schwinzer-heide\/wp-content\/uploads\/sites\/28\/Kartheuser_Sebastian-300x171.jpg 300w, https:\/\/www.naturparkmagazin.de\/nossentiner-schwinzer-heide\/wp-content\/uploads\/sites\/28\/Kartheuser_Sebastian-940x537.jpg 940w, https:\/\/www.naturparkmagazin.de\/nossentiner-schwinzer-heide\/wp-content\/uploads\/sites\/28\/Kartheuser_Sebastian-670x382.jpg 670w, https:\/\/www.naturparkmagazin.de\/nossentiner-schwinzer-heide\/wp-content\/uploads\/sites\/28\/Kartheuser_Sebastian-200x114.jpg 200w, https:\/\/www.naturparkmagazin.de\/nossentiner-schwinzer-heide\/wp-content\/uploads\/sites\/28\/Kartheuser_Sebastian.jpg 2048w\" sizes=\"(max-width: 620px) 100vw, 620px\" \/><p id=\"caption-attachment-1535\" class=\"wp-caption-text\">Faszination Sternenhimmel (Foto: Sebastian Kartheuser)<\/p><\/div>\n<p>Die Schwerpunkte f\u00fcr das 2. Projektjahr:<\/p>\n<ul>\n<li>Erfassung der Nachthimmelhelligkeit unter Einbeziehung von Einwohnern und B\u00fcrgern der Ortschaften und anderer Freiwilliger (citizen science)<\/li>\n<li>Erfassung der Beleuchtungssituation: Untersuchung von weiteren 5-6 Gemeinden, Vorschl\u00e4ge f\u00fcr eine Verbesserung des Status quo<\/li>\n<li>Beratung der Gemeinden der Naturparkregion: M\u00f6gliche Verbesserung der Situation durch den Einsatz intelligenter Beleuchtungssysteme<\/li>\n<li>Erfassung von ausgew\u00e4hlten nachtaktiven Organismen (Eulen, Insekten, Kleins\u00e4uger): Einsatz von ehrenamtlichen Experten und interessierte Freiwilligen<\/li>\n<li>Aufbau von weiteren einfachen Beobachtungspl\u00e4tzen f\u00fcr die Beobachtung des Sternenhimmels und nachtaktiver Tiere: Es sollen die ersten zwei Sternen-Beobachtungs-Pl\u00e4tze eingerichtet und zwei weitere vorbereitet werden.<\/li>\n<li>\u00d6ffentlichkeitsarbeit und Umweltbildung : Erarbeitung einer weiteren Brosch\u00fcre, eines Flyers, verschiedener Roll-Ups<\/li>\n<li>Aufnahme von Verbindungen zu anderen \u201edunklen Regionen\u201c (Sternenparks) in Europa<\/li>\n<li>Vorbereitung zum Schutz der \u201edunklen Landschaften\u201c als \u201eSternenpark\u201c.<\/li>\n<\/ul>\n<p>Durch dieses Projekt k\u00f6nnen wir effizient das Thema Lichtverschmutzung sowie die Bedeutung der Dunkelheit f\u00fcr Menschen und andere Lebewesen auch weiterhin bearbeiten.<\/p>\n<p>&nbsp;<\/p>\n<p>&nbsp;<\/p>\n","protected":false},"excerpt":{"rendered":"<p>Unser Projekt, das famili\u00e4r auch \u201eSternenpark-Projekt\u201c genannt wird, hat das erste Jahr erfolgreich gemeistert.<\/p>\n","protected":false},"author":28,"featured_media":1535,"comment_status":"open","ping_status":"open","sticky":false,"template":"","format":"standard","meta":[],"categories":[7],"tags":[686],"yoast_head":"<!-- This site is optimized with the Yoast SEO plugin v19.10 - https:\/\/yoast.com\/wordpress\/plugins\/seo\/ -->\n<title>Projekt &quot;Schutz der Dunkelheit der Nacht&quot; geht weiter\u2026 - Naturpark Nossentiner\/Schwinzer Heide<\/title>\n<meta name=\"robots\" content=\"index, follow, max-snippet:-1, max-image-preview:large, max-video-preview:-1\" \/>\n<link rel=\"canonical\" href=\"https:\/\/www.naturparkmagazin.de\/nossentiner-schwinzer-heide\/projekt-schutz-der-dunkelheit-der-nacht-geht-weiter\/\" \/>\n<meta property=\"og:locale\" content=\"de_DE\" \/>\n<meta property=\"og:type\" content=\"article\" \/>\n<meta property=\"og:title\" content=\"Projekt &quot;Schutz der Dunkelheit der Nacht&quot; geht weiter\u2026 - Naturpark Nossentiner\/Schwinzer Heide\" \/>\n<meta property=\"og:description\" content=\"Unser Projekt, das famili\u00e4r auch \u201eSternenpark-Projekt\u201c genannt wird, hat das erste Jahr erfolgreich gemeistert.\" \/>\n<meta property=\"og:url\" content=\"https:\/\/www.naturparkmagazin.de\/nossentiner-schwinzer-heide\/projekt-schutz-der-dunkelheit-der-nacht-geht-weiter\/\" \/>\n<meta property=\"og:site_name\" content=\"Naturpark Nossentiner\/Schwinzer Heide\" \/>\n<meta property=\"article:published_time\" content=\"2017-07-24T09:26:15+00:00\" \/>\n<meta property=\"article:modified_time\" content=\"2017-07-24T11:20:49+00:00\" \/>\n<meta property=\"og:image\" content=\"https:\/\/www.naturparkmagazin.de\/nossentiner-schwinzer-heide\/wp-content\/uploads\/sites\/28\/Kartheuser_Sebastian.jpg\" \/>\n\t<meta property=\"og:image:width\" content=\"2048\" \/>\n\t<meta property=\"og:image:height\" content=\"1169\" \/>\n\t<meta property=\"og:image:type\" content=\"image\/jpeg\" \/>\n<meta name=\"twitter:label1\" content=\"Verfasst von\" \/>\n\t<meta name=\"twitter:data1\" content=\"\" \/>\n\t<meta name=\"twitter:label2\" content=\"Gesch\u00e4tzte Lesezeit\" \/>\n\t<meta name=\"twitter:data2\" content=\"1\u00a0Minute\" \/>\n<script type=\"application\/ld+json\" class=\"yoast-schema-graph\">{\"@context\":\"https:\/\/schema.org\",\"@graph\":[{\"@type\":\"WebPage\",\"@id\":\"https:\/\/www.naturparkmagazin.de\/nossentiner-schwinzer-heide\/projekt-schutz-der-dunkelheit-der-nacht-geht-weiter\/\",\"url\":\"https:\/\/www.naturparkmagazin.de\/nossentiner-schwinzer-heide\/projekt-schutz-der-dunkelheit-der-nacht-geht-weiter\/\",\"name\":\"Projekt \\\"Schutz der Dunkelheit der Nacht\\\" geht weiter\u2026 - Naturpark Nossentiner\/Schwinzer Heide\",\"isPartOf\":{\"@id\":\"https:\/\/www.naturparkmagazin.de\/nossentiner-schwinzer-heide\/#website\"},\"datePublished\":\"2017-07-24T09:26:15+00:00\",\"dateModified\":\"2017-07-24T11:20:49+00:00\",\"author\":{\"@id\":\"\"},\"breadcrumb\":{\"@id\":\"https:\/\/www.naturparkmagazin.de\/nossentiner-schwinzer-heide\/projekt-schutz-der-dunkelheit-der-nacht-geht-weiter\/#breadcrumb\"},\"inLanguage\":\"de\",\"potentialAction\":[{\"@type\":\"ReadAction\",\"target\":[\"https:\/\/www.naturparkmagazin.de\/nossentiner-schwinzer-heide\/projekt-schutz-der-dunkelheit-der-nacht-geht-weiter\/\"]}]},{\"@type\":\"BreadcrumbList\",\"@id\":\"https:\/\/www.naturparkmagazin.de\/nossentiner-schwinzer-heide\/projekt-schutz-der-dunkelheit-der-nacht-geht-weiter\/#breadcrumb\",\"itemListElement\":[{\"@type\":\"ListItem\",\"position\":1,\"name\":\"Home\",\"item\":\"https:\/\/www.naturparkmagazin.de\/nossentiner-schwinzer-heide\/\"},{\"@type\":\"ListItem\",\"position\":2,\"name\":\"Projekt &#8222;Schutz der Dunkelheit der Nacht&#8220; geht weiter\u2026\"}]},{\"@type\":\"WebSite\",\"@id\":\"https:\/\/www.naturparkmagazin.de\/nossentiner-schwinzer-heide\/#website\",\"url\":\"https:\/\/www.naturparkmagazin.de\/nossentiner-schwinzer-heide\/\",\"name\":\"Naturpark Nossentiner\/Schwinzer Heide\",\"description\":\"\",\"potentialAction\":[{\"@type\":\"SearchAction\",\"target\":{\"@type\":\"EntryPoint\",\"urlTemplate\":\"https:\/\/www.naturparkmagazin.de\/nossentiner-schwinzer-heide\/?s={search_term_string}\"},\"query-input\":\"required name=search_term_string\"}],\"inLanguage\":\"de\"},{\"@type\":\"Person\",\"@id\":\"\",\"url\":\"https:\/\/www.naturparkmagazin.de\/nossentiner-schwinzer-heide\/author\/\"}]}<\/script>\n<!-- \/ Yoast SEO plugin. -->","yoast_head_json":{"title":"Projekt \"Schutz der Dunkelheit der Nacht\" geht weiter\u2026 - Naturpark Nossentiner\/Schwinzer Heide","robots":{"index":"index","follow":"follow","max-snippet":"max-snippet:-1","max-image-preview":"max-image-preview:large","max-video-preview":"max-video-preview:-1"},"canonical":"https:\/\/www.naturparkmagazin.de\/nossentiner-schwinzer-heide\/projekt-schutz-der-dunkelheit-der-nacht-geht-weiter\/","og_locale":"de_DE","og_type":"article","og_title":"Projekt \"Schutz der Dunkelheit der Nacht\" geht weiter\u2026 - Naturpark Nossentiner\/Schwinzer Heide","og_description":"Unser Projekt, das famili\u00e4r auch \u201eSternenpark-Projekt\u201c genannt wird, hat das erste Jahr erfolgreich gemeistert.","og_url":"https:\/\/www.naturparkmagazin.de\/nossentiner-schwinzer-heide\/projekt-schutz-der-dunkelheit-der-nacht-geht-weiter\/","og_site_name":"Naturpark Nossentiner\/Schwinzer Heide","article_published_time":"2017-07-24T09:26:15+00:00","article_modified_time":"2017-07-24T11:20:49+00:00","og_image":[{"width":2048,"height":1169,"url":"https:\/\/www.naturparkmagazin.de\/nossentiner-schwinzer-heide\/wp-content\/uploads\/sites\/28\/Kartheuser_Sebastian.jpg","type":"image\/jpeg"}],"twitter_misc":{"Verfasst von":"","Gesch\u00e4tzte Lesezeit":"1\u00a0Minute"},"schema":{"@context":"https:\/\/schema.org","@graph":[{"@type":"WebPage","@id":"https:\/\/www.naturparkmagazin.de\/nossentiner-schwinzer-heide\/projekt-schutz-der-dunkelheit-der-nacht-geht-weiter\/","url":"https:\/\/www.naturparkmagazin.de\/nossentiner-schwinzer-heide\/projekt-schutz-der-dunkelheit-der-nacht-geht-weiter\/","name":"Projekt \"Schutz der Dunkelheit der Nacht\" geht weiter\u2026 - Naturpark Nossentiner\/Schwinzer Heide","isPartOf":{"@id":"https:\/\/www.naturparkmagazin.de\/nossentiner-schwinzer-heide\/#website"},"datePublished":"2017-07-24T09:26:15+00:00","dateModified":"2017-07-24T11:20:49+00:00","author":{"@id":""},"breadcrumb":{"@id":"https:\/\/www.naturparkmagazin.de\/nossentiner-schwinzer-heide\/projekt-schutz-der-dunkelheit-der-nacht-geht-weiter\/#breadcrumb"},"inLanguage":"de","potentialAction":[{"@type":"ReadAction","target":["https:\/\/www.naturparkmagazin.de\/nossentiner-schwinzer-heide\/projekt-schutz-der-dunkelheit-der-nacht-geht-weiter\/"]}]},{"@type":"BreadcrumbList","@id":"https:\/\/www.naturparkmagazin.de\/nossentiner-schwinzer-heide\/projekt-schutz-der-dunkelheit-der-nacht-geht-weiter\/#breadcrumb","itemListElement":[{"@type":"ListItem","position":1,"name":"Home","item":"https:\/\/www.naturparkmagazin.de\/nossentiner-schwinzer-heide\/"},{"@type":"ListItem","position":2,"name":"Projekt &#8222;Schutz der Dunkelheit der Nacht&#8220; geht weiter\u2026"}]},{"@type":"WebSite","@id":"https:\/\/www.naturparkmagazin.de\/nossentiner-schwinzer-heide\/#website","url":"https:\/\/www.naturparkmagazin.de\/nossentiner-schwinzer-heide\/","name":"Naturpark Nossentiner\/Schwinzer Heide","description":"","potentialAction":[{"@type":"SearchAction","target":{"@type":"EntryPoint","urlTemplate":"https:\/\/www.naturparkmagazin.de\/nossentiner-schwinzer-heide\/?s={search_term_string}"},"query-input":"required name=search_term_string"}],"inLanguage":"de"},{"@type":"Person","@id":"","url":"https:\/\/www.naturparkmagazin.de\/nossentiner-schwinzer-heide\/author\/"}]}},"_links":{"self":[{"href":"https:\/\/www.naturparkmagazin.de\/nossentiner-schwinzer-heide\/wp-json\/wp\/v2\/posts\/1533"}],"collection":[{"href":"https:\/\/www.naturparkmagazin.de\/nossentiner-schwinzer-heide\/wp-json\/wp\/v2\/posts"}],"about":[{"href":"https:\/\/www.naturparkmagazin.de\/nossentiner-schwinzer-heide\/wp-json\/wp\/v2\/types\/post"}],"author":[{"embeddable":true,"href":"https:\/\/www.naturparkmagazin.de\/nossentiner-schwinzer-heide\/wp-json\/wp\/v2\/users\/28"}],"replies":[{"embeddable":true,"href":"https:\/\/www.naturparkmagazin.de\/nossentiner-schwinzer-heide\/wp-json\/wp\/v2\/comments?post=1533"}],"version-history":[{"count":4,"href":"https:\/\/www.naturparkmagazin.de\/nossentiner-schwinzer-heide\/wp-json\/wp\/v2\/posts\/1533\/revisions"}],"predecessor-version":[{"id":1539,"href":"https:\/\/www.naturparkmagazin.de\/nossentiner-schwinzer-heide\/wp-json\/wp\/v2\/posts\/1533\/revisions\/1539"}],"wp:featuredmedia":[{"embeddable":true,"href":"https:\/\/www.naturparkmagazin.de\/nossentiner-schwinzer-heide\/wp-json\/wp\/v2\/media\/1535"}],"wp:attachment":[{"href":"https:\/\/www.naturparkmagazin.de\/nossentiner-schwinzer-heide\/wp-json\/wp\/v2\/media?parent=1533"}],"wp:term":[{"taxonomy":"category","embeddable":true,"href":"https:\/\/www.naturparkmagazin.de\/nossentiner-schwinzer-heide\/wp-json\/wp\/v2\/categories?post=1533"},{"taxonomy":"post_tag","embeddable":true,"href":"https:\/\/www.naturparkmagazin.de\/nossentiner-schwinzer-heide\/wp-json\/wp\/v2\/tags?post=1533"}],"curies":[{"name":"wp","href":"https:\/\/api.w.org\/{rel}","templated":true}]}}