{"id":1545,"date":"2017-07-27T07:13:49","date_gmt":"2017-07-27T05:13:49","guid":{"rendered":"http:\/\/www.naturparkmagazin.de\/nossentiner-schwinzer-heide\/?p=1545"},"modified":"2017-07-27T07:18:10","modified_gmt":"2017-07-27T05:18:10","slug":"fledermaus-workcamp-in-der-naturschutzstation","status":"publish","type":"post","link":"https:\/\/www.naturparkmagazin.de\/nossentiner-schwinzer-heide\/fledermaus-workcamp-in-der-naturschutzstation\/","title":{"rendered":"Fledermaus-Workcamp in der Naturschutzstation"},"content":{"rendered":"<p>Seit dem 10. Juli 2017 ist wieder Betrieb in der Naturschutzstation \u201eGerhadt-Cornelssen-Haus\u201c in Wooster Teerofen, denn das Fledermaus-Workcamp 2017 l\u00e4uft. Neben den ehrenamtlichen Fledermausforschern aus Th\u00fcringen um die Br\u00fcder Christoph und Hanno Tress waren in diesem Jahr wieder ca. 25 angehende Fledermausforscher aus ganz Deutschland in den kleinen beschaulichen Ort gekommen, um sich mit den Methoden der Fledermausforschung sich vertraut zu machen. Professor Gerald Kerth von der Universit\u00e4t Greifswald\u00a0 hatte wieder zu einem Fledermaus-Praktikum eingeladen. 14 StudentInnen sind dem Ruf gefolgt und haben in einer Woche sich sehr intensiv mit Fragestellungen der Fledermausforschung\u00a0 befasst. Neben der Vermessung und Beringung von Flederm\u00e4usen standen auch Netzf\u00e4nge, Telemetrie und Kastenkontrollen im Fledermaus-Kastengebiet um Wooster Teerofen auf der Tagesordnung.<\/p>\n<div id=\"attachment_1547\" style=\"width: 613px\" class=\"wp-caption aligncenter\"><a href=\"https:\/\/www.naturparkmagazin.de\/nossentiner-schwinzer-heide\/wp-content\/uploads\/sites\/28\/Flaus1.jpg\"><img aria-describedby=\"caption-attachment-1547\" decoding=\"async\" loading=\"lazy\" class=\"wp-image-1547 size-full\" src=\"https:\/\/www.naturparkmagazin.de\/nossentiner-schwinzer-heide\/wp-content\/uploads\/sites\/28\/Flaus1.jpg\" alt=\"\" width=\"603\" height=\"401\" srcset=\"https:\/\/www.naturparkmagazin.de\/nossentiner-schwinzer-heide\/wp-content\/uploads\/sites\/28\/Flaus1.jpg 603w, https:\/\/www.naturparkmagazin.de\/nossentiner-schwinzer-heide\/wp-content\/uploads\/sites\/28\/Flaus1-300x200.jpg 300w, https:\/\/www.naturparkmagazin.de\/nossentiner-schwinzer-heide\/wp-content\/uploads\/sites\/28\/Flaus1-200x133.jpg 200w\" sizes=\"(max-width: 603px) 100vw, 603px\" \/><\/a><p id=\"caption-attachment-1547\" class=\"wp-caption-text\">Netzfang in Bossow<\/p><\/div>\n<p>Das Fledermausforschungsprojekt in Wooster Teerofen geh\u00f6rt zu den \u00e4ltesten, ununterbrochen durchgef\u00fchrten Fledermausbeobachtungsprogrammen in Deutschland und wird seit 1987 ehrenamtlich betrieben. Die Naturschutzstation in Wooster Teerofen ist die Basisstation f\u00fcr die umfangreichen Forschungsarbeiten und seit 2017 auch Citizen-Sience-Staion (\u201eB\u00fcrger schaffen Wissen\u201c) im Naturpark Nossentiner\/Schwinzer Heide. Die Arbeiten werden durch die Deutsche Bundesstiftung Umwelt (DBU), durch die Norddeutsche Stiftung f\u00fcr Umwelt und Entwicklung MV (NUE) sowie durch den F\u00f6rderverein des Naturparks Nossentiner\/Schwinzer Heide unterst\u00fctzt.<\/p>\n<div id=\"attachment_1548\" style=\"width: 614px\" class=\"wp-caption aligncenter\"><a href=\"https:\/\/www.naturparkmagazin.de\/nossentiner-schwinzer-heide\/wp-content\/uploads\/sites\/28\/Flaus2.jpg\"><img aria-describedby=\"caption-attachment-1548\" decoding=\"async\" loading=\"lazy\" class=\"wp-image-1548 size-full\" src=\"https:\/\/www.naturparkmagazin.de\/nossentiner-schwinzer-heide\/wp-content\/uploads\/sites\/28\/Flaus2.jpg\" alt=\"Flaus2\" width=\"604\" height=\"401\" srcset=\"https:\/\/www.naturparkmagazin.de\/nossentiner-schwinzer-heide\/wp-content\/uploads\/sites\/28\/Flaus2.jpg 604w, https:\/\/www.naturparkmagazin.de\/nossentiner-schwinzer-heide\/wp-content\/uploads\/sites\/28\/Flaus2-300x199.jpg 300w, https:\/\/www.naturparkmagazin.de\/nossentiner-schwinzer-heide\/wp-content\/uploads\/sites\/28\/Flaus2-200x133.jpg 200w\" sizes=\"(max-width: 604px) 100vw, 604px\" \/><\/a><p id=\"caption-attachment-1548\" class=\"wp-caption-text\">Kontrolle eines Fledermaus-Quartiers durch Martin Post und Prof. Kerth<\/p><\/div>\n<p>&nbsp;<\/p>\n","protected":false},"excerpt":{"rendered":"<p>Seit dem 10. Juli 2017 ist wieder Betrieb in der Naturschutzstation \u201eGerhadt-Cornelssen-Haus\u201c in Wooster Teerofen, denn das Fledermaus-Workcamp 2017 l\u00e4uft. Neben den ehrenamtlichen Fledermausforschern aus Th\u00fcringen um die Br\u00fcder Christoph und Hanno Tress waren in diesem Jahr wieder ca. 25 angehende Fledermausforscher aus ganz Deutschland in den kleinen beschaulichen Ort gekommen, um sich mit den<\/p>\n","protected":false},"author":28,"featured_media":1548,"comment_status":"open","ping_status":"open","sticky":false,"template":"","format":"standard","meta":[],"categories":[1,7],"tags":[686],"yoast_head":"<!-- This site is optimized with the Yoast SEO plugin v19.10 - https:\/\/yoast.com\/wordpress\/plugins\/seo\/ -->\n<title>Fledermaus-Workcamp in der Naturschutzstation - Naturpark Nossentiner\/Schwinzer Heide<\/title>\n<meta name=\"robots\" content=\"index, follow, max-snippet:-1, max-image-preview:large, max-video-preview:-1\" \/>\n<link rel=\"canonical\" href=\"https:\/\/www.naturparkmagazin.de\/nossentiner-schwinzer-heide\/fledermaus-workcamp-in-der-naturschutzstation\/\" \/>\n<meta property=\"og:locale\" content=\"de_DE\" \/>\n<meta property=\"og:type\" content=\"article\" \/>\n<meta property=\"og:title\" content=\"Fledermaus-Workcamp in der Naturschutzstation - Naturpark Nossentiner\/Schwinzer Heide\" \/>\n<meta property=\"og:description\" content=\"Seit dem 10. Juli 2017 ist wieder Betrieb in der Naturschutzstation \u201eGerhadt-Cornelssen-Haus\u201c in Wooster Teerofen, denn das Fledermaus-Workcamp 2017 l\u00e4uft. Neben den ehrenamtlichen Fledermausforschern aus Th\u00fcringen um die Br\u00fcder Christoph und Hanno Tress waren in diesem Jahr wieder ca. 25 angehende Fledermausforscher aus ganz Deutschland in den kleinen beschaulichen Ort gekommen, um sich mit den\" \/>\n<meta property=\"og:url\" content=\"https:\/\/www.naturparkmagazin.de\/nossentiner-schwinzer-heide\/fledermaus-workcamp-in-der-naturschutzstation\/\" \/>\n<meta property=\"og:site_name\" content=\"Naturpark Nossentiner\/Schwinzer Heide\" \/>\n<meta property=\"article:published_time\" content=\"2017-07-27T05:13:49+00:00\" \/>\n<meta property=\"article:modified_time\" content=\"2017-07-27T05:18:10+00:00\" \/>\n<meta property=\"og:image\" content=\"https:\/\/www.naturparkmagazin.de\/nossentiner-schwinzer-heide\/wp-content\/uploads\/sites\/28\/Flaus2.jpg\" \/>\n\t<meta property=\"og:image:width\" content=\"604\" \/>\n\t<meta property=\"og:image:height\" content=\"401\" \/>\n\t<meta property=\"og:image:type\" content=\"image\/jpeg\" \/>\n<meta name=\"twitter:label1\" content=\"Verfasst von\" \/>\n\t<meta name=\"twitter:data1\" content=\"\" \/>\n\t<meta name=\"twitter:label2\" content=\"Gesch\u00e4tzte Lesezeit\" \/>\n\t<meta name=\"twitter:data2\" content=\"1\u00a0Minute\" \/>\n<script type=\"application\/ld+json\" class=\"yoast-schema-graph\">{\"@context\":\"https:\/\/schema.org\",\"@graph\":[{\"@type\":\"WebPage\",\"@id\":\"https:\/\/www.naturparkmagazin.de\/nossentiner-schwinzer-heide\/fledermaus-workcamp-in-der-naturschutzstation\/\",\"url\":\"https:\/\/www.naturparkmagazin.de\/nossentiner-schwinzer-heide\/fledermaus-workcamp-in-der-naturschutzstation\/\",\"name\":\"Fledermaus-Workcamp in der Naturschutzstation - Naturpark Nossentiner\/Schwinzer Heide\",\"isPartOf\":{\"@id\":\"https:\/\/www.naturparkmagazin.de\/nossentiner-schwinzer-heide\/#website\"},\"datePublished\":\"2017-07-27T05:13:49+00:00\",\"dateModified\":\"2017-07-27T05:18:10+00:00\",\"author\":{\"@id\":\"\"},\"breadcrumb\":{\"@id\":\"https:\/\/www.naturparkmagazin.de\/nossentiner-schwinzer-heide\/fledermaus-workcamp-in-der-naturschutzstation\/#breadcrumb\"},\"inLanguage\":\"de\",\"potentialAction\":[{\"@type\":\"ReadAction\",\"target\":[\"https:\/\/www.naturparkmagazin.de\/nossentiner-schwinzer-heide\/fledermaus-workcamp-in-der-naturschutzstation\/\"]}]},{\"@type\":\"BreadcrumbList\",\"@id\":\"https:\/\/www.naturparkmagazin.de\/nossentiner-schwinzer-heide\/fledermaus-workcamp-in-der-naturschutzstation\/#breadcrumb\",\"itemListElement\":[{\"@type\":\"ListItem\",\"position\":1,\"name\":\"Home\",\"item\":\"https:\/\/www.naturparkmagazin.de\/nossentiner-schwinzer-heide\/\"},{\"@type\":\"ListItem\",\"position\":2,\"name\":\"Fledermaus-Workcamp in der Naturschutzstation\"}]},{\"@type\":\"WebSite\",\"@id\":\"https:\/\/www.naturparkmagazin.de\/nossentiner-schwinzer-heide\/#website\",\"url\":\"https:\/\/www.naturparkmagazin.de\/nossentiner-schwinzer-heide\/\",\"name\":\"Naturpark Nossentiner\/Schwinzer Heide\",\"description\":\"\",\"potentialAction\":[{\"@type\":\"SearchAction\",\"target\":{\"@type\":\"EntryPoint\",\"urlTemplate\":\"https:\/\/www.naturparkmagazin.de\/nossentiner-schwinzer-heide\/?s={search_term_string}\"},\"query-input\":\"required name=search_term_string\"}],\"inLanguage\":\"de\"},{\"@type\":\"Person\",\"@id\":\"\",\"url\":\"https:\/\/www.naturparkmagazin.de\/nossentiner-schwinzer-heide\/author\/\"}]}<\/script>\n<!-- \/ Yoast SEO plugin. -->","yoast_head_json":{"title":"Fledermaus-Workcamp in der Naturschutzstation - Naturpark Nossentiner\/Schwinzer Heide","robots":{"index":"index","follow":"follow","max-snippet":"max-snippet:-1","max-image-preview":"max-image-preview:large","max-video-preview":"max-video-preview:-1"},"canonical":"https:\/\/www.naturparkmagazin.de\/nossentiner-schwinzer-heide\/fledermaus-workcamp-in-der-naturschutzstation\/","og_locale":"de_DE","og_type":"article","og_title":"Fledermaus-Workcamp in der Naturschutzstation - Naturpark Nossentiner\/Schwinzer Heide","og_description":"Seit dem 10. Juli 2017 ist wieder Betrieb in der Naturschutzstation \u201eGerhadt-Cornelssen-Haus\u201c in Wooster Teerofen, denn das Fledermaus-Workcamp 2017 l\u00e4uft. Neben den ehrenamtlichen Fledermausforschern aus Th\u00fcringen um die Br\u00fcder Christoph und Hanno Tress waren in diesem Jahr wieder ca. 25 angehende Fledermausforscher aus ganz Deutschland in den kleinen beschaulichen Ort gekommen, um sich mit den","og_url":"https:\/\/www.naturparkmagazin.de\/nossentiner-schwinzer-heide\/fledermaus-workcamp-in-der-naturschutzstation\/","og_site_name":"Naturpark Nossentiner\/Schwinzer Heide","article_published_time":"2017-07-27T05:13:49+00:00","article_modified_time":"2017-07-27T05:18:10+00:00","og_image":[{"width":604,"height":401,"url":"https:\/\/www.naturparkmagazin.de\/nossentiner-schwinzer-heide\/wp-content\/uploads\/sites\/28\/Flaus2.jpg","type":"image\/jpeg"}],"twitter_misc":{"Verfasst von":"","Gesch\u00e4tzte Lesezeit":"1\u00a0Minute"},"schema":{"@context":"https:\/\/schema.org","@graph":[{"@type":"WebPage","@id":"https:\/\/www.naturparkmagazin.de\/nossentiner-schwinzer-heide\/fledermaus-workcamp-in-der-naturschutzstation\/","url":"https:\/\/www.naturparkmagazin.de\/nossentiner-schwinzer-heide\/fledermaus-workcamp-in-der-naturschutzstation\/","name":"Fledermaus-Workcamp in der Naturschutzstation - Naturpark Nossentiner\/Schwinzer Heide","isPartOf":{"@id":"https:\/\/www.naturparkmagazin.de\/nossentiner-schwinzer-heide\/#website"},"datePublished":"2017-07-27T05:13:49+00:00","dateModified":"2017-07-27T05:18:10+00:00","author":{"@id":""},"breadcrumb":{"@id":"https:\/\/www.naturparkmagazin.de\/nossentiner-schwinzer-heide\/fledermaus-workcamp-in-der-naturschutzstation\/#breadcrumb"},"inLanguage":"de","potentialAction":[{"@type":"ReadAction","target":["https:\/\/www.naturparkmagazin.de\/nossentiner-schwinzer-heide\/fledermaus-workcamp-in-der-naturschutzstation\/"]}]},{"@type":"BreadcrumbList","@id":"https:\/\/www.naturparkmagazin.de\/nossentiner-schwinzer-heide\/fledermaus-workcamp-in-der-naturschutzstation\/#breadcrumb","itemListElement":[{"@type":"ListItem","position":1,"name":"Home","item":"https:\/\/www.naturparkmagazin.de\/nossentiner-schwinzer-heide\/"},{"@type":"ListItem","position":2,"name":"Fledermaus-Workcamp in der Naturschutzstation"}]},{"@type":"WebSite","@id":"https:\/\/www.naturparkmagazin.de\/nossentiner-schwinzer-heide\/#website","url":"https:\/\/www.naturparkmagazin.de\/nossentiner-schwinzer-heide\/","name":"Naturpark Nossentiner\/Schwinzer Heide","description":"","potentialAction":[{"@type":"SearchAction","target":{"@type":"EntryPoint","urlTemplate":"https:\/\/www.naturparkmagazin.de\/nossentiner-schwinzer-heide\/?s={search_term_string}"},"query-input":"required name=search_term_string"}],"inLanguage":"de"},{"@type":"Person","@id":"","url":"https:\/\/www.naturparkmagazin.de\/nossentiner-schwinzer-heide\/author\/"}]}},"_links":{"self":[{"href":"https:\/\/www.naturparkmagazin.de\/nossentiner-schwinzer-heide\/wp-json\/wp\/v2\/posts\/1545"}],"collection":[{"href":"https:\/\/www.naturparkmagazin.de\/nossentiner-schwinzer-heide\/wp-json\/wp\/v2\/posts"}],"about":[{"href":"https:\/\/www.naturparkmagazin.de\/nossentiner-schwinzer-heide\/wp-json\/wp\/v2\/types\/post"}],"author":[{"embeddable":true,"href":"https:\/\/www.naturparkmagazin.de\/nossentiner-schwinzer-heide\/wp-json\/wp\/v2\/users\/28"}],"replies":[{"embeddable":true,"href":"https:\/\/www.naturparkmagazin.de\/nossentiner-schwinzer-heide\/wp-json\/wp\/v2\/comments?post=1545"}],"version-history":[{"count":3,"href":"https:\/\/www.naturparkmagazin.de\/nossentiner-schwinzer-heide\/wp-json\/wp\/v2\/posts\/1545\/revisions"}],"predecessor-version":[{"id":1552,"href":"https:\/\/www.naturparkmagazin.de\/nossentiner-schwinzer-heide\/wp-json\/wp\/v2\/posts\/1545\/revisions\/1552"}],"wp:featuredmedia":[{"embeddable":true,"href":"https:\/\/www.naturparkmagazin.de\/nossentiner-schwinzer-heide\/wp-json\/wp\/v2\/media\/1548"}],"wp:attachment":[{"href":"https:\/\/www.naturparkmagazin.de\/nossentiner-schwinzer-heide\/wp-json\/wp\/v2\/media?parent=1545"}],"wp:term":[{"taxonomy":"category","embeddable":true,"href":"https:\/\/www.naturparkmagazin.de\/nossentiner-schwinzer-heide\/wp-json\/wp\/v2\/categories?post=1545"},{"taxonomy":"post_tag","embeddable":true,"href":"https:\/\/www.naturparkmagazin.de\/nossentiner-schwinzer-heide\/wp-json\/wp\/v2\/tags?post=1545"}],"curies":[{"name":"wp","href":"https:\/\/api.w.org\/{rel}","templated":true}]}}