{"id":1553,"date":"2017-08-03T13:55:45","date_gmt":"2017-08-03T11:55:45","guid":{"rendered":"http:\/\/www.naturparkmagazin.de\/nossentiner-schwinzer-heide\/?p=1553"},"modified":"2017-08-03T13:56:06","modified_gmt":"2017-08-03T11:56:06","slug":"internationale-fledermausnacht-im-agroneum-alt-schwerin","status":"publish","type":"post","link":"https:\/\/www.naturparkmagazin.de\/nossentiner-schwinzer-heide\/internationale-fledermausnacht-im-agroneum-alt-schwerin\/","title":{"rendered":"Internationale Fledermausnacht am 25. August im Agroneum Alt Schwerin"},"content":{"rendered":"<p>Zum 21. Mal findet am letzten Augustwochenende die Internationale Nacht der Flederm\u00e4use statt. In diesem Jahr l\u00e4dt der Naturpark Nossentiner Schwinzer Heide dazu am Freitag, 25. August, in das Agroneum in Alt Schwerin ein.<\/p>\n<p><a href=\"https:\/\/www.naturparkmagazin.de\/nossentiner-schwinzer-heide\/wp-content\/uploads\/sites\/28\/fledi2_klein.jpg\"><img decoding=\"async\" loading=\"lazy\" class=\"alignnone size-medium wp-image-1555\" src=\"https:\/\/www.naturparkmagazin.de\/nossentiner-schwinzer-heide\/wp-content\/uploads\/sites\/28\/fledi2_klein-620x352.jpg\" alt=\"fledi2_klein\" width=\"620\" height=\"352\" srcset=\"https:\/\/www.naturparkmagazin.de\/nossentiner-schwinzer-heide\/wp-content\/uploads\/sites\/28\/fledi2_klein-620x352.jpg 620w, https:\/\/www.naturparkmagazin.de\/nossentiner-schwinzer-heide\/wp-content\/uploads\/sites\/28\/fledi2_klein-300x170.jpg 300w, https:\/\/www.naturparkmagazin.de\/nossentiner-schwinzer-heide\/wp-content\/uploads\/sites\/28\/fledi2_klein-940x533.jpg 940w, https:\/\/www.naturparkmagazin.de\/nossentiner-schwinzer-heide\/wp-content\/uploads\/sites\/28\/fledi2_klein-670x380.jpg 670w, https:\/\/www.naturparkmagazin.de\/nossentiner-schwinzer-heide\/wp-content\/uploads\/sites\/28\/fledi2_klein-200x113.jpg 200w, https:\/\/www.naturparkmagazin.de\/nossentiner-schwinzer-heide\/wp-content\/uploads\/sites\/28\/fledi2_klein.jpg 2000w\" sizes=\"(max-width: 620px) 100vw, 620px\" \/><\/a><\/p>\n<p>Ab 18 Uhr k\u00f6nnen Kinder zum Basteln kommen. Auch f\u00fcr das leibliche Wohl wird gesorgt sein.<\/p>\n<p>Um 20 Uhr wird der Fledermaus-Spezialist Ralf Koch einen Vortrag zum Thema &#8222;Flederm\u00e4use &#8211; J\u00e4ger der Nacht&#8220; halten.<\/p>\n<p>Um 21 Uhr k\u00f6nnen Interessierte Ralf Koch auf eine Exkursion in die Jagdgebiete der Flederm\u00e4use nahe Alt Schwerin begleiten. Mithilfe eines Fledermausdetektors werden dabei die Ultraschall-Rufe der Flederm\u00e4use f\u00fcr uns Menschen h\u00f6rbar gemacht.<\/p>\n<p>&nbsp;<\/p>\n<p>&nbsp;<\/p>\n<p>&nbsp;<\/p>\n<p>&nbsp;<\/p>\n","protected":false},"excerpt":{"rendered":"<p>Zum 21. Mal findet am letzten Augustwochenende die Internationale Nacht der Flederm\u00e4use statt. In diesem Jahr l\u00e4dt der Naturpark Nossentiner Schwinzer Heide dazu am Freitag, 25. August, in das Agroneum in Alt Schwerin ein. Ab 18 Uhr k\u00f6nnen Kinder zum Basteln kommen. Auch f\u00fcr das leibliche Wohl wird gesorgt sein. Um 20 Uhr wird der<\/p>\n","protected":false},"author":28,"featured_media":1555,"comment_status":"open","ping_status":"open","sticky":false,"template":"","format":"standard","meta":[],"categories":[11],"tags":[686],"yoast_head":"<!-- This site is optimized with the Yoast SEO plugin v19.10 - https:\/\/yoast.com\/wordpress\/plugins\/seo\/ -->\n<title>Internationale Fledermausnacht am 25. August im Agroneum Alt Schwerin - Naturpark Nossentiner\/Schwinzer Heide<\/title>\n<meta name=\"robots\" content=\"index, follow, max-snippet:-1, max-image-preview:large, max-video-preview:-1\" \/>\n<link rel=\"canonical\" href=\"https:\/\/www.naturparkmagazin.de\/nossentiner-schwinzer-heide\/internationale-fledermausnacht-im-agroneum-alt-schwerin\/\" \/>\n<meta property=\"og:locale\" content=\"de_DE\" \/>\n<meta property=\"og:type\" content=\"article\" \/>\n<meta property=\"og:title\" content=\"Internationale Fledermausnacht am 25. August im Agroneum Alt Schwerin - Naturpark Nossentiner\/Schwinzer Heide\" \/>\n<meta property=\"og:description\" content=\"Zum 21. Mal findet am letzten Augustwochenende die Internationale Nacht der Flederm\u00e4use statt. In diesem Jahr l\u00e4dt der Naturpark Nossentiner Schwinzer Heide dazu am Freitag, 25. August, in das Agroneum in Alt Schwerin ein. Ab 18 Uhr k\u00f6nnen Kinder zum Basteln kommen. Auch f\u00fcr das leibliche Wohl wird gesorgt sein. Um 20 Uhr wird der\" \/>\n<meta property=\"og:url\" content=\"https:\/\/www.naturparkmagazin.de\/nossentiner-schwinzer-heide\/internationale-fledermausnacht-im-agroneum-alt-schwerin\/\" \/>\n<meta property=\"og:site_name\" content=\"Naturpark Nossentiner\/Schwinzer Heide\" \/>\n<meta property=\"article:published_time\" content=\"2017-08-03T11:55:45+00:00\" \/>\n<meta property=\"article:modified_time\" content=\"2017-08-03T11:56:06+00:00\" \/>\n<meta property=\"og:image\" content=\"https:\/\/www.naturparkmagazin.de\/nossentiner-schwinzer-heide\/wp-content\/uploads\/sites\/28\/fledi2_klein.jpg\" \/>\n\t<meta property=\"og:image:width\" content=\"2000\" \/>\n\t<meta property=\"og:image:height\" content=\"1134\" \/>\n\t<meta property=\"og:image:type\" content=\"image\/jpeg\" \/>\n<meta name=\"twitter:label1\" content=\"Verfasst von\" \/>\n\t<meta name=\"twitter:data1\" content=\"\" \/>\n\t<meta name=\"twitter:label2\" content=\"Gesch\u00e4tzte Lesezeit\" \/>\n\t<meta name=\"twitter:data2\" content=\"1\u00a0Minute\" \/>\n<script type=\"application\/ld+json\" class=\"yoast-schema-graph\">{\"@context\":\"https:\/\/schema.org\",\"@graph\":[{\"@type\":\"WebPage\",\"@id\":\"https:\/\/www.naturparkmagazin.de\/nossentiner-schwinzer-heide\/internationale-fledermausnacht-im-agroneum-alt-schwerin\/\",\"url\":\"https:\/\/www.naturparkmagazin.de\/nossentiner-schwinzer-heide\/internationale-fledermausnacht-im-agroneum-alt-schwerin\/\",\"name\":\"Internationale Fledermausnacht am 25. August im Agroneum Alt Schwerin - Naturpark Nossentiner\/Schwinzer Heide\",\"isPartOf\":{\"@id\":\"https:\/\/www.naturparkmagazin.de\/nossentiner-schwinzer-heide\/#website\"},\"datePublished\":\"2017-08-03T11:55:45+00:00\",\"dateModified\":\"2017-08-03T11:56:06+00:00\",\"author\":{\"@id\":\"\"},\"breadcrumb\":{\"@id\":\"https:\/\/www.naturparkmagazin.de\/nossentiner-schwinzer-heide\/internationale-fledermausnacht-im-agroneum-alt-schwerin\/#breadcrumb\"},\"inLanguage\":\"de\",\"potentialAction\":[{\"@type\":\"ReadAction\",\"target\":[\"https:\/\/www.naturparkmagazin.de\/nossentiner-schwinzer-heide\/internationale-fledermausnacht-im-agroneum-alt-schwerin\/\"]}]},{\"@type\":\"BreadcrumbList\",\"@id\":\"https:\/\/www.naturparkmagazin.de\/nossentiner-schwinzer-heide\/internationale-fledermausnacht-im-agroneum-alt-schwerin\/#breadcrumb\",\"itemListElement\":[{\"@type\":\"ListItem\",\"position\":1,\"name\":\"Home\",\"item\":\"https:\/\/www.naturparkmagazin.de\/nossentiner-schwinzer-heide\/\"},{\"@type\":\"ListItem\",\"position\":2,\"name\":\"Internationale Fledermausnacht am 25. August im Agroneum Alt Schwerin\"}]},{\"@type\":\"WebSite\",\"@id\":\"https:\/\/www.naturparkmagazin.de\/nossentiner-schwinzer-heide\/#website\",\"url\":\"https:\/\/www.naturparkmagazin.de\/nossentiner-schwinzer-heide\/\",\"name\":\"Naturpark Nossentiner\/Schwinzer Heide\",\"description\":\"\",\"potentialAction\":[{\"@type\":\"SearchAction\",\"target\":{\"@type\":\"EntryPoint\",\"urlTemplate\":\"https:\/\/www.naturparkmagazin.de\/nossentiner-schwinzer-heide\/?s={search_term_string}\"},\"query-input\":\"required name=search_term_string\"}],\"inLanguage\":\"de\"},{\"@type\":\"Person\",\"@id\":\"\",\"url\":\"https:\/\/www.naturparkmagazin.de\/nossentiner-schwinzer-heide\/author\/\"}]}<\/script>\n<!-- \/ Yoast SEO plugin. -->","yoast_head_json":{"title":"Internationale Fledermausnacht am 25. August im Agroneum Alt Schwerin - Naturpark Nossentiner\/Schwinzer Heide","robots":{"index":"index","follow":"follow","max-snippet":"max-snippet:-1","max-image-preview":"max-image-preview:large","max-video-preview":"max-video-preview:-1"},"canonical":"https:\/\/www.naturparkmagazin.de\/nossentiner-schwinzer-heide\/internationale-fledermausnacht-im-agroneum-alt-schwerin\/","og_locale":"de_DE","og_type":"article","og_title":"Internationale Fledermausnacht am 25. August im Agroneum Alt Schwerin - Naturpark Nossentiner\/Schwinzer Heide","og_description":"Zum 21. Mal findet am letzten Augustwochenende die Internationale Nacht der Flederm\u00e4use statt. In diesem Jahr l\u00e4dt der Naturpark Nossentiner Schwinzer Heide dazu am Freitag, 25. August, in das Agroneum in Alt Schwerin ein. Ab 18 Uhr k\u00f6nnen Kinder zum Basteln kommen. Auch f\u00fcr das leibliche Wohl wird gesorgt sein. Um 20 Uhr wird der","og_url":"https:\/\/www.naturparkmagazin.de\/nossentiner-schwinzer-heide\/internationale-fledermausnacht-im-agroneum-alt-schwerin\/","og_site_name":"Naturpark Nossentiner\/Schwinzer Heide","article_published_time":"2017-08-03T11:55:45+00:00","article_modified_time":"2017-08-03T11:56:06+00:00","og_image":[{"width":2000,"height":1134,"url":"https:\/\/www.naturparkmagazin.de\/nossentiner-schwinzer-heide\/wp-content\/uploads\/sites\/28\/fledi2_klein.jpg","type":"image\/jpeg"}],"twitter_misc":{"Verfasst von":"","Gesch\u00e4tzte Lesezeit":"1\u00a0Minute"},"schema":{"@context":"https:\/\/schema.org","@graph":[{"@type":"WebPage","@id":"https:\/\/www.naturparkmagazin.de\/nossentiner-schwinzer-heide\/internationale-fledermausnacht-im-agroneum-alt-schwerin\/","url":"https:\/\/www.naturparkmagazin.de\/nossentiner-schwinzer-heide\/internationale-fledermausnacht-im-agroneum-alt-schwerin\/","name":"Internationale Fledermausnacht am 25. August im Agroneum Alt Schwerin - Naturpark Nossentiner\/Schwinzer Heide","isPartOf":{"@id":"https:\/\/www.naturparkmagazin.de\/nossentiner-schwinzer-heide\/#website"},"datePublished":"2017-08-03T11:55:45+00:00","dateModified":"2017-08-03T11:56:06+00:00","author":{"@id":""},"breadcrumb":{"@id":"https:\/\/www.naturparkmagazin.de\/nossentiner-schwinzer-heide\/internationale-fledermausnacht-im-agroneum-alt-schwerin\/#breadcrumb"},"inLanguage":"de","potentialAction":[{"@type":"ReadAction","target":["https:\/\/www.naturparkmagazin.de\/nossentiner-schwinzer-heide\/internationale-fledermausnacht-im-agroneum-alt-schwerin\/"]}]},{"@type":"BreadcrumbList","@id":"https:\/\/www.naturparkmagazin.de\/nossentiner-schwinzer-heide\/internationale-fledermausnacht-im-agroneum-alt-schwerin\/#breadcrumb","itemListElement":[{"@type":"ListItem","position":1,"name":"Home","item":"https:\/\/www.naturparkmagazin.de\/nossentiner-schwinzer-heide\/"},{"@type":"ListItem","position":2,"name":"Internationale Fledermausnacht am 25. August im Agroneum Alt Schwerin"}]},{"@type":"WebSite","@id":"https:\/\/www.naturparkmagazin.de\/nossentiner-schwinzer-heide\/#website","url":"https:\/\/www.naturparkmagazin.de\/nossentiner-schwinzer-heide\/","name":"Naturpark Nossentiner\/Schwinzer Heide","description":"","potentialAction":[{"@type":"SearchAction","target":{"@type":"EntryPoint","urlTemplate":"https:\/\/www.naturparkmagazin.de\/nossentiner-schwinzer-heide\/?s={search_term_string}"},"query-input":"required name=search_term_string"}],"inLanguage":"de"},{"@type":"Person","@id":"","url":"https:\/\/www.naturparkmagazin.de\/nossentiner-schwinzer-heide\/author\/"}]}},"_links":{"self":[{"href":"https:\/\/www.naturparkmagazin.de\/nossentiner-schwinzer-heide\/wp-json\/wp\/v2\/posts\/1553"}],"collection":[{"href":"https:\/\/www.naturparkmagazin.de\/nossentiner-schwinzer-heide\/wp-json\/wp\/v2\/posts"}],"about":[{"href":"https:\/\/www.naturparkmagazin.de\/nossentiner-schwinzer-heide\/wp-json\/wp\/v2\/types\/post"}],"author":[{"embeddable":true,"href":"https:\/\/www.naturparkmagazin.de\/nossentiner-schwinzer-heide\/wp-json\/wp\/v2\/users\/28"}],"replies":[{"embeddable":true,"href":"https:\/\/www.naturparkmagazin.de\/nossentiner-schwinzer-heide\/wp-json\/wp\/v2\/comments?post=1553"}],"version-history":[{"count":7,"href":"https:\/\/www.naturparkmagazin.de\/nossentiner-schwinzer-heide\/wp-json\/wp\/v2\/posts\/1553\/revisions"}],"predecessor-version":[{"id":1561,"href":"https:\/\/www.naturparkmagazin.de\/nossentiner-schwinzer-heide\/wp-json\/wp\/v2\/posts\/1553\/revisions\/1561"}],"wp:featuredmedia":[{"embeddable":true,"href":"https:\/\/www.naturparkmagazin.de\/nossentiner-schwinzer-heide\/wp-json\/wp\/v2\/media\/1555"}],"wp:attachment":[{"href":"https:\/\/www.naturparkmagazin.de\/nossentiner-schwinzer-heide\/wp-json\/wp\/v2\/media?parent=1553"}],"wp:term":[{"taxonomy":"category","embeddable":true,"href":"https:\/\/www.naturparkmagazin.de\/nossentiner-schwinzer-heide\/wp-json\/wp\/v2\/categories?post=1553"},{"taxonomy":"post_tag","embeddable":true,"href":"https:\/\/www.naturparkmagazin.de\/nossentiner-schwinzer-heide\/wp-json\/wp\/v2\/tags?post=1553"}],"curies":[{"name":"wp","href":"https:\/\/api.w.org\/{rel}","templated":true}]}}