{"id":1573,"date":"2017-08-21T13:19:55","date_gmt":"2017-08-21T11:19:55","guid":{"rendered":"http:\/\/www.naturparkmagazin.de\/nossentiner-schwinzer-heide\/?p=1573"},"modified":"2017-08-30T15:01:54","modified_gmt":"2017-08-30T13:01:54","slug":"multivisionsshow-auftakt-zur-stille-mit-monika-lawrenz","status":"publish","type":"post","link":"https:\/\/www.naturparkmagazin.de\/nossentiner-schwinzer-heide\/multivisionsshow-auftakt-zur-stille-mit-monika-lawrenz\/","title":{"rendered":"Multivisionsshow AUFTAKT ZUR STILLE mit Monika Lawrenz"},"content":{"rendered":"<p>Am 1. September 2017 pr\u00e4sentiert Monika Lawrenz ihre Multivisionsshow AUFTAKT ZUR STILLE mit Bildern aus der Natur, verbunden mit Filmsequenzen, Musik und Ger\u00e4uschen. Die Show beginnt um 19 Uhr im Naturparkzentrum des Naturparkes Nossentiner\/Schwinzer Heide, dem Kultur- und Informationszentrum Karower Meiler, und dauert ca. 75 Minuten.<\/p>\n<p><a href=\"https:\/\/www.naturparkmagazin.de\/nossentiner-schwinzer-heide\/wp-content\/uploads\/sites\/28\/Im-letzten-Licht-FotoMonikaLawrenz_KLEIN.jpg\"><img decoding=\"async\" loading=\"lazy\" class=\"alignnone size-medium wp-image-1574\" src=\"https:\/\/www.naturparkmagazin.de\/nossentiner-schwinzer-heide\/wp-content\/uploads\/sites\/28\/Im-letzten-Licht-FotoMonikaLawrenz_KLEIN-620x414.jpg\" alt=\"Im letzten Licht-FotoMonikaLawrenz_KLEIN\" width=\"620\" height=\"414\" srcset=\"https:\/\/www.naturparkmagazin.de\/nossentiner-schwinzer-heide\/wp-content\/uploads\/sites\/28\/Im-letzten-Licht-FotoMonikaLawrenz_KLEIN-620x414.jpg 620w, https:\/\/www.naturparkmagazin.de\/nossentiner-schwinzer-heide\/wp-content\/uploads\/sites\/28\/Im-letzten-Licht-FotoMonikaLawrenz_KLEIN-300x200.jpg 300w, https:\/\/www.naturparkmagazin.de\/nossentiner-schwinzer-heide\/wp-content\/uploads\/sites\/28\/Im-letzten-Licht-FotoMonikaLawrenz_KLEIN-940x627.jpg 940w, https:\/\/www.naturparkmagazin.de\/nossentiner-schwinzer-heide\/wp-content\/uploads\/sites\/28\/Im-letzten-Licht-FotoMonikaLawrenz_KLEIN-670x447.jpg 670w, https:\/\/www.naturparkmagazin.de\/nossentiner-schwinzer-heide\/wp-content\/uploads\/sites\/28\/Im-letzten-Licht-FotoMonikaLawrenz_KLEIN-200x133.jpg 200w, https:\/\/www.naturparkmagazin.de\/nossentiner-schwinzer-heide\/wp-content\/uploads\/sites\/28\/Im-letzten-Licht-FotoMonikaLawrenz_KLEIN.jpg 1280w\" sizes=\"(max-width: 620px) 100vw, 620px\" \/><\/a><\/p>\n<p>In ihrer Multivisionsshow AUFTAKT ZUR STILLE pr\u00e4sentiert die Musik- und Naturfotografin Monika Lawrenz Bilder aus Mecklenburg-Vorpommern. Dabei begreift sie Natur als Musik f\u00fcr alle Sinne und Naturfotografie als Musik f\u00fcr die Augen. Wie jede Musik aus Bewegung entsteht, ist auch die Natur in steter Bewegung. Sie ist sowohl in musikalischem als auch in bildnerischem Sinne komponiert. So lassen sich in der Landschaft ebenso architektonische Strukturen finden wie in der Musik Johann Sebastian Bachs. Die Musik zu erf\u00fchlen wie die Natur und die Natur zu erf\u00fchlen wie Musik, in diesem Geflecht lebt und arbeitet Monika Lawrenz.<\/p>\n<p>Ihre Inspiration ist die Unberechenbarkeit der Natur, der sie sich t\u00e4glich neu hingibt. In der Bildgestaltung liegt ihr Augenmerk auf der Verbindung des Assoziativen mit dem Konstruierten.<\/p>\n<p>Auf der Suche nach einem wahrhaft anmutenden Augenblick f\u00e4hrt Monika Lawrenz wiederholt zu denselben Orten, zu denen sie sich hingezogen f\u00fchlt. Es sind pers\u00f6nliche Momente der Feude, die sie in Bildern festzuhalten und mitzuteilen versucht.<\/p>\n<p>Es ist die Stille in der Blauen Stunde, wenn die Kraniche ihre K\u00f6pfe zum Schlafen unter die Federn versteckt halten, wenn der Strandhafer unaufh\u00f6rlich vom Wind angetrieben seine Kreise zieht oder es sind die Schilfhalme am Krakower See, die mit Raureif bedeckt den Winter ank\u00fcndigen. Es ist aber auch das Novemberlicht, wenn es leise an den Buchenst\u00e4mmen wandert und neue Farben und Bilder entstehen l\u00e4sst.<\/p>\n<p><img decoding=\"async\" loading=\"lazy\" class=\"alignnone size-medium wp-image-1575\" src=\"https:\/\/www.naturparkmagazin.de\/nossentiner-schwinzer-heide\/wp-content\/uploads\/sites\/28\/Mohnfeld-bei-Gu\u00a6\u00eastrow-FotoMonikaLawrenz_KLEIN-620x414.jpg\" alt=\"Mohnfeld bei Gu\u00a6\u00eastrow-FotoMonikaLawrenz_KLEIN\" width=\"620\" height=\"414\" srcset=\"https:\/\/www.naturparkmagazin.de\/nossentiner-schwinzer-heide\/wp-content\/uploads\/sites\/28\/Mohnfeld-bei-Gu\u00a6\u00eastrow-FotoMonikaLawrenz_KLEIN-620x414.jpg 620w, https:\/\/www.naturparkmagazin.de\/nossentiner-schwinzer-heide\/wp-content\/uploads\/sites\/28\/Mohnfeld-bei-Gu\u00a6\u00eastrow-FotoMonikaLawrenz_KLEIN-300x200.jpg 300w, https:\/\/www.naturparkmagazin.de\/nossentiner-schwinzer-heide\/wp-content\/uploads\/sites\/28\/Mohnfeld-bei-Gu\u00a6\u00eastrow-FotoMonikaLawrenz_KLEIN-940x627.jpg 940w, https:\/\/www.naturparkmagazin.de\/nossentiner-schwinzer-heide\/wp-content\/uploads\/sites\/28\/Mohnfeld-bei-Gu\u00a6\u00eastrow-FotoMonikaLawrenz_KLEIN-670x447.jpg 670w, https:\/\/www.naturparkmagazin.de\/nossentiner-schwinzer-heide\/wp-content\/uploads\/sites\/28\/Mohnfeld-bei-Gu\u00a6\u00eastrow-FotoMonikaLawrenz_KLEIN-200x133.jpg 200w, https:\/\/www.naturparkmagazin.de\/nossentiner-schwinzer-heide\/wp-content\/uploads\/sites\/28\/Mohnfeld-bei-Gu\u00a6\u00eastrow-FotoMonikaLawrenz_KLEIN.jpg 1280w\" sizes=\"(max-width: 620px) 100vw, 620px\" \/><\/p>\n<p>Monika Lawrenz sp\u00fcrt sowohl Bildern der Einsamkeit und Stille als auch der F\u00fclle der Natur nach. Es ist ihr wichtig, mit der Natur zu atmen. Dieser Einklang spiegelt sich in ihren Fotografien wieder und bietet einen Dialog zwischen Bild und Musik an.<\/p>\n<p>&nbsp;<\/p>\n","protected":false},"excerpt":{"rendered":"<p>Am 1. September 2017 pr\u00e4sentiert Monika Lawrenz ihre Multivisionsshow AUFTAKT ZUR STILLE mit Bildern aus der Natur, verbunden mit Filmsequenzen, Musik und Ger\u00e4uschen. Die Show beginnt um 19 Uhr im Naturparkzentrum des Naturparkes Nossentiner\/Schwinzer Heide, dem Kultur- und Informationszentrum Karower Meiler, und dauert ca. 75 Minuten. In ihrer Multivisionsshow AUFTAKT ZUR STILLE pr\u00e4sentiert die Musik-<\/p>\n","protected":false},"author":28,"featured_media":1575,"comment_status":"open","ping_status":"open","sticky":false,"template":"","format":"standard","meta":[],"categories":[11],"tags":[686],"yoast_head":"<!-- This site is optimized with the Yoast SEO plugin v19.10 - https:\/\/yoast.com\/wordpress\/plugins\/seo\/ -->\n<title>Multivisionsshow AUFTAKT ZUR STILLE mit Monika Lawrenz - Naturpark Nossentiner\/Schwinzer Heide<\/title>\n<meta name=\"robots\" content=\"index, follow, max-snippet:-1, max-image-preview:large, max-video-preview:-1\" \/>\n<link rel=\"canonical\" href=\"https:\/\/www.naturparkmagazin.de\/nossentiner-schwinzer-heide\/multivisionsshow-auftakt-zur-stille-mit-monika-lawrenz\/\" \/>\n<meta property=\"og:locale\" content=\"de_DE\" \/>\n<meta property=\"og:type\" content=\"article\" \/>\n<meta property=\"og:title\" content=\"Multivisionsshow AUFTAKT ZUR STILLE mit Monika Lawrenz - Naturpark Nossentiner\/Schwinzer Heide\" \/>\n<meta property=\"og:description\" content=\"Am 1. September 2017 pr\u00e4sentiert Monika Lawrenz ihre Multivisionsshow AUFTAKT ZUR STILLE mit Bildern aus der Natur, verbunden mit Filmsequenzen, Musik und Ger\u00e4uschen. Die Show beginnt um 19 Uhr im Naturparkzentrum des Naturparkes Nossentiner\/Schwinzer Heide, dem Kultur- und Informationszentrum Karower Meiler, und dauert ca. 75 Minuten. In ihrer Multivisionsshow AUFTAKT ZUR STILLE pr\u00e4sentiert die Musik-\" \/>\n<meta property=\"og:url\" content=\"https:\/\/www.naturparkmagazin.de\/nossentiner-schwinzer-heide\/multivisionsshow-auftakt-zur-stille-mit-monika-lawrenz\/\" \/>\n<meta property=\"og:site_name\" content=\"Naturpark Nossentiner\/Schwinzer Heide\" \/>\n<meta property=\"article:published_time\" content=\"2017-08-21T11:19:55+00:00\" \/>\n<meta property=\"article:modified_time\" content=\"2017-08-30T13:01:54+00:00\" \/>\n<meta property=\"og:image\" content=\"https:\/\/www.naturparkmagazin.de\/nossentiner-schwinzer-heide\/wp-content\/uploads\/sites\/28\/Mohnfeld-bei-Gu\u00a6\u00eastrow-FotoMonikaLawrenz_KLEIN.jpg\" \/>\n\t<meta property=\"og:image:width\" content=\"1280\" \/>\n\t<meta property=\"og:image:height\" content=\"854\" \/>\n\t<meta property=\"og:image:type\" content=\"image\/jpeg\" \/>\n<meta name=\"twitter:label1\" content=\"Verfasst von\" \/>\n\t<meta name=\"twitter:data1\" content=\"\" \/>\n\t<meta name=\"twitter:label2\" content=\"Gesch\u00e4tzte Lesezeit\" \/>\n\t<meta name=\"twitter:data2\" content=\"2\u00a0Minuten\" \/>\n<script type=\"application\/ld+json\" class=\"yoast-schema-graph\">{\"@context\":\"https:\/\/schema.org\",\"@graph\":[{\"@type\":\"WebPage\",\"@id\":\"https:\/\/www.naturparkmagazin.de\/nossentiner-schwinzer-heide\/multivisionsshow-auftakt-zur-stille-mit-monika-lawrenz\/\",\"url\":\"https:\/\/www.naturparkmagazin.de\/nossentiner-schwinzer-heide\/multivisionsshow-auftakt-zur-stille-mit-monika-lawrenz\/\",\"name\":\"Multivisionsshow AUFTAKT ZUR STILLE mit Monika Lawrenz - Naturpark Nossentiner\/Schwinzer Heide\",\"isPartOf\":{\"@id\":\"https:\/\/www.naturparkmagazin.de\/nossentiner-schwinzer-heide\/#website\"},\"datePublished\":\"2017-08-21T11:19:55+00:00\",\"dateModified\":\"2017-08-30T13:01:54+00:00\",\"author\":{\"@id\":\"\"},\"breadcrumb\":{\"@id\":\"https:\/\/www.naturparkmagazin.de\/nossentiner-schwinzer-heide\/multivisionsshow-auftakt-zur-stille-mit-monika-lawrenz\/#breadcrumb\"},\"inLanguage\":\"de\",\"potentialAction\":[{\"@type\":\"ReadAction\",\"target\":[\"https:\/\/www.naturparkmagazin.de\/nossentiner-schwinzer-heide\/multivisionsshow-auftakt-zur-stille-mit-monika-lawrenz\/\"]}]},{\"@type\":\"BreadcrumbList\",\"@id\":\"https:\/\/www.naturparkmagazin.de\/nossentiner-schwinzer-heide\/multivisionsshow-auftakt-zur-stille-mit-monika-lawrenz\/#breadcrumb\",\"itemListElement\":[{\"@type\":\"ListItem\",\"position\":1,\"name\":\"Home\",\"item\":\"https:\/\/www.naturparkmagazin.de\/nossentiner-schwinzer-heide\/\"},{\"@type\":\"ListItem\",\"position\":2,\"name\":\"Multivisionsshow AUFTAKT ZUR STILLE mit Monika Lawrenz\"}]},{\"@type\":\"WebSite\",\"@id\":\"https:\/\/www.naturparkmagazin.de\/nossentiner-schwinzer-heide\/#website\",\"url\":\"https:\/\/www.naturparkmagazin.de\/nossentiner-schwinzer-heide\/\",\"name\":\"Naturpark Nossentiner\/Schwinzer Heide\",\"description\":\"\",\"potentialAction\":[{\"@type\":\"SearchAction\",\"target\":{\"@type\":\"EntryPoint\",\"urlTemplate\":\"https:\/\/www.naturparkmagazin.de\/nossentiner-schwinzer-heide\/?s={search_term_string}\"},\"query-input\":\"required name=search_term_string\"}],\"inLanguage\":\"de\"},{\"@type\":\"Person\",\"@id\":\"\",\"url\":\"https:\/\/www.naturparkmagazin.de\/nossentiner-schwinzer-heide\/author\/\"}]}<\/script>\n<!-- \/ Yoast SEO plugin. -->","yoast_head_json":{"title":"Multivisionsshow AUFTAKT ZUR STILLE mit Monika Lawrenz - Naturpark Nossentiner\/Schwinzer Heide","robots":{"index":"index","follow":"follow","max-snippet":"max-snippet:-1","max-image-preview":"max-image-preview:large","max-video-preview":"max-video-preview:-1"},"canonical":"https:\/\/www.naturparkmagazin.de\/nossentiner-schwinzer-heide\/multivisionsshow-auftakt-zur-stille-mit-monika-lawrenz\/","og_locale":"de_DE","og_type":"article","og_title":"Multivisionsshow AUFTAKT ZUR STILLE mit Monika Lawrenz - Naturpark Nossentiner\/Schwinzer Heide","og_description":"Am 1. September 2017 pr\u00e4sentiert Monika Lawrenz ihre Multivisionsshow AUFTAKT ZUR STILLE mit Bildern aus der Natur, verbunden mit Filmsequenzen, Musik und Ger\u00e4uschen. Die Show beginnt um 19 Uhr im Naturparkzentrum des Naturparkes Nossentiner\/Schwinzer Heide, dem Kultur- und Informationszentrum Karower Meiler, und dauert ca. 75 Minuten. In ihrer Multivisionsshow AUFTAKT ZUR STILLE pr\u00e4sentiert die Musik-","og_url":"https:\/\/www.naturparkmagazin.de\/nossentiner-schwinzer-heide\/multivisionsshow-auftakt-zur-stille-mit-monika-lawrenz\/","og_site_name":"Naturpark Nossentiner\/Schwinzer Heide","article_published_time":"2017-08-21T11:19:55+00:00","article_modified_time":"2017-08-30T13:01:54+00:00","og_image":[{"width":1280,"height":854,"url":"https:\/\/www.naturparkmagazin.de\/nossentiner-schwinzer-heide\/wp-content\/uploads\/sites\/28\/Mohnfeld-bei-Gu\u00a6\u00eastrow-FotoMonikaLawrenz_KLEIN.jpg","type":"image\/jpeg"}],"twitter_misc":{"Verfasst von":"","Gesch\u00e4tzte Lesezeit":"2\u00a0Minuten"},"schema":{"@context":"https:\/\/schema.org","@graph":[{"@type":"WebPage","@id":"https:\/\/www.naturparkmagazin.de\/nossentiner-schwinzer-heide\/multivisionsshow-auftakt-zur-stille-mit-monika-lawrenz\/","url":"https:\/\/www.naturparkmagazin.de\/nossentiner-schwinzer-heide\/multivisionsshow-auftakt-zur-stille-mit-monika-lawrenz\/","name":"Multivisionsshow AUFTAKT ZUR STILLE mit Monika Lawrenz - Naturpark Nossentiner\/Schwinzer Heide","isPartOf":{"@id":"https:\/\/www.naturparkmagazin.de\/nossentiner-schwinzer-heide\/#website"},"datePublished":"2017-08-21T11:19:55+00:00","dateModified":"2017-08-30T13:01:54+00:00","author":{"@id":""},"breadcrumb":{"@id":"https:\/\/www.naturparkmagazin.de\/nossentiner-schwinzer-heide\/multivisionsshow-auftakt-zur-stille-mit-monika-lawrenz\/#breadcrumb"},"inLanguage":"de","potentialAction":[{"@type":"ReadAction","target":["https:\/\/www.naturparkmagazin.de\/nossentiner-schwinzer-heide\/multivisionsshow-auftakt-zur-stille-mit-monika-lawrenz\/"]}]},{"@type":"BreadcrumbList","@id":"https:\/\/www.naturparkmagazin.de\/nossentiner-schwinzer-heide\/multivisionsshow-auftakt-zur-stille-mit-monika-lawrenz\/#breadcrumb","itemListElement":[{"@type":"ListItem","position":1,"name":"Home","item":"https:\/\/www.naturparkmagazin.de\/nossentiner-schwinzer-heide\/"},{"@type":"ListItem","position":2,"name":"Multivisionsshow AUFTAKT ZUR STILLE mit Monika Lawrenz"}]},{"@type":"WebSite","@id":"https:\/\/www.naturparkmagazin.de\/nossentiner-schwinzer-heide\/#website","url":"https:\/\/www.naturparkmagazin.de\/nossentiner-schwinzer-heide\/","name":"Naturpark Nossentiner\/Schwinzer Heide","description":"","potentialAction":[{"@type":"SearchAction","target":{"@type":"EntryPoint","urlTemplate":"https:\/\/www.naturparkmagazin.de\/nossentiner-schwinzer-heide\/?s={search_term_string}"},"query-input":"required name=search_term_string"}],"inLanguage":"de"},{"@type":"Person","@id":"","url":"https:\/\/www.naturparkmagazin.de\/nossentiner-schwinzer-heide\/author\/"}]}},"_links":{"self":[{"href":"https:\/\/www.naturparkmagazin.de\/nossentiner-schwinzer-heide\/wp-json\/wp\/v2\/posts\/1573"}],"collection":[{"href":"https:\/\/www.naturparkmagazin.de\/nossentiner-schwinzer-heide\/wp-json\/wp\/v2\/posts"}],"about":[{"href":"https:\/\/www.naturparkmagazin.de\/nossentiner-schwinzer-heide\/wp-json\/wp\/v2\/types\/post"}],"author":[{"embeddable":true,"href":"https:\/\/www.naturparkmagazin.de\/nossentiner-schwinzer-heide\/wp-json\/wp\/v2\/users\/28"}],"replies":[{"embeddable":true,"href":"https:\/\/www.naturparkmagazin.de\/nossentiner-schwinzer-heide\/wp-json\/wp\/v2\/comments?post=1573"}],"version-history":[{"count":2,"href":"https:\/\/www.naturparkmagazin.de\/nossentiner-schwinzer-heide\/wp-json\/wp\/v2\/posts\/1573\/revisions"}],"predecessor-version":[{"id":1577,"href":"https:\/\/www.naturparkmagazin.de\/nossentiner-schwinzer-heide\/wp-json\/wp\/v2\/posts\/1573\/revisions\/1577"}],"wp:featuredmedia":[{"embeddable":true,"href":"https:\/\/www.naturparkmagazin.de\/nossentiner-schwinzer-heide\/wp-json\/wp\/v2\/media\/1575"}],"wp:attachment":[{"href":"https:\/\/www.naturparkmagazin.de\/nossentiner-schwinzer-heide\/wp-json\/wp\/v2\/media?parent=1573"}],"wp:term":[{"taxonomy":"category","embeddable":true,"href":"https:\/\/www.naturparkmagazin.de\/nossentiner-schwinzer-heide\/wp-json\/wp\/v2\/categories?post=1573"},{"taxonomy":"post_tag","embeddable":true,"href":"https:\/\/www.naturparkmagazin.de\/nossentiner-schwinzer-heide\/wp-json\/wp\/v2\/tags?post=1573"}],"curies":[{"name":"wp","href":"https:\/\/api.w.org\/{rel}","templated":true}]}}