{"id":1581,"date":"2017-09-11T12:19:04","date_gmt":"2017-09-11T10:19:04","guid":{"rendered":"http:\/\/www.naturparkmagazin.de\/nossentiner-schwinzer-heide\/?p=1581"},"modified":"2017-09-11T12:19:04","modified_gmt":"2017-09-11T10:19:04","slug":"foto-ausstellung-mecklenburg-vorpommern-im-licht","status":"publish","type":"post","link":"https:\/\/www.naturparkmagazin.de\/nossentiner-schwinzer-heide\/foto-ausstellung-mecklenburg-vorpommern-im-licht\/","title":{"rendered":"FOTO-AUSSTELLUNG &#8222;Mecklenburg-Vorpommern im Licht&#8220;"},"content":{"rendered":"<p><span style=\"color: #000000;font-family: Calibri\">AUSSTELLUNGSER\u00d6FFNUNG am 18. September 2017 um 17.00 Uhr<\/span><\/p>\n<h2 class=\"wp-caption-dd\"><strong><span style=\"color: #000000;font-family: Consolas\">\u00a0<\/span><\/strong><\/h2>\n<p>Seit \u00fcber zehn Jahren treffen sich die Hobby-Fotografinnen aus Parchim, L\u00fcbz, Plau, G\u00fcstrow und entdecken immer wieder Neues in der Natur von Mecklenburg-Vorpommern. Bei gemeinsamen Fototerminen zu jeder Tages- und Jahreszeit\u00a0und bei Bildbesprechungen entwickelt sich ein besonderer Blick auf die Natur f\u00fcr Landschafts- und Makrofotografie. Dieser neue Blick kann durch das warme Morgenlicht, die Blaue Stunde oder auch durch den ersten Schneefall ausgel\u00f6st werden. Angestrebt wird aber immer wieder, neue Sichtweisen und eigene Handschriften zu entwickeln, um das pers\u00f6nliche Gef\u00fchl des Einzelnen beim Fotografieren im Bild festzuhalten. Aber auch rein dokumentarische Bilder sind gut komponiert und zeigen eine besondere Farbstimmung.<\/p>\n<div id=\"attachment_1587\" style=\"width: 630px\" class=\"wp-caption alignnone\"><a href=\"https:\/\/www.naturparkmagazin.de\/nossentiner-schwinzer-heide\/wp-content\/uploads\/sites\/28\/Ramona-Scha\u0308fer_Goldenes-Licht-auf-dem-See_klein.jpg\"><img aria-describedby=\"caption-attachment-1587\" decoding=\"async\" loading=\"lazy\" class=\"wp-image-1587 size-medium\" src=\"https:\/\/www.naturparkmagazin.de\/nossentiner-schwinzer-heide\/wp-content\/uploads\/sites\/28\/Ramona-Scha\u0308fer_Goldenes-Licht-auf-dem-See_klein-620x413.jpg\" alt=\"\" width=\"620\" height=\"413\" srcset=\"https:\/\/www.naturparkmagazin.de\/nossentiner-schwinzer-heide\/wp-content\/uploads\/sites\/28\/Ramona-Scha\u0308fer_Goldenes-Licht-auf-dem-See_klein-620x413.jpg 620w, https:\/\/www.naturparkmagazin.de\/nossentiner-schwinzer-heide\/wp-content\/uploads\/sites\/28\/Ramona-Scha\u0308fer_Goldenes-Licht-auf-dem-See_klein-300x200.jpg 300w, https:\/\/www.naturparkmagazin.de\/nossentiner-schwinzer-heide\/wp-content\/uploads\/sites\/28\/Ramona-Scha\u0308fer_Goldenes-Licht-auf-dem-See_klein-940x627.jpg 940w, https:\/\/www.naturparkmagazin.de\/nossentiner-schwinzer-heide\/wp-content\/uploads\/sites\/28\/Ramona-Scha\u0308fer_Goldenes-Licht-auf-dem-See_klein-670x447.jpg 670w, https:\/\/www.naturparkmagazin.de\/nossentiner-schwinzer-heide\/wp-content\/uploads\/sites\/28\/Ramona-Scha\u0308fer_Goldenes-Licht-auf-dem-See_klein-200x133.jpg 200w\" sizes=\"(max-width: 620px) 100vw, 620px\" \/><\/a><p id=\"caption-attachment-1587\" class=\"wp-caption-text\">Goldenes Licht auf dem See. Foto: Ramona Sch\u00e4fer<\/p><\/div>\n<p>Ab 18. September ist eine Auswahl der Bilder in einer gemeinsamen Foto-Ausstellung im Kultur- und Informationszentrum&#8220;Karower Meiler&#8220; des Naturparkes Nossentiner\/Schwinzer Heide zu sehen. Ausgestellt\u00a0werden Arbeiten von Ramona Sch\u00e4fer, Kerstin Randt, Astrid Salomon, Annette Baranyai, Renate Camin, Lorita J\u00e4ger, Gabi Laddach, Dr. Christiane Otto, Manuela Wurg, Sylvia Gropp und der Fotografin Monika Lawrenz.<\/p>\n<p>Die Ausstellungser\u00f6ffnung am 18. September beginnt um 17 Uhr.<\/p>\n<p>Die Ausstellung ist zu sehen vom 18. September bis zum 19. November 2017 in den \u00d6ffnungszeiten des Karower Meilers:<\/p>\n<p>im September t\u00e4glich von\u00a010-17 Uhr, im Oktober und November Mo-Fr 10-16 Uhr.<\/p>\n<div id=\"attachment_1585\" style=\"width: 630px\" class=\"wp-caption alignnone\"><a href=\"https:\/\/www.naturparkmagazin.de\/nossentiner-schwinzer-heide\/wp-content\/uploads\/sites\/28\/DrChristianeOtto_Welle_klein.jpg\"><img aria-describedby=\"caption-attachment-1585\" decoding=\"async\" loading=\"lazy\" class=\"wp-image-1585 size-medium\" src=\"https:\/\/www.naturparkmagazin.de\/nossentiner-schwinzer-heide\/wp-content\/uploads\/sites\/28\/DrChristianeOtto_Welle_klein-620x413.jpg\" alt=\"DrChristianeOtto_Welle_klein\" width=\"620\" height=\"413\" srcset=\"https:\/\/www.naturparkmagazin.de\/nossentiner-schwinzer-heide\/wp-content\/uploads\/sites\/28\/DrChristianeOtto_Welle_klein-620x413.jpg 620w, https:\/\/www.naturparkmagazin.de\/nossentiner-schwinzer-heide\/wp-content\/uploads\/sites\/28\/DrChristianeOtto_Welle_klein-300x200.jpg 300w, https:\/\/www.naturparkmagazin.de\/nossentiner-schwinzer-heide\/wp-content\/uploads\/sites\/28\/DrChristianeOtto_Welle_klein-940x627.jpg 940w, https:\/\/www.naturparkmagazin.de\/nossentiner-schwinzer-heide\/wp-content\/uploads\/sites\/28\/DrChristianeOtto_Welle_klein-670x447.jpg 670w, https:\/\/www.naturparkmagazin.de\/nossentiner-schwinzer-heide\/wp-content\/uploads\/sites\/28\/DrChristianeOtto_Welle_klein-200x133.jpg 200w\" sizes=\"(max-width: 620px) 100vw, 620px\" \/><\/a><p id=\"caption-attachment-1585\" class=\"wp-caption-text\">Welle. Foto: Dr. Christiane Otto<\/p><\/div>\n<p>&nbsp;<\/p>\n<p>&nbsp;<\/p>\n<p>&nbsp;<\/p>\n","protected":false},"excerpt":{"rendered":"<p>AUSSTELLUNGSER\u00d6FFNUNG am 18. September 2017 um 17.00 Uhr \u00a0 Seit \u00fcber zehn Jahren treffen sich die Hobby-Fotografinnen aus Parchim, L\u00fcbz, Plau, G\u00fcstrow und entdecken immer wieder Neues in der Natur von Mecklenburg-Vorpommern. Bei gemeinsamen Fototerminen zu jeder Tages- und Jahreszeit\u00a0und bei Bildbesprechungen entwickelt sich ein besonderer Blick auf die Natur f\u00fcr Landschafts- und Makrofotografie. Dieser<\/p>\n","protected":false},"author":28,"featured_media":1586,"comment_status":"open","ping_status":"open","sticky":false,"template":"","format":"standard","meta":[],"categories":[7,11],"tags":[686],"yoast_head":"<!-- This site is optimized with the Yoast SEO plugin v19.10 - https:\/\/yoast.com\/wordpress\/plugins\/seo\/ -->\n<title>FOTO-AUSSTELLUNG &quot;Mecklenburg-Vorpommern im Licht&quot; - Naturpark Nossentiner\/Schwinzer Heide<\/title>\n<meta name=\"robots\" content=\"index, follow, max-snippet:-1, max-image-preview:large, max-video-preview:-1\" \/>\n<link rel=\"canonical\" href=\"https:\/\/www.naturparkmagazin.de\/nossentiner-schwinzer-heide\/foto-ausstellung-mecklenburg-vorpommern-im-licht\/\" \/>\n<meta property=\"og:locale\" content=\"de_DE\" \/>\n<meta property=\"og:type\" content=\"article\" \/>\n<meta property=\"og:title\" content=\"FOTO-AUSSTELLUNG &quot;Mecklenburg-Vorpommern im Licht&quot; - Naturpark Nossentiner\/Schwinzer Heide\" \/>\n<meta property=\"og:description\" content=\"AUSSTELLUNGSER\u00d6FFNUNG am 18. September 2017 um 17.00 Uhr \u00a0 Seit \u00fcber zehn Jahren treffen sich die Hobby-Fotografinnen aus Parchim, L\u00fcbz, Plau, G\u00fcstrow und entdecken immer wieder Neues in der Natur von Mecklenburg-Vorpommern. Bei gemeinsamen Fototerminen zu jeder Tages- und Jahreszeit\u00a0und bei Bildbesprechungen entwickelt sich ein besonderer Blick auf die Natur f\u00fcr Landschafts- und Makrofotografie. Dieser\" \/>\n<meta property=\"og:url\" content=\"https:\/\/www.naturparkmagazin.de\/nossentiner-schwinzer-heide\/foto-ausstellung-mecklenburg-vorpommern-im-licht\/\" \/>\n<meta property=\"og:site_name\" content=\"Naturpark Nossentiner\/Schwinzer Heide\" \/>\n<meta property=\"article:published_time\" content=\"2017-09-11T10:19:04+00:00\" \/>\n<meta property=\"og:image\" content=\"https:\/\/www.naturparkmagazin.de\/nossentiner-schwinzer-heide\/wp-content\/uploads\/sites\/28\/Geba\u0308ndertePrachtlibelle_FotoMonikaLawrenz_klein.jpg\" \/>\n\t<meta property=\"og:image:width\" content=\"2362\" \/>\n\t<meta property=\"og:image:height\" content=\"1576\" \/>\n\t<meta property=\"og:image:type\" content=\"image\/jpeg\" \/>\n<meta name=\"twitter:label1\" content=\"Verfasst von\" \/>\n\t<meta name=\"twitter:data1\" content=\"\" \/>\n\t<meta name=\"twitter:label2\" content=\"Gesch\u00e4tzte Lesezeit\" \/>\n\t<meta name=\"twitter:data2\" content=\"1\u00a0Minute\" \/>\n<script type=\"application\/ld+json\" class=\"yoast-schema-graph\">{\"@context\":\"https:\/\/schema.org\",\"@graph\":[{\"@type\":\"WebPage\",\"@id\":\"https:\/\/www.naturparkmagazin.de\/nossentiner-schwinzer-heide\/foto-ausstellung-mecklenburg-vorpommern-im-licht\/\",\"url\":\"https:\/\/www.naturparkmagazin.de\/nossentiner-schwinzer-heide\/foto-ausstellung-mecklenburg-vorpommern-im-licht\/\",\"name\":\"FOTO-AUSSTELLUNG \\\"Mecklenburg-Vorpommern im Licht\\\" - Naturpark Nossentiner\/Schwinzer Heide\",\"isPartOf\":{\"@id\":\"https:\/\/www.naturparkmagazin.de\/nossentiner-schwinzer-heide\/#website\"},\"datePublished\":\"2017-09-11T10:19:04+00:00\",\"dateModified\":\"2017-09-11T10:19:04+00:00\",\"author\":{\"@id\":\"\"},\"breadcrumb\":{\"@id\":\"https:\/\/www.naturparkmagazin.de\/nossentiner-schwinzer-heide\/foto-ausstellung-mecklenburg-vorpommern-im-licht\/#breadcrumb\"},\"inLanguage\":\"de\",\"potentialAction\":[{\"@type\":\"ReadAction\",\"target\":[\"https:\/\/www.naturparkmagazin.de\/nossentiner-schwinzer-heide\/foto-ausstellung-mecklenburg-vorpommern-im-licht\/\"]}]},{\"@type\":\"BreadcrumbList\",\"@id\":\"https:\/\/www.naturparkmagazin.de\/nossentiner-schwinzer-heide\/foto-ausstellung-mecklenburg-vorpommern-im-licht\/#breadcrumb\",\"itemListElement\":[{\"@type\":\"ListItem\",\"position\":1,\"name\":\"Home\",\"item\":\"https:\/\/www.naturparkmagazin.de\/nossentiner-schwinzer-heide\/\"},{\"@type\":\"ListItem\",\"position\":2,\"name\":\"FOTO-AUSSTELLUNG &#8222;Mecklenburg-Vorpommern im Licht&#8220;\"}]},{\"@type\":\"WebSite\",\"@id\":\"https:\/\/www.naturparkmagazin.de\/nossentiner-schwinzer-heide\/#website\",\"url\":\"https:\/\/www.naturparkmagazin.de\/nossentiner-schwinzer-heide\/\",\"name\":\"Naturpark Nossentiner\/Schwinzer Heide\",\"description\":\"\",\"potentialAction\":[{\"@type\":\"SearchAction\",\"target\":{\"@type\":\"EntryPoint\",\"urlTemplate\":\"https:\/\/www.naturparkmagazin.de\/nossentiner-schwinzer-heide\/?s={search_term_string}\"},\"query-input\":\"required name=search_term_string\"}],\"inLanguage\":\"de\"},{\"@type\":\"Person\",\"@id\":\"\",\"url\":\"https:\/\/www.naturparkmagazin.de\/nossentiner-schwinzer-heide\/author\/\"}]}<\/script>\n<!-- \/ Yoast SEO plugin. -->","yoast_head_json":{"title":"FOTO-AUSSTELLUNG \"Mecklenburg-Vorpommern im Licht\" - Naturpark Nossentiner\/Schwinzer Heide","robots":{"index":"index","follow":"follow","max-snippet":"max-snippet:-1","max-image-preview":"max-image-preview:large","max-video-preview":"max-video-preview:-1"},"canonical":"https:\/\/www.naturparkmagazin.de\/nossentiner-schwinzer-heide\/foto-ausstellung-mecklenburg-vorpommern-im-licht\/","og_locale":"de_DE","og_type":"article","og_title":"FOTO-AUSSTELLUNG \"Mecklenburg-Vorpommern im Licht\" - Naturpark Nossentiner\/Schwinzer Heide","og_description":"AUSSTELLUNGSER\u00d6FFNUNG am 18. September 2017 um 17.00 Uhr \u00a0 Seit \u00fcber zehn Jahren treffen sich die Hobby-Fotografinnen aus Parchim, L\u00fcbz, Plau, G\u00fcstrow und entdecken immer wieder Neues in der Natur von Mecklenburg-Vorpommern. Bei gemeinsamen Fototerminen zu jeder Tages- und Jahreszeit\u00a0und bei Bildbesprechungen entwickelt sich ein besonderer Blick auf die Natur f\u00fcr Landschafts- und Makrofotografie. Dieser","og_url":"https:\/\/www.naturparkmagazin.de\/nossentiner-schwinzer-heide\/foto-ausstellung-mecklenburg-vorpommern-im-licht\/","og_site_name":"Naturpark Nossentiner\/Schwinzer Heide","article_published_time":"2017-09-11T10:19:04+00:00","og_image":[{"width":2362,"height":1576,"url":"https:\/\/www.naturparkmagazin.de\/nossentiner-schwinzer-heide\/wp-content\/uploads\/sites\/28\/Geba\u0308ndertePrachtlibelle_FotoMonikaLawrenz_klein.jpg","type":"image\/jpeg"}],"twitter_misc":{"Verfasst von":"","Gesch\u00e4tzte Lesezeit":"1\u00a0Minute"},"schema":{"@context":"https:\/\/schema.org","@graph":[{"@type":"WebPage","@id":"https:\/\/www.naturparkmagazin.de\/nossentiner-schwinzer-heide\/foto-ausstellung-mecklenburg-vorpommern-im-licht\/","url":"https:\/\/www.naturparkmagazin.de\/nossentiner-schwinzer-heide\/foto-ausstellung-mecklenburg-vorpommern-im-licht\/","name":"FOTO-AUSSTELLUNG \"Mecklenburg-Vorpommern im Licht\" - Naturpark Nossentiner\/Schwinzer Heide","isPartOf":{"@id":"https:\/\/www.naturparkmagazin.de\/nossentiner-schwinzer-heide\/#website"},"datePublished":"2017-09-11T10:19:04+00:00","dateModified":"2017-09-11T10:19:04+00:00","author":{"@id":""},"breadcrumb":{"@id":"https:\/\/www.naturparkmagazin.de\/nossentiner-schwinzer-heide\/foto-ausstellung-mecklenburg-vorpommern-im-licht\/#breadcrumb"},"inLanguage":"de","potentialAction":[{"@type":"ReadAction","target":["https:\/\/www.naturparkmagazin.de\/nossentiner-schwinzer-heide\/foto-ausstellung-mecklenburg-vorpommern-im-licht\/"]}]},{"@type":"BreadcrumbList","@id":"https:\/\/www.naturparkmagazin.de\/nossentiner-schwinzer-heide\/foto-ausstellung-mecklenburg-vorpommern-im-licht\/#breadcrumb","itemListElement":[{"@type":"ListItem","position":1,"name":"Home","item":"https:\/\/www.naturparkmagazin.de\/nossentiner-schwinzer-heide\/"},{"@type":"ListItem","position":2,"name":"FOTO-AUSSTELLUNG &#8222;Mecklenburg-Vorpommern im Licht&#8220;"}]},{"@type":"WebSite","@id":"https:\/\/www.naturparkmagazin.de\/nossentiner-schwinzer-heide\/#website","url":"https:\/\/www.naturparkmagazin.de\/nossentiner-schwinzer-heide\/","name":"Naturpark Nossentiner\/Schwinzer Heide","description":"","potentialAction":[{"@type":"SearchAction","target":{"@type":"EntryPoint","urlTemplate":"https:\/\/www.naturparkmagazin.de\/nossentiner-schwinzer-heide\/?s={search_term_string}"},"query-input":"required name=search_term_string"}],"inLanguage":"de"},{"@type":"Person","@id":"","url":"https:\/\/www.naturparkmagazin.de\/nossentiner-schwinzer-heide\/author\/"}]}},"_links":{"self":[{"href":"https:\/\/www.naturparkmagazin.de\/nossentiner-schwinzer-heide\/wp-json\/wp\/v2\/posts\/1581"}],"collection":[{"href":"https:\/\/www.naturparkmagazin.de\/nossentiner-schwinzer-heide\/wp-json\/wp\/v2\/posts"}],"about":[{"href":"https:\/\/www.naturparkmagazin.de\/nossentiner-schwinzer-heide\/wp-json\/wp\/v2\/types\/post"}],"author":[{"embeddable":true,"href":"https:\/\/www.naturparkmagazin.de\/nossentiner-schwinzer-heide\/wp-json\/wp\/v2\/users\/28"}],"replies":[{"embeddable":true,"href":"https:\/\/www.naturparkmagazin.de\/nossentiner-schwinzer-heide\/wp-json\/wp\/v2\/comments?post=1581"}],"version-history":[{"count":4,"href":"https:\/\/www.naturparkmagazin.de\/nossentiner-schwinzer-heide\/wp-json\/wp\/v2\/posts\/1581\/revisions"}],"predecessor-version":[{"id":1588,"href":"https:\/\/www.naturparkmagazin.de\/nossentiner-schwinzer-heide\/wp-json\/wp\/v2\/posts\/1581\/revisions\/1588"}],"wp:featuredmedia":[{"embeddable":true,"href":"https:\/\/www.naturparkmagazin.de\/nossentiner-schwinzer-heide\/wp-json\/wp\/v2\/media\/1586"}],"wp:attachment":[{"href":"https:\/\/www.naturparkmagazin.de\/nossentiner-schwinzer-heide\/wp-json\/wp\/v2\/media?parent=1581"}],"wp:term":[{"taxonomy":"category","embeddable":true,"href":"https:\/\/www.naturparkmagazin.de\/nossentiner-schwinzer-heide\/wp-json\/wp\/v2\/categories?post=1581"},{"taxonomy":"post_tag","embeddable":true,"href":"https:\/\/www.naturparkmagazin.de\/nossentiner-schwinzer-heide\/wp-json\/wp\/v2\/tags?post=1581"}],"curies":[{"name":"wp","href":"https:\/\/api.w.org\/{rel}","templated":true}]}}