{"id":1608,"date":"2017-09-28T10:11:41","date_gmt":"2017-09-28T08:11:41","guid":{"rendered":"http:\/\/www.naturparkmagazin.de\/nossentiner-schwinzer-heide\/?p=1608"},"modified":"2017-09-28T10:11:41","modified_gmt":"2017-09-28T08:11:41","slug":"vortrag-mit-dem-ranger-auf-pirsch-im-nationalpark-vorpommersche-boddenlandschaft","status":"publish","type":"post","link":"https:\/\/www.naturparkmagazin.de\/nossentiner-schwinzer-heide\/vortrag-mit-dem-ranger-auf-pirsch-im-nationalpark-vorpommersche-boddenlandschaft\/","title":{"rendered":"Vortrag &#8222;Mit dem Ranger auf Pirsch im Nationalpark Vorpommersche Boddenlandschaft&#8220;"},"content":{"rendered":"<p>Der ambitionierte Naturfotograf Klaus-Herbert Schr\u00f6ter, der von 1978 bis 2013 Revierf\u00f6rster auf dem Dar\u00df und Zingst war, zeigt beeindruckende Aufnahmen aus den Kernzonen des Nationalparks. Die Besucher begleiten ihn im Rahmen des Vortrags in eine zum Teil unber\u00fchrte Landschaft und lassen sich vom stimmengewaltigen Kranichzug im Herbst und den r\u00f6hrenden Hirschen im Dar\u00dfer Wald verzaubern.<\/p>\n<p><a href=\"https:\/\/www.naturparkmagazin.de\/nossentiner-schwinzer-heide\/wp-content\/uploads\/sites\/28\/Wildg\u00e4nse-am-Schlafplatz_Foto-Klaus-Herbert-Schr\u00f6ter.jpg\"><img decoding=\"async\" loading=\"lazy\" class=\"alignnone size-medium wp-image-1610\" src=\"https:\/\/www.naturparkmagazin.de\/nossentiner-schwinzer-heide\/wp-content\/uploads\/sites\/28\/Wildg\u00e4nse-am-Schlafplatz_Foto-Klaus-Herbert-Schr\u00f6ter-620x414.jpg\" alt=\"Wildg\u00e4nse am Schlafplatz_Foto Klaus-Herbert Schr\u00f6ter\" width=\"620\" height=\"414\" srcset=\"https:\/\/www.naturparkmagazin.de\/nossentiner-schwinzer-heide\/wp-content\/uploads\/sites\/28\/Wildg\u00e4nse-am-Schlafplatz_Foto-Klaus-Herbert-Schr\u00f6ter-620x414.jpg 620w, https:\/\/www.naturparkmagazin.de\/nossentiner-schwinzer-heide\/wp-content\/uploads\/sites\/28\/Wildg\u00e4nse-am-Schlafplatz_Foto-Klaus-Herbert-Schr\u00f6ter-300x201.jpg 300w, https:\/\/www.naturparkmagazin.de\/nossentiner-schwinzer-heide\/wp-content\/uploads\/sites\/28\/Wildg\u00e4nse-am-Schlafplatz_Foto-Klaus-Herbert-Schr\u00f6ter-670x448.jpg 670w, https:\/\/www.naturparkmagazin.de\/nossentiner-schwinzer-heide\/wp-content\/uploads\/sites\/28\/Wildg\u00e4nse-am-Schlafplatz_Foto-Klaus-Herbert-Schr\u00f6ter-200x134.jpg 200w, https:\/\/www.naturparkmagazin.de\/nossentiner-schwinzer-heide\/wp-content\/uploads\/sites\/28\/Wildg\u00e4nse-am-Schlafplatz_Foto-Klaus-Herbert-Schr\u00f6ter.jpg 790w\" sizes=\"(max-width: 620px) 100vw, 620px\" \/><\/a><\/p>\n<p>Der teilweise vertonte Vortrag zeigt eine einzigartige Landschaft im Rhythmus der Jahreszeiten, den st\u00e4ndigen Kampf der Meeresgewalten gegen Strand und Wald sowie die Entstehung einer neu angeschwemmten K\u00fcstenlandschaft. Der Vortrag findet statt am Mittwoch, 11. Oktober 2017, um 19 Uhr im Naturparkzentrum Karower Meiler des Naturparks Nossentiner\/Schwinzer Heide. Der Eintritt betr\u00e4gt 3 Euro.<a href=\"https:\/\/www.naturparkmagazin.de\/nossentiner-schwinzer-heide\/wp-content\/uploads\/sites\/28\/Wintermorgen_Foto-Klaus-Herbert-Schr\u00f6ter.jpg\"><img decoding=\"async\" loading=\"lazy\" class=\"alignnone size-medium wp-image-1611\" src=\"https:\/\/www.naturparkmagazin.de\/nossentiner-schwinzer-heide\/wp-content\/uploads\/sites\/28\/Wintermorgen_Foto-Klaus-Herbert-Schr\u00f6ter-620x414.jpg\" alt=\"Wintermorgen_Foto Klaus-Herbert Schr\u00f6ter\" width=\"620\" height=\"414\" srcset=\"https:\/\/www.naturparkmagazin.de\/nossentiner-schwinzer-heide\/wp-content\/uploads\/sites\/28\/Wintermorgen_Foto-Klaus-Herbert-Schr\u00f6ter-620x414.jpg 620w, https:\/\/www.naturparkmagazin.de\/nossentiner-schwinzer-heide\/wp-content\/uploads\/sites\/28\/Wintermorgen_Foto-Klaus-Herbert-Schr\u00f6ter-300x200.jpg 300w, https:\/\/www.naturparkmagazin.de\/nossentiner-schwinzer-heide\/wp-content\/uploads\/sites\/28\/Wintermorgen_Foto-Klaus-Herbert-Schr\u00f6ter-670x447.jpg 670w, https:\/\/www.naturparkmagazin.de\/nossentiner-schwinzer-heide\/wp-content\/uploads\/sites\/28\/Wintermorgen_Foto-Klaus-Herbert-Schr\u00f6ter-200x133.jpg 200w, https:\/\/www.naturparkmagazin.de\/nossentiner-schwinzer-heide\/wp-content\/uploads\/sites\/28\/Wintermorgen_Foto-Klaus-Herbert-Schr\u00f6ter.jpg 790w\" sizes=\"(max-width: 620px) 100vw, 620px\" \/><\/a><\/p>\n","protected":false},"excerpt":{"rendered":"<p>Der ambitionierte Naturfotograf Klaus-Herbert Schr\u00f6ter, der von 1978 bis 2013 Revierf\u00f6rster auf dem Dar\u00df und Zingst war, zeigt beeindruckende Aufnahmen aus den Kernzonen des Nationalparks. Die Besucher begleiten ihn im Rahmen des Vortrags in eine zum Teil unber\u00fchrte Landschaft und lassen sich vom stimmengewaltigen Kranichzug im Herbst und den r\u00f6hrenden Hirschen im Dar\u00dfer Wald verzaubern.<\/p>\n","protected":false},"author":28,"featured_media":1609,"comment_status":"open","ping_status":"open","sticky":false,"template":"","format":"standard","meta":[],"categories":[11],"tags":[],"yoast_head":"<!-- This site is optimized with the Yoast SEO plugin v19.10 - https:\/\/yoast.com\/wordpress\/plugins\/seo\/ -->\n<title>Vortrag &quot;Mit dem Ranger auf Pirsch im Nationalpark Vorpommersche Boddenlandschaft&quot; - Naturpark Nossentiner\/Schwinzer Heide<\/title>\n<meta name=\"robots\" content=\"index, follow, max-snippet:-1, max-image-preview:large, max-video-preview:-1\" \/>\n<link rel=\"canonical\" href=\"https:\/\/www.naturparkmagazin.de\/nossentiner-schwinzer-heide\/vortrag-mit-dem-ranger-auf-pirsch-im-nationalpark-vorpommersche-boddenlandschaft\/\" \/>\n<meta property=\"og:locale\" content=\"de_DE\" \/>\n<meta property=\"og:type\" content=\"article\" \/>\n<meta property=\"og:title\" content=\"Vortrag &quot;Mit dem Ranger auf Pirsch im Nationalpark Vorpommersche Boddenlandschaft&quot; - Naturpark Nossentiner\/Schwinzer Heide\" \/>\n<meta property=\"og:description\" content=\"Der ambitionierte Naturfotograf Klaus-Herbert Schr\u00f6ter, der von 1978 bis 2013 Revierf\u00f6rster auf dem Dar\u00df und Zingst war, zeigt beeindruckende Aufnahmen aus den Kernzonen des Nationalparks. Die Besucher begleiten ihn im Rahmen des Vortrags in eine zum Teil unber\u00fchrte Landschaft und lassen sich vom stimmengewaltigen Kranichzug im Herbst und den r\u00f6hrenden Hirschen im Dar\u00dfer Wald verzaubern.\" \/>\n<meta property=\"og:url\" content=\"https:\/\/www.naturparkmagazin.de\/nossentiner-schwinzer-heide\/vortrag-mit-dem-ranger-auf-pirsch-im-nationalpark-vorpommersche-boddenlandschaft\/\" \/>\n<meta property=\"og:site_name\" content=\"Naturpark Nossentiner\/Schwinzer Heide\" \/>\n<meta property=\"article:published_time\" content=\"2017-09-28T08:11:41+00:00\" \/>\n<meta property=\"og:image\" content=\"https:\/\/www.naturparkmagazin.de\/nossentiner-schwinzer-heide\/wp-content\/uploads\/sites\/28\/Naturgewalten_Foto-Klaus-Herbert-Schr\u00f6ter.jpg\" \/>\n\t<meta property=\"og:image:width\" content=\"790\" \/>\n\t<meta property=\"og:image:height\" content=\"528\" \/>\n\t<meta property=\"og:image:type\" content=\"image\/jpeg\" \/>\n<meta name=\"twitter:label1\" content=\"Verfasst von\" \/>\n\t<meta name=\"twitter:data1\" content=\"\" \/>\n\t<meta name=\"twitter:label2\" content=\"Gesch\u00e4tzte Lesezeit\" \/>\n\t<meta name=\"twitter:data2\" content=\"1\u00a0Minute\" \/>\n<script type=\"application\/ld+json\" class=\"yoast-schema-graph\">{\"@context\":\"https:\/\/schema.org\",\"@graph\":[{\"@type\":\"WebPage\",\"@id\":\"https:\/\/www.naturparkmagazin.de\/nossentiner-schwinzer-heide\/vortrag-mit-dem-ranger-auf-pirsch-im-nationalpark-vorpommersche-boddenlandschaft\/\",\"url\":\"https:\/\/www.naturparkmagazin.de\/nossentiner-schwinzer-heide\/vortrag-mit-dem-ranger-auf-pirsch-im-nationalpark-vorpommersche-boddenlandschaft\/\",\"name\":\"Vortrag \\\"Mit dem Ranger auf Pirsch im Nationalpark Vorpommersche Boddenlandschaft\\\" - Naturpark Nossentiner\/Schwinzer Heide\",\"isPartOf\":{\"@id\":\"https:\/\/www.naturparkmagazin.de\/nossentiner-schwinzer-heide\/#website\"},\"datePublished\":\"2017-09-28T08:11:41+00:00\",\"dateModified\":\"2017-09-28T08:11:41+00:00\",\"author\":{\"@id\":\"\"},\"breadcrumb\":{\"@id\":\"https:\/\/www.naturparkmagazin.de\/nossentiner-schwinzer-heide\/vortrag-mit-dem-ranger-auf-pirsch-im-nationalpark-vorpommersche-boddenlandschaft\/#breadcrumb\"},\"inLanguage\":\"de\",\"potentialAction\":[{\"@type\":\"ReadAction\",\"target\":[\"https:\/\/www.naturparkmagazin.de\/nossentiner-schwinzer-heide\/vortrag-mit-dem-ranger-auf-pirsch-im-nationalpark-vorpommersche-boddenlandschaft\/\"]}]},{\"@type\":\"BreadcrumbList\",\"@id\":\"https:\/\/www.naturparkmagazin.de\/nossentiner-schwinzer-heide\/vortrag-mit-dem-ranger-auf-pirsch-im-nationalpark-vorpommersche-boddenlandschaft\/#breadcrumb\",\"itemListElement\":[{\"@type\":\"ListItem\",\"position\":1,\"name\":\"Home\",\"item\":\"https:\/\/www.naturparkmagazin.de\/nossentiner-schwinzer-heide\/\"},{\"@type\":\"ListItem\",\"position\":2,\"name\":\"Vortrag &#8222;Mit dem Ranger auf Pirsch im Nationalpark Vorpommersche Boddenlandschaft&#8220;\"}]},{\"@type\":\"WebSite\",\"@id\":\"https:\/\/www.naturparkmagazin.de\/nossentiner-schwinzer-heide\/#website\",\"url\":\"https:\/\/www.naturparkmagazin.de\/nossentiner-schwinzer-heide\/\",\"name\":\"Naturpark Nossentiner\/Schwinzer Heide\",\"description\":\"\",\"potentialAction\":[{\"@type\":\"SearchAction\",\"target\":{\"@type\":\"EntryPoint\",\"urlTemplate\":\"https:\/\/www.naturparkmagazin.de\/nossentiner-schwinzer-heide\/?s={search_term_string}\"},\"query-input\":\"required name=search_term_string\"}],\"inLanguage\":\"de\"},{\"@type\":\"Person\",\"@id\":\"\",\"url\":\"https:\/\/www.naturparkmagazin.de\/nossentiner-schwinzer-heide\/author\/\"}]}<\/script>\n<!-- \/ Yoast SEO plugin. -->","yoast_head_json":{"title":"Vortrag \"Mit dem Ranger auf Pirsch im Nationalpark Vorpommersche Boddenlandschaft\" - Naturpark Nossentiner\/Schwinzer Heide","robots":{"index":"index","follow":"follow","max-snippet":"max-snippet:-1","max-image-preview":"max-image-preview:large","max-video-preview":"max-video-preview:-1"},"canonical":"https:\/\/www.naturparkmagazin.de\/nossentiner-schwinzer-heide\/vortrag-mit-dem-ranger-auf-pirsch-im-nationalpark-vorpommersche-boddenlandschaft\/","og_locale":"de_DE","og_type":"article","og_title":"Vortrag \"Mit dem Ranger auf Pirsch im Nationalpark Vorpommersche Boddenlandschaft\" - Naturpark Nossentiner\/Schwinzer Heide","og_description":"Der ambitionierte Naturfotograf Klaus-Herbert Schr\u00f6ter, der von 1978 bis 2013 Revierf\u00f6rster auf dem Dar\u00df und Zingst war, zeigt beeindruckende Aufnahmen aus den Kernzonen des Nationalparks. Die Besucher begleiten ihn im Rahmen des Vortrags in eine zum Teil unber\u00fchrte Landschaft und lassen sich vom stimmengewaltigen Kranichzug im Herbst und den r\u00f6hrenden Hirschen im Dar\u00dfer Wald verzaubern.","og_url":"https:\/\/www.naturparkmagazin.de\/nossentiner-schwinzer-heide\/vortrag-mit-dem-ranger-auf-pirsch-im-nationalpark-vorpommersche-boddenlandschaft\/","og_site_name":"Naturpark Nossentiner\/Schwinzer Heide","article_published_time":"2017-09-28T08:11:41+00:00","og_image":[{"width":790,"height":528,"url":"https:\/\/www.naturparkmagazin.de\/nossentiner-schwinzer-heide\/wp-content\/uploads\/sites\/28\/Naturgewalten_Foto-Klaus-Herbert-Schr\u00f6ter.jpg","type":"image\/jpeg"}],"twitter_misc":{"Verfasst von":"","Gesch\u00e4tzte Lesezeit":"1\u00a0Minute"},"schema":{"@context":"https:\/\/schema.org","@graph":[{"@type":"WebPage","@id":"https:\/\/www.naturparkmagazin.de\/nossentiner-schwinzer-heide\/vortrag-mit-dem-ranger-auf-pirsch-im-nationalpark-vorpommersche-boddenlandschaft\/","url":"https:\/\/www.naturparkmagazin.de\/nossentiner-schwinzer-heide\/vortrag-mit-dem-ranger-auf-pirsch-im-nationalpark-vorpommersche-boddenlandschaft\/","name":"Vortrag \"Mit dem Ranger auf Pirsch im Nationalpark Vorpommersche Boddenlandschaft\" - Naturpark Nossentiner\/Schwinzer Heide","isPartOf":{"@id":"https:\/\/www.naturparkmagazin.de\/nossentiner-schwinzer-heide\/#website"},"datePublished":"2017-09-28T08:11:41+00:00","dateModified":"2017-09-28T08:11:41+00:00","author":{"@id":""},"breadcrumb":{"@id":"https:\/\/www.naturparkmagazin.de\/nossentiner-schwinzer-heide\/vortrag-mit-dem-ranger-auf-pirsch-im-nationalpark-vorpommersche-boddenlandschaft\/#breadcrumb"},"inLanguage":"de","potentialAction":[{"@type":"ReadAction","target":["https:\/\/www.naturparkmagazin.de\/nossentiner-schwinzer-heide\/vortrag-mit-dem-ranger-auf-pirsch-im-nationalpark-vorpommersche-boddenlandschaft\/"]}]},{"@type":"BreadcrumbList","@id":"https:\/\/www.naturparkmagazin.de\/nossentiner-schwinzer-heide\/vortrag-mit-dem-ranger-auf-pirsch-im-nationalpark-vorpommersche-boddenlandschaft\/#breadcrumb","itemListElement":[{"@type":"ListItem","position":1,"name":"Home","item":"https:\/\/www.naturparkmagazin.de\/nossentiner-schwinzer-heide\/"},{"@type":"ListItem","position":2,"name":"Vortrag &#8222;Mit dem Ranger auf Pirsch im Nationalpark Vorpommersche Boddenlandschaft&#8220;"}]},{"@type":"WebSite","@id":"https:\/\/www.naturparkmagazin.de\/nossentiner-schwinzer-heide\/#website","url":"https:\/\/www.naturparkmagazin.de\/nossentiner-schwinzer-heide\/","name":"Naturpark Nossentiner\/Schwinzer Heide","description":"","potentialAction":[{"@type":"SearchAction","target":{"@type":"EntryPoint","urlTemplate":"https:\/\/www.naturparkmagazin.de\/nossentiner-schwinzer-heide\/?s={search_term_string}"},"query-input":"required name=search_term_string"}],"inLanguage":"de"},{"@type":"Person","@id":"","url":"https:\/\/www.naturparkmagazin.de\/nossentiner-schwinzer-heide\/author\/"}]}},"_links":{"self":[{"href":"https:\/\/www.naturparkmagazin.de\/nossentiner-schwinzer-heide\/wp-json\/wp\/v2\/posts\/1608"}],"collection":[{"href":"https:\/\/www.naturparkmagazin.de\/nossentiner-schwinzer-heide\/wp-json\/wp\/v2\/posts"}],"about":[{"href":"https:\/\/www.naturparkmagazin.de\/nossentiner-schwinzer-heide\/wp-json\/wp\/v2\/types\/post"}],"author":[{"embeddable":true,"href":"https:\/\/www.naturparkmagazin.de\/nossentiner-schwinzer-heide\/wp-json\/wp\/v2\/users\/28"}],"replies":[{"embeddable":true,"href":"https:\/\/www.naturparkmagazin.de\/nossentiner-schwinzer-heide\/wp-json\/wp\/v2\/comments?post=1608"}],"version-history":[{"count":1,"href":"https:\/\/www.naturparkmagazin.de\/nossentiner-schwinzer-heide\/wp-json\/wp\/v2\/posts\/1608\/revisions"}],"predecessor-version":[{"id":1612,"href":"https:\/\/www.naturparkmagazin.de\/nossentiner-schwinzer-heide\/wp-json\/wp\/v2\/posts\/1608\/revisions\/1612"}],"wp:featuredmedia":[{"embeddable":true,"href":"https:\/\/www.naturparkmagazin.de\/nossentiner-schwinzer-heide\/wp-json\/wp\/v2\/media\/1609"}],"wp:attachment":[{"href":"https:\/\/www.naturparkmagazin.de\/nossentiner-schwinzer-heide\/wp-json\/wp\/v2\/media?parent=1608"}],"wp:term":[{"taxonomy":"category","embeddable":true,"href":"https:\/\/www.naturparkmagazin.de\/nossentiner-schwinzer-heide\/wp-json\/wp\/v2\/categories?post=1608"},{"taxonomy":"post_tag","embeddable":true,"href":"https:\/\/www.naturparkmagazin.de\/nossentiner-schwinzer-heide\/wp-json\/wp\/v2\/tags?post=1608"}],"curies":[{"name":"wp","href":"https:\/\/api.w.org\/{rel}","templated":true}]}}