{"id":1613,"date":"2017-09-28T11:13:03","date_gmt":"2017-09-28T09:13:03","guid":{"rendered":"http:\/\/www.naturparkmagazin.de\/nossentiner-schwinzer-heide\/?p=1613"},"modified":"2017-09-28T11:31:54","modified_gmt":"2017-09-28T09:31:54","slug":"herbstfest-im-naturpark-am-7-10-2017","status":"publish","type":"post","link":"https:\/\/www.naturparkmagazin.de\/nossentiner-schwinzer-heide\/herbstfest-im-naturpark-am-7-10-2017\/","title":{"rendered":"Herbstfest im Naturpark am 7.10.2017"},"content":{"rendered":"<p>Am Samstag, 7. Oktober von 10 bis 16 Uhr, laden der Naturpark und sein F\u00f6rderverein herzlich zum traditionellen Herbstfest rund um den Karower Meiler ein. Die Besucher erwartet ein buntes und vielf\u00e4ltiges Programm.<\/p>\n<p>So kann im Naturpark hergestellter Apfelwein verkostet werden. Der Pomologenverein M-V veranstaltet eine Apfelausstellung und Sortenbestimmung. F\u00fcr die Sortenbestimmung k\u00f6nnen Interessierte 4-5 einwandfreie \u00c4pfel bzw. Birnen pro Sorte in K\u00f6rbchen, Kartons oder Papiert\u00fcten mitbringen (keine Plastikt\u00fcten, da die Fr\u00fcchte schmierig werden).<a href=\"https:\/\/www.naturparkmagazin.de\/nossentiner-schwinzer-heide\/wp-content\/uploads\/sites\/28\/2012_regionaleProdukte.jpg\"><img decoding=\"async\" loading=\"lazy\" class=\"alignnone size-medium wp-image-1614\" src=\"https:\/\/www.naturparkmagazin.de\/nossentiner-schwinzer-heide\/wp-content\/uploads\/sites\/28\/2012_regionaleProdukte-620x465.jpg\" alt=\"2012_regionaleProdukte\" width=\"620\" height=\"465\" srcset=\"https:\/\/www.naturparkmagazin.de\/nossentiner-schwinzer-heide\/wp-content\/uploads\/sites\/28\/2012_regionaleProdukte-620x465.jpg 620w, https:\/\/www.naturparkmagazin.de\/nossentiner-schwinzer-heide\/wp-content\/uploads\/sites\/28\/2012_regionaleProdukte-300x225.jpg 300w, https:\/\/www.naturparkmagazin.de\/nossentiner-schwinzer-heide\/wp-content\/uploads\/sites\/28\/2012_regionaleProdukte-940x705.jpg 940w, https:\/\/www.naturparkmagazin.de\/nossentiner-schwinzer-heide\/wp-content\/uploads\/sites\/28\/2012_regionaleProdukte-580x435.jpg 580w, https:\/\/www.naturparkmagazin.de\/nossentiner-schwinzer-heide\/wp-content\/uploads\/sites\/28\/2012_regionaleProdukte-420x315.jpg 420w, https:\/\/www.naturparkmagazin.de\/nossentiner-schwinzer-heide\/wp-content\/uploads\/sites\/28\/2012_regionaleProdukte-180x135.jpg 180w, https:\/\/www.naturparkmagazin.de\/nossentiner-schwinzer-heide\/wp-content\/uploads\/sites\/28\/2012_regionaleProdukte-95x71.jpg 95w, https:\/\/www.naturparkmagazin.de\/nossentiner-schwinzer-heide\/wp-content\/uploads\/sites\/28\/2012_regionaleProdukte-670x503.jpg 670w, https:\/\/www.naturparkmagazin.de\/nossentiner-schwinzer-heide\/wp-content\/uploads\/sites\/28\/2012_regionaleProdukte-200x150.jpg 200w, https:\/\/www.naturparkmagazin.de\/nossentiner-schwinzer-heide\/wp-content\/uploads\/sites\/28\/2012_regionaleProdukte.jpg 1280w\" sizes=\"(max-width: 620px) 100vw, 620px\" \/><\/a><\/p>\n<p>Wer schon immer einmal mit einem Elektro-Auto oder einem Pedelec fahren wollte, kann diese hier selbst einmal testen. Dazu gibt es jede Menge Informationen rund um das Thema E-Mobilit\u00e4t. An einem Stand des Landschaftspflegeverbandes dreht sich alles um die N\u00fctzlinge des Gartens. Hier k\u00f6nnen kleine Insektenhotels gebaut werden. Der Pr\u00e4parator Ronald Hammes wird zu Gast sein, sein Handwerk zeigen und einige Tierpr\u00e4parate mitbringen. Au\u00dferdem k\u00f6nnen Nistk\u00e4sten gebaut oder mit Naturmaterialien gebastelt werden. Der Bau von einfachen Drachen ist auf den Herbstfesten des Naturparkes schon fast Tradition. Diese k\u00f6nnen bei g\u00fcnstigen Winden dann auch gleich gestartet werden.<\/p>\n<p>Die \u201eKr\u00e4uterhexe\u201c Edelgard Gruhne wird die verschiedenen Wirkungen der Kr\u00e4uter und die passenden Zubereitungen erkl\u00e4ren. Honig und Honigprodukte bietet Frau Hahn aus Karow an. Der Biohof Trampota aus Wendisch-Waren wird mit einem Obst- und Gem\u00fcsestand dabei sein. Die Wildmanufaktur aus Dobbertin bietet luftgetrocknete Schinken und andere K\u00f6stlichkeiten aus dem Naturpark feil. Au\u00dferdem gibt es einen Informationsstand f\u00fcr \u00f6kologische Baustoffe. Andreas Breuer wird hier alles rund um \u00f6kologisches Bauen erl\u00e4utern. Au\u00dferdem gibt es ausf\u00fchrliche Informationen zum Thema \u201eGrund\u00f6fen\u201c.<\/p>\n<p><a href=\"https:\/\/www.naturparkmagazin.de\/nossentiner-schwinzer-heide\/wp-content\/uploads\/sites\/28\/Salami.jpg\"><img decoding=\"async\" loading=\"lazy\" class=\"alignnone size-medium wp-image-1570\" src=\"https:\/\/www.naturparkmagazin.de\/nossentiner-schwinzer-heide\/wp-content\/uploads\/sites\/28\/Salami-620x414.jpg\" alt=\"Salami\" width=\"620\" height=\"414\" srcset=\"https:\/\/www.naturparkmagazin.de\/nossentiner-schwinzer-heide\/wp-content\/uploads\/sites\/28\/Salami-620x414.jpg 620w, https:\/\/www.naturparkmagazin.de\/nossentiner-schwinzer-heide\/wp-content\/uploads\/sites\/28\/Salami-300x200.jpg 300w, https:\/\/www.naturparkmagazin.de\/nossentiner-schwinzer-heide\/wp-content\/uploads\/sites\/28\/Salami-670x448.jpg 670w, https:\/\/www.naturparkmagazin.de\/nossentiner-schwinzer-heide\/wp-content\/uploads\/sites\/28\/Salami-200x134.jpg 200w, https:\/\/www.naturparkmagazin.de\/nossentiner-schwinzer-heide\/wp-content\/uploads\/sites\/28\/Salami.jpg 738w\" sizes=\"(max-width: 620px) 100vw, 620px\" \/><\/a><\/p>\n<p>In diesem Jahr gibt es wieder eine Pilzwanderung, diesmal mit Naturparkleiter Ralf Koch. Sie beginnt um 9 Uhr am Karower Meiler. Die gefundenen Pilze werden anschlie\u00dfend ausgestellt, aus den essbaren Exemplaren wird eine leckere Suppe gekocht. Au\u00dferdem gibt es K\u00fcrbissuppe und gegrillte W\u00fcrstchen.<\/p>\n<p><a href=\"https:\/\/www.naturparkmagazin.de\/nossentiner-schwinzer-heide\/wp-content\/uploads\/sites\/28\/Steinpilz_Foto-J\u00f6rg-Gast.jpg\"><img decoding=\"async\" loading=\"lazy\" class=\"alignnone size-medium wp-image-1616\" src=\"https:\/\/www.naturparkmagazin.de\/nossentiner-schwinzer-heide\/wp-content\/uploads\/sites\/28\/Steinpilz_Foto-J\u00f6rg-Gast-620x465.jpg\" alt=\"Steinpilz_Foto J\u00f6rg Gast\" width=\"620\" height=\"465\" srcset=\"https:\/\/www.naturparkmagazin.de\/nossentiner-schwinzer-heide\/wp-content\/uploads\/sites\/28\/Steinpilz_Foto-J\u00f6rg-Gast-620x465.jpg 620w, https:\/\/www.naturparkmagazin.de\/nossentiner-schwinzer-heide\/wp-content\/uploads\/sites\/28\/Steinpilz_Foto-J\u00f6rg-Gast-300x225.jpg 300w, https:\/\/www.naturparkmagazin.de\/nossentiner-schwinzer-heide\/wp-content\/uploads\/sites\/28\/Steinpilz_Foto-J\u00f6rg-Gast-940x705.jpg 940w, https:\/\/www.naturparkmagazin.de\/nossentiner-schwinzer-heide\/wp-content\/uploads\/sites\/28\/Steinpilz_Foto-J\u00f6rg-Gast-580x435.jpg 580w, https:\/\/www.naturparkmagazin.de\/nossentiner-schwinzer-heide\/wp-content\/uploads\/sites\/28\/Steinpilz_Foto-J\u00f6rg-Gast-420x315.jpg 420w, https:\/\/www.naturparkmagazin.de\/nossentiner-schwinzer-heide\/wp-content\/uploads\/sites\/28\/Steinpilz_Foto-J\u00f6rg-Gast-180x135.jpg 180w, https:\/\/www.naturparkmagazin.de\/nossentiner-schwinzer-heide\/wp-content\/uploads\/sites\/28\/Steinpilz_Foto-J\u00f6rg-Gast-95x71.jpg 95w, https:\/\/www.naturparkmagazin.de\/nossentiner-schwinzer-heide\/wp-content\/uploads\/sites\/28\/Steinpilz_Foto-J\u00f6rg-Gast-670x503.jpg 670w, https:\/\/www.naturparkmagazin.de\/nossentiner-schwinzer-heide\/wp-content\/uploads\/sites\/28\/Steinpilz_Foto-J\u00f6rg-Gast-200x150.jpg 200w, https:\/\/www.naturparkmagazin.de\/nossentiner-schwinzer-heide\/wp-content\/uploads\/sites\/28\/Steinpilz_Foto-J\u00f6rg-Gast.jpg 1280w\" sizes=\"(max-width: 620px) 100vw, 620px\" \/><\/a><\/p>\n<p>&nbsp;<\/p>\n","protected":false},"excerpt":{"rendered":"<p>Am Samstag, 7. Oktober von 10 bis 16 Uhr, laden der Naturpark und sein F\u00f6rderverein herzlich zum traditionellen Herbstfest rund um den Karower Meiler ein. Die Besucher erwartet ein buntes und vielf\u00e4ltiges Programm. So kann im Naturpark hergestellter Apfelwein verkostet werden. Der Pomologenverein M-V veranstaltet eine Apfelausstellung und Sortenbestimmung. F\u00fcr die Sortenbestimmung k\u00f6nnen Interessierte 4-5<\/p>\n","protected":false},"author":28,"featured_media":1615,"comment_status":"open","ping_status":"open","sticky":false,"template":"","format":"standard","meta":[],"categories":[7,11],"tags":[],"yoast_head":"<!-- This site is optimized with the Yoast SEO plugin v19.10 - https:\/\/yoast.com\/wordpress\/plugins\/seo\/ -->\n<title>Herbstfest im Naturpark am 7.10.2017 - Naturpark Nossentiner\/Schwinzer Heide<\/title>\n<meta name=\"robots\" content=\"index, follow, max-snippet:-1, max-image-preview:large, max-video-preview:-1\" \/>\n<link rel=\"canonical\" href=\"https:\/\/www.naturparkmagazin.de\/nossentiner-schwinzer-heide\/herbstfest-im-naturpark-am-7-10-2017\/\" \/>\n<meta property=\"og:locale\" content=\"de_DE\" \/>\n<meta property=\"og:type\" content=\"article\" \/>\n<meta property=\"og:title\" content=\"Herbstfest im Naturpark am 7.10.2017 - Naturpark Nossentiner\/Schwinzer Heide\" \/>\n<meta property=\"og:description\" content=\"Am Samstag, 7. Oktober von 10 bis 16 Uhr, laden der Naturpark und sein F\u00f6rderverein herzlich zum traditionellen Herbstfest rund um den Karower Meiler ein. Die Besucher erwartet ein buntes und vielf\u00e4ltiges Programm. So kann im Naturpark hergestellter Apfelwein verkostet werden. Der Pomologenverein M-V veranstaltet eine Apfelausstellung und Sortenbestimmung. F\u00fcr die Sortenbestimmung k\u00f6nnen Interessierte 4-5\" \/>\n<meta property=\"og:url\" content=\"https:\/\/www.naturparkmagazin.de\/nossentiner-schwinzer-heide\/herbstfest-im-naturpark-am-7-10-2017\/\" \/>\n<meta property=\"og:site_name\" content=\"Naturpark Nossentiner\/Schwinzer Heide\" \/>\n<meta property=\"article:published_time\" content=\"2017-09-28T09:13:03+00:00\" \/>\n<meta property=\"article:modified_time\" content=\"2017-09-28T09:31:54+00:00\" \/>\n<meta property=\"og:image\" content=\"https:\/\/www.naturparkmagazin.de\/nossentiner-schwinzer-heide\/wp-content\/uploads\/sites\/28\/DSC04410.jpg\" \/>\n\t<meta property=\"og:image:width\" content=\"1280\" \/>\n\t<meta property=\"og:image:height\" content=\"960\" \/>\n\t<meta property=\"og:image:type\" content=\"image\/jpeg\" \/>\n<meta name=\"twitter:label1\" content=\"Verfasst von\" \/>\n\t<meta name=\"twitter:data1\" content=\"\" \/>\n\t<meta name=\"twitter:label2\" content=\"Gesch\u00e4tzte Lesezeit\" \/>\n\t<meta name=\"twitter:data2\" content=\"2\u00a0Minuten\" \/>\n<script type=\"application\/ld+json\" class=\"yoast-schema-graph\">{\"@context\":\"https:\/\/schema.org\",\"@graph\":[{\"@type\":\"WebPage\",\"@id\":\"https:\/\/www.naturparkmagazin.de\/nossentiner-schwinzer-heide\/herbstfest-im-naturpark-am-7-10-2017\/\",\"url\":\"https:\/\/www.naturparkmagazin.de\/nossentiner-schwinzer-heide\/herbstfest-im-naturpark-am-7-10-2017\/\",\"name\":\"Herbstfest im Naturpark am 7.10.2017 - Naturpark Nossentiner\/Schwinzer Heide\",\"isPartOf\":{\"@id\":\"https:\/\/www.naturparkmagazin.de\/nossentiner-schwinzer-heide\/#website\"},\"datePublished\":\"2017-09-28T09:13:03+00:00\",\"dateModified\":\"2017-09-28T09:31:54+00:00\",\"author\":{\"@id\":\"\"},\"breadcrumb\":{\"@id\":\"https:\/\/www.naturparkmagazin.de\/nossentiner-schwinzer-heide\/herbstfest-im-naturpark-am-7-10-2017\/#breadcrumb\"},\"inLanguage\":\"de\",\"potentialAction\":[{\"@type\":\"ReadAction\",\"target\":[\"https:\/\/www.naturparkmagazin.de\/nossentiner-schwinzer-heide\/herbstfest-im-naturpark-am-7-10-2017\/\"]}]},{\"@type\":\"BreadcrumbList\",\"@id\":\"https:\/\/www.naturparkmagazin.de\/nossentiner-schwinzer-heide\/herbstfest-im-naturpark-am-7-10-2017\/#breadcrumb\",\"itemListElement\":[{\"@type\":\"ListItem\",\"position\":1,\"name\":\"Home\",\"item\":\"https:\/\/www.naturparkmagazin.de\/nossentiner-schwinzer-heide\/\"},{\"@type\":\"ListItem\",\"position\":2,\"name\":\"Herbstfest im Naturpark am 7.10.2017\"}]},{\"@type\":\"WebSite\",\"@id\":\"https:\/\/www.naturparkmagazin.de\/nossentiner-schwinzer-heide\/#website\",\"url\":\"https:\/\/www.naturparkmagazin.de\/nossentiner-schwinzer-heide\/\",\"name\":\"Naturpark Nossentiner\/Schwinzer Heide\",\"description\":\"\",\"potentialAction\":[{\"@type\":\"SearchAction\",\"target\":{\"@type\":\"EntryPoint\",\"urlTemplate\":\"https:\/\/www.naturparkmagazin.de\/nossentiner-schwinzer-heide\/?s={search_term_string}\"},\"query-input\":\"required name=search_term_string\"}],\"inLanguage\":\"de\"},{\"@type\":\"Person\",\"@id\":\"\",\"url\":\"https:\/\/www.naturparkmagazin.de\/nossentiner-schwinzer-heide\/author\/\"}]}<\/script>\n<!-- \/ Yoast SEO plugin. -->","yoast_head_json":{"title":"Herbstfest im Naturpark am 7.10.2017 - Naturpark Nossentiner\/Schwinzer Heide","robots":{"index":"index","follow":"follow","max-snippet":"max-snippet:-1","max-image-preview":"max-image-preview:large","max-video-preview":"max-video-preview:-1"},"canonical":"https:\/\/www.naturparkmagazin.de\/nossentiner-schwinzer-heide\/herbstfest-im-naturpark-am-7-10-2017\/","og_locale":"de_DE","og_type":"article","og_title":"Herbstfest im Naturpark am 7.10.2017 - Naturpark Nossentiner\/Schwinzer Heide","og_description":"Am Samstag, 7. Oktober von 10 bis 16 Uhr, laden der Naturpark und sein F\u00f6rderverein herzlich zum traditionellen Herbstfest rund um den Karower Meiler ein. Die Besucher erwartet ein buntes und vielf\u00e4ltiges Programm. So kann im Naturpark hergestellter Apfelwein verkostet werden. Der Pomologenverein M-V veranstaltet eine Apfelausstellung und Sortenbestimmung. F\u00fcr die Sortenbestimmung k\u00f6nnen Interessierte 4-5","og_url":"https:\/\/www.naturparkmagazin.de\/nossentiner-schwinzer-heide\/herbstfest-im-naturpark-am-7-10-2017\/","og_site_name":"Naturpark Nossentiner\/Schwinzer Heide","article_published_time":"2017-09-28T09:13:03+00:00","article_modified_time":"2017-09-28T09:31:54+00:00","og_image":[{"width":1280,"height":960,"url":"https:\/\/www.naturparkmagazin.de\/nossentiner-schwinzer-heide\/wp-content\/uploads\/sites\/28\/DSC04410.jpg","type":"image\/jpeg"}],"twitter_misc":{"Verfasst von":"","Gesch\u00e4tzte Lesezeit":"2\u00a0Minuten"},"schema":{"@context":"https:\/\/schema.org","@graph":[{"@type":"WebPage","@id":"https:\/\/www.naturparkmagazin.de\/nossentiner-schwinzer-heide\/herbstfest-im-naturpark-am-7-10-2017\/","url":"https:\/\/www.naturparkmagazin.de\/nossentiner-schwinzer-heide\/herbstfest-im-naturpark-am-7-10-2017\/","name":"Herbstfest im Naturpark am 7.10.2017 - Naturpark Nossentiner\/Schwinzer Heide","isPartOf":{"@id":"https:\/\/www.naturparkmagazin.de\/nossentiner-schwinzer-heide\/#website"},"datePublished":"2017-09-28T09:13:03+00:00","dateModified":"2017-09-28T09:31:54+00:00","author":{"@id":""},"breadcrumb":{"@id":"https:\/\/www.naturparkmagazin.de\/nossentiner-schwinzer-heide\/herbstfest-im-naturpark-am-7-10-2017\/#breadcrumb"},"inLanguage":"de","potentialAction":[{"@type":"ReadAction","target":["https:\/\/www.naturparkmagazin.de\/nossentiner-schwinzer-heide\/herbstfest-im-naturpark-am-7-10-2017\/"]}]},{"@type":"BreadcrumbList","@id":"https:\/\/www.naturparkmagazin.de\/nossentiner-schwinzer-heide\/herbstfest-im-naturpark-am-7-10-2017\/#breadcrumb","itemListElement":[{"@type":"ListItem","position":1,"name":"Home","item":"https:\/\/www.naturparkmagazin.de\/nossentiner-schwinzer-heide\/"},{"@type":"ListItem","position":2,"name":"Herbstfest im Naturpark am 7.10.2017"}]},{"@type":"WebSite","@id":"https:\/\/www.naturparkmagazin.de\/nossentiner-schwinzer-heide\/#website","url":"https:\/\/www.naturparkmagazin.de\/nossentiner-schwinzer-heide\/","name":"Naturpark Nossentiner\/Schwinzer Heide","description":"","potentialAction":[{"@type":"SearchAction","target":{"@type":"EntryPoint","urlTemplate":"https:\/\/www.naturparkmagazin.de\/nossentiner-schwinzer-heide\/?s={search_term_string}"},"query-input":"required name=search_term_string"}],"inLanguage":"de"},{"@type":"Person","@id":"","url":"https:\/\/www.naturparkmagazin.de\/nossentiner-schwinzer-heide\/author\/"}]}},"_links":{"self":[{"href":"https:\/\/www.naturparkmagazin.de\/nossentiner-schwinzer-heide\/wp-json\/wp\/v2\/posts\/1613"}],"collection":[{"href":"https:\/\/www.naturparkmagazin.de\/nossentiner-schwinzer-heide\/wp-json\/wp\/v2\/posts"}],"about":[{"href":"https:\/\/www.naturparkmagazin.de\/nossentiner-schwinzer-heide\/wp-json\/wp\/v2\/types\/post"}],"author":[{"embeddable":true,"href":"https:\/\/www.naturparkmagazin.de\/nossentiner-schwinzer-heide\/wp-json\/wp\/v2\/users\/28"}],"replies":[{"embeddable":true,"href":"https:\/\/www.naturparkmagazin.de\/nossentiner-schwinzer-heide\/wp-json\/wp\/v2\/comments?post=1613"}],"version-history":[{"count":3,"href":"https:\/\/www.naturparkmagazin.de\/nossentiner-schwinzer-heide\/wp-json\/wp\/v2\/posts\/1613\/revisions"}],"predecessor-version":[{"id":1621,"href":"https:\/\/www.naturparkmagazin.de\/nossentiner-schwinzer-heide\/wp-json\/wp\/v2\/posts\/1613\/revisions\/1621"}],"wp:featuredmedia":[{"embeddable":true,"href":"https:\/\/www.naturparkmagazin.de\/nossentiner-schwinzer-heide\/wp-json\/wp\/v2\/media\/1615"}],"wp:attachment":[{"href":"https:\/\/www.naturparkmagazin.de\/nossentiner-schwinzer-heide\/wp-json\/wp\/v2\/media?parent=1613"}],"wp:term":[{"taxonomy":"category","embeddable":true,"href":"https:\/\/www.naturparkmagazin.de\/nossentiner-schwinzer-heide\/wp-json\/wp\/v2\/categories?post=1613"},{"taxonomy":"post_tag","embeddable":true,"href":"https:\/\/www.naturparkmagazin.de\/nossentiner-schwinzer-heide\/wp-json\/wp\/v2\/tags?post=1613"}],"curies":[{"name":"wp","href":"https:\/\/api.w.org\/{rel}","templated":true}]}}