{"id":1623,"date":"2017-10-18T15:07:51","date_gmt":"2017-10-18T13:07:51","guid":{"rendered":"http:\/\/www.naturparkmagazin.de\/nossentiner-schwinzer-heide\/?p=1623"},"modified":"2017-10-24T12:26:14","modified_gmt":"2017-10-24T10:26:14","slug":"regionale-schule-krakow-am-see-ist-jetzt-naturpark-schule","status":"publish","type":"post","link":"https:\/\/www.naturparkmagazin.de\/nossentiner-schwinzer-heide\/regionale-schule-krakow-am-see-ist-jetzt-naturpark-schule\/","title":{"rendered":"Regionale Schule Krakow am See ist jetzt Naturpark-Schule"},"content":{"rendered":"<p>Am 29. September 2017 war es so weit. Alle hatten diesen Termin herbei gesehnt.<\/p>\n<p>Auf der Suche nach einem passenden, identit\u00e4tsstiftenden Namen waren Schulleiterin Heike Watzke und die Leiterin der Jugendbildungsst\u00e4tte Neu Sammit auf das Thema \u201eNaturpark\u201c gesto\u00dfen.<\/p>\n<p>Im Naturpark Nossentiner\/Schwinzer Heide fand die Idee gro\u00dfes Interesse.\u00a0Man war ohnehin gerade dabei, mit dem Projekt \u201eNaturlernorte\u201c einen weiteren Schwerpunkt der Umweltbildung an den Schulen innerhalb des Naturparkes zu entwickeln. Eine \u201eNaturpark-Schule\u201c passt ausgezeichnet in dieses Konzept. Ein Gespr\u00e4chstermin wurde kurzfristig gefunden und alle Seiten waren begeistert, wie gut die gegenseitigen Vorstellungen einer Zusammenarbeit vereinbar waren. Die Stadtvertreter der Stadt Krakow am See (als Tr\u00e4ger) stimmten dem Vorhaben ebenso zu wie der Schulf\u00f6rderverein. Bereits zum 1. Juni konnte eine Kooperationsvereinbarung zwischen der Schule und dem Naturpark geschlossen werden.<\/p>\n<div id=\"attachment_1635\" style=\"width: 630px\" class=\"wp-caption alignnone\"><a href=\"https:\/\/www.naturparkmagazin.de\/nossentiner-schwinzer-heide\/wp-content\/uploads\/sites\/28\/SVZ_Naturparkschule_Namensgebung.jpg\"><img aria-describedby=\"caption-attachment-1635\" decoding=\"async\" loading=\"lazy\" class=\"wp-image-1635 size-medium\" src=\"https:\/\/www.naturparkmagazin.de\/nossentiner-schwinzer-heide\/wp-content\/uploads\/sites\/28\/SVZ_Naturparkschule_Namensgebung-620x413.jpg\" alt=\"SVZ_Naturparkschule_Namensgebung\" width=\"620\" height=\"413\" srcset=\"https:\/\/www.naturparkmagazin.de\/nossentiner-schwinzer-heide\/wp-content\/uploads\/sites\/28\/SVZ_Naturparkschule_Namensgebung-620x413.jpg 620w, https:\/\/www.naturparkmagazin.de\/nossentiner-schwinzer-heide\/wp-content\/uploads\/sites\/28\/SVZ_Naturparkschule_Namensgebung-300x200.jpg 300w, https:\/\/www.naturparkmagazin.de\/nossentiner-schwinzer-heide\/wp-content\/uploads\/sites\/28\/SVZ_Naturparkschule_Namensgebung-940x626.jpg 940w, https:\/\/www.naturparkmagazin.de\/nossentiner-schwinzer-heide\/wp-content\/uploads\/sites\/28\/SVZ_Naturparkschule_Namensgebung-670x446.jpg 670w, https:\/\/www.naturparkmagazin.de\/nossentiner-schwinzer-heide\/wp-content\/uploads\/sites\/28\/SVZ_Naturparkschule_Namensgebung-200x133.jpg 200w, https:\/\/www.naturparkmagazin.de\/nossentiner-schwinzer-heide\/wp-content\/uploads\/sites\/28\/SVZ_Naturparkschule_Namensgebung.jpg 1280w\" sizes=\"(max-width: 620px) 100vw, 620px\" \/><\/a><p id=\"caption-attachment-1635\" class=\"wp-caption-text\">Direktorin der Naturparkschule Frau Watzke und Naturparkleiter Ralf Koch. \u00a9 Schweriner Volkszeitung<\/p><\/div>\n<p>\u201eNaturpark-Schule\u201c ist eine bundesweite Auszeichnung des Verbandes der Naturparke, welche an Schulen innerhalb der einzelnen Naturparke verliehen werden kann. An die Verleihung sind Kriterien gebunden, welche in der Kooperationsvereinbarung ihren Niederschlag finden. Diese enth\u00e4lt konkrete Anforderungen, welche\u00a0 beide Seiten in den n\u00e4chsten f\u00fcnf Jahren erf\u00fcllen sollten, um dem Titel \u201eNaturpark- Schule\u201c gerecht zu werden. So\u00a0soll das Thema \u201eNaturpark-Schule\u201c als Schulentwicklungsvorhaben umgesetzt werden. Eine j\u00e4hrliche Schulung des Lehrerkollegiums z\u00e4hlt ebenso dazu wie das Vorhaben, jede Klasse einmal pro Jahr in Form eines Projektes oder einer Exkursion mit den Aktivit\u00e4ten bzw. Gegebenheiten des Naturparkes vertraut zu machen. Themenbezogenes, f\u00e4cher\u00fcbergreifendes Arbeiten wird angestrebt und die Abstimmung der Lerninhalte mit den g\u00fcltigen Bildungs- oder Lehrpl\u00e4nen. Der Naturpark hat Text- und Bildmaterialien zur Verf\u00fcgung zu stellen und sich um die Unterst\u00fctzung bei der Organisation der betreffenden Veranstaltungen zu bem\u00fchen.<\/p>\n<p>Vereinbart \u2013 getan. Die erste Sch\u00fclergruppe nahm bereits Ende Mai an der zentralen Schulwanderwoche des Landes MV teil. Ihr Ziel war eine Exkursion um den Langhagensee.<\/p>\n<p>Schon Mitte Juni traf sich das Lehrerkollegium im Kultur- und Informationszentrum Karower Meiler zum sogenannten SCHILF- Tag (SCHILF bedeutet in diesem Zusammenhang &#8222;SCHul-Interne Lehrer-Fortbildung&#8220;). Die Leitung des Naturparkes bekam dabei Gelegenheit, dem versammelten Kollegium die Inhalte der Naturparkarbeit vorzustellen.<\/p>\n<div id=\"attachment_1465\" style=\"width: 630px\" class=\"wp-caption alignnone\"><a href=\"https:\/\/www.naturparkmagazin.de\/nossentiner-schwinzer-heide\/wp-content\/uploads\/sites\/28\/Lehrertreff.jpg\"><img aria-describedby=\"caption-attachment-1465\" decoding=\"async\" loading=\"lazy\" class=\"wp-image-1465 size-medium\" src=\"https:\/\/www.naturparkmagazin.de\/nossentiner-schwinzer-heide\/wp-content\/uploads\/sites\/28\/Lehrertreff-620x375.jpg\" alt=\"\" width=\"620\" height=\"375\" srcset=\"https:\/\/www.naturparkmagazin.de\/nossentiner-schwinzer-heide\/wp-content\/uploads\/sites\/28\/Lehrertreff-620x375.jpg 620w, https:\/\/www.naturparkmagazin.de\/nossentiner-schwinzer-heide\/wp-content\/uploads\/sites\/28\/Lehrertreff-300x181.jpg 300w, https:\/\/www.naturparkmagazin.de\/nossentiner-schwinzer-heide\/wp-content\/uploads\/sites\/28\/Lehrertreff-940x569.jpg 940w, https:\/\/www.naturparkmagazin.de\/nossentiner-schwinzer-heide\/wp-content\/uploads\/sites\/28\/Lehrertreff-670x405.jpg 670w, https:\/\/www.naturparkmagazin.de\/nossentiner-schwinzer-heide\/wp-content\/uploads\/sites\/28\/Lehrertreff-200x121.jpg 200w\" sizes=\"(max-width: 620px) 100vw, 620px\" \/><\/a><p id=\"caption-attachment-1465\" class=\"wp-caption-text\">Lehrer-Fortbildung im Naturpark, Juni 2017 \u00a9 Naturpark Nossentiner\/Schwinzer Heide<\/p><\/div>\n<p>Noch vor den Sommerferien nahmen W\u00e4chter des Naturparkes am Schulfest der Krakower Schule teil und gestalteten einen Info- und Mitmach-Stand. Und gleich in den ersten Wochen nach den Ferien waren die unterschiedlichen Altersstufen zu verschiedenen Themen im Rahmen von Projekttagen im Naturpark unterwegs.<\/p>\n<div id=\"attachment_1639\" style=\"width: 630px\" class=\"wp-caption alignnone\"><a href=\"https:\/\/www.naturparkmagazin.de\/nossentiner-schwinzer-heide\/wp-content\/uploads\/sites\/28\/Thema_FM_Naturparkschule.jpg\"><img aria-describedby=\"caption-attachment-1639\" decoding=\"async\" loading=\"lazy\" class=\"wp-image-1639 size-medium\" src=\"https:\/\/www.naturparkmagazin.de\/nossentiner-schwinzer-heide\/wp-content\/uploads\/sites\/28\/Thema_FM_Naturparkschule-620x413.jpg\" alt=\"Thema_FM_Naturparkschule\" width=\"620\" height=\"413\" srcset=\"https:\/\/www.naturparkmagazin.de\/nossentiner-schwinzer-heide\/wp-content\/uploads\/sites\/28\/Thema_FM_Naturparkschule-620x413.jpg 620w, https:\/\/www.naturparkmagazin.de\/nossentiner-schwinzer-heide\/wp-content\/uploads\/sites\/28\/Thema_FM_Naturparkschule-300x200.jpg 300w, https:\/\/www.naturparkmagazin.de\/nossentiner-schwinzer-heide\/wp-content\/uploads\/sites\/28\/Thema_FM_Naturparkschule-940x626.jpg 940w, https:\/\/www.naturparkmagazin.de\/nossentiner-schwinzer-heide\/wp-content\/uploads\/sites\/28\/Thema_FM_Naturparkschule-670x446.jpg 670w, https:\/\/www.naturparkmagazin.de\/nossentiner-schwinzer-heide\/wp-content\/uploads\/sites\/28\/Thema_FM_Naturparkschule-200x133.jpg 200w, https:\/\/www.naturparkmagazin.de\/nossentiner-schwinzer-heide\/wp-content\/uploads\/sites\/28\/Thema_FM_Naturparkschule.jpg 1280w\" sizes=\"(max-width: 620px) 100vw, 620px\" \/><\/a><p id=\"caption-attachment-1639\" class=\"wp-caption-text\">Unterwegs im Naturpark auf der Suche nach Flederm\u00e4usen<\/p><\/div>\n<p>Themen wie die Halbtrockenrasen am M\u00e4kelberg, die Moorentwicklung am Kleinen Langhagensee, Fledermausquartiere im Bossower Forst oder der Stationsbetrieb zu Naturthemen f\u00fcr die 1. bis 4. Klassen nahmen die Sch\u00fcler zum Anlass, um dar\u00fcber bei der Feierstunde am 29. September in Wort und Bild zu berichten. Dass Zusammenarbeit Spa\u00df machen kann und die Sch\u00fcler so eine Beziehung zu ihrem unmittelbaren Wohnumfeld entwickeln k\u00f6nnen, war den Berichten und Fotos anzumerken.<\/p>\n<div id=\"attachment_1628\" style=\"width: 630px\" class=\"wp-caption alignnone\"><a href=\"https:\/\/www.naturparkmagazin.de\/nossentiner-schwinzer-heide\/wp-content\/uploads\/sites\/28\/Namensgebung_NP_Schule.jpg\"><img aria-describedby=\"caption-attachment-1628\" decoding=\"async\" loading=\"lazy\" class=\"wp-image-1628 size-medium\" src=\"https:\/\/www.naturparkmagazin.de\/nossentiner-schwinzer-heide\/wp-content\/uploads\/sites\/28\/Namensgebung_NP_Schule-620x413.jpg\" alt=\"Namensgebung_NP_Schule\" width=\"620\" height=\"413\" srcset=\"https:\/\/www.naturparkmagazin.de\/nossentiner-schwinzer-heide\/wp-content\/uploads\/sites\/28\/Namensgebung_NP_Schule-620x413.jpg 620w, https:\/\/www.naturparkmagazin.de\/nossentiner-schwinzer-heide\/wp-content\/uploads\/sites\/28\/Namensgebung_NP_Schule-300x200.jpg 300w, https:\/\/www.naturparkmagazin.de\/nossentiner-schwinzer-heide\/wp-content\/uploads\/sites\/28\/Namensgebung_NP_Schule-940x626.jpg 940w, https:\/\/www.naturparkmagazin.de\/nossentiner-schwinzer-heide\/wp-content\/uploads\/sites\/28\/Namensgebung_NP_Schule-670x446.jpg 670w, https:\/\/www.naturparkmagazin.de\/nossentiner-schwinzer-heide\/wp-content\/uploads\/sites\/28\/Namensgebung_NP_Schule-200x133.jpg 200w, https:\/\/www.naturparkmagazin.de\/nossentiner-schwinzer-heide\/wp-content\/uploads\/sites\/28\/Namensgebung_NP_Schule.jpg 1280w\" sizes=\"(max-width: 620px) 100vw, 620px\" \/><\/a><p id=\"caption-attachment-1628\" class=\"wp-caption-text\">Sch\u00fcler berichten vom Projekttag im Naturpark<\/p><\/div>\n<p>Die Auszeichnung der Regionalen Schule Krakow am See mit Grundschule als \u201eNaturpark-Schule\u201c ist ein Gewinn f\u00fcr alle Seiten und tr\u00e4gt zur Entwicklung unserer Region und zur Identit\u00e4tsstiftung bei. Der Meinung waren alle, die an diesem feierlichen Akt Ende September beteiligt waren.<\/p>\n<p>&nbsp;<\/p>\n<p>&nbsp;<\/p>\n","protected":false},"excerpt":{"rendered":"<p>Auf der Suche nach einem passenden, identit\u00e4tsstiftenden Namen waren Schulleiterin Heike Watzke und die Leiterin der Jugendbildungsst\u00e4tte Neu Sammit auf das Thema \u201eNaturpark\u201c gesto\u00dfen.<\/p>\n","protected":false},"author":28,"featured_media":1635,"comment_status":"open","ping_status":"open","sticky":false,"template":"","format":"standard","meta":[],"categories":[7],"tags":[],"yoast_head":"<!-- This site is optimized with the Yoast SEO plugin v19.10 - https:\/\/yoast.com\/wordpress\/plugins\/seo\/ -->\n<title>Regionale Schule Krakow am See ist jetzt Naturpark-Schule - Naturpark Nossentiner\/Schwinzer Heide<\/title>\n<meta name=\"robots\" content=\"index, follow, max-snippet:-1, max-image-preview:large, max-video-preview:-1\" \/>\n<link rel=\"canonical\" href=\"https:\/\/www.naturparkmagazin.de\/nossentiner-schwinzer-heide\/regionale-schule-krakow-am-see-ist-jetzt-naturpark-schule\/\" \/>\n<meta property=\"og:locale\" content=\"de_DE\" \/>\n<meta property=\"og:type\" content=\"article\" \/>\n<meta property=\"og:title\" content=\"Regionale Schule Krakow am See ist jetzt Naturpark-Schule - Naturpark Nossentiner\/Schwinzer Heide\" \/>\n<meta property=\"og:description\" content=\"Auf der Suche nach einem passenden, identit\u00e4tsstiftenden Namen waren Schulleiterin Heike Watzke und die Leiterin der Jugendbildungsst\u00e4tte Neu Sammit auf das Thema \u201eNaturpark\u201c gesto\u00dfen.\" \/>\n<meta property=\"og:url\" content=\"https:\/\/www.naturparkmagazin.de\/nossentiner-schwinzer-heide\/regionale-schule-krakow-am-see-ist-jetzt-naturpark-schule\/\" \/>\n<meta property=\"og:site_name\" content=\"Naturpark Nossentiner\/Schwinzer Heide\" \/>\n<meta property=\"article:published_time\" content=\"2017-10-18T13:07:51+00:00\" \/>\n<meta property=\"article:modified_time\" content=\"2017-10-24T10:26:14+00:00\" \/>\n<meta property=\"og:image\" content=\"https:\/\/www.naturparkmagazin.de\/nossentiner-schwinzer-heide\/wp-content\/uploads\/sites\/28\/SVZ_Naturparkschule_Namensgebung.jpg\" \/>\n\t<meta property=\"og:image:width\" content=\"1280\" \/>\n\t<meta property=\"og:image:height\" content=\"853\" \/>\n\t<meta property=\"og:image:type\" content=\"image\/jpeg\" \/>\n<meta name=\"twitter:label1\" content=\"Verfasst von\" \/>\n\t<meta name=\"twitter:data1\" content=\"\" \/>\n\t<meta name=\"twitter:label2\" content=\"Gesch\u00e4tzte Lesezeit\" \/>\n\t<meta name=\"twitter:data2\" content=\"3\u00a0Minuten\" \/>\n<script type=\"application\/ld+json\" class=\"yoast-schema-graph\">{\"@context\":\"https:\/\/schema.org\",\"@graph\":[{\"@type\":\"WebPage\",\"@id\":\"https:\/\/www.naturparkmagazin.de\/nossentiner-schwinzer-heide\/regionale-schule-krakow-am-see-ist-jetzt-naturpark-schule\/\",\"url\":\"https:\/\/www.naturparkmagazin.de\/nossentiner-schwinzer-heide\/regionale-schule-krakow-am-see-ist-jetzt-naturpark-schule\/\",\"name\":\"Regionale Schule Krakow am See ist jetzt Naturpark-Schule - Naturpark Nossentiner\/Schwinzer Heide\",\"isPartOf\":{\"@id\":\"https:\/\/www.naturparkmagazin.de\/nossentiner-schwinzer-heide\/#website\"},\"datePublished\":\"2017-10-18T13:07:51+00:00\",\"dateModified\":\"2017-10-24T10:26:14+00:00\",\"author\":{\"@id\":\"\"},\"breadcrumb\":{\"@id\":\"https:\/\/www.naturparkmagazin.de\/nossentiner-schwinzer-heide\/regionale-schule-krakow-am-see-ist-jetzt-naturpark-schule\/#breadcrumb\"},\"inLanguage\":\"de\",\"potentialAction\":[{\"@type\":\"ReadAction\",\"target\":[\"https:\/\/www.naturparkmagazin.de\/nossentiner-schwinzer-heide\/regionale-schule-krakow-am-see-ist-jetzt-naturpark-schule\/\"]}]},{\"@type\":\"BreadcrumbList\",\"@id\":\"https:\/\/www.naturparkmagazin.de\/nossentiner-schwinzer-heide\/regionale-schule-krakow-am-see-ist-jetzt-naturpark-schule\/#breadcrumb\",\"itemListElement\":[{\"@type\":\"ListItem\",\"position\":1,\"name\":\"Home\",\"item\":\"https:\/\/www.naturparkmagazin.de\/nossentiner-schwinzer-heide\/\"},{\"@type\":\"ListItem\",\"position\":2,\"name\":\"Regionale Schule Krakow am See ist jetzt Naturpark-Schule\"}]},{\"@type\":\"WebSite\",\"@id\":\"https:\/\/www.naturparkmagazin.de\/nossentiner-schwinzer-heide\/#website\",\"url\":\"https:\/\/www.naturparkmagazin.de\/nossentiner-schwinzer-heide\/\",\"name\":\"Naturpark Nossentiner\/Schwinzer Heide\",\"description\":\"\",\"potentialAction\":[{\"@type\":\"SearchAction\",\"target\":{\"@type\":\"EntryPoint\",\"urlTemplate\":\"https:\/\/www.naturparkmagazin.de\/nossentiner-schwinzer-heide\/?s={search_term_string}\"},\"query-input\":\"required name=search_term_string\"}],\"inLanguage\":\"de\"},{\"@type\":\"Person\",\"@id\":\"\",\"url\":\"https:\/\/www.naturparkmagazin.de\/nossentiner-schwinzer-heide\/author\/\"}]}<\/script>\n<!-- \/ Yoast SEO plugin. -->","yoast_head_json":{"title":"Regionale Schule Krakow am See ist jetzt Naturpark-Schule - Naturpark Nossentiner\/Schwinzer Heide","robots":{"index":"index","follow":"follow","max-snippet":"max-snippet:-1","max-image-preview":"max-image-preview:large","max-video-preview":"max-video-preview:-1"},"canonical":"https:\/\/www.naturparkmagazin.de\/nossentiner-schwinzer-heide\/regionale-schule-krakow-am-see-ist-jetzt-naturpark-schule\/","og_locale":"de_DE","og_type":"article","og_title":"Regionale Schule Krakow am See ist jetzt Naturpark-Schule - Naturpark Nossentiner\/Schwinzer Heide","og_description":"Auf der Suche nach einem passenden, identit\u00e4tsstiftenden Namen waren Schulleiterin Heike Watzke und die Leiterin der Jugendbildungsst\u00e4tte Neu Sammit auf das Thema \u201eNaturpark\u201c gesto\u00dfen.","og_url":"https:\/\/www.naturparkmagazin.de\/nossentiner-schwinzer-heide\/regionale-schule-krakow-am-see-ist-jetzt-naturpark-schule\/","og_site_name":"Naturpark Nossentiner\/Schwinzer Heide","article_published_time":"2017-10-18T13:07:51+00:00","article_modified_time":"2017-10-24T10:26:14+00:00","og_image":[{"width":1280,"height":853,"url":"https:\/\/www.naturparkmagazin.de\/nossentiner-schwinzer-heide\/wp-content\/uploads\/sites\/28\/SVZ_Naturparkschule_Namensgebung.jpg","type":"image\/jpeg"}],"twitter_misc":{"Verfasst von":"","Gesch\u00e4tzte Lesezeit":"3\u00a0Minuten"},"schema":{"@context":"https:\/\/schema.org","@graph":[{"@type":"WebPage","@id":"https:\/\/www.naturparkmagazin.de\/nossentiner-schwinzer-heide\/regionale-schule-krakow-am-see-ist-jetzt-naturpark-schule\/","url":"https:\/\/www.naturparkmagazin.de\/nossentiner-schwinzer-heide\/regionale-schule-krakow-am-see-ist-jetzt-naturpark-schule\/","name":"Regionale Schule Krakow am See ist jetzt Naturpark-Schule - Naturpark Nossentiner\/Schwinzer Heide","isPartOf":{"@id":"https:\/\/www.naturparkmagazin.de\/nossentiner-schwinzer-heide\/#website"},"datePublished":"2017-10-18T13:07:51+00:00","dateModified":"2017-10-24T10:26:14+00:00","author":{"@id":""},"breadcrumb":{"@id":"https:\/\/www.naturparkmagazin.de\/nossentiner-schwinzer-heide\/regionale-schule-krakow-am-see-ist-jetzt-naturpark-schule\/#breadcrumb"},"inLanguage":"de","potentialAction":[{"@type":"ReadAction","target":["https:\/\/www.naturparkmagazin.de\/nossentiner-schwinzer-heide\/regionale-schule-krakow-am-see-ist-jetzt-naturpark-schule\/"]}]},{"@type":"BreadcrumbList","@id":"https:\/\/www.naturparkmagazin.de\/nossentiner-schwinzer-heide\/regionale-schule-krakow-am-see-ist-jetzt-naturpark-schule\/#breadcrumb","itemListElement":[{"@type":"ListItem","position":1,"name":"Home","item":"https:\/\/www.naturparkmagazin.de\/nossentiner-schwinzer-heide\/"},{"@type":"ListItem","position":2,"name":"Regionale Schule Krakow am See ist jetzt Naturpark-Schule"}]},{"@type":"WebSite","@id":"https:\/\/www.naturparkmagazin.de\/nossentiner-schwinzer-heide\/#website","url":"https:\/\/www.naturparkmagazin.de\/nossentiner-schwinzer-heide\/","name":"Naturpark Nossentiner\/Schwinzer Heide","description":"","potentialAction":[{"@type":"SearchAction","target":{"@type":"EntryPoint","urlTemplate":"https:\/\/www.naturparkmagazin.de\/nossentiner-schwinzer-heide\/?s={search_term_string}"},"query-input":"required name=search_term_string"}],"inLanguage":"de"},{"@type":"Person","@id":"","url":"https:\/\/www.naturparkmagazin.de\/nossentiner-schwinzer-heide\/author\/"}]}},"_links":{"self":[{"href":"https:\/\/www.naturparkmagazin.de\/nossentiner-schwinzer-heide\/wp-json\/wp\/v2\/posts\/1623"}],"collection":[{"href":"https:\/\/www.naturparkmagazin.de\/nossentiner-schwinzer-heide\/wp-json\/wp\/v2\/posts"}],"about":[{"href":"https:\/\/www.naturparkmagazin.de\/nossentiner-schwinzer-heide\/wp-json\/wp\/v2\/types\/post"}],"author":[{"embeddable":true,"href":"https:\/\/www.naturparkmagazin.de\/nossentiner-schwinzer-heide\/wp-json\/wp\/v2\/users\/28"}],"replies":[{"embeddable":true,"href":"https:\/\/www.naturparkmagazin.de\/nossentiner-schwinzer-heide\/wp-json\/wp\/v2\/comments?post=1623"}],"version-history":[{"count":9,"href":"https:\/\/www.naturparkmagazin.de\/nossentiner-schwinzer-heide\/wp-json\/wp\/v2\/posts\/1623\/revisions"}],"predecessor-version":[{"id":1658,"href":"https:\/\/www.naturparkmagazin.de\/nossentiner-schwinzer-heide\/wp-json\/wp\/v2\/posts\/1623\/revisions\/1658"}],"wp:featuredmedia":[{"embeddable":true,"href":"https:\/\/www.naturparkmagazin.de\/nossentiner-schwinzer-heide\/wp-json\/wp\/v2\/media\/1635"}],"wp:attachment":[{"href":"https:\/\/www.naturparkmagazin.de\/nossentiner-schwinzer-heide\/wp-json\/wp\/v2\/media?parent=1623"}],"wp:term":[{"taxonomy":"category","embeddable":true,"href":"https:\/\/www.naturparkmagazin.de\/nossentiner-schwinzer-heide\/wp-json\/wp\/v2\/categories?post=1623"},{"taxonomy":"post_tag","embeddable":true,"href":"https:\/\/www.naturparkmagazin.de\/nossentiner-schwinzer-heide\/wp-json\/wp\/v2\/tags?post=1623"}],"curies":[{"name":"wp","href":"https:\/\/api.w.org\/{rel}","templated":true}]}}