{"id":1732,"date":"2017-12-18T16:04:53","date_gmt":"2017-12-18T15:04:53","guid":{"rendered":"http:\/\/www.naturparkmagazin.de\/nossentiner-schwinzer-heide\/?p=1732"},"modified":"2017-12-27T11:47:15","modified_gmt":"2017-12-27T10:47:15","slug":"gruss-zum-neuen-jahr","status":"publish","type":"post","link":"https:\/\/www.naturparkmagazin.de\/nossentiner-schwinzer-heide\/gruss-zum-neuen-jahr\/","title":{"rendered":"Gru\u00df zum Neuen Jahr"},"content":{"rendered":"<p><a href=\"https:\/\/www.naturparkmagazin.de\/nossentiner-schwinzer-heide\/wp-content\/uploads\/sites\/28\/P1360836.jpg\"><img decoding=\"async\" loading=\"lazy\" class=\"alignnone  wp-image-1730\" src=\"https:\/\/www.naturparkmagazin.de\/nossentiner-schwinzer-heide\/wp-content\/uploads\/sites\/28\/P1360836-620x465.jpg\" alt=\"P1360836\" width=\"523\" height=\"392\" srcset=\"https:\/\/www.naturparkmagazin.de\/nossentiner-schwinzer-heide\/wp-content\/uploads\/sites\/28\/P1360836-620x465.jpg 620w, https:\/\/www.naturparkmagazin.de\/nossentiner-schwinzer-heide\/wp-content\/uploads\/sites\/28\/P1360836-300x225.jpg 300w, https:\/\/www.naturparkmagazin.de\/nossentiner-schwinzer-heide\/wp-content\/uploads\/sites\/28\/P1360836-940x705.jpg 940w, https:\/\/www.naturparkmagazin.de\/nossentiner-schwinzer-heide\/wp-content\/uploads\/sites\/28\/P1360836-580x435.jpg 580w, https:\/\/www.naturparkmagazin.de\/nossentiner-schwinzer-heide\/wp-content\/uploads\/sites\/28\/P1360836-420x315.jpg 420w, https:\/\/www.naturparkmagazin.de\/nossentiner-schwinzer-heide\/wp-content\/uploads\/sites\/28\/P1360836-180x135.jpg 180w, https:\/\/www.naturparkmagazin.de\/nossentiner-schwinzer-heide\/wp-content\/uploads\/sites\/28\/P1360836-95x71.jpg 95w, https:\/\/www.naturparkmagazin.de\/nossentiner-schwinzer-heide\/wp-content\/uploads\/sites\/28\/P1360836-670x503.jpg 670w, https:\/\/www.naturparkmagazin.de\/nossentiner-schwinzer-heide\/wp-content\/uploads\/sites\/28\/P1360836-200x150.jpg 200w, https:\/\/www.naturparkmagazin.de\/nossentiner-schwinzer-heide\/wp-content\/uploads\/sites\/28\/P1360836.jpg 1000w\" sizes=\"(max-width: 523px) 100vw, 523px\" \/><\/a><\/p>\n<p>Liebe Partner und Freunde des Naturparks Nossentiner\/Schwinzer Heide,<\/p>\n<p>das Jahr 2017 geht nun zu Ende. Wir m\u00f6chten die Gelegenheit nutzen, uns bei unseren Partnern und Unterst\u00fctzern f\u00fcr die konstruktive und vertrauensvolle Zusammenarbeit herzlich zu bedanken.<\/p>\n<p>Was ist in diesem Jahr passiert?<\/p>\n<p>Zun\u00e4chst hat sich im Naturpark personell etwas ver\u00e4ndert: J\u00f6rg Gast ist als ehemaliger Naturparkleiter bereits 2016 ausgeschieden. Die Naturparkleitung hat seitdem Ralf Koch inne. Seit Anfang 2017 sind nun Kerstin Breuer und Evelin Kartheuser als neue Mitarbeiterinnen und stellvertretende Naturparkleiterinnen im Naturpark t\u00e4tig. Frau Breuer ist gleichzeitig Gesch\u00e4ftsf\u00fchrerin des F\u00f6rdervereins.<\/p>\n<p>Neben vielen anderen Projekten, die im Naturpark in diesem Jahr fortgef\u00fchrt wurden, gibt es auch einige g\u00e4nzlich neue Projekte. Hier sollen nur einige wenige kurz vorgestellt werden:<\/p>\n<p>Die Regionale Schule Krakow am See mit Grundschule ist <strong>Naturparkschule<\/strong> geworden (wir berichteten im Newsletter). Inzwischen waren die Sch\u00fcler fast jeder Klassenstufe f\u00fcr einen Projekttag zu Gast im Naturpark. In der Naturparkschule trifft sich nun auch regelm\u00e4\u00dfig eine neue Junior-Ranger-Gruppe. Auch die Lehrer der Naturparkschule waren zur Fortbildung im Naturpark.<\/p>\n<div id=\"attachment_1635\" style=\"width: 549px\" class=\"wp-caption alignnone\"><a href=\"https:\/\/www.naturparkmagazin.de\/nossentiner-schwinzer-heide\/wp-content\/uploads\/sites\/28\/SVZ_Naturparkschule_Namensgebung.jpg\"><img aria-describedby=\"caption-attachment-1635\" decoding=\"async\" loading=\"lazy\" class=\"wp-image-1635\" src=\"https:\/\/www.naturparkmagazin.de\/nossentiner-schwinzer-heide\/wp-content\/uploads\/sites\/28\/SVZ_Naturparkschule_Namensgebung-620x413.jpg\" alt=\"SVZ_Naturparkschule_Namensgebung\" width=\"539\" height=\"359\" srcset=\"https:\/\/www.naturparkmagazin.de\/nossentiner-schwinzer-heide\/wp-content\/uploads\/sites\/28\/SVZ_Naturparkschule_Namensgebung-620x413.jpg 620w, https:\/\/www.naturparkmagazin.de\/nossentiner-schwinzer-heide\/wp-content\/uploads\/sites\/28\/SVZ_Naturparkschule_Namensgebung-300x200.jpg 300w, https:\/\/www.naturparkmagazin.de\/nossentiner-schwinzer-heide\/wp-content\/uploads\/sites\/28\/SVZ_Naturparkschule_Namensgebung-940x626.jpg 940w, https:\/\/www.naturparkmagazin.de\/nossentiner-schwinzer-heide\/wp-content\/uploads\/sites\/28\/SVZ_Naturparkschule_Namensgebung-670x446.jpg 670w, https:\/\/www.naturparkmagazin.de\/nossentiner-schwinzer-heide\/wp-content\/uploads\/sites\/28\/SVZ_Naturparkschule_Namensgebung-200x133.jpg 200w, https:\/\/www.naturparkmagazin.de\/nossentiner-schwinzer-heide\/wp-content\/uploads\/sites\/28\/SVZ_Naturparkschule_Namensgebung.jpg 1280w\" sizes=\"(max-width: 539px) 100vw, 539px\" \/><\/a><p id=\"caption-attachment-1635\" class=\"wp-caption-text\">Direktorin der Naturparkschule Frau Watzke und Naturparkleiter Ralf Koch bei der Titel-Verleihung. \u00a9 Schweriner Volkszeitung<\/p><\/div>\n<p>Der Schulhof der <strong>Mestliner Grundschule<\/strong> wurde \u00f6kologisch umgestaltet. Dazu geh\u00f6rten die Pflanzung von Obstb\u00e4umen und -str\u00e4uchern, aber auch die Anlage eines Kr\u00e4uter-Hochbeetes, neue Holzb\u00e4nke und \u201eWaldschenken\u201c sowie kindgerechte Informationstafeln (wir berichteten im Newsletter).<\/p>\n<div id=\"attachment_1412\" style=\"width: 554px\" class=\"wp-caption alignnone\"><a href=\"https:\/\/www.naturparkmagazin.de\/nossentiner-schwinzer-heide\/wp-content\/uploads\/sites\/28\/Mestlin1.jpg\"><img aria-describedby=\"caption-attachment-1412\" decoding=\"async\" loading=\"lazy\" class=\"wp-image-1412\" src=\"https:\/\/www.naturparkmagazin.de\/nossentiner-schwinzer-heide\/wp-content\/uploads\/sites\/28\/Mestlin1-620x465.jpg\" alt=\"Mestlin1\" width=\"544\" height=\"408\" srcset=\"https:\/\/www.naturparkmagazin.de\/nossentiner-schwinzer-heide\/wp-content\/uploads\/sites\/28\/Mestlin1-620x465.jpg 620w, https:\/\/www.naturparkmagazin.de\/nossentiner-schwinzer-heide\/wp-content\/uploads\/sites\/28\/Mestlin1-300x225.jpg 300w, https:\/\/www.naturparkmagazin.de\/nossentiner-schwinzer-heide\/wp-content\/uploads\/sites\/28\/Mestlin1-940x705.jpg 940w, https:\/\/www.naturparkmagazin.de\/nossentiner-schwinzer-heide\/wp-content\/uploads\/sites\/28\/Mestlin1-580x435.jpg 580w, https:\/\/www.naturparkmagazin.de\/nossentiner-schwinzer-heide\/wp-content\/uploads\/sites\/28\/Mestlin1-420x315.jpg 420w, https:\/\/www.naturparkmagazin.de\/nossentiner-schwinzer-heide\/wp-content\/uploads\/sites\/28\/Mestlin1-180x135.jpg 180w, https:\/\/www.naturparkmagazin.de\/nossentiner-schwinzer-heide\/wp-content\/uploads\/sites\/28\/Mestlin1-95x71.jpg 95w, https:\/\/www.naturparkmagazin.de\/nossentiner-schwinzer-heide\/wp-content\/uploads\/sites\/28\/Mestlin1-670x503.jpg 670w, https:\/\/www.naturparkmagazin.de\/nossentiner-schwinzer-heide\/wp-content\/uploads\/sites\/28\/Mestlin1-200x150.jpg 200w, https:\/\/www.naturparkmagazin.de\/nossentiner-schwinzer-heide\/wp-content\/uploads\/sites\/28\/Mestlin1.jpg 1024w\" sizes=\"(max-width: 544px) 100vw, 544px\" \/><\/a><p id=\"caption-attachment-1412\" class=\"wp-caption-text\">\u00d6kologische Umgestaltung des Schulhofes in Mestlin<\/p><\/div>\n<p>Au\u00dferdem wird zuk\u00fcnftig ein <strong>Umweltmobil<\/strong> die Projekttage und Exkursionen drau\u00dfen bereichern. Wir berichten dar\u00fcber im aktuellen Newsletter.<\/p>\n<div id=\"attachment_1738\" style=\"width: 560px\" class=\"wp-caption alignnone\"><a href=\"https:\/\/www.naturparkmagazin.de\/nossentiner-schwinzer-heide\/wp-content\/uploads\/sites\/28\/image003.jpg\"><img aria-describedby=\"caption-attachment-1738\" decoding=\"async\" loading=\"lazy\" class=\"wp-image-1738\" src=\"https:\/\/www.naturparkmagazin.de\/nossentiner-schwinzer-heide\/wp-content\/uploads\/sites\/28\/image003-620x465.jpg\" alt=\"image003\" width=\"550\" height=\"412\" srcset=\"https:\/\/www.naturparkmagazin.de\/nossentiner-schwinzer-heide\/wp-content\/uploads\/sites\/28\/image003-620x465.jpg 620w, https:\/\/www.naturparkmagazin.de\/nossentiner-schwinzer-heide\/wp-content\/uploads\/sites\/28\/image003-300x225.jpg 300w, https:\/\/www.naturparkmagazin.de\/nossentiner-schwinzer-heide\/wp-content\/uploads\/sites\/28\/image003-940x705.jpg 940w, https:\/\/www.naturparkmagazin.de\/nossentiner-schwinzer-heide\/wp-content\/uploads\/sites\/28\/image003-580x435.jpg 580w, https:\/\/www.naturparkmagazin.de\/nossentiner-schwinzer-heide\/wp-content\/uploads\/sites\/28\/image003-420x315.jpg 420w, https:\/\/www.naturparkmagazin.de\/nossentiner-schwinzer-heide\/wp-content\/uploads\/sites\/28\/image003-180x135.jpg 180w, https:\/\/www.naturparkmagazin.de\/nossentiner-schwinzer-heide\/wp-content\/uploads\/sites\/28\/image003-95x71.jpg 95w, https:\/\/www.naturparkmagazin.de\/nossentiner-schwinzer-heide\/wp-content\/uploads\/sites\/28\/image003-670x503.jpg 670w, https:\/\/www.naturparkmagazin.de\/nossentiner-schwinzer-heide\/wp-content\/uploads\/sites\/28\/image003-200x150.jpg 200w, https:\/\/www.naturparkmagazin.de\/nossentiner-schwinzer-heide\/wp-content\/uploads\/sites\/28\/image003.jpg 1384w\" sizes=\"(max-width: 550px) 100vw, 550px\" \/><\/a><p id=\"caption-attachment-1738\" class=\"wp-caption-text\">Das neue Umweltmobil des Naturparks<\/p><\/div>\n<p>Neu ist auch das Citizen science-Projekt \u201e<strong>F<\/strong>orschung.<strong>U<\/strong>mweltbildung.<strong>N<\/strong>aturschutz \u2013 Mit <strong>FUN<\/strong> in die Wildnis\u201d(wir berichteten im Newsletter), das im Juni in der Naturschutzstation in Wooster Teerofen er\u00f6ffnet wurde.<\/p>\n<div id=\"attachment_1498\" style=\"width: 566px\" class=\"wp-caption alignnone\"><a href=\"https:\/\/www.naturparkmagazin.de\/nossentiner-schwinzer-heide\/wp-content\/uploads\/sites\/28\/P1340239.jpg\"><img aria-describedby=\"caption-attachment-1498\" decoding=\"async\" loading=\"lazy\" class=\"wp-image-1498\" src=\"https:\/\/www.naturparkmagazin.de\/nossentiner-schwinzer-heide\/wp-content\/uploads\/sites\/28\/P1340239-620x465.jpg\" alt=\"P1340239\" width=\"556\" height=\"417\" srcset=\"https:\/\/www.naturparkmagazin.de\/nossentiner-schwinzer-heide\/wp-content\/uploads\/sites\/28\/P1340239-620x465.jpg 620w, https:\/\/www.naturparkmagazin.de\/nossentiner-schwinzer-heide\/wp-content\/uploads\/sites\/28\/P1340239-300x225.jpg 300w, https:\/\/www.naturparkmagazin.de\/nossentiner-schwinzer-heide\/wp-content\/uploads\/sites\/28\/P1340239-940x705.jpg 940w, https:\/\/www.naturparkmagazin.de\/nossentiner-schwinzer-heide\/wp-content\/uploads\/sites\/28\/P1340239-580x435.jpg 580w, https:\/\/www.naturparkmagazin.de\/nossentiner-schwinzer-heide\/wp-content\/uploads\/sites\/28\/P1340239-420x315.jpg 420w, https:\/\/www.naturparkmagazin.de\/nossentiner-schwinzer-heide\/wp-content\/uploads\/sites\/28\/P1340239-180x135.jpg 180w, https:\/\/www.naturparkmagazin.de\/nossentiner-schwinzer-heide\/wp-content\/uploads\/sites\/28\/P1340239-95x71.jpg 95w, https:\/\/www.naturparkmagazin.de\/nossentiner-schwinzer-heide\/wp-content\/uploads\/sites\/28\/P1340239-670x503.jpg 670w, https:\/\/www.naturparkmagazin.de\/nossentiner-schwinzer-heide\/wp-content\/uploads\/sites\/28\/P1340239-200x150.jpg 200w, https:\/\/www.naturparkmagazin.de\/nossentiner-schwinzer-heide\/wp-content\/uploads\/sites\/28\/P1340239.jpg 2000w\" sizes=\"(max-width: 556px) 100vw, 556px\" \/><\/a><p id=\"caption-attachment-1498\" class=\"wp-caption-text\">Kinder der Naturparkschule bei der Ortung von Flederm\u00e4usen<\/p><\/div>\n<p>Ebenfalls neu ist die Anschaffung von <strong>Pflegetechnik<\/strong> durch die Stiftung Reepsholt (Naturparkstiftung). K\u00fcnftig sollen mit dieser Technik kleine Biotopfl\u00e4chen wie Moore, Magerrasen oder Orchideenwiesen in der Naturparkregion gepflegt werden.<\/p>\n<div id=\"attachment_1673\" style=\"width: 572px\" class=\"wp-caption alignnone\"><a href=\"https:\/\/www.naturparkmagazin.de\/nossentiner-schwinzer-heide\/wp-content\/uploads\/sites\/28\/IMG_5738.jpg\"><img aria-describedby=\"caption-attachment-1673\" decoding=\"async\" loading=\"lazy\" class=\"wp-image-1673\" src=\"https:\/\/www.naturparkmagazin.de\/nossentiner-schwinzer-heide\/wp-content\/uploads\/sites\/28\/IMG_5738-620x413.jpg\" alt=\"IMG_5738\" width=\"562\" height=\"374\" srcset=\"https:\/\/www.naturparkmagazin.de\/nossentiner-schwinzer-heide\/wp-content\/uploads\/sites\/28\/IMG_5738-620x413.jpg 620w, https:\/\/www.naturparkmagazin.de\/nossentiner-schwinzer-heide\/wp-content\/uploads\/sites\/28\/IMG_5738-300x200.jpg 300w, https:\/\/www.naturparkmagazin.de\/nossentiner-schwinzer-heide\/wp-content\/uploads\/sites\/28\/IMG_5738-940x626.jpg 940w, https:\/\/www.naturparkmagazin.de\/nossentiner-schwinzer-heide\/wp-content\/uploads\/sites\/28\/IMG_5738-670x446.jpg 670w, https:\/\/www.naturparkmagazin.de\/nossentiner-schwinzer-heide\/wp-content\/uploads\/sites\/28\/IMG_5738-200x133.jpg 200w, https:\/\/www.naturparkmagazin.de\/nossentiner-schwinzer-heide\/wp-content\/uploads\/sites\/28\/IMG_5738.jpg 1280w\" sizes=\"(max-width: 562px) 100vw, 562px\" \/><\/a><p id=\"caption-attachment-1673\" class=\"wp-caption-text\">Die neue Pflegetechnik im Einsatz<\/p><\/div>\n<p>Auch das Projekt \u201e<strong>Schutz der Dunkelheit der Nacht<\/strong>\u201c wurde fortgef\u00fchrt. Zu diesem Thema wurden 3 Brosch\u00fcren und ein Faltblatt ver\u00f6ffentlicht, eine kleine Ausstellung auf Roll-Ups ist in Arbeit. Im kommenden Jahr soll es dazu noch eine Foto-Ausstellung und einen Workshop \u201eSternen- und Astro-Fotografie\u201c geben.<\/p>\n<p>Alle diese und andere Projekte sind nur m\u00f6glich, weil wir starke und verl\u00e4ssliche Partner in der Region haben. Deshalb an dieser Stelle ein ganz gro\u00dfes <strong>Dankesch\u00f6n! <\/strong><\/p>\n<p>Wir w\u00fcnschen Ihnen eine besinnliche Zeit des Jahreswechsels und w\u00fcnschen ein gesundes und erfolgreiches Jahr 2018! Wir freuen uns auch k\u00fcnftig auf eine gute Zusammenarbeit.<\/p>\n<p>&nbsp;<\/p>\n<p>Das Team des Naturparkes Nossentiner\/Schwinzer Heide und des F\u00f6rdervereins Naturpark Nossentiner\/Schwinzer Heide<\/p>\n<p>&nbsp;<\/p>\n<p>&nbsp;<\/p>\n<p>&nbsp;<\/p>\n","protected":false},"excerpt":{"rendered":"<p>Wir m\u00f6chten die Gelegenheit nutzen, uns bei unseren Partnern und Unterst\u00fctzern f\u00fcr die konstruktive und vertrauensvolle Zusammenarbeit herzlich zu bedanken.<\/p>\n","protected":false},"author":28,"featured_media":1724,"comment_status":"open","ping_status":"open","sticky":false,"template":"","format":"standard","meta":[],"categories":[7],"tags":[],"yoast_head":"<!-- This site is optimized with the Yoast SEO plugin v19.10 - https:\/\/yoast.com\/wordpress\/plugins\/seo\/ -->\n<title>Gru\u00df zum Neuen Jahr - Naturpark Nossentiner\/Schwinzer Heide<\/title>\n<meta name=\"robots\" content=\"index, follow, max-snippet:-1, max-image-preview:large, max-video-preview:-1\" \/>\n<link rel=\"canonical\" href=\"https:\/\/www.naturparkmagazin.de\/nossentiner-schwinzer-heide\/gruss-zum-neuen-jahr\/\" \/>\n<meta property=\"og:locale\" content=\"de_DE\" \/>\n<meta property=\"og:type\" content=\"article\" \/>\n<meta property=\"og:title\" content=\"Gru\u00df zum Neuen Jahr - Naturpark Nossentiner\/Schwinzer Heide\" \/>\n<meta property=\"og:description\" content=\"Wir m\u00f6chten die Gelegenheit nutzen, uns bei unseren Partnern und Unterst\u00fctzern f\u00fcr die konstruktive und vertrauensvolle Zusammenarbeit herzlich zu bedanken.\" \/>\n<meta property=\"og:url\" content=\"https:\/\/www.naturparkmagazin.de\/nossentiner-schwinzer-heide\/gruss-zum-neuen-jahr\/\" \/>\n<meta property=\"og:site_name\" content=\"Naturpark Nossentiner\/Schwinzer Heide\" \/>\n<meta property=\"article:published_time\" content=\"2017-12-18T15:04:53+00:00\" \/>\n<meta property=\"article:modified_time\" content=\"2017-12-27T10:47:15+00:00\" \/>\n<meta property=\"og:image\" content=\"https:\/\/www.naturparkmagazin.de\/nossentiner-schwinzer-heide\/wp-content\/uploads\/sites\/28\/WP_20161112_09_01_28_Pro.jpg\" \/>\n\t<meta property=\"og:image:width\" content=\"563\" \/>\n\t<meta property=\"og:image:height\" content=\"1000\" \/>\n\t<meta property=\"og:image:type\" content=\"image\/jpeg\" \/>\n<meta name=\"twitter:label1\" content=\"Verfasst von\" \/>\n\t<meta name=\"twitter:data1\" content=\"\" \/>\n\t<meta name=\"twitter:label2\" content=\"Gesch\u00e4tzte Lesezeit\" \/>\n\t<meta name=\"twitter:data2\" content=\"2\u00a0Minuten\" \/>\n<script type=\"application\/ld+json\" class=\"yoast-schema-graph\">{\"@context\":\"https:\/\/schema.org\",\"@graph\":[{\"@type\":\"WebPage\",\"@id\":\"https:\/\/www.naturparkmagazin.de\/nossentiner-schwinzer-heide\/gruss-zum-neuen-jahr\/\",\"url\":\"https:\/\/www.naturparkmagazin.de\/nossentiner-schwinzer-heide\/gruss-zum-neuen-jahr\/\",\"name\":\"Gru\u00df zum Neuen Jahr - Naturpark Nossentiner\/Schwinzer Heide\",\"isPartOf\":{\"@id\":\"https:\/\/www.naturparkmagazin.de\/nossentiner-schwinzer-heide\/#website\"},\"datePublished\":\"2017-12-18T15:04:53+00:00\",\"dateModified\":\"2017-12-27T10:47:15+00:00\",\"author\":{\"@id\":\"\"},\"breadcrumb\":{\"@id\":\"https:\/\/www.naturparkmagazin.de\/nossentiner-schwinzer-heide\/gruss-zum-neuen-jahr\/#breadcrumb\"},\"inLanguage\":\"de\",\"potentialAction\":[{\"@type\":\"ReadAction\",\"target\":[\"https:\/\/www.naturparkmagazin.de\/nossentiner-schwinzer-heide\/gruss-zum-neuen-jahr\/\"]}]},{\"@type\":\"BreadcrumbList\",\"@id\":\"https:\/\/www.naturparkmagazin.de\/nossentiner-schwinzer-heide\/gruss-zum-neuen-jahr\/#breadcrumb\",\"itemListElement\":[{\"@type\":\"ListItem\",\"position\":1,\"name\":\"Home\",\"item\":\"https:\/\/www.naturparkmagazin.de\/nossentiner-schwinzer-heide\/\"},{\"@type\":\"ListItem\",\"position\":2,\"name\":\"Gru\u00df zum Neuen Jahr\"}]},{\"@type\":\"WebSite\",\"@id\":\"https:\/\/www.naturparkmagazin.de\/nossentiner-schwinzer-heide\/#website\",\"url\":\"https:\/\/www.naturparkmagazin.de\/nossentiner-schwinzer-heide\/\",\"name\":\"Naturpark Nossentiner\/Schwinzer Heide\",\"description\":\"\",\"potentialAction\":[{\"@type\":\"SearchAction\",\"target\":{\"@type\":\"EntryPoint\",\"urlTemplate\":\"https:\/\/www.naturparkmagazin.de\/nossentiner-schwinzer-heide\/?s={search_term_string}\"},\"query-input\":\"required name=search_term_string\"}],\"inLanguage\":\"de\"},{\"@type\":\"Person\",\"@id\":\"\",\"url\":\"https:\/\/www.naturparkmagazin.de\/nossentiner-schwinzer-heide\/author\/\"}]}<\/script>\n<!-- \/ Yoast SEO plugin. -->","yoast_head_json":{"title":"Gru\u00df zum Neuen Jahr - Naturpark Nossentiner\/Schwinzer Heide","robots":{"index":"index","follow":"follow","max-snippet":"max-snippet:-1","max-image-preview":"max-image-preview:large","max-video-preview":"max-video-preview:-1"},"canonical":"https:\/\/www.naturparkmagazin.de\/nossentiner-schwinzer-heide\/gruss-zum-neuen-jahr\/","og_locale":"de_DE","og_type":"article","og_title":"Gru\u00df zum Neuen Jahr - Naturpark Nossentiner\/Schwinzer Heide","og_description":"Wir m\u00f6chten die Gelegenheit nutzen, uns bei unseren Partnern und Unterst\u00fctzern f\u00fcr die konstruktive und vertrauensvolle Zusammenarbeit herzlich zu bedanken.","og_url":"https:\/\/www.naturparkmagazin.de\/nossentiner-schwinzer-heide\/gruss-zum-neuen-jahr\/","og_site_name":"Naturpark Nossentiner\/Schwinzer Heide","article_published_time":"2017-12-18T15:04:53+00:00","article_modified_time":"2017-12-27T10:47:15+00:00","og_image":[{"width":563,"height":1000,"url":"https:\/\/www.naturparkmagazin.de\/nossentiner-schwinzer-heide\/wp-content\/uploads\/sites\/28\/WP_20161112_09_01_28_Pro.jpg","type":"image\/jpeg"}],"twitter_misc":{"Verfasst von":"","Gesch\u00e4tzte Lesezeit":"2\u00a0Minuten"},"schema":{"@context":"https:\/\/schema.org","@graph":[{"@type":"WebPage","@id":"https:\/\/www.naturparkmagazin.de\/nossentiner-schwinzer-heide\/gruss-zum-neuen-jahr\/","url":"https:\/\/www.naturparkmagazin.de\/nossentiner-schwinzer-heide\/gruss-zum-neuen-jahr\/","name":"Gru\u00df zum Neuen Jahr - Naturpark Nossentiner\/Schwinzer Heide","isPartOf":{"@id":"https:\/\/www.naturparkmagazin.de\/nossentiner-schwinzer-heide\/#website"},"datePublished":"2017-12-18T15:04:53+00:00","dateModified":"2017-12-27T10:47:15+00:00","author":{"@id":""},"breadcrumb":{"@id":"https:\/\/www.naturparkmagazin.de\/nossentiner-schwinzer-heide\/gruss-zum-neuen-jahr\/#breadcrumb"},"inLanguage":"de","potentialAction":[{"@type":"ReadAction","target":["https:\/\/www.naturparkmagazin.de\/nossentiner-schwinzer-heide\/gruss-zum-neuen-jahr\/"]}]},{"@type":"BreadcrumbList","@id":"https:\/\/www.naturparkmagazin.de\/nossentiner-schwinzer-heide\/gruss-zum-neuen-jahr\/#breadcrumb","itemListElement":[{"@type":"ListItem","position":1,"name":"Home","item":"https:\/\/www.naturparkmagazin.de\/nossentiner-schwinzer-heide\/"},{"@type":"ListItem","position":2,"name":"Gru\u00df zum Neuen Jahr"}]},{"@type":"WebSite","@id":"https:\/\/www.naturparkmagazin.de\/nossentiner-schwinzer-heide\/#website","url":"https:\/\/www.naturparkmagazin.de\/nossentiner-schwinzer-heide\/","name":"Naturpark Nossentiner\/Schwinzer Heide","description":"","potentialAction":[{"@type":"SearchAction","target":{"@type":"EntryPoint","urlTemplate":"https:\/\/www.naturparkmagazin.de\/nossentiner-schwinzer-heide\/?s={search_term_string}"},"query-input":"required name=search_term_string"}],"inLanguage":"de"},{"@type":"Person","@id":"","url":"https:\/\/www.naturparkmagazin.de\/nossentiner-schwinzer-heide\/author\/"}]}},"_links":{"self":[{"href":"https:\/\/www.naturparkmagazin.de\/nossentiner-schwinzer-heide\/wp-json\/wp\/v2\/posts\/1732"}],"collection":[{"href":"https:\/\/www.naturparkmagazin.de\/nossentiner-schwinzer-heide\/wp-json\/wp\/v2\/posts"}],"about":[{"href":"https:\/\/www.naturparkmagazin.de\/nossentiner-schwinzer-heide\/wp-json\/wp\/v2\/types\/post"}],"author":[{"embeddable":true,"href":"https:\/\/www.naturparkmagazin.de\/nossentiner-schwinzer-heide\/wp-json\/wp\/v2\/users\/28"}],"replies":[{"embeddable":true,"href":"https:\/\/www.naturparkmagazin.de\/nossentiner-schwinzer-heide\/wp-json\/wp\/v2\/comments?post=1732"}],"version-history":[{"count":5,"href":"https:\/\/www.naturparkmagazin.de\/nossentiner-schwinzer-heide\/wp-json\/wp\/v2\/posts\/1732\/revisions"}],"predecessor-version":[{"id":1760,"href":"https:\/\/www.naturparkmagazin.de\/nossentiner-schwinzer-heide\/wp-json\/wp\/v2\/posts\/1732\/revisions\/1760"}],"wp:featuredmedia":[{"embeddable":true,"href":"https:\/\/www.naturparkmagazin.de\/nossentiner-schwinzer-heide\/wp-json\/wp\/v2\/media\/1724"}],"wp:attachment":[{"href":"https:\/\/www.naturparkmagazin.de\/nossentiner-schwinzer-heide\/wp-json\/wp\/v2\/media?parent=1732"}],"wp:term":[{"taxonomy":"category","embeddable":true,"href":"https:\/\/www.naturparkmagazin.de\/nossentiner-schwinzer-heide\/wp-json\/wp\/v2\/categories?post=1732"},{"taxonomy":"post_tag","embeddable":true,"href":"https:\/\/www.naturparkmagazin.de\/nossentiner-schwinzer-heide\/wp-json\/wp\/v2\/tags?post=1732"}],"curies":[{"name":"wp","href":"https:\/\/api.w.org\/{rel}","templated":true}]}}