{"id":1776,"date":"2018-01-24T08:19:06","date_gmt":"2018-01-24T07:19:06","guid":{"rendered":"http:\/\/www.naturparkmagazin.de\/nossentiner-schwinzer-heide\/?p=1776"},"modified":"2018-01-24T08:19:06","modified_gmt":"2018-01-24T07:19:06","slug":"dr-haenel-zu-besuch-im-naturpark-nossentinerschwinzer-heide","status":"publish","type":"post","link":"https:\/\/www.naturparkmagazin.de\/nossentiner-schwinzer-heide\/dr-haenel-zu-besuch-im-naturpark-nossentinerschwinzer-heide\/","title":{"rendered":"Dr. H\u00e4nel zu Besuch im Naturpark Nossentiner\/Schwinzer Heide"},"content":{"rendered":"<p>Am 19. und 20. Januar war Dr. Andreas H\u00e4nel, Direktor im Planetarium Osnabr\u00fcck, bei uns zu Gast im Naturpark. Zusammen mit Peter Schmidt, wissenschaftlicher Mitarbeiter im Dynamic Light Projekt der Hochschule Wismar, haben wir uns die Beleuchtungssituation im Naturpark Nossentiner\/Schwinzer Heide angeschaut. Eine der wichtigsten Voraussetzungen f\u00fcr die Ausweisung eines Sternenparks ist, dass die Beleuchtung im \u00f6ffentlichen Stra\u00dfenraum den hohen Anforderungen der IDA (International Dark Sky Association) gen\u00fcgt. Die Rundreise hat klar gezeigt, dass wir im Naturpark Nossentiner\/Schwinzer Heide hier noch ganz am Anfang stehen. Insbesondere bei der Abstrahlung der Stra\u00dfenbeleuchtung in den Sternenhimmel existiert noch gro\u00dfer Nachholebedarf. Selbst bei neu errichteten Stra\u00dfenlampen, die im Zuge der Umstellung der Lampen von Quecksilber-Dampflampen auf LED wie in der Stadt Goldberg neu errichtet wurden, wurde darauf keinen Wert gelegt.<\/p>\n<p>&nbsp;<\/p>\n<div id=\"attachment_1779\" style=\"width: 630px\" class=\"wp-caption alignnone\"><a href=\"https:\/\/www.naturparkmagazin.de\/nossentiner-schwinzer-heide\/wp-content\/uploads\/sites\/28\/Woosten.jpg\"><img aria-describedby=\"caption-attachment-1779\" decoding=\"async\" loading=\"lazy\" class=\"wp-image-1779 size-medium\" src=\"https:\/\/www.naturparkmagazin.de\/nossentiner-schwinzer-heide\/wp-content\/uploads\/sites\/28\/Woosten-620x414.jpg\" alt=\"\" width=\"620\" height=\"414\" srcset=\"https:\/\/www.naturparkmagazin.de\/nossentiner-schwinzer-heide\/wp-content\/uploads\/sites\/28\/Woosten-620x414.jpg 620w, https:\/\/www.naturparkmagazin.de\/nossentiner-schwinzer-heide\/wp-content\/uploads\/sites\/28\/Woosten-300x200.jpg 300w, https:\/\/www.naturparkmagazin.de\/nossentiner-schwinzer-heide\/wp-content\/uploads\/sites\/28\/Woosten-940x627.jpg 940w, https:\/\/www.naturparkmagazin.de\/nossentiner-schwinzer-heide\/wp-content\/uploads\/sites\/28\/Woosten-670x447.jpg 670w, https:\/\/www.naturparkmagazin.de\/nossentiner-schwinzer-heide\/wp-content\/uploads\/sites\/28\/Woosten-200x133.jpg 200w, https:\/\/www.naturparkmagazin.de\/nossentiner-schwinzer-heide\/wp-content\/uploads\/sites\/28\/Woosten.jpg 1000w\" sizes=\"(max-width: 620px) 100vw, 620px\" \/><\/a><p id=\"caption-attachment-1779\" class=\"wp-caption-text\">Diese Stra\u00dfenbeleuchtung strahlt in alle Richtungen ab, anstatt nur die Stra\u00dfe zu beleuchten.<\/p><\/div>\n<p>&nbsp;<\/p>\n<p>Die wichtigsten Aufgaben, die noch zu l\u00f6sen sind, hat Dr. H\u00e4nel kurz zusammengefasst:<\/p>\n<p>Notwendig ist eine konforme \u00f6ffentliche Beleuchtung im Naturpark:<\/p>\n<ul>\n<li>Voll abgeschirmt (vorzugsweise Lichtst\u00e4rkeklasse G6)<\/li>\n<li>Niedriges Beleuchtungsniveau (nicht heller als bisher)<\/li>\n<li>bedarfsorientierte Beleuchtung (Reduzierung um 70%, zeitweiliges Abschalten, Anschalten nach Anruf wie bspw. in Gro\u00df Grabow, Anschalten mit Bewegungsmelder)<\/li>\n<li>geringe Blauanteile (max. 3000 K)<\/li>\n<li>Anstrahlung im Kloster Dobbertin reduzieren<\/li>\n<\/ul>\n<p>Ist-Zustand: nur nicht-konforme Beleuchtung:<\/p>\n<ul>\n<li>sehr unterschiedliche Beleuchtungssniveaus<\/li>\n<li>schlechte Lichtlenkung, trotz energieeffizienter Leuchtmittel<\/li>\n<li>LED-Leuchten mit 4000 K (statt max. 3000 K)<\/li>\n<\/ul>\n<div id=\"attachment_1778\" style=\"width: 630px\" class=\"wp-caption alignnone\"><a href=\"https:\/\/www.naturparkmagazin.de\/nossentiner-schwinzer-heide\/wp-content\/uploads\/sites\/28\/Messung.jpg\"><img aria-describedby=\"caption-attachment-1778\" decoding=\"async\" loading=\"lazy\" class=\"wp-image-1778 size-medium\" src=\"https:\/\/www.naturparkmagazin.de\/nossentiner-schwinzer-heide\/wp-content\/uploads\/sites\/28\/Messung-620x414.jpg\" alt=\"Messung\" width=\"620\" height=\"414\" srcset=\"https:\/\/www.naturparkmagazin.de\/nossentiner-schwinzer-heide\/wp-content\/uploads\/sites\/28\/Messung-620x414.jpg 620w, https:\/\/www.naturparkmagazin.de\/nossentiner-schwinzer-heide\/wp-content\/uploads\/sites\/28\/Messung-300x200.jpg 300w, https:\/\/www.naturparkmagazin.de\/nossentiner-schwinzer-heide\/wp-content\/uploads\/sites\/28\/Messung-940x627.jpg 940w, https:\/\/www.naturparkmagazin.de\/nossentiner-schwinzer-heide\/wp-content\/uploads\/sites\/28\/Messung-670x447.jpg 670w, https:\/\/www.naturparkmagazin.de\/nossentiner-schwinzer-heide\/wp-content\/uploads\/sites\/28\/Messung-200x133.jpg 200w, https:\/\/www.naturparkmagazin.de\/nossentiner-schwinzer-heide\/wp-content\/uploads\/sites\/28\/Messung.jpg 1000w\" sizes=\"(max-width: 620px) 100vw, 620px\" \/><\/a><p id=\"caption-attachment-1778\" class=\"wp-caption-text\">Dr. H\u00e4nel und Dr. Labuda w\u00e4hrend der n\u00e4chtlichen Messungen<\/p><\/div>\n<p>Bis jetzt konnten wir eine ganze Reihe von Aufgaben beenden, wie z.B. Messungen der Helligkeit des Nachthimmels und \u00d6ffentlichkeitsarbeit. Hierf\u00fcr wurden mehrere Informations-Materialien ausgearbeitet, u. a. drei Brosch\u00fcren zu den Themen k\u00fcnstliches Licht, korrekte \u00f6ffentliche Beleuchtung,\u00a0Lichtverschmutzung und nachtaktive Tiere. Geplant sind auch \u00f6ffentlich zug\u00e4ngliche Beobachtungspl\u00e4tze, von welchen man den Sternenhimmel ungest\u00f6rt beobachten kann.<\/p>\n<p>In Kooperation mit Dr. H\u00e4nel wird der Naturpark einen Antrag auf vorl\u00e4ufige Anerkennung als Sternenpark bei der IDA einreichen. In den folgenden Jahren muss dann die \u00f6ffentliche Beleuchtung schrittweise den Anforderungen angepasst werden.<\/p>\n<p>&nbsp;<\/p>\n<div id=\"attachment_1777\" style=\"width: 630px\" class=\"wp-caption alignnone\"><a href=\"https:\/\/www.naturparkmagazin.de\/nossentiner-schwinzer-heide\/wp-content\/uploads\/sites\/28\/IMG_8675a.jpg\"><img aria-describedby=\"caption-attachment-1777\" decoding=\"async\" loading=\"lazy\" class=\"wp-image-1777 size-medium\" src=\"https:\/\/www.naturparkmagazin.de\/nossentiner-schwinzer-heide\/wp-content\/uploads\/sites\/28\/IMG_8675a-620x414.jpg\" alt=\"IMG_8675a\" width=\"620\" height=\"414\" srcset=\"https:\/\/www.naturparkmagazin.de\/nossentiner-schwinzer-heide\/wp-content\/uploads\/sites\/28\/IMG_8675a-620x414.jpg 620w, https:\/\/www.naturparkmagazin.de\/nossentiner-schwinzer-heide\/wp-content\/uploads\/sites\/28\/IMG_8675a-300x200.jpg 300w, https:\/\/www.naturparkmagazin.de\/nossentiner-schwinzer-heide\/wp-content\/uploads\/sites\/28\/IMG_8675a-940x627.jpg 940w, https:\/\/www.naturparkmagazin.de\/nossentiner-schwinzer-heide\/wp-content\/uploads\/sites\/28\/IMG_8675a-670x447.jpg 670w, https:\/\/www.naturparkmagazin.de\/nossentiner-schwinzer-heide\/wp-content\/uploads\/sites\/28\/IMG_8675a-200x133.jpg 200w, https:\/\/www.naturparkmagazin.de\/nossentiner-schwinzer-heide\/wp-content\/uploads\/sites\/28\/IMG_8675a.jpg 1000w\" sizes=\"(max-width: 620px) 100vw, 620px\" \/><\/a><p id=\"caption-attachment-1777\" class=\"wp-caption-text\">Messung der Lampen<\/p><\/div>\n<p>&nbsp;<\/p>\n<p>&nbsp;<\/p>\n","protected":false},"excerpt":{"rendered":"<p>Am 19. und 20. Januar war Dr. Andreas H\u00e4nel, Direktor im Planetarium Osnabr\u00fcck, bei uns zu Gast im Naturpark. Zusammen mit Peter Schmidt, wissenschaftlicher Mitarbeiter im Dynamic Light Projekt der Hochschule Wismar, haben wir uns die Beleuchtungssituation im Naturpark Nossentiner\/Schwinzer Heide angeschaut. Eine der wichtigsten Voraussetzungen f\u00fcr die Ausweisung eines Sternenparks ist, dass die Beleuchtung<\/p>\n","protected":false},"author":28,"featured_media":1777,"comment_status":"open","ping_status":"open","sticky":false,"template":"","format":"standard","meta":[],"categories":[7],"tags":[1069],"yoast_head":"<!-- This site is optimized with the Yoast SEO plugin v19.10 - https:\/\/yoast.com\/wordpress\/plugins\/seo\/ -->\n<title>Dr. H\u00e4nel zu Besuch im Naturpark Nossentiner\/Schwinzer Heide - Naturpark Nossentiner\/Schwinzer Heide<\/title>\n<meta name=\"robots\" content=\"index, follow, max-snippet:-1, max-image-preview:large, max-video-preview:-1\" \/>\n<link rel=\"canonical\" href=\"https:\/\/www.naturparkmagazin.de\/nossentiner-schwinzer-heide\/dr-haenel-zu-besuch-im-naturpark-nossentinerschwinzer-heide\/\" \/>\n<meta property=\"og:locale\" content=\"de_DE\" \/>\n<meta property=\"og:type\" content=\"article\" \/>\n<meta property=\"og:title\" content=\"Dr. H\u00e4nel zu Besuch im Naturpark Nossentiner\/Schwinzer Heide - Naturpark Nossentiner\/Schwinzer Heide\" \/>\n<meta property=\"og:description\" content=\"Am 19. und 20. Januar war Dr. Andreas H\u00e4nel, Direktor im Planetarium Osnabr\u00fcck, bei uns zu Gast im Naturpark. Zusammen mit Peter Schmidt, wissenschaftlicher Mitarbeiter im Dynamic Light Projekt der Hochschule Wismar, haben wir uns die Beleuchtungssituation im Naturpark Nossentiner\/Schwinzer Heide angeschaut. Eine der wichtigsten Voraussetzungen f\u00fcr die Ausweisung eines Sternenparks ist, dass die Beleuchtung\" \/>\n<meta property=\"og:url\" content=\"https:\/\/www.naturparkmagazin.de\/nossentiner-schwinzer-heide\/dr-haenel-zu-besuch-im-naturpark-nossentinerschwinzer-heide\/\" \/>\n<meta property=\"og:site_name\" content=\"Naturpark Nossentiner\/Schwinzer Heide\" \/>\n<meta property=\"article:published_time\" content=\"2018-01-24T07:19:06+00:00\" \/>\n<meta property=\"og:image\" content=\"https:\/\/www.naturparkmagazin.de\/nossentiner-schwinzer-heide\/wp-content\/uploads\/sites\/28\/IMG_8675a.jpg\" \/>\n\t<meta property=\"og:image:width\" content=\"1000\" \/>\n\t<meta property=\"og:image:height\" content=\"667\" \/>\n\t<meta property=\"og:image:type\" content=\"image\/jpeg\" \/>\n<meta name=\"twitter:label1\" content=\"Verfasst von\" \/>\n\t<meta name=\"twitter:data1\" content=\"\" \/>\n\t<meta name=\"twitter:label2\" content=\"Gesch\u00e4tzte Lesezeit\" \/>\n\t<meta name=\"twitter:data2\" content=\"2\u00a0Minuten\" \/>\n<script type=\"application\/ld+json\" class=\"yoast-schema-graph\">{\"@context\":\"https:\/\/schema.org\",\"@graph\":[{\"@type\":\"WebPage\",\"@id\":\"https:\/\/www.naturparkmagazin.de\/nossentiner-schwinzer-heide\/dr-haenel-zu-besuch-im-naturpark-nossentinerschwinzer-heide\/\",\"url\":\"https:\/\/www.naturparkmagazin.de\/nossentiner-schwinzer-heide\/dr-haenel-zu-besuch-im-naturpark-nossentinerschwinzer-heide\/\",\"name\":\"Dr. H\u00e4nel zu Besuch im Naturpark Nossentiner\/Schwinzer Heide - Naturpark Nossentiner\/Schwinzer Heide\",\"isPartOf\":{\"@id\":\"https:\/\/www.naturparkmagazin.de\/nossentiner-schwinzer-heide\/#website\"},\"datePublished\":\"2018-01-24T07:19:06+00:00\",\"dateModified\":\"2018-01-24T07:19:06+00:00\",\"author\":{\"@id\":\"\"},\"breadcrumb\":{\"@id\":\"https:\/\/www.naturparkmagazin.de\/nossentiner-schwinzer-heide\/dr-haenel-zu-besuch-im-naturpark-nossentinerschwinzer-heide\/#breadcrumb\"},\"inLanguage\":\"de\",\"potentialAction\":[{\"@type\":\"ReadAction\",\"target\":[\"https:\/\/www.naturparkmagazin.de\/nossentiner-schwinzer-heide\/dr-haenel-zu-besuch-im-naturpark-nossentinerschwinzer-heide\/\"]}]},{\"@type\":\"BreadcrumbList\",\"@id\":\"https:\/\/www.naturparkmagazin.de\/nossentiner-schwinzer-heide\/dr-haenel-zu-besuch-im-naturpark-nossentinerschwinzer-heide\/#breadcrumb\",\"itemListElement\":[{\"@type\":\"ListItem\",\"position\":1,\"name\":\"Home\",\"item\":\"https:\/\/www.naturparkmagazin.de\/nossentiner-schwinzer-heide\/\"},{\"@type\":\"ListItem\",\"position\":2,\"name\":\"Dr. H\u00e4nel zu Besuch im Naturpark Nossentiner\/Schwinzer Heide\"}]},{\"@type\":\"WebSite\",\"@id\":\"https:\/\/www.naturparkmagazin.de\/nossentiner-schwinzer-heide\/#website\",\"url\":\"https:\/\/www.naturparkmagazin.de\/nossentiner-schwinzer-heide\/\",\"name\":\"Naturpark Nossentiner\/Schwinzer Heide\",\"description\":\"\",\"potentialAction\":[{\"@type\":\"SearchAction\",\"target\":{\"@type\":\"EntryPoint\",\"urlTemplate\":\"https:\/\/www.naturparkmagazin.de\/nossentiner-schwinzer-heide\/?s={search_term_string}\"},\"query-input\":\"required name=search_term_string\"}],\"inLanguage\":\"de\"},{\"@type\":\"Person\",\"@id\":\"\",\"url\":\"https:\/\/www.naturparkmagazin.de\/nossentiner-schwinzer-heide\/author\/\"}]}<\/script>\n<!-- \/ Yoast SEO plugin. -->","yoast_head_json":{"title":"Dr. H\u00e4nel zu Besuch im Naturpark Nossentiner\/Schwinzer Heide - Naturpark Nossentiner\/Schwinzer Heide","robots":{"index":"index","follow":"follow","max-snippet":"max-snippet:-1","max-image-preview":"max-image-preview:large","max-video-preview":"max-video-preview:-1"},"canonical":"https:\/\/www.naturparkmagazin.de\/nossentiner-schwinzer-heide\/dr-haenel-zu-besuch-im-naturpark-nossentinerschwinzer-heide\/","og_locale":"de_DE","og_type":"article","og_title":"Dr. H\u00e4nel zu Besuch im Naturpark Nossentiner\/Schwinzer Heide - Naturpark Nossentiner\/Schwinzer Heide","og_description":"Am 19. und 20. Januar war Dr. Andreas H\u00e4nel, Direktor im Planetarium Osnabr\u00fcck, bei uns zu Gast im Naturpark. Zusammen mit Peter Schmidt, wissenschaftlicher Mitarbeiter im Dynamic Light Projekt der Hochschule Wismar, haben wir uns die Beleuchtungssituation im Naturpark Nossentiner\/Schwinzer Heide angeschaut. Eine der wichtigsten Voraussetzungen f\u00fcr die Ausweisung eines Sternenparks ist, dass die Beleuchtung","og_url":"https:\/\/www.naturparkmagazin.de\/nossentiner-schwinzer-heide\/dr-haenel-zu-besuch-im-naturpark-nossentinerschwinzer-heide\/","og_site_name":"Naturpark Nossentiner\/Schwinzer Heide","article_published_time":"2018-01-24T07:19:06+00:00","og_image":[{"width":1000,"height":667,"url":"https:\/\/www.naturparkmagazin.de\/nossentiner-schwinzer-heide\/wp-content\/uploads\/sites\/28\/IMG_8675a.jpg","type":"image\/jpeg"}],"twitter_misc":{"Verfasst von":"","Gesch\u00e4tzte Lesezeit":"2\u00a0Minuten"},"schema":{"@context":"https:\/\/schema.org","@graph":[{"@type":"WebPage","@id":"https:\/\/www.naturparkmagazin.de\/nossentiner-schwinzer-heide\/dr-haenel-zu-besuch-im-naturpark-nossentinerschwinzer-heide\/","url":"https:\/\/www.naturparkmagazin.de\/nossentiner-schwinzer-heide\/dr-haenel-zu-besuch-im-naturpark-nossentinerschwinzer-heide\/","name":"Dr. H\u00e4nel zu Besuch im Naturpark Nossentiner\/Schwinzer Heide - Naturpark Nossentiner\/Schwinzer Heide","isPartOf":{"@id":"https:\/\/www.naturparkmagazin.de\/nossentiner-schwinzer-heide\/#website"},"datePublished":"2018-01-24T07:19:06+00:00","dateModified":"2018-01-24T07:19:06+00:00","author":{"@id":""},"breadcrumb":{"@id":"https:\/\/www.naturparkmagazin.de\/nossentiner-schwinzer-heide\/dr-haenel-zu-besuch-im-naturpark-nossentinerschwinzer-heide\/#breadcrumb"},"inLanguage":"de","potentialAction":[{"@type":"ReadAction","target":["https:\/\/www.naturparkmagazin.de\/nossentiner-schwinzer-heide\/dr-haenel-zu-besuch-im-naturpark-nossentinerschwinzer-heide\/"]}]},{"@type":"BreadcrumbList","@id":"https:\/\/www.naturparkmagazin.de\/nossentiner-schwinzer-heide\/dr-haenel-zu-besuch-im-naturpark-nossentinerschwinzer-heide\/#breadcrumb","itemListElement":[{"@type":"ListItem","position":1,"name":"Home","item":"https:\/\/www.naturparkmagazin.de\/nossentiner-schwinzer-heide\/"},{"@type":"ListItem","position":2,"name":"Dr. H\u00e4nel zu Besuch im Naturpark Nossentiner\/Schwinzer Heide"}]},{"@type":"WebSite","@id":"https:\/\/www.naturparkmagazin.de\/nossentiner-schwinzer-heide\/#website","url":"https:\/\/www.naturparkmagazin.de\/nossentiner-schwinzer-heide\/","name":"Naturpark Nossentiner\/Schwinzer Heide","description":"","potentialAction":[{"@type":"SearchAction","target":{"@type":"EntryPoint","urlTemplate":"https:\/\/www.naturparkmagazin.de\/nossentiner-schwinzer-heide\/?s={search_term_string}"},"query-input":"required name=search_term_string"}],"inLanguage":"de"},{"@type":"Person","@id":"","url":"https:\/\/www.naturparkmagazin.de\/nossentiner-schwinzer-heide\/author\/"}]}},"_links":{"self":[{"href":"https:\/\/www.naturparkmagazin.de\/nossentiner-schwinzer-heide\/wp-json\/wp\/v2\/posts\/1776"}],"collection":[{"href":"https:\/\/www.naturparkmagazin.de\/nossentiner-schwinzer-heide\/wp-json\/wp\/v2\/posts"}],"about":[{"href":"https:\/\/www.naturparkmagazin.de\/nossentiner-schwinzer-heide\/wp-json\/wp\/v2\/types\/post"}],"author":[{"embeddable":true,"href":"https:\/\/www.naturparkmagazin.de\/nossentiner-schwinzer-heide\/wp-json\/wp\/v2\/users\/28"}],"replies":[{"embeddable":true,"href":"https:\/\/www.naturparkmagazin.de\/nossentiner-schwinzer-heide\/wp-json\/wp\/v2\/comments?post=1776"}],"version-history":[{"count":6,"href":"https:\/\/www.naturparkmagazin.de\/nossentiner-schwinzer-heide\/wp-json\/wp\/v2\/posts\/1776\/revisions"}],"predecessor-version":[{"id":1785,"href":"https:\/\/www.naturparkmagazin.de\/nossentiner-schwinzer-heide\/wp-json\/wp\/v2\/posts\/1776\/revisions\/1785"}],"wp:featuredmedia":[{"embeddable":true,"href":"https:\/\/www.naturparkmagazin.de\/nossentiner-schwinzer-heide\/wp-json\/wp\/v2\/media\/1777"}],"wp:attachment":[{"href":"https:\/\/www.naturparkmagazin.de\/nossentiner-schwinzer-heide\/wp-json\/wp\/v2\/media?parent=1776"}],"wp:term":[{"taxonomy":"category","embeddable":true,"href":"https:\/\/www.naturparkmagazin.de\/nossentiner-schwinzer-heide\/wp-json\/wp\/v2\/categories?post=1776"},{"taxonomy":"post_tag","embeddable":true,"href":"https:\/\/www.naturparkmagazin.de\/nossentiner-schwinzer-heide\/wp-json\/wp\/v2\/tags?post=1776"}],"curies":[{"name":"wp","href":"https:\/\/api.w.org\/{rel}","templated":true}]}}