{"id":1814,"date":"2018-02-22T08:39:39","date_gmt":"2018-02-22T07:39:39","guid":{"rendered":"http:\/\/www.naturparkmagazin.de\/nossentiner-schwinzer-heide\/?p=1814"},"modified":"2018-02-22T08:42:03","modified_gmt":"2018-02-22T07:42:03","slug":"vortrag-mit-dem-bus-ueber-den-balkan","status":"publish","type":"post","link":"https:\/\/www.naturparkmagazin.de\/nossentiner-schwinzer-heide\/vortrag-mit-dem-bus-ueber-den-balkan\/","title":{"rendered":"Vortrag &#8222;Mit dem Bus \u00fcber den Balkan&#8220;"},"content":{"rendered":"<p>Am Mittwoch, 14.03.2018, findet um 19 Uhr im Kultur- und Informationszentrum Karower Meiler ein weiterer Vortrag im Rahmen des Veranstaltungsprogramms des Naturparks Nossentiner\/Schwinzer Heide statt. Referent ist J\u00f6rg Gast aus Passow. \u201eMit dem Bus \u00fcber den Balkan\u201c ist der Titel seiner neuen Multimedia-Pr\u00e4sentation, die hier erstmals gezeigt wird.<\/p>\n<p><a href=\"https:\/\/www.naturparkmagazin.de\/nossentiner-schwinzer-heide\/wp-content\/uploads\/sites\/28\/20170913-DSC_6694.jpg\"><img decoding=\"async\" loading=\"lazy\" class=\"alignnone size-medium wp-image-1815\" src=\"https:\/\/www.naturparkmagazin.de\/nossentiner-schwinzer-heide\/wp-content\/uploads\/sites\/28\/20170913-DSC_6694-620x414.jpg\" alt=\"20170913-DSC_6694\" width=\"620\" height=\"414\" srcset=\"https:\/\/www.naturparkmagazin.de\/nossentiner-schwinzer-heide\/wp-content\/uploads\/sites\/28\/20170913-DSC_6694-620x414.jpg 620w, https:\/\/www.naturparkmagazin.de\/nossentiner-schwinzer-heide\/wp-content\/uploads\/sites\/28\/20170913-DSC_6694-300x200.jpg 300w, https:\/\/www.naturparkmagazin.de\/nossentiner-schwinzer-heide\/wp-content\/uploads\/sites\/28\/20170913-DSC_6694-940x627.jpg 940w, https:\/\/www.naturparkmagazin.de\/nossentiner-schwinzer-heide\/wp-content\/uploads\/sites\/28\/20170913-DSC_6694-670x447.jpg 670w, https:\/\/www.naturparkmagazin.de\/nossentiner-schwinzer-heide\/wp-content\/uploads\/sites\/28\/20170913-DSC_6694-200x133.jpg 200w, https:\/\/www.naturparkmagazin.de\/nossentiner-schwinzer-heide\/wp-content\/uploads\/sites\/28\/20170913-DSC_6694.jpg 1280w\" sizes=\"(max-width: 620px) 100vw, 620px\" \/><\/a><\/p>\n<p>Herr Gast hatte im September 2017 gemeinsam mit weiteren acht Teilnehmern aus Mecklenburg-Vorpommern die Gelegenheit, an einer Balkan-Exkursion der Naturwissenschaftlichen Fakult\u00e4t der Comenius-Universit\u00e4t Bratislava teilzunehmen. Ziele waren verschiedene Nationalparke, kulturelle und historische Sehensw\u00fcrdigkeiten, gro\u00dfe Binnenseen sowie St\u00e4dte in Bosnien und Herzegowina, Montenegro, Albanien, Mazedonien und Serbien. So besuchten die Exkursionsteilnehmer u. a. Wasserf\u00e4lle im Nationalpark Una, die Weltkulturerbest\u00e4tten \u201eAltstadt und alte Br\u00fccke Mostar\u201c (Bosnien und Herzegowina), \u201eBerat \u2013 Stadt der tausend Fenster\u201c (Albanien), die Nationalparke Durmitor (Montenegro), Theth und Dajti (Albanien), Galichica und Mavrovo (Mazedonien) sowie Djerdap (Serbien).<\/p>\n<p><a href=\"https:\/\/www.naturparkmagazin.de\/nossentiner-schwinzer-heide\/wp-content\/uploads\/sites\/28\/20170914-DSC_7173.jpg\"><img decoding=\"async\" loading=\"lazy\" class=\"alignnone size-medium wp-image-1816\" src=\"https:\/\/www.naturparkmagazin.de\/nossentiner-schwinzer-heide\/wp-content\/uploads\/sites\/28\/20170914-DSC_7173-620x414.jpg\" alt=\"20170914-DSC_7173\" width=\"620\" height=\"414\" srcset=\"https:\/\/www.naturparkmagazin.de\/nossentiner-schwinzer-heide\/wp-content\/uploads\/sites\/28\/20170914-DSC_7173-620x414.jpg 620w, https:\/\/www.naturparkmagazin.de\/nossentiner-schwinzer-heide\/wp-content\/uploads\/sites\/28\/20170914-DSC_7173-300x200.jpg 300w, https:\/\/www.naturparkmagazin.de\/nossentiner-schwinzer-heide\/wp-content\/uploads\/sites\/28\/20170914-DSC_7173-940x627.jpg 940w, https:\/\/www.naturparkmagazin.de\/nossentiner-schwinzer-heide\/wp-content\/uploads\/sites\/28\/20170914-DSC_7173-670x447.jpg 670w, https:\/\/www.naturparkmagazin.de\/nossentiner-schwinzer-heide\/wp-content\/uploads\/sites\/28\/20170914-DSC_7173-200x133.jpg 200w, https:\/\/www.naturparkmagazin.de\/nossentiner-schwinzer-heide\/wp-content\/uploads\/sites\/28\/20170914-DSC_7173.jpg 1280w\" sizes=\"(max-width: 620px) 100vw, 620px\" \/><\/a><\/p>\n<p>Informationen zur Geschichte und zur Landnutzung konnten auch auf der Festung Kruje mit dem Skanderbeg-Museum und an Ausgrabungsst\u00e4tten bei Vlore (Albanien), bei den Pfahlbauten in der \u201eKnochenbucht\u201c im Ohrid-See (Mazedonien) sowie in den Hauptst\u00e4dten von Albanien (Tirana) und Mazedonien (Skopje) gesammelt werden. Ornithologischer H\u00f6hepunkt war eine Bootsfahrt mit der Beobachtung von Pelikanen auf dem Scutari-See in Albanien.<\/p>\n<p>Interessenten an dieser virtuellen Reise \u201eMit dem Bus \u00fcber den Balkan\u201c sind herzlich eingeladen.<\/p>\n<p><a href=\"https:\/\/www.naturparkmagazin.de\/nossentiner-schwinzer-heide\/wp-content\/uploads\/sites\/28\/20170919-DSC_8740.jpg\"><img decoding=\"async\" loading=\"lazy\" class=\"alignnone size-medium wp-image-1817\" src=\"https:\/\/www.naturparkmagazin.de\/nossentiner-schwinzer-heide\/wp-content\/uploads\/sites\/28\/20170919-DSC_8740-620x414.jpg\" alt=\"20170919-DSC_8740\" width=\"620\" height=\"414\" srcset=\"https:\/\/www.naturparkmagazin.de\/nossentiner-schwinzer-heide\/wp-content\/uploads\/sites\/28\/20170919-DSC_8740-620x414.jpg 620w, https:\/\/www.naturparkmagazin.de\/nossentiner-schwinzer-heide\/wp-content\/uploads\/sites\/28\/20170919-DSC_8740-300x200.jpg 300w, https:\/\/www.naturparkmagazin.de\/nossentiner-schwinzer-heide\/wp-content\/uploads\/sites\/28\/20170919-DSC_8740-940x627.jpg 940w, https:\/\/www.naturparkmagazin.de\/nossentiner-schwinzer-heide\/wp-content\/uploads\/sites\/28\/20170919-DSC_8740-670x447.jpg 670w, https:\/\/www.naturparkmagazin.de\/nossentiner-schwinzer-heide\/wp-content\/uploads\/sites\/28\/20170919-DSC_8740-200x133.jpg 200w, https:\/\/www.naturparkmagazin.de\/nossentiner-schwinzer-heide\/wp-content\/uploads\/sites\/28\/20170919-DSC_8740.jpg 1280w\" sizes=\"(max-width: 620px) 100vw, 620px\" \/><\/a><\/p>\n","protected":false},"excerpt":{"rendered":"<p>Am Mittwoch, 14.03.2018, findet um 19 Uhr im Kultur- und Informationszentrum Karower Meiler ein weiterer Vortrag im Rahmen des Veranstaltungsprogramms des Naturparks Nossentiner\/Schwinzer Heide statt. Referent ist J\u00f6rg Gast aus Passow. \u201eMit dem Bus \u00fcber den Balkan\u201c ist der Titel seiner neuen Multimedia-Pr\u00e4sentation, die hier erstmals gezeigt wird.<\/p>\n","protected":false},"author":28,"featured_media":1817,"comment_status":"open","ping_status":"open","sticky":false,"template":"","format":"standard","meta":[],"categories":[11],"tags":[686,503],"yoast_head":"<!-- This site is optimized with the Yoast SEO plugin v19.10 - https:\/\/yoast.com\/wordpress\/plugins\/seo\/ -->\n<title>Vortrag &quot;Mit dem Bus \u00fcber den Balkan&quot; - Naturpark Nossentiner\/Schwinzer Heide<\/title>\n<meta name=\"robots\" content=\"index, follow, max-snippet:-1, max-image-preview:large, max-video-preview:-1\" \/>\n<link rel=\"canonical\" href=\"https:\/\/www.naturparkmagazin.de\/nossentiner-schwinzer-heide\/vortrag-mit-dem-bus-ueber-den-balkan\/\" \/>\n<meta property=\"og:locale\" content=\"de_DE\" \/>\n<meta property=\"og:type\" content=\"article\" \/>\n<meta property=\"og:title\" content=\"Vortrag &quot;Mit dem Bus \u00fcber den Balkan&quot; - Naturpark Nossentiner\/Schwinzer Heide\" \/>\n<meta property=\"og:description\" content=\"Am Mittwoch, 14.03.2018, findet um 19 Uhr im Kultur- und Informationszentrum Karower Meiler ein weiterer Vortrag im Rahmen des Veranstaltungsprogramms des Naturparks Nossentiner\/Schwinzer Heide statt. Referent ist J\u00f6rg Gast aus Passow. \u201eMit dem Bus \u00fcber den Balkan\u201c ist der Titel seiner neuen Multimedia-Pr\u00e4sentation, die hier erstmals gezeigt wird.\" \/>\n<meta property=\"og:url\" content=\"https:\/\/www.naturparkmagazin.de\/nossentiner-schwinzer-heide\/vortrag-mit-dem-bus-ueber-den-balkan\/\" \/>\n<meta property=\"og:site_name\" content=\"Naturpark Nossentiner\/Schwinzer Heide\" \/>\n<meta property=\"article:published_time\" content=\"2018-02-22T07:39:39+00:00\" \/>\n<meta property=\"article:modified_time\" content=\"2018-02-22T07:42:03+00:00\" \/>\n<meta property=\"og:image\" content=\"https:\/\/www.naturparkmagazin.de\/nossentiner-schwinzer-heide\/wp-content\/uploads\/sites\/28\/20170919-DSC_8740.jpg\" \/>\n\t<meta property=\"og:image:width\" content=\"1280\" \/>\n\t<meta property=\"og:image:height\" content=\"854\" \/>\n\t<meta property=\"og:image:type\" content=\"image\/jpeg\" \/>\n<meta name=\"twitter:label1\" content=\"Verfasst von\" \/>\n\t<meta name=\"twitter:data1\" content=\"\" \/>\n\t<meta name=\"twitter:label2\" content=\"Gesch\u00e4tzte Lesezeit\" \/>\n\t<meta name=\"twitter:data2\" content=\"1\u00a0Minute\" \/>\n<script type=\"application\/ld+json\" class=\"yoast-schema-graph\">{\"@context\":\"https:\/\/schema.org\",\"@graph\":[{\"@type\":\"WebPage\",\"@id\":\"https:\/\/www.naturparkmagazin.de\/nossentiner-schwinzer-heide\/vortrag-mit-dem-bus-ueber-den-balkan\/\",\"url\":\"https:\/\/www.naturparkmagazin.de\/nossentiner-schwinzer-heide\/vortrag-mit-dem-bus-ueber-den-balkan\/\",\"name\":\"Vortrag \\\"Mit dem Bus \u00fcber den Balkan\\\" - Naturpark Nossentiner\/Schwinzer Heide\",\"isPartOf\":{\"@id\":\"https:\/\/www.naturparkmagazin.de\/nossentiner-schwinzer-heide\/#website\"},\"datePublished\":\"2018-02-22T07:39:39+00:00\",\"dateModified\":\"2018-02-22T07:42:03+00:00\",\"author\":{\"@id\":\"\"},\"breadcrumb\":{\"@id\":\"https:\/\/www.naturparkmagazin.de\/nossentiner-schwinzer-heide\/vortrag-mit-dem-bus-ueber-den-balkan\/#breadcrumb\"},\"inLanguage\":\"de\",\"potentialAction\":[{\"@type\":\"ReadAction\",\"target\":[\"https:\/\/www.naturparkmagazin.de\/nossentiner-schwinzer-heide\/vortrag-mit-dem-bus-ueber-den-balkan\/\"]}]},{\"@type\":\"BreadcrumbList\",\"@id\":\"https:\/\/www.naturparkmagazin.de\/nossentiner-schwinzer-heide\/vortrag-mit-dem-bus-ueber-den-balkan\/#breadcrumb\",\"itemListElement\":[{\"@type\":\"ListItem\",\"position\":1,\"name\":\"Home\",\"item\":\"https:\/\/www.naturparkmagazin.de\/nossentiner-schwinzer-heide\/\"},{\"@type\":\"ListItem\",\"position\":2,\"name\":\"Vortrag &#8222;Mit dem Bus \u00fcber den Balkan&#8220;\"}]},{\"@type\":\"WebSite\",\"@id\":\"https:\/\/www.naturparkmagazin.de\/nossentiner-schwinzer-heide\/#website\",\"url\":\"https:\/\/www.naturparkmagazin.de\/nossentiner-schwinzer-heide\/\",\"name\":\"Naturpark Nossentiner\/Schwinzer Heide\",\"description\":\"\",\"potentialAction\":[{\"@type\":\"SearchAction\",\"target\":{\"@type\":\"EntryPoint\",\"urlTemplate\":\"https:\/\/www.naturparkmagazin.de\/nossentiner-schwinzer-heide\/?s={search_term_string}\"},\"query-input\":\"required name=search_term_string\"}],\"inLanguage\":\"de\"},{\"@type\":\"Person\",\"@id\":\"\",\"url\":\"https:\/\/www.naturparkmagazin.de\/nossentiner-schwinzer-heide\/author\/\"}]}<\/script>\n<!-- \/ Yoast SEO plugin. -->","yoast_head_json":{"title":"Vortrag \"Mit dem Bus \u00fcber den Balkan\" - Naturpark Nossentiner\/Schwinzer Heide","robots":{"index":"index","follow":"follow","max-snippet":"max-snippet:-1","max-image-preview":"max-image-preview:large","max-video-preview":"max-video-preview:-1"},"canonical":"https:\/\/www.naturparkmagazin.de\/nossentiner-schwinzer-heide\/vortrag-mit-dem-bus-ueber-den-balkan\/","og_locale":"de_DE","og_type":"article","og_title":"Vortrag \"Mit dem Bus \u00fcber den Balkan\" - Naturpark Nossentiner\/Schwinzer Heide","og_description":"Am Mittwoch, 14.03.2018, findet um 19 Uhr im Kultur- und Informationszentrum Karower Meiler ein weiterer Vortrag im Rahmen des Veranstaltungsprogramms des Naturparks Nossentiner\/Schwinzer Heide statt. Referent ist J\u00f6rg Gast aus Passow. \u201eMit dem Bus \u00fcber den Balkan\u201c ist der Titel seiner neuen Multimedia-Pr\u00e4sentation, die hier erstmals gezeigt wird.","og_url":"https:\/\/www.naturparkmagazin.de\/nossentiner-schwinzer-heide\/vortrag-mit-dem-bus-ueber-den-balkan\/","og_site_name":"Naturpark Nossentiner\/Schwinzer Heide","article_published_time":"2018-02-22T07:39:39+00:00","article_modified_time":"2018-02-22T07:42:03+00:00","og_image":[{"width":1280,"height":854,"url":"https:\/\/www.naturparkmagazin.de\/nossentiner-schwinzer-heide\/wp-content\/uploads\/sites\/28\/20170919-DSC_8740.jpg","type":"image\/jpeg"}],"twitter_misc":{"Verfasst von":"","Gesch\u00e4tzte Lesezeit":"1\u00a0Minute"},"schema":{"@context":"https:\/\/schema.org","@graph":[{"@type":"WebPage","@id":"https:\/\/www.naturparkmagazin.de\/nossentiner-schwinzer-heide\/vortrag-mit-dem-bus-ueber-den-balkan\/","url":"https:\/\/www.naturparkmagazin.de\/nossentiner-schwinzer-heide\/vortrag-mit-dem-bus-ueber-den-balkan\/","name":"Vortrag \"Mit dem Bus \u00fcber den Balkan\" - Naturpark Nossentiner\/Schwinzer Heide","isPartOf":{"@id":"https:\/\/www.naturparkmagazin.de\/nossentiner-schwinzer-heide\/#website"},"datePublished":"2018-02-22T07:39:39+00:00","dateModified":"2018-02-22T07:42:03+00:00","author":{"@id":""},"breadcrumb":{"@id":"https:\/\/www.naturparkmagazin.de\/nossentiner-schwinzer-heide\/vortrag-mit-dem-bus-ueber-den-balkan\/#breadcrumb"},"inLanguage":"de","potentialAction":[{"@type":"ReadAction","target":["https:\/\/www.naturparkmagazin.de\/nossentiner-schwinzer-heide\/vortrag-mit-dem-bus-ueber-den-balkan\/"]}]},{"@type":"BreadcrumbList","@id":"https:\/\/www.naturparkmagazin.de\/nossentiner-schwinzer-heide\/vortrag-mit-dem-bus-ueber-den-balkan\/#breadcrumb","itemListElement":[{"@type":"ListItem","position":1,"name":"Home","item":"https:\/\/www.naturparkmagazin.de\/nossentiner-schwinzer-heide\/"},{"@type":"ListItem","position":2,"name":"Vortrag &#8222;Mit dem Bus \u00fcber den Balkan&#8220;"}]},{"@type":"WebSite","@id":"https:\/\/www.naturparkmagazin.de\/nossentiner-schwinzer-heide\/#website","url":"https:\/\/www.naturparkmagazin.de\/nossentiner-schwinzer-heide\/","name":"Naturpark Nossentiner\/Schwinzer Heide","description":"","potentialAction":[{"@type":"SearchAction","target":{"@type":"EntryPoint","urlTemplate":"https:\/\/www.naturparkmagazin.de\/nossentiner-schwinzer-heide\/?s={search_term_string}"},"query-input":"required name=search_term_string"}],"inLanguage":"de"},{"@type":"Person","@id":"","url":"https:\/\/www.naturparkmagazin.de\/nossentiner-schwinzer-heide\/author\/"}]}},"_links":{"self":[{"href":"https:\/\/www.naturparkmagazin.de\/nossentiner-schwinzer-heide\/wp-json\/wp\/v2\/posts\/1814"}],"collection":[{"href":"https:\/\/www.naturparkmagazin.de\/nossentiner-schwinzer-heide\/wp-json\/wp\/v2\/posts"}],"about":[{"href":"https:\/\/www.naturparkmagazin.de\/nossentiner-schwinzer-heide\/wp-json\/wp\/v2\/types\/post"}],"author":[{"embeddable":true,"href":"https:\/\/www.naturparkmagazin.de\/nossentiner-schwinzer-heide\/wp-json\/wp\/v2\/users\/28"}],"replies":[{"embeddable":true,"href":"https:\/\/www.naturparkmagazin.de\/nossentiner-schwinzer-heide\/wp-json\/wp\/v2\/comments?post=1814"}],"version-history":[{"count":3,"href":"https:\/\/www.naturparkmagazin.de\/nossentiner-schwinzer-heide\/wp-json\/wp\/v2\/posts\/1814\/revisions"}],"predecessor-version":[{"id":1820,"href":"https:\/\/www.naturparkmagazin.de\/nossentiner-schwinzer-heide\/wp-json\/wp\/v2\/posts\/1814\/revisions\/1820"}],"wp:featuredmedia":[{"embeddable":true,"href":"https:\/\/www.naturparkmagazin.de\/nossentiner-schwinzer-heide\/wp-json\/wp\/v2\/media\/1817"}],"wp:attachment":[{"href":"https:\/\/www.naturparkmagazin.de\/nossentiner-schwinzer-heide\/wp-json\/wp\/v2\/media?parent=1814"}],"wp:term":[{"taxonomy":"category","embeddable":true,"href":"https:\/\/www.naturparkmagazin.de\/nossentiner-schwinzer-heide\/wp-json\/wp\/v2\/categories?post=1814"},{"taxonomy":"post_tag","embeddable":true,"href":"https:\/\/www.naturparkmagazin.de\/nossentiner-schwinzer-heide\/wp-json\/wp\/v2\/tags?post=1814"}],"curies":[{"name":"wp","href":"https:\/\/api.w.org\/{rel}","templated":true}]}}