{"id":186,"date":"2013-07-24T17:05:49","date_gmt":"2013-07-24T15:05:49","guid":{"rendered":"http:\/\/www.naturparkmagazin.de\/nossentiner-schwinzer-heide\/?p=186"},"modified":"2013-07-24T17:05:49","modified_gmt":"2013-07-24T15:05:49","slug":"fledermausforschung-um-wooster-teerofen","status":"publish","type":"post","link":"https:\/\/www.naturparkmagazin.de\/nossentiner-schwinzer-heide\/fledermausforschung-um-wooster-teerofen\/","title":{"rendered":"Fledermausforschung um Wooster Teerofen"},"content":{"rendered":"<p>Das traditionelle Fledermausworkcamp in Wooster Teerofen war wieder ein gro\u00dfer Erfolg.<\/p>\n<p>Forscher aus Th\u00fcringen haben in den letzten zwei Juliwochen rund um Wooster Teerofen (Landkreis Ludwigslust-Parchim) eine Reihe von Untersuchungen an Flederm\u00e4usen durchgef\u00fchrt. Eine Woche gaben sie ihre Erfahrungen und Kenntnisse auch an neun Studenten der Universit\u00e4t Greifswald weiter. Unter Leitung von Prof. Gerald Kerth, selbst anerkannter Fledermausspezialist, f\u00fchrten die Studenten ihr Fledermauspraktikum ebenfalls in Wooster Teerofen durch. Dabei ging es insbesondere um Arbeitstechniken und Methoden in der Forschung und zum Schutz der Flederm\u00e4use. Die Studenten lernten den Fang von Flederm\u00e4usen mittels Netzen, den Abfang aus K\u00e4sten, die Beringung, die Besenderung, die Detektorkartierung und die Dokumentation\u00a0kennen. Mittels Telemetrie konnten die vorher markierten Tiere in den verschiedenen Lebensr\u00e4umen und Quartieren nachgewiesen werden. Insgesamt wurden in den zwei Wochen\u00a0mehrere hundert Flederm\u00e4use in sieben verschiedenen Arten gefangen, markiert und dokumentiert. Insbesondere waren dies die Rauhautfledermaus, die Fransenfledermaus, die Zwergfledermaus, die M\u00fcckenfledermaus und die Wasserfledermaus.<\/p>\n<p>Die Th\u00fcringer Spezialisten kommen nun schon fast 30 Jahre nach Wooster Teeofen, um hier die im Wald lebenden Arten zu untersuchen. In diesem Jahr konnte das Camp noch nicht in der neuen Naturschutzstation des F\u00f6rdervereins Naturpark Nossentiner\/Schwinzer Heide e.V. durchgef\u00fchrt werden. Ziel ist es aber, dieses\u00a0Objekt im Jahr 2014, zum n\u00e4chsten Fledermausworkcamp, \u00a0als Basisstation zu nutzen.<\/p>\n","protected":false},"excerpt":{"rendered":"<p>Das traditionelle Fledermausworkcamp in Wooster Teerofen war wieder ein gro\u00dfer Erfolg. Forscher aus Th\u00fcringen haben in den letzten zwei Juliwochen rund um Wooster Teerofen (Landkreis Ludwigslust-Parchim) eine Reihe von Untersuchungen an Flederm\u00e4usen durchgef\u00fchrt. Eine Woche gaben sie ihre Erfahrungen und Kenntnisse auch an neun Studenten der Universit\u00e4t Greifswald weiter. Unter Leitung von Prof. Gerald Kerth,<\/p>\n","protected":false},"author":28,"featured_media":0,"comment_status":"open","ping_status":"open","sticky":false,"template":"","format":"standard","meta":[],"categories":[7],"tags":[],"yoast_head":"<!-- This site is optimized with the Yoast SEO plugin v19.10 - https:\/\/yoast.com\/wordpress\/plugins\/seo\/ -->\n<title>Fledermausforschung um Wooster Teerofen - Naturpark Nossentiner\/Schwinzer Heide<\/title>\n<meta name=\"robots\" content=\"index, follow, max-snippet:-1, max-image-preview:large, max-video-preview:-1\" \/>\n<link rel=\"canonical\" href=\"https:\/\/www.naturparkmagazin.de\/nossentiner-schwinzer-heide\/fledermausforschung-um-wooster-teerofen\/\" \/>\n<meta property=\"og:locale\" content=\"de_DE\" \/>\n<meta property=\"og:type\" content=\"article\" \/>\n<meta property=\"og:title\" content=\"Fledermausforschung um Wooster Teerofen - Naturpark Nossentiner\/Schwinzer Heide\" \/>\n<meta property=\"og:description\" content=\"Das traditionelle Fledermausworkcamp in Wooster Teerofen war wieder ein gro\u00dfer Erfolg. Forscher aus Th\u00fcringen haben in den letzten zwei Juliwochen rund um Wooster Teerofen (Landkreis Ludwigslust-Parchim) eine Reihe von Untersuchungen an Flederm\u00e4usen durchgef\u00fchrt. Eine Woche gaben sie ihre Erfahrungen und Kenntnisse auch an neun Studenten der Universit\u00e4t Greifswald weiter. Unter Leitung von Prof. Gerald Kerth,\" \/>\n<meta property=\"og:url\" content=\"https:\/\/www.naturparkmagazin.de\/nossentiner-schwinzer-heide\/fledermausforschung-um-wooster-teerofen\/\" \/>\n<meta property=\"og:site_name\" content=\"Naturpark Nossentiner\/Schwinzer Heide\" \/>\n<meta property=\"article:published_time\" content=\"2013-07-24T15:05:49+00:00\" \/>\n<meta name=\"twitter:label1\" content=\"Verfasst von\" \/>\n\t<meta name=\"twitter:data1\" content=\"\" \/>\n\t<meta name=\"twitter:label2\" content=\"Gesch\u00e4tzte Lesezeit\" \/>\n\t<meta name=\"twitter:data2\" content=\"1\u00a0Minute\" \/>\n<script type=\"application\/ld+json\" class=\"yoast-schema-graph\">{\"@context\":\"https:\/\/schema.org\",\"@graph\":[{\"@type\":\"WebPage\",\"@id\":\"https:\/\/www.naturparkmagazin.de\/nossentiner-schwinzer-heide\/fledermausforschung-um-wooster-teerofen\/\",\"url\":\"https:\/\/www.naturparkmagazin.de\/nossentiner-schwinzer-heide\/fledermausforschung-um-wooster-teerofen\/\",\"name\":\"Fledermausforschung um Wooster Teerofen - Naturpark Nossentiner\/Schwinzer Heide\",\"isPartOf\":{\"@id\":\"https:\/\/www.naturparkmagazin.de\/nossentiner-schwinzer-heide\/#website\"},\"datePublished\":\"2013-07-24T15:05:49+00:00\",\"dateModified\":\"2013-07-24T15:05:49+00:00\",\"author\":{\"@id\":\"\"},\"breadcrumb\":{\"@id\":\"https:\/\/www.naturparkmagazin.de\/nossentiner-schwinzer-heide\/fledermausforschung-um-wooster-teerofen\/#breadcrumb\"},\"inLanguage\":\"de\",\"potentialAction\":[{\"@type\":\"ReadAction\",\"target\":[\"https:\/\/www.naturparkmagazin.de\/nossentiner-schwinzer-heide\/fledermausforschung-um-wooster-teerofen\/\"]}]},{\"@type\":\"BreadcrumbList\",\"@id\":\"https:\/\/www.naturparkmagazin.de\/nossentiner-schwinzer-heide\/fledermausforschung-um-wooster-teerofen\/#breadcrumb\",\"itemListElement\":[{\"@type\":\"ListItem\",\"position\":1,\"name\":\"Home\",\"item\":\"https:\/\/www.naturparkmagazin.de\/nossentiner-schwinzer-heide\/\"},{\"@type\":\"ListItem\",\"position\":2,\"name\":\"Fledermausforschung um Wooster Teerofen\"}]},{\"@type\":\"WebSite\",\"@id\":\"https:\/\/www.naturparkmagazin.de\/nossentiner-schwinzer-heide\/#website\",\"url\":\"https:\/\/www.naturparkmagazin.de\/nossentiner-schwinzer-heide\/\",\"name\":\"Naturpark Nossentiner\/Schwinzer Heide\",\"description\":\"\",\"potentialAction\":[{\"@type\":\"SearchAction\",\"target\":{\"@type\":\"EntryPoint\",\"urlTemplate\":\"https:\/\/www.naturparkmagazin.de\/nossentiner-schwinzer-heide\/?s={search_term_string}\"},\"query-input\":\"required name=search_term_string\"}],\"inLanguage\":\"de\"},{\"@type\":\"Person\",\"@id\":\"\",\"url\":\"https:\/\/www.naturparkmagazin.de\/nossentiner-schwinzer-heide\/author\/\"}]}<\/script>\n<!-- \/ Yoast SEO plugin. -->","yoast_head_json":{"title":"Fledermausforschung um Wooster Teerofen - Naturpark Nossentiner\/Schwinzer Heide","robots":{"index":"index","follow":"follow","max-snippet":"max-snippet:-1","max-image-preview":"max-image-preview:large","max-video-preview":"max-video-preview:-1"},"canonical":"https:\/\/www.naturparkmagazin.de\/nossentiner-schwinzer-heide\/fledermausforschung-um-wooster-teerofen\/","og_locale":"de_DE","og_type":"article","og_title":"Fledermausforschung um Wooster Teerofen - Naturpark Nossentiner\/Schwinzer Heide","og_description":"Das traditionelle Fledermausworkcamp in Wooster Teerofen war wieder ein gro\u00dfer Erfolg. Forscher aus Th\u00fcringen haben in den letzten zwei Juliwochen rund um Wooster Teerofen (Landkreis Ludwigslust-Parchim) eine Reihe von Untersuchungen an Flederm\u00e4usen durchgef\u00fchrt. Eine Woche gaben sie ihre Erfahrungen und Kenntnisse auch an neun Studenten der Universit\u00e4t Greifswald weiter. Unter Leitung von Prof. Gerald Kerth,","og_url":"https:\/\/www.naturparkmagazin.de\/nossentiner-schwinzer-heide\/fledermausforschung-um-wooster-teerofen\/","og_site_name":"Naturpark Nossentiner\/Schwinzer Heide","article_published_time":"2013-07-24T15:05:49+00:00","twitter_misc":{"Verfasst von":"","Gesch\u00e4tzte Lesezeit":"1\u00a0Minute"},"schema":{"@context":"https:\/\/schema.org","@graph":[{"@type":"WebPage","@id":"https:\/\/www.naturparkmagazin.de\/nossentiner-schwinzer-heide\/fledermausforschung-um-wooster-teerofen\/","url":"https:\/\/www.naturparkmagazin.de\/nossentiner-schwinzer-heide\/fledermausforschung-um-wooster-teerofen\/","name":"Fledermausforschung um Wooster Teerofen - Naturpark Nossentiner\/Schwinzer Heide","isPartOf":{"@id":"https:\/\/www.naturparkmagazin.de\/nossentiner-schwinzer-heide\/#website"},"datePublished":"2013-07-24T15:05:49+00:00","dateModified":"2013-07-24T15:05:49+00:00","author":{"@id":""},"breadcrumb":{"@id":"https:\/\/www.naturparkmagazin.de\/nossentiner-schwinzer-heide\/fledermausforschung-um-wooster-teerofen\/#breadcrumb"},"inLanguage":"de","potentialAction":[{"@type":"ReadAction","target":["https:\/\/www.naturparkmagazin.de\/nossentiner-schwinzer-heide\/fledermausforschung-um-wooster-teerofen\/"]}]},{"@type":"BreadcrumbList","@id":"https:\/\/www.naturparkmagazin.de\/nossentiner-schwinzer-heide\/fledermausforschung-um-wooster-teerofen\/#breadcrumb","itemListElement":[{"@type":"ListItem","position":1,"name":"Home","item":"https:\/\/www.naturparkmagazin.de\/nossentiner-schwinzer-heide\/"},{"@type":"ListItem","position":2,"name":"Fledermausforschung um Wooster Teerofen"}]},{"@type":"WebSite","@id":"https:\/\/www.naturparkmagazin.de\/nossentiner-schwinzer-heide\/#website","url":"https:\/\/www.naturparkmagazin.de\/nossentiner-schwinzer-heide\/","name":"Naturpark Nossentiner\/Schwinzer Heide","description":"","potentialAction":[{"@type":"SearchAction","target":{"@type":"EntryPoint","urlTemplate":"https:\/\/www.naturparkmagazin.de\/nossentiner-schwinzer-heide\/?s={search_term_string}"},"query-input":"required name=search_term_string"}],"inLanguage":"de"},{"@type":"Person","@id":"","url":"https:\/\/www.naturparkmagazin.de\/nossentiner-schwinzer-heide\/author\/"}]}},"_links":{"self":[{"href":"https:\/\/www.naturparkmagazin.de\/nossentiner-schwinzer-heide\/wp-json\/wp\/v2\/posts\/186"}],"collection":[{"href":"https:\/\/www.naturparkmagazin.de\/nossentiner-schwinzer-heide\/wp-json\/wp\/v2\/posts"}],"about":[{"href":"https:\/\/www.naturparkmagazin.de\/nossentiner-schwinzer-heide\/wp-json\/wp\/v2\/types\/post"}],"author":[{"embeddable":true,"href":"https:\/\/www.naturparkmagazin.de\/nossentiner-schwinzer-heide\/wp-json\/wp\/v2\/users\/28"}],"replies":[{"embeddable":true,"href":"https:\/\/www.naturparkmagazin.de\/nossentiner-schwinzer-heide\/wp-json\/wp\/v2\/comments?post=186"}],"version-history":[{"count":1,"href":"https:\/\/www.naturparkmagazin.de\/nossentiner-schwinzer-heide\/wp-json\/wp\/v2\/posts\/186\/revisions"}],"predecessor-version":[{"id":189,"href":"https:\/\/www.naturparkmagazin.de\/nossentiner-schwinzer-heide\/wp-json\/wp\/v2\/posts\/186\/revisions\/189"}],"wp:attachment":[{"href":"https:\/\/www.naturparkmagazin.de\/nossentiner-schwinzer-heide\/wp-json\/wp\/v2\/media?parent=186"}],"wp:term":[{"taxonomy":"category","embeddable":true,"href":"https:\/\/www.naturparkmagazin.de\/nossentiner-schwinzer-heide\/wp-json\/wp\/v2\/categories?post=186"},{"taxonomy":"post_tag","embeddable":true,"href":"https:\/\/www.naturparkmagazin.de\/nossentiner-schwinzer-heide\/wp-json\/wp\/v2\/tags?post=186"}],"curies":[{"name":"wp","href":"https:\/\/api.w.org\/{rel}","templated":true}]}}