{"id":1973,"date":"2018-05-30T17:51:53","date_gmt":"2018-05-30T15:51:53","guid":{"rendered":"https:\/\/www.naturparkmagazin.de\/nossentiner-schwinzer-heide\/?p=1973"},"modified":"2018-06-20T14:18:26","modified_gmt":"2018-06-20T12:18:26","slug":"wanderungen-mit-grundschulklassen-anlaesslich-des-umwelttages","status":"publish","type":"post","link":"https:\/\/www.naturparkmagazin.de\/nossentiner-schwinzer-heide\/wanderungen-mit-grundschulklassen-anlaesslich-des-umwelttages\/","title":{"rendered":"Wanderungen mit Grundschulklassen anl\u00e4sslich des Umwelttages"},"content":{"rendered":"<p>Seit 2015 laden die Naturparke in Mecklenburg-Vorpommern anl\u00e4sslich des Umwelttages zu einer Wanderwoche ein. Teilnehmen k\u00f6nnen Grundschulklassen aus der Region.<\/p>\n<p>Auch in diesem Jahr wird dieses Angebot wieder gut angenommen: Im Naturpark Nossentiner\/Schwinzer Heide sind an allen Tagen der Woche Kinder der Grundschulen Plau, Goldberg und Krakow am See zu Gast. Sie besuchen die Naturschutzsstation in Wooster Teerofen und erkunden den Wald am Gro\u00dfen Langhagensee. Auf spielerische Weise lernen die Kinder dabei etwas \u00fcber die heimische Tier- und Pflanzenwelt. Trotz der gro\u00dfen Hitze sind die Kinder mit Motivation und Ausdauer dabei. Auch ein Quiz gibt es wieder in diesem Jahr. Wir dr\u00fccken unseren Kindern der Region die Daumen!<\/p>\n<p>Hintergr\u00fcnde zum Umwelttag finden Sie unter folgendem Link: <a href=\"http:\/\/www.umwelttag.de\/allgemeines.html\">www.umwelttag.de<\/a><\/p>\n<div id=\"attachment_1974\" style=\"width: 630px\" class=\"wp-caption alignnone\"><a href=\"https:\/\/www.naturparkmagazin.de\/nossentiner-schwinzer-heide\/wp-content\/uploads\/sites\/28\/DSC00115.jpg\"><img aria-describedby=\"caption-attachment-1974\" decoding=\"async\" loading=\"lazy\" class=\"wp-image-1974 size-medium\" src=\"https:\/\/www.naturparkmagazin.de\/nossentiner-schwinzer-heide\/wp-content\/uploads\/sites\/28\/DSC00115-620x465.jpg\" alt=\"DSC00115\" width=\"620\" height=\"465\" srcset=\"https:\/\/www.naturparkmagazin.de\/nossentiner-schwinzer-heide\/wp-content\/uploads\/sites\/28\/DSC00115-620x465.jpg 620w, https:\/\/www.naturparkmagazin.de\/nossentiner-schwinzer-heide\/wp-content\/uploads\/sites\/28\/DSC00115-300x225.jpg 300w, https:\/\/www.naturparkmagazin.de\/nossentiner-schwinzer-heide\/wp-content\/uploads\/sites\/28\/DSC00115-580x435.jpg 580w, https:\/\/www.naturparkmagazin.de\/nossentiner-schwinzer-heide\/wp-content\/uploads\/sites\/28\/DSC00115-420x315.jpg 420w, https:\/\/www.naturparkmagazin.de\/nossentiner-schwinzer-heide\/wp-content\/uploads\/sites\/28\/DSC00115-180x135.jpg 180w, https:\/\/www.naturparkmagazin.de\/nossentiner-schwinzer-heide\/wp-content\/uploads\/sites\/28\/DSC00115-95x71.jpg 95w, https:\/\/www.naturparkmagazin.de\/nossentiner-schwinzer-heide\/wp-content\/uploads\/sites\/28\/DSC00115-670x503.jpg 670w, https:\/\/www.naturparkmagazin.de\/nossentiner-schwinzer-heide\/wp-content\/uploads\/sites\/28\/DSC00115-200x150.jpg 200w, https:\/\/www.naturparkmagazin.de\/nossentiner-schwinzer-heide\/wp-content\/uploads\/sites\/28\/DSC00115.jpg 800w\" sizes=\"(max-width: 620px) 100vw, 620px\" \/><\/a><p id=\"caption-attachment-1974\" class=\"wp-caption-text\">Begr\u00fc\u00dfung durch Naturparkleiter Ralf Koch und die Mitarbeiter des Naturparks<\/p><\/div>\n<div id=\"attachment_1975\" style=\"width: 630px\" class=\"wp-caption alignnone\"><a href=\"https:\/\/www.naturparkmagazin.de\/nossentiner-schwinzer-heide\/wp-content\/uploads\/sites\/28\/DSC00122.jpg\"><img aria-describedby=\"caption-attachment-1975\" decoding=\"async\" loading=\"lazy\" class=\"wp-image-1975 size-medium\" src=\"https:\/\/www.naturparkmagazin.de\/nossentiner-schwinzer-heide\/wp-content\/uploads\/sites\/28\/DSC00122-620x465.jpg\" alt=\"DSC00122\" width=\"620\" height=\"465\" srcset=\"https:\/\/www.naturparkmagazin.de\/nossentiner-schwinzer-heide\/wp-content\/uploads\/sites\/28\/DSC00122-620x465.jpg 620w, https:\/\/www.naturparkmagazin.de\/nossentiner-schwinzer-heide\/wp-content\/uploads\/sites\/28\/DSC00122-300x225.jpg 300w, https:\/\/www.naturparkmagazin.de\/nossentiner-schwinzer-heide\/wp-content\/uploads\/sites\/28\/DSC00122-580x435.jpg 580w, https:\/\/www.naturparkmagazin.de\/nossentiner-schwinzer-heide\/wp-content\/uploads\/sites\/28\/DSC00122-420x315.jpg 420w, https:\/\/www.naturparkmagazin.de\/nossentiner-schwinzer-heide\/wp-content\/uploads\/sites\/28\/DSC00122-180x135.jpg 180w, https:\/\/www.naturparkmagazin.de\/nossentiner-schwinzer-heide\/wp-content\/uploads\/sites\/28\/DSC00122-95x71.jpg 95w, https:\/\/www.naturparkmagazin.de\/nossentiner-schwinzer-heide\/wp-content\/uploads\/sites\/28\/DSC00122-670x503.jpg 670w, https:\/\/www.naturparkmagazin.de\/nossentiner-schwinzer-heide\/wp-content\/uploads\/sites\/28\/DSC00122-200x150.jpg 200w, https:\/\/www.naturparkmagazin.de\/nossentiner-schwinzer-heide\/wp-content\/uploads\/sites\/28\/DSC00122.jpg 800w\" sizes=\"(max-width: 620px) 100vw, 620px\" \/><\/a><p id=\"caption-attachment-1975\" class=\"wp-caption-text\">Mit voller Konzentration und gro\u00dfer Begeisterung waren die Kinder bei der Sache. Naturparkmitarbeiterin Frau Breuer erkl\u00e4rt die Natur<\/p><\/div>\n<p>&nbsp;<\/p>\n<p>&nbsp;<\/p>\n<p>&nbsp;<\/p>\n","protected":false},"excerpt":{"rendered":"<p>In der letzten Maiwoche waren die Kinder der umliegenden Grundschulen im Rahmen der Wandertage zu Gast im Naturpark Nossentiner\/Schwinzer Heide.<\/p>\n","protected":false},"author":28,"featured_media":1975,"comment_status":"open","ping_status":"open","sticky":false,"template":"","format":"standard","meta":[],"categories":[7],"tags":[1069],"yoast_head":"<!-- This site is optimized with the Yoast SEO plugin v19.10 - https:\/\/yoast.com\/wordpress\/plugins\/seo\/ -->\n<title>Wanderungen mit Grundschulklassen anl\u00e4sslich des Umwelttages - Naturpark Nossentiner\/Schwinzer Heide<\/title>\n<meta name=\"robots\" content=\"index, follow, max-snippet:-1, max-image-preview:large, max-video-preview:-1\" \/>\n<link rel=\"canonical\" href=\"https:\/\/www.naturparkmagazin.de\/nossentiner-schwinzer-heide\/wanderungen-mit-grundschulklassen-anlaesslich-des-umwelttages\/\" \/>\n<meta property=\"og:locale\" content=\"de_DE\" \/>\n<meta property=\"og:type\" content=\"article\" \/>\n<meta property=\"og:title\" content=\"Wanderungen mit Grundschulklassen anl\u00e4sslich des Umwelttages - Naturpark Nossentiner\/Schwinzer Heide\" \/>\n<meta property=\"og:description\" content=\"In der letzten Maiwoche waren die Kinder der umliegenden Grundschulen im Rahmen der Wandertage zu Gast im Naturpark Nossentiner\/Schwinzer Heide.\" \/>\n<meta property=\"og:url\" content=\"https:\/\/www.naturparkmagazin.de\/nossentiner-schwinzer-heide\/wanderungen-mit-grundschulklassen-anlaesslich-des-umwelttages\/\" \/>\n<meta property=\"og:site_name\" content=\"Naturpark Nossentiner\/Schwinzer Heide\" \/>\n<meta property=\"article:published_time\" content=\"2018-05-30T15:51:53+00:00\" \/>\n<meta property=\"article:modified_time\" content=\"2018-06-20T12:18:26+00:00\" \/>\n<meta property=\"og:image\" content=\"https:\/\/www.naturparkmagazin.de\/nossentiner-schwinzer-heide\/wp-content\/uploads\/sites\/28\/DSC00122.jpg\" \/>\n\t<meta property=\"og:image:width\" content=\"800\" \/>\n\t<meta property=\"og:image:height\" content=\"600\" \/>\n\t<meta property=\"og:image:type\" content=\"image\/jpeg\" \/>\n<meta name=\"twitter:label1\" content=\"Verfasst von\" \/>\n\t<meta name=\"twitter:data1\" content=\"\" \/>\n\t<meta name=\"twitter:label2\" content=\"Gesch\u00e4tzte Lesezeit\" \/>\n\t<meta name=\"twitter:data2\" content=\"1\u00a0Minute\" \/>\n<script type=\"application\/ld+json\" class=\"yoast-schema-graph\">{\"@context\":\"https:\/\/schema.org\",\"@graph\":[{\"@type\":\"WebPage\",\"@id\":\"https:\/\/www.naturparkmagazin.de\/nossentiner-schwinzer-heide\/wanderungen-mit-grundschulklassen-anlaesslich-des-umwelttages\/\",\"url\":\"https:\/\/www.naturparkmagazin.de\/nossentiner-schwinzer-heide\/wanderungen-mit-grundschulklassen-anlaesslich-des-umwelttages\/\",\"name\":\"Wanderungen mit Grundschulklassen anl\u00e4sslich des Umwelttages - Naturpark Nossentiner\/Schwinzer Heide\",\"isPartOf\":{\"@id\":\"https:\/\/www.naturparkmagazin.de\/nossentiner-schwinzer-heide\/#website\"},\"datePublished\":\"2018-05-30T15:51:53+00:00\",\"dateModified\":\"2018-06-20T12:18:26+00:00\",\"author\":{\"@id\":\"\"},\"breadcrumb\":{\"@id\":\"https:\/\/www.naturparkmagazin.de\/nossentiner-schwinzer-heide\/wanderungen-mit-grundschulklassen-anlaesslich-des-umwelttages\/#breadcrumb\"},\"inLanguage\":\"de\",\"potentialAction\":[{\"@type\":\"ReadAction\",\"target\":[\"https:\/\/www.naturparkmagazin.de\/nossentiner-schwinzer-heide\/wanderungen-mit-grundschulklassen-anlaesslich-des-umwelttages\/\"]}]},{\"@type\":\"BreadcrumbList\",\"@id\":\"https:\/\/www.naturparkmagazin.de\/nossentiner-schwinzer-heide\/wanderungen-mit-grundschulklassen-anlaesslich-des-umwelttages\/#breadcrumb\",\"itemListElement\":[{\"@type\":\"ListItem\",\"position\":1,\"name\":\"Home\",\"item\":\"https:\/\/www.naturparkmagazin.de\/nossentiner-schwinzer-heide\/\"},{\"@type\":\"ListItem\",\"position\":2,\"name\":\"Wanderungen mit Grundschulklassen anl\u00e4sslich des Umwelttages\"}]},{\"@type\":\"WebSite\",\"@id\":\"https:\/\/www.naturparkmagazin.de\/nossentiner-schwinzer-heide\/#website\",\"url\":\"https:\/\/www.naturparkmagazin.de\/nossentiner-schwinzer-heide\/\",\"name\":\"Naturpark Nossentiner\/Schwinzer Heide\",\"description\":\"\",\"potentialAction\":[{\"@type\":\"SearchAction\",\"target\":{\"@type\":\"EntryPoint\",\"urlTemplate\":\"https:\/\/www.naturparkmagazin.de\/nossentiner-schwinzer-heide\/?s={search_term_string}\"},\"query-input\":\"required name=search_term_string\"}],\"inLanguage\":\"de\"},{\"@type\":\"Person\",\"@id\":\"\",\"url\":\"https:\/\/www.naturparkmagazin.de\/nossentiner-schwinzer-heide\/author\/\"}]}<\/script>\n<!-- \/ Yoast SEO plugin. -->","yoast_head_json":{"title":"Wanderungen mit Grundschulklassen anl\u00e4sslich des Umwelttages - Naturpark Nossentiner\/Schwinzer Heide","robots":{"index":"index","follow":"follow","max-snippet":"max-snippet:-1","max-image-preview":"max-image-preview:large","max-video-preview":"max-video-preview:-1"},"canonical":"https:\/\/www.naturparkmagazin.de\/nossentiner-schwinzer-heide\/wanderungen-mit-grundschulklassen-anlaesslich-des-umwelttages\/","og_locale":"de_DE","og_type":"article","og_title":"Wanderungen mit Grundschulklassen anl\u00e4sslich des Umwelttages - Naturpark Nossentiner\/Schwinzer Heide","og_description":"In der letzten Maiwoche waren die Kinder der umliegenden Grundschulen im Rahmen der Wandertage zu Gast im Naturpark Nossentiner\/Schwinzer Heide.","og_url":"https:\/\/www.naturparkmagazin.de\/nossentiner-schwinzer-heide\/wanderungen-mit-grundschulklassen-anlaesslich-des-umwelttages\/","og_site_name":"Naturpark Nossentiner\/Schwinzer Heide","article_published_time":"2018-05-30T15:51:53+00:00","article_modified_time":"2018-06-20T12:18:26+00:00","og_image":[{"width":800,"height":600,"url":"https:\/\/www.naturparkmagazin.de\/nossentiner-schwinzer-heide\/wp-content\/uploads\/sites\/28\/DSC00122.jpg","type":"image\/jpeg"}],"twitter_misc":{"Verfasst von":"","Gesch\u00e4tzte Lesezeit":"1\u00a0Minute"},"schema":{"@context":"https:\/\/schema.org","@graph":[{"@type":"WebPage","@id":"https:\/\/www.naturparkmagazin.de\/nossentiner-schwinzer-heide\/wanderungen-mit-grundschulklassen-anlaesslich-des-umwelttages\/","url":"https:\/\/www.naturparkmagazin.de\/nossentiner-schwinzer-heide\/wanderungen-mit-grundschulklassen-anlaesslich-des-umwelttages\/","name":"Wanderungen mit Grundschulklassen anl\u00e4sslich des Umwelttages - Naturpark Nossentiner\/Schwinzer Heide","isPartOf":{"@id":"https:\/\/www.naturparkmagazin.de\/nossentiner-schwinzer-heide\/#website"},"datePublished":"2018-05-30T15:51:53+00:00","dateModified":"2018-06-20T12:18:26+00:00","author":{"@id":""},"breadcrumb":{"@id":"https:\/\/www.naturparkmagazin.de\/nossentiner-schwinzer-heide\/wanderungen-mit-grundschulklassen-anlaesslich-des-umwelttages\/#breadcrumb"},"inLanguage":"de","potentialAction":[{"@type":"ReadAction","target":["https:\/\/www.naturparkmagazin.de\/nossentiner-schwinzer-heide\/wanderungen-mit-grundschulklassen-anlaesslich-des-umwelttages\/"]}]},{"@type":"BreadcrumbList","@id":"https:\/\/www.naturparkmagazin.de\/nossentiner-schwinzer-heide\/wanderungen-mit-grundschulklassen-anlaesslich-des-umwelttages\/#breadcrumb","itemListElement":[{"@type":"ListItem","position":1,"name":"Home","item":"https:\/\/www.naturparkmagazin.de\/nossentiner-schwinzer-heide\/"},{"@type":"ListItem","position":2,"name":"Wanderungen mit Grundschulklassen anl\u00e4sslich des Umwelttages"}]},{"@type":"WebSite","@id":"https:\/\/www.naturparkmagazin.de\/nossentiner-schwinzer-heide\/#website","url":"https:\/\/www.naturparkmagazin.de\/nossentiner-schwinzer-heide\/","name":"Naturpark Nossentiner\/Schwinzer Heide","description":"","potentialAction":[{"@type":"SearchAction","target":{"@type":"EntryPoint","urlTemplate":"https:\/\/www.naturparkmagazin.de\/nossentiner-schwinzer-heide\/?s={search_term_string}"},"query-input":"required name=search_term_string"}],"inLanguage":"de"},{"@type":"Person","@id":"","url":"https:\/\/www.naturparkmagazin.de\/nossentiner-schwinzer-heide\/author\/"}]}},"_links":{"self":[{"href":"https:\/\/www.naturparkmagazin.de\/nossentiner-schwinzer-heide\/wp-json\/wp\/v2\/posts\/1973"}],"collection":[{"href":"https:\/\/www.naturparkmagazin.de\/nossentiner-schwinzer-heide\/wp-json\/wp\/v2\/posts"}],"about":[{"href":"https:\/\/www.naturparkmagazin.de\/nossentiner-schwinzer-heide\/wp-json\/wp\/v2\/types\/post"}],"author":[{"embeddable":true,"href":"https:\/\/www.naturparkmagazin.de\/nossentiner-schwinzer-heide\/wp-json\/wp\/v2\/users\/28"}],"replies":[{"embeddable":true,"href":"https:\/\/www.naturparkmagazin.de\/nossentiner-schwinzer-heide\/wp-json\/wp\/v2\/comments?post=1973"}],"version-history":[{"count":7,"href":"https:\/\/www.naturparkmagazin.de\/nossentiner-schwinzer-heide\/wp-json\/wp\/v2\/posts\/1973\/revisions"}],"predecessor-version":[{"id":2003,"href":"https:\/\/www.naturparkmagazin.de\/nossentiner-schwinzer-heide\/wp-json\/wp\/v2\/posts\/1973\/revisions\/2003"}],"wp:featuredmedia":[{"embeddable":true,"href":"https:\/\/www.naturparkmagazin.de\/nossentiner-schwinzer-heide\/wp-json\/wp\/v2\/media\/1975"}],"wp:attachment":[{"href":"https:\/\/www.naturparkmagazin.de\/nossentiner-schwinzer-heide\/wp-json\/wp\/v2\/media?parent=1973"}],"wp:term":[{"taxonomy":"category","embeddable":true,"href":"https:\/\/www.naturparkmagazin.de\/nossentiner-schwinzer-heide\/wp-json\/wp\/v2\/categories?post=1973"},{"taxonomy":"post_tag","embeddable":true,"href":"https:\/\/www.naturparkmagazin.de\/nossentiner-schwinzer-heide\/wp-json\/wp\/v2\/tags?post=1973"}],"curies":[{"name":"wp","href":"https:\/\/api.w.org\/{rel}","templated":true}]}}