{"id":1982,"date":"2018-06-20T13:40:21","date_gmt":"2018-06-20T11:40:21","guid":{"rendered":"https:\/\/www.naturparkmagazin.de\/nossentiner-schwinzer-heide\/?p=1982"},"modified":"2018-06-28T10:22:23","modified_gmt":"2018-06-28T08:22:23","slug":"natur-und-heimat-erleben-kaufland-ermoeglicht-eine-besondere-klassenfahrt-in-den-naturpark-nossentinerschwinzer-heide","status":"publish","type":"post","link":"https:\/\/www.naturparkmagazin.de\/nossentiner-schwinzer-heide\/natur-und-heimat-erleben-kaufland-ermoeglicht-eine-besondere-klassenfahrt-in-den-naturpark-nossentinerschwinzer-heide\/","title":{"rendered":"Natur und Heimat erleben \u2013 Kaufland erm\u00f6glicht eine besondere Klassenfahrt in den Naturpark Nossentiner\/Schwinzer Heide"},"content":{"rendered":"<p>Alles war gut vorbereitet. Bereits seit einem halben Jahr freuten sich die Kinder der 3.\u00a0Klasse der Grundschule West in Parchim auf diese zwei Tage im Naturpark Nossentiner\/Schwinzer Heide. Und ein wenig wussten sie auch schon, was kommen w\u00fcrde, weil Mitarbeiter des Naturparks in Gespr\u00e4chen mit den Kindern und im Rahmen einer Elternversammlung in der Schule die Unternehmung vorgestellt hatten. M\u00f6glich wurde diese Fahrt jedoch erst durch eine Kooperation des Verbandes Deutscher Naturparke (VDN) mit dem Unternehmen Kaufland, welches die Naturentdecker-Tour der Schulklasse finanzierte.<\/p>\n<p>&nbsp;<\/p>\n<div id=\"attachment_1991\" style=\"width: 630px\" class=\"wp-caption alignnone\"><a href=\"https:\/\/www.naturparkmagazin.de\/nossentiner-schwinzer-heide\/wp-content\/uploads\/sites\/28\/IMG_9706.jpg\"><img aria-describedby=\"caption-attachment-1991\" decoding=\"async\" loading=\"lazy\" class=\"wp-image-1991 size-medium\" src=\"https:\/\/www.naturparkmagazin.de\/nossentiner-schwinzer-heide\/wp-content\/uploads\/sites\/28\/IMG_9706-620x374.jpg\" alt=\"IMG_9706\" width=\"620\" height=\"374\" srcset=\"https:\/\/www.naturparkmagazin.de\/nossentiner-schwinzer-heide\/wp-content\/uploads\/sites\/28\/IMG_9706-620x374.jpg 620w, https:\/\/www.naturparkmagazin.de\/nossentiner-schwinzer-heide\/wp-content\/uploads\/sites\/28\/IMG_9706-300x181.jpg 300w, https:\/\/www.naturparkmagazin.de\/nossentiner-schwinzer-heide\/wp-content\/uploads\/sites\/28\/IMG_9706-940x567.jpg 940w, https:\/\/www.naturparkmagazin.de\/nossentiner-schwinzer-heide\/wp-content\/uploads\/sites\/28\/IMG_9706-670x404.jpg 670w, https:\/\/www.naturparkmagazin.de\/nossentiner-schwinzer-heide\/wp-content\/uploads\/sites\/28\/IMG_9706-200x121.jpg 200w, https:\/\/www.naturparkmagazin.de\/nossentiner-schwinzer-heide\/wp-content\/uploads\/sites\/28\/IMG_9706.jpg 1000w\" sizes=\"(max-width: 620px) 100vw, 620px\" \/><\/a><p id=\"caption-attachment-1991\" class=\"wp-caption-text\">Begr\u00fc\u00dfungsspiel<\/p><\/div>\n<p>Kaufland feiert in diesem Jahr sein 50-j\u00e4hriges Jubil\u00e4um und hat aus diesem Anlass das Projekt initiiert. Ziel ist es, Kindern Naturerlebnisse zu vermitteln und sie f\u00fcr eine gesunde Ern\u00e4hrung und Lebensweise sowie f\u00fcr die Wertsch\u00e4tzung von regionalen Lebensmitteln zu sensibilisieren. W\u00e4hrend einer Aktionswoche im Februar spendete das Unternehmen f\u00fcr jedes verkaufte regionale Produkt zehn Cent. Der Spendenerl\u00f6s von 250.000 Euro erm\u00f6glicht mindestens 50 Schulklassen zwischen M\u00e4rz und Oktober eine zweit\u00e4gige Klassenfahrt in einen der \u00fcber 100 Naturparke in Deutschland. Einer der hierf\u00fcr vom VDN ausgew\u00e4hlten Naturparke war der Naturpark Nossentiner\/Schwinzer Heide. Als Partner und Station f\u00fcr dieses Projekt hatte der Naturpark das Wolhynier-Museum in Linstow gew\u00e4hlt. Auch diese Auswahl wurde nicht zuf\u00e4llig getroffen, denn beim Wolhynier-Museum, handelt es sich um ein Umsiedlermuseum. Und die Kinder der Parchimer Schulklasse kommen aus insgesamt 12 L\u00e4ndern!<\/p>\n<p>&nbsp;<\/p>\n<div id=\"attachment_1992\" style=\"width: 630px\" class=\"wp-caption alignnone\"><a href=\"https:\/\/www.naturparkmagazin.de\/nossentiner-schwinzer-heide\/wp-content\/uploads\/sites\/28\/IMG_9797.jpg\"><img aria-describedby=\"caption-attachment-1992\" decoding=\"async\" loading=\"lazy\" class=\"wp-image-1992 size-medium\" src=\"https:\/\/www.naturparkmagazin.de\/nossentiner-schwinzer-heide\/wp-content\/uploads\/sites\/28\/IMG_9797-620x414.jpg\" alt=\"IMG_9797\" width=\"620\" height=\"414\" srcset=\"https:\/\/www.naturparkmagazin.de\/nossentiner-schwinzer-heide\/wp-content\/uploads\/sites\/28\/IMG_9797-620x414.jpg 620w, https:\/\/www.naturparkmagazin.de\/nossentiner-schwinzer-heide\/wp-content\/uploads\/sites\/28\/IMG_9797-300x200.jpg 300w, https:\/\/www.naturparkmagazin.de\/nossentiner-schwinzer-heide\/wp-content\/uploads\/sites\/28\/IMG_9797-940x627.jpg 940w, https:\/\/www.naturparkmagazin.de\/nossentiner-schwinzer-heide\/wp-content\/uploads\/sites\/28\/IMG_9797-670x447.jpg 670w, https:\/\/www.naturparkmagazin.de\/nossentiner-schwinzer-heide\/wp-content\/uploads\/sites\/28\/IMG_9797-200x133.jpg 200w, https:\/\/www.naturparkmagazin.de\/nossentiner-schwinzer-heide\/wp-content\/uploads\/sites\/28\/IMG_9797.jpg 1000w\" sizes=\"(max-width: 620px) 100vw, 620px\" \/><\/a><p id=\"caption-attachment-1992\" class=\"wp-caption-text\">Vorbereitung f\u00fcr das Mittagessen: Hier werden Dinkelbr\u00f6tchen gebacken<\/p><\/div>\n<p>Am 4. Juni 2018 war es dann endlich so weit. Die Stationen waren aufgebaut, Lebensmittel beschafft, der Backofen angeheizt. Als dann die Kinderschar endlich aus dem Bus sprang, war die Aufregung auf allen Seiten gro\u00df. Schnell waren aber Gruppen eingeteilt und dann wurde Teig geknetet, Gem\u00fcse geschnippelt, Kr\u00e4uter gesammelt oder im Cyanotypie-Verfahren Pflanzendrucke hergestellt, und nat\u00fcrlich gab es auch Museumsf\u00fchrungen. Das Mittagessen war also von den Kindern selbst hergestellt worden und die typische,\u00a0 wolhynische Kartoffelsuppe mit Nudeleinlage hat allen genauso gut geschmeckt wie der selbst zubereitete Kartoffelsalat. Die Dinkelbr\u00f6tchen kamen p\u00fcnktlich aus dem Ofen und konnten mit Kr\u00e4uteraufstrichen versehen werden. Nat\u00fcrlich wurden die Kr\u00e4uter zuvor von den Kindern in der Umgebung selbst gesammelt.<\/p>\n<p>&nbsp;<\/p>\n<div id=\"attachment_1987\" style=\"width: 630px\" class=\"wp-caption alignnone\"><a href=\"https:\/\/www.naturparkmagazin.de\/nossentiner-schwinzer-heide\/wp-content\/uploads\/sites\/28\/DSC00231.jpg\"><img aria-describedby=\"caption-attachment-1987\" decoding=\"async\" loading=\"lazy\" class=\"wp-image-1987 size-medium\" src=\"https:\/\/www.naturparkmagazin.de\/nossentiner-schwinzer-heide\/wp-content\/uploads\/sites\/28\/DSC00231-620x465.jpg\" alt=\"DSC00231\" width=\"620\" height=\"465\" srcset=\"https:\/\/www.naturparkmagazin.de\/nossentiner-schwinzer-heide\/wp-content\/uploads\/sites\/28\/DSC00231-620x465.jpg 620w, https:\/\/www.naturparkmagazin.de\/nossentiner-schwinzer-heide\/wp-content\/uploads\/sites\/28\/DSC00231-300x225.jpg 300w, https:\/\/www.naturparkmagazin.de\/nossentiner-schwinzer-heide\/wp-content\/uploads\/sites\/28\/DSC00231-940x705.jpg 940w, https:\/\/www.naturparkmagazin.de\/nossentiner-schwinzer-heide\/wp-content\/uploads\/sites\/28\/DSC00231-580x435.jpg 580w, https:\/\/www.naturparkmagazin.de\/nossentiner-schwinzer-heide\/wp-content\/uploads\/sites\/28\/DSC00231-420x315.jpg 420w, https:\/\/www.naturparkmagazin.de\/nossentiner-schwinzer-heide\/wp-content\/uploads\/sites\/28\/DSC00231-180x135.jpg 180w, https:\/\/www.naturparkmagazin.de\/nossentiner-schwinzer-heide\/wp-content\/uploads\/sites\/28\/DSC00231-95x71.jpg 95w, https:\/\/www.naturparkmagazin.de\/nossentiner-schwinzer-heide\/wp-content\/uploads\/sites\/28\/DSC00231-670x503.jpg 670w, https:\/\/www.naturparkmagazin.de\/nossentiner-schwinzer-heide\/wp-content\/uploads\/sites\/28\/DSC00231-200x150.jpg 200w, https:\/\/www.naturparkmagazin.de\/nossentiner-schwinzer-heide\/wp-content\/uploads\/sites\/28\/DSC00231.jpg 1000w\" sizes=\"(max-width: 620px) 100vw, 620px\" \/><\/a><p id=\"caption-attachment-1987\" class=\"wp-caption-text\">Kranichweibchen &#8222;Paula&#8220; wird vorgestellt<\/p><\/div>\n<div id=\"attachment_1985\" style=\"width: 630px\" class=\"wp-caption alignnone\"><a href=\"https:\/\/www.naturparkmagazin.de\/nossentiner-schwinzer-heide\/wp-content\/uploads\/sites\/28\/DSC00207.jpg\"><img aria-describedby=\"caption-attachment-1985\" decoding=\"async\" loading=\"lazy\" class=\"wp-image-1985 size-medium\" src=\"https:\/\/www.naturparkmagazin.de\/nossentiner-schwinzer-heide\/wp-content\/uploads\/sites\/28\/DSC00207-620x465.jpg\" alt=\"DSC00207\" width=\"620\" height=\"465\" srcset=\"https:\/\/www.naturparkmagazin.de\/nossentiner-schwinzer-heide\/wp-content\/uploads\/sites\/28\/DSC00207-620x465.jpg 620w, https:\/\/www.naturparkmagazin.de\/nossentiner-schwinzer-heide\/wp-content\/uploads\/sites\/28\/DSC00207-300x225.jpg 300w, https:\/\/www.naturparkmagazin.de\/nossentiner-schwinzer-heide\/wp-content\/uploads\/sites\/28\/DSC00207-940x705.jpg 940w, https:\/\/www.naturparkmagazin.de\/nossentiner-schwinzer-heide\/wp-content\/uploads\/sites\/28\/DSC00207-580x435.jpg 580w, https:\/\/www.naturparkmagazin.de\/nossentiner-schwinzer-heide\/wp-content\/uploads\/sites\/28\/DSC00207-420x315.jpg 420w, https:\/\/www.naturparkmagazin.de\/nossentiner-schwinzer-heide\/wp-content\/uploads\/sites\/28\/DSC00207-180x135.jpg 180w, https:\/\/www.naturparkmagazin.de\/nossentiner-schwinzer-heide\/wp-content\/uploads\/sites\/28\/DSC00207-95x71.jpg 95w, https:\/\/www.naturparkmagazin.de\/nossentiner-schwinzer-heide\/wp-content\/uploads\/sites\/28\/DSC00207-670x503.jpg 670w, https:\/\/www.naturparkmagazin.de\/nossentiner-schwinzer-heide\/wp-content\/uploads\/sites\/28\/DSC00207-200x150.jpg 200w, https:\/\/www.naturparkmagazin.de\/nossentiner-schwinzer-heide\/wp-content\/uploads\/sites\/28\/DSC00207.jpg 1000w\" sizes=\"(max-width: 620px) 100vw, 620px\" \/><\/a><p id=\"caption-attachment-1985\" class=\"wp-caption-text\">So weich sind Kranichfedern! Paula darf auch mal gestreichelt werden<\/p><\/div>\n<p>Nach dem Mittag bekamen die Sch\u00fcler Besuch von \u201ePaula\u201c der Kranichfrau. Spielerisch erfuhren sie, wie und wo der Kranich lebt, welche Nahrung er zu sich nimmt und wie er seine Kinder aufzieht. Absoluter H\u00f6hepunkt war jedoch, dass der Kranich auf seinem Herbstzug in den S\u00fcden in allen zw\u00f6lf Herkunftsl\u00e4ndern der Kinder Station machte. Jedes Kind hatte daf\u00fcr extra etwas L\u00e4ndertypisches f\u00fcr den Kranich mitgebracht. Da kamen Kuchen, Matroschkas, Geldst\u00fccke, goldene Armreifen, F\u00e4hnchen und viele andere Kostbarkeiten zum Vorschein.<\/p>\n<p>&nbsp;<\/p>\n<div id=\"attachment_1989\" style=\"width: 630px\" class=\"wp-caption alignnone\"><a href=\"https:\/\/www.naturparkmagazin.de\/nossentiner-schwinzer-heide\/wp-content\/uploads\/sites\/28\/DSC00263.jpg\"><img aria-describedby=\"caption-attachment-1989\" decoding=\"async\" loading=\"lazy\" class=\"wp-image-1989 size-medium\" src=\"https:\/\/www.naturparkmagazin.de\/nossentiner-schwinzer-heide\/wp-content\/uploads\/sites\/28\/DSC00263-620x465.jpg\" alt=\"DSC00263\" width=\"620\" height=\"465\" srcset=\"https:\/\/www.naturparkmagazin.de\/nossentiner-schwinzer-heide\/wp-content\/uploads\/sites\/28\/DSC00263-620x465.jpg 620w, https:\/\/www.naturparkmagazin.de\/nossentiner-schwinzer-heide\/wp-content\/uploads\/sites\/28\/DSC00263-300x225.jpg 300w, https:\/\/www.naturparkmagazin.de\/nossentiner-schwinzer-heide\/wp-content\/uploads\/sites\/28\/DSC00263-940x705.jpg 940w, https:\/\/www.naturparkmagazin.de\/nossentiner-schwinzer-heide\/wp-content\/uploads\/sites\/28\/DSC00263-580x435.jpg 580w, https:\/\/www.naturparkmagazin.de\/nossentiner-schwinzer-heide\/wp-content\/uploads\/sites\/28\/DSC00263-420x315.jpg 420w, https:\/\/www.naturparkmagazin.de\/nossentiner-schwinzer-heide\/wp-content\/uploads\/sites\/28\/DSC00263-180x135.jpg 180w, https:\/\/www.naturparkmagazin.de\/nossentiner-schwinzer-heide\/wp-content\/uploads\/sites\/28\/DSC00263-95x71.jpg 95w, https:\/\/www.naturparkmagazin.de\/nossentiner-schwinzer-heide\/wp-content\/uploads\/sites\/28\/DSC00263-670x503.jpg 670w, https:\/\/www.naturparkmagazin.de\/nossentiner-schwinzer-heide\/wp-content\/uploads\/sites\/28\/DSC00263-200x150.jpg 200w, https:\/\/www.naturparkmagazin.de\/nossentiner-schwinzer-heide\/wp-content\/uploads\/sites\/28\/DSC00263.jpg 1000w\" sizes=\"(max-width: 620px) 100vw, 620px\" \/><\/a><p id=\"caption-attachment-1989\" class=\"wp-caption-text\">Jedes Kind brachte etwas aus seinem Heimatland mit.<\/p><\/div>\n<p>Die \u00dcbernachtung der Schulklasse war im Van der Valk Ressort Linstow bestellt. Engagierte Eltern unterst\u00fctzten die Klassenfahrt bei der Begleitung der Kinder. Das reichhaltige Buffett im Ressort sorgte daf\u00fcr, dass die Kinder den zweiten Tag gut gest\u00e4rkt angehen konnten.<\/p>\n<p>Die Bedeutung des Bodens als Grundlage allen Lebens und die Vielfalt von Lebensr\u00e4umen sollten diesen Tag bestimmen. Im Wolhynier-Museum gibt es ein Marmeladen-Glas mit Erde aus der ehemaligen Heimat Wolhynien als Symbol f\u00fcr die Bedeutung der Heimat-Erde. F\u00fcr die Kinder war es nun Zeit, ihre (neue) Heimat zu erkunden. Da waren der Linstower Werder mit seiner Tier- und Pflanzenwelt, und auch die durch Linstow flie\u00dfende Nebel wurde an unterschiedlichen Stellen intensiv im und am Wasser untersucht.<\/p>\n<p>&nbsp;<\/p>\n<div id=\"attachment_1993\" style=\"width: 516px\" class=\"wp-caption alignnone\"><a href=\"https:\/\/www.naturparkmagazin.de\/nossentiner-schwinzer-heide\/wp-content\/uploads\/sites\/28\/IMG_0273.jpg\"><img aria-describedby=\"caption-attachment-1993\" decoding=\"async\" loading=\"lazy\" class=\"wp-image-1993\" src=\"https:\/\/www.naturparkmagazin.de\/nossentiner-schwinzer-heide\/wp-content\/uploads\/sites\/28\/IMG_0273-620x414.jpg\" alt=\"IMG_0273\" width=\"506\" height=\"338\" srcset=\"https:\/\/www.naturparkmagazin.de\/nossentiner-schwinzer-heide\/wp-content\/uploads\/sites\/28\/IMG_0273-620x414.jpg 620w, https:\/\/www.naturparkmagazin.de\/nossentiner-schwinzer-heide\/wp-content\/uploads\/sites\/28\/IMG_0273-300x200.jpg 300w, https:\/\/www.naturparkmagazin.de\/nossentiner-schwinzer-heide\/wp-content\/uploads\/sites\/28\/IMG_0273-940x627.jpg 940w, https:\/\/www.naturparkmagazin.de\/nossentiner-schwinzer-heide\/wp-content\/uploads\/sites\/28\/IMG_0273-670x447.jpg 670w, https:\/\/www.naturparkmagazin.de\/nossentiner-schwinzer-heide\/wp-content\/uploads\/sites\/28\/IMG_0273-200x133.jpg 200w, https:\/\/www.naturparkmagazin.de\/nossentiner-schwinzer-heide\/wp-content\/uploads\/sites\/28\/IMG_0273.jpg 1000w\" sizes=\"(max-width: 506px) 100vw, 506px\" \/><\/a><p id=\"caption-attachment-1993\" class=\"wp-caption-text\">Welche Tiere leben im Bach?<\/p><\/div>\n<p>Einige Kinder hatten die Aufgabe, Horst und Marie zu ersetzen: Diese imagin\u00e4ren Bewohner des Museums waren \u201eim Urlaub\u201c und ihre Tagesaufgaben mussten \u00fcbernommen werden. Da musste das Vieh gef\u00fcttert, die W\u00e4sche am Waschbrett gewaschen, der Garten vom Unkraut befreit und die neue Saat auch gleich eingebracht werden.<\/p>\n<p>&nbsp;<\/p>\n<div id=\"attachment_1990\" style=\"width: 630px\" class=\"wp-caption alignnone\"><a href=\"https:\/\/www.naturparkmagazin.de\/nossentiner-schwinzer-heide\/wp-content\/uploads\/sites\/28\/IMG_0296.jpg\"><img aria-describedby=\"caption-attachment-1990\" decoding=\"async\" loading=\"lazy\" class=\"wp-image-1990 size-medium\" src=\"https:\/\/www.naturparkmagazin.de\/nossentiner-schwinzer-heide\/wp-content\/uploads\/sites\/28\/IMG_0296-620x525.jpg\" alt=\"IMG_0296\" width=\"620\" height=\"525\" srcset=\"https:\/\/www.naturparkmagazin.de\/nossentiner-schwinzer-heide\/wp-content\/uploads\/sites\/28\/IMG_0296-620x525.jpg 620w, https:\/\/www.naturparkmagazin.de\/nossentiner-schwinzer-heide\/wp-content\/uploads\/sites\/28\/IMG_0296-300x254.jpg 300w, https:\/\/www.naturparkmagazin.de\/nossentiner-schwinzer-heide\/wp-content\/uploads\/sites\/28\/IMG_0296-940x796.jpg 940w, https:\/\/www.naturparkmagazin.de\/nossentiner-schwinzer-heide\/wp-content\/uploads\/sites\/28\/IMG_0296-670x567.jpg 670w, https:\/\/www.naturparkmagazin.de\/nossentiner-schwinzer-heide\/wp-content\/uploads\/sites\/28\/IMG_0296-200x169.jpg 200w, https:\/\/www.naturparkmagazin.de\/nossentiner-schwinzer-heide\/wp-content\/uploads\/sites\/28\/IMG_0296.jpg 1000w\" sizes=\"(max-width: 620px) 100vw, 620px\" \/><\/a><p id=\"caption-attachment-1990\" class=\"wp-caption-text\">Ganz sch\u00f6n anstrengend: W\u00e4sche waschen wie in alten Zeiten<\/p><\/div>\n<p>Derweil bestimmten die anderen Kinder ihre Funde aus der Nebel und betrachteten die lebendigen Tiere unter dem Mikroskop. Dank des neuen Umweltmobils des Naturparkes und mit Hilfe eines Beamers war es m\u00f6glich, die Facettenaugen der Libellen ganz gro\u00df sichtbar zu machen, die Beine der K\u00f6cherfliegenlarven zu z\u00e4hlen oder den R\u00fcckenschild der Wanzen zu betrachten. Und nat\u00fcrlich mussten die Erfahrungen der einzelnen Gruppen untereinander vorgestellt und ausgetauscht werden.<\/p>\n<p>Zum Abschluss aber stellte jedes Kind seinen eigenen Schatz zusammen, den es in einem Marmeladen-Glas mit nach Hause nehmen konnte \u2013 zusammen mit den vielen Eindr\u00fccken und Erkenntnissen vom Aufenthalt im Naturpark und dem Wolhynier-Museum in Linstow.<\/p>\n<p>Hier der Leserbrief der Schulklasse, abgedruckt am 19.06.2018 in der SVZ L\u00fcbz-Goldberg-Plau:<\/p>\n<p><a href=\"https:\/\/www.naturparkmagazin.de\/nossentiner-schwinzer-heide\/wp-content\/uploads\/sites\/28\/Zeitungsartikel_SVZ_19-06-2018.jpg\"><img decoding=\"async\" loading=\"lazy\" class=\"alignnone  wp-image-2000\" src=\"https:\/\/www.naturparkmagazin.de\/nossentiner-schwinzer-heide\/wp-content\/uploads\/sites\/28\/Zeitungsartikel_SVZ_19-06-2018-620x266.jpg\" alt=\"Zeitungsartikel_SVZ_19-06-2018\" width=\"813\" height=\"349\" srcset=\"https:\/\/www.naturparkmagazin.de\/nossentiner-schwinzer-heide\/wp-content\/uploads\/sites\/28\/Zeitungsartikel_SVZ_19-06-2018-620x266.jpg 620w, https:\/\/www.naturparkmagazin.de\/nossentiner-schwinzer-heide\/wp-content\/uploads\/sites\/28\/Zeitungsartikel_SVZ_19-06-2018-300x129.jpg 300w, https:\/\/www.naturparkmagazin.de\/nossentiner-schwinzer-heide\/wp-content\/uploads\/sites\/28\/Zeitungsartikel_SVZ_19-06-2018-940x403.jpg 940w, https:\/\/www.naturparkmagazin.de\/nossentiner-schwinzer-heide\/wp-content\/uploads\/sites\/28\/Zeitungsartikel_SVZ_19-06-2018-670x287.jpg 670w, https:\/\/www.naturparkmagazin.de\/nossentiner-schwinzer-heide\/wp-content\/uploads\/sites\/28\/Zeitungsartikel_SVZ_19-06-2018-200x86.jpg 200w, https:\/\/www.naturparkmagazin.de\/nossentiner-schwinzer-heide\/wp-content\/uploads\/sites\/28\/Zeitungsartikel_SVZ_19-06-2018.jpg 1276w\" sizes=\"(max-width: 813px) 100vw, 813px\" \/><\/a><\/p>\n<p>&nbsp;<\/p>\n<p>&nbsp;<\/p>\n","protected":false},"excerpt":{"rendered":"<p>Die 3. Klasse der Grundschule Parchim West war zwei Tage zu Besuch im Naturpark Nossentiner\/Schwinzer Heide und im Wolhynier-Museum Linstow. <\/p>\n","protected":false},"author":28,"featured_media":1991,"comment_status":"open","ping_status":"open","sticky":false,"template":"","format":"standard","meta":[],"categories":[7],"tags":[1069],"yoast_head":"<!-- This site is optimized with the Yoast SEO plugin v19.10 - https:\/\/yoast.com\/wordpress\/plugins\/seo\/ -->\n<title>Natur und Heimat erleben \u2013 Kaufland erm\u00f6glicht eine besondere Klassenfahrt in den Naturpark Nossentiner\/Schwinzer Heide - Naturpark Nossentiner\/Schwinzer Heide<\/title>\n<meta name=\"robots\" content=\"index, follow, max-snippet:-1, max-image-preview:large, max-video-preview:-1\" \/>\n<link rel=\"canonical\" href=\"https:\/\/www.naturparkmagazin.de\/nossentiner-schwinzer-heide\/natur-und-heimat-erleben-kaufland-ermoeglicht-eine-besondere-klassenfahrt-in-den-naturpark-nossentinerschwinzer-heide\/\" \/>\n<meta property=\"og:locale\" content=\"de_DE\" \/>\n<meta property=\"og:type\" content=\"article\" \/>\n<meta property=\"og:title\" content=\"Natur und Heimat erleben \u2013 Kaufland erm\u00f6glicht eine besondere Klassenfahrt in den Naturpark Nossentiner\/Schwinzer Heide - Naturpark Nossentiner\/Schwinzer Heide\" \/>\n<meta property=\"og:description\" content=\"Die 3. Klasse der Grundschule Parchim West war zwei Tage zu Besuch im Naturpark Nossentiner\/Schwinzer Heide und im Wolhynier-Museum Linstow.\" \/>\n<meta property=\"og:url\" content=\"https:\/\/www.naturparkmagazin.de\/nossentiner-schwinzer-heide\/natur-und-heimat-erleben-kaufland-ermoeglicht-eine-besondere-klassenfahrt-in-den-naturpark-nossentinerschwinzer-heide\/\" \/>\n<meta property=\"og:site_name\" content=\"Naturpark Nossentiner\/Schwinzer Heide\" \/>\n<meta property=\"article:published_time\" content=\"2018-06-20T11:40:21+00:00\" \/>\n<meta property=\"article:modified_time\" content=\"2018-06-28T08:22:23+00:00\" \/>\n<meta property=\"og:image\" content=\"https:\/\/www.naturparkmagazin.de\/nossentiner-schwinzer-heide\/wp-content\/uploads\/sites\/28\/IMG_9706.jpg\" \/>\n\t<meta property=\"og:image:width\" content=\"1000\" \/>\n\t<meta property=\"og:image:height\" content=\"603\" \/>\n\t<meta property=\"og:image:type\" content=\"image\/jpeg\" \/>\n<meta name=\"twitter:label1\" content=\"Verfasst von\" \/>\n\t<meta name=\"twitter:data1\" content=\"\" \/>\n\t<meta name=\"twitter:label2\" content=\"Gesch\u00e4tzte Lesezeit\" \/>\n\t<meta name=\"twitter:data2\" content=\"4\u00a0Minuten\" \/>\n<script type=\"application\/ld+json\" class=\"yoast-schema-graph\">{\"@context\":\"https:\/\/schema.org\",\"@graph\":[{\"@type\":\"WebPage\",\"@id\":\"https:\/\/www.naturparkmagazin.de\/nossentiner-schwinzer-heide\/natur-und-heimat-erleben-kaufland-ermoeglicht-eine-besondere-klassenfahrt-in-den-naturpark-nossentinerschwinzer-heide\/\",\"url\":\"https:\/\/www.naturparkmagazin.de\/nossentiner-schwinzer-heide\/natur-und-heimat-erleben-kaufland-ermoeglicht-eine-besondere-klassenfahrt-in-den-naturpark-nossentinerschwinzer-heide\/\",\"name\":\"Natur und Heimat erleben \u2013 Kaufland erm\u00f6glicht eine besondere Klassenfahrt in den Naturpark Nossentiner\/Schwinzer Heide - Naturpark Nossentiner\/Schwinzer Heide\",\"isPartOf\":{\"@id\":\"https:\/\/www.naturparkmagazin.de\/nossentiner-schwinzer-heide\/#website\"},\"datePublished\":\"2018-06-20T11:40:21+00:00\",\"dateModified\":\"2018-06-28T08:22:23+00:00\",\"author\":{\"@id\":\"\"},\"breadcrumb\":{\"@id\":\"https:\/\/www.naturparkmagazin.de\/nossentiner-schwinzer-heide\/natur-und-heimat-erleben-kaufland-ermoeglicht-eine-besondere-klassenfahrt-in-den-naturpark-nossentinerschwinzer-heide\/#breadcrumb\"},\"inLanguage\":\"de\",\"potentialAction\":[{\"@type\":\"ReadAction\",\"target\":[\"https:\/\/www.naturparkmagazin.de\/nossentiner-schwinzer-heide\/natur-und-heimat-erleben-kaufland-ermoeglicht-eine-besondere-klassenfahrt-in-den-naturpark-nossentinerschwinzer-heide\/\"]}]},{\"@type\":\"BreadcrumbList\",\"@id\":\"https:\/\/www.naturparkmagazin.de\/nossentiner-schwinzer-heide\/natur-und-heimat-erleben-kaufland-ermoeglicht-eine-besondere-klassenfahrt-in-den-naturpark-nossentinerschwinzer-heide\/#breadcrumb\",\"itemListElement\":[{\"@type\":\"ListItem\",\"position\":1,\"name\":\"Home\",\"item\":\"https:\/\/www.naturparkmagazin.de\/nossentiner-schwinzer-heide\/\"},{\"@type\":\"ListItem\",\"position\":2,\"name\":\"Natur und Heimat erleben \u2013 Kaufland erm\u00f6glicht eine besondere Klassenfahrt in den Naturpark Nossentiner\/Schwinzer Heide\"}]},{\"@type\":\"WebSite\",\"@id\":\"https:\/\/www.naturparkmagazin.de\/nossentiner-schwinzer-heide\/#website\",\"url\":\"https:\/\/www.naturparkmagazin.de\/nossentiner-schwinzer-heide\/\",\"name\":\"Naturpark Nossentiner\/Schwinzer Heide\",\"description\":\"\",\"potentialAction\":[{\"@type\":\"SearchAction\",\"target\":{\"@type\":\"EntryPoint\",\"urlTemplate\":\"https:\/\/www.naturparkmagazin.de\/nossentiner-schwinzer-heide\/?s={search_term_string}\"},\"query-input\":\"required name=search_term_string\"}],\"inLanguage\":\"de\"},{\"@type\":\"Person\",\"@id\":\"\",\"url\":\"https:\/\/www.naturparkmagazin.de\/nossentiner-schwinzer-heide\/author\/\"}]}<\/script>\n<!-- \/ Yoast SEO plugin. -->","yoast_head_json":{"title":"Natur und Heimat erleben \u2013 Kaufland erm\u00f6glicht eine besondere Klassenfahrt in den Naturpark Nossentiner\/Schwinzer Heide - Naturpark Nossentiner\/Schwinzer Heide","robots":{"index":"index","follow":"follow","max-snippet":"max-snippet:-1","max-image-preview":"max-image-preview:large","max-video-preview":"max-video-preview:-1"},"canonical":"https:\/\/www.naturparkmagazin.de\/nossentiner-schwinzer-heide\/natur-und-heimat-erleben-kaufland-ermoeglicht-eine-besondere-klassenfahrt-in-den-naturpark-nossentinerschwinzer-heide\/","og_locale":"de_DE","og_type":"article","og_title":"Natur und Heimat erleben \u2013 Kaufland erm\u00f6glicht eine besondere Klassenfahrt in den Naturpark Nossentiner\/Schwinzer Heide - Naturpark Nossentiner\/Schwinzer Heide","og_description":"Die 3. Klasse der Grundschule Parchim West war zwei Tage zu Besuch im Naturpark Nossentiner\/Schwinzer Heide und im Wolhynier-Museum Linstow.","og_url":"https:\/\/www.naturparkmagazin.de\/nossentiner-schwinzer-heide\/natur-und-heimat-erleben-kaufland-ermoeglicht-eine-besondere-klassenfahrt-in-den-naturpark-nossentinerschwinzer-heide\/","og_site_name":"Naturpark Nossentiner\/Schwinzer Heide","article_published_time":"2018-06-20T11:40:21+00:00","article_modified_time":"2018-06-28T08:22:23+00:00","og_image":[{"width":1000,"height":603,"url":"https:\/\/www.naturparkmagazin.de\/nossentiner-schwinzer-heide\/wp-content\/uploads\/sites\/28\/IMG_9706.jpg","type":"image\/jpeg"}],"twitter_misc":{"Verfasst von":"","Gesch\u00e4tzte Lesezeit":"4\u00a0Minuten"},"schema":{"@context":"https:\/\/schema.org","@graph":[{"@type":"WebPage","@id":"https:\/\/www.naturparkmagazin.de\/nossentiner-schwinzer-heide\/natur-und-heimat-erleben-kaufland-ermoeglicht-eine-besondere-klassenfahrt-in-den-naturpark-nossentinerschwinzer-heide\/","url":"https:\/\/www.naturparkmagazin.de\/nossentiner-schwinzer-heide\/natur-und-heimat-erleben-kaufland-ermoeglicht-eine-besondere-klassenfahrt-in-den-naturpark-nossentinerschwinzer-heide\/","name":"Natur und Heimat erleben \u2013 Kaufland erm\u00f6glicht eine besondere Klassenfahrt in den Naturpark Nossentiner\/Schwinzer Heide - Naturpark Nossentiner\/Schwinzer Heide","isPartOf":{"@id":"https:\/\/www.naturparkmagazin.de\/nossentiner-schwinzer-heide\/#website"},"datePublished":"2018-06-20T11:40:21+00:00","dateModified":"2018-06-28T08:22:23+00:00","author":{"@id":""},"breadcrumb":{"@id":"https:\/\/www.naturparkmagazin.de\/nossentiner-schwinzer-heide\/natur-und-heimat-erleben-kaufland-ermoeglicht-eine-besondere-klassenfahrt-in-den-naturpark-nossentinerschwinzer-heide\/#breadcrumb"},"inLanguage":"de","potentialAction":[{"@type":"ReadAction","target":["https:\/\/www.naturparkmagazin.de\/nossentiner-schwinzer-heide\/natur-und-heimat-erleben-kaufland-ermoeglicht-eine-besondere-klassenfahrt-in-den-naturpark-nossentinerschwinzer-heide\/"]}]},{"@type":"BreadcrumbList","@id":"https:\/\/www.naturparkmagazin.de\/nossentiner-schwinzer-heide\/natur-und-heimat-erleben-kaufland-ermoeglicht-eine-besondere-klassenfahrt-in-den-naturpark-nossentinerschwinzer-heide\/#breadcrumb","itemListElement":[{"@type":"ListItem","position":1,"name":"Home","item":"https:\/\/www.naturparkmagazin.de\/nossentiner-schwinzer-heide\/"},{"@type":"ListItem","position":2,"name":"Natur und Heimat erleben \u2013 Kaufland erm\u00f6glicht eine besondere Klassenfahrt in den Naturpark Nossentiner\/Schwinzer Heide"}]},{"@type":"WebSite","@id":"https:\/\/www.naturparkmagazin.de\/nossentiner-schwinzer-heide\/#website","url":"https:\/\/www.naturparkmagazin.de\/nossentiner-schwinzer-heide\/","name":"Naturpark Nossentiner\/Schwinzer Heide","description":"","potentialAction":[{"@type":"SearchAction","target":{"@type":"EntryPoint","urlTemplate":"https:\/\/www.naturparkmagazin.de\/nossentiner-schwinzer-heide\/?s={search_term_string}"},"query-input":"required name=search_term_string"}],"inLanguage":"de"},{"@type":"Person","@id":"","url":"https:\/\/www.naturparkmagazin.de\/nossentiner-schwinzer-heide\/author\/"}]}},"_links":{"self":[{"href":"https:\/\/www.naturparkmagazin.de\/nossentiner-schwinzer-heide\/wp-json\/wp\/v2\/posts\/1982"}],"collection":[{"href":"https:\/\/www.naturparkmagazin.de\/nossentiner-schwinzer-heide\/wp-json\/wp\/v2\/posts"}],"about":[{"href":"https:\/\/www.naturparkmagazin.de\/nossentiner-schwinzer-heide\/wp-json\/wp\/v2\/types\/post"}],"author":[{"embeddable":true,"href":"https:\/\/www.naturparkmagazin.de\/nossentiner-schwinzer-heide\/wp-json\/wp\/v2\/users\/28"}],"replies":[{"embeddable":true,"href":"https:\/\/www.naturparkmagazin.de\/nossentiner-schwinzer-heide\/wp-json\/wp\/v2\/comments?post=1982"}],"version-history":[{"count":10,"href":"https:\/\/www.naturparkmagazin.de\/nossentiner-schwinzer-heide\/wp-json\/wp\/v2\/posts\/1982\/revisions"}],"predecessor-version":[{"id":2009,"href":"https:\/\/www.naturparkmagazin.de\/nossentiner-schwinzer-heide\/wp-json\/wp\/v2\/posts\/1982\/revisions\/2009"}],"wp:featuredmedia":[{"embeddable":true,"href":"https:\/\/www.naturparkmagazin.de\/nossentiner-schwinzer-heide\/wp-json\/wp\/v2\/media\/1991"}],"wp:attachment":[{"href":"https:\/\/www.naturparkmagazin.de\/nossentiner-schwinzer-heide\/wp-json\/wp\/v2\/media?parent=1982"}],"wp:term":[{"taxonomy":"category","embeddable":true,"href":"https:\/\/www.naturparkmagazin.de\/nossentiner-schwinzer-heide\/wp-json\/wp\/v2\/categories?post=1982"},{"taxonomy":"post_tag","embeddable":true,"href":"https:\/\/www.naturparkmagazin.de\/nossentiner-schwinzer-heide\/wp-json\/wp\/v2\/tags?post=1982"}],"curies":[{"name":"wp","href":"https:\/\/api.w.org\/{rel}","templated":true}]}}