{"id":2026,"date":"2018-08-06T16:04:05","date_gmt":"2018-08-06T14:04:05","guid":{"rendered":"https:\/\/www.naturparkmagazin.de\/nossentiner-schwinzer-heide\/?p=2026"},"modified":"2018-08-07T09:54:46","modified_gmt":"2018-08-07T07:54:46","slug":"pilze-und-ihre-giftigen-doppelgaenger-vortrag-im-naturpark-am-29-8-2018","status":"publish","type":"post","link":"https:\/\/www.naturparkmagazin.de\/nossentiner-schwinzer-heide\/pilze-und-ihre-giftigen-doppelgaenger-vortrag-im-naturpark-am-29-8-2018\/","title":{"rendered":"Pilze und ihre giftigen Doppelg\u00e4nger \u2013 Vortrag im Naturpark am 29.8.2018"},"content":{"rendered":"<p><a href=\"https:\/\/www.naturparkmagazin.de\/nossentiner-schwinzer-heide\/wp-content\/uploads\/sites\/28\/Vortrag-Pilze.jpg\"><img decoding=\"async\" loading=\"lazy\" class=\"alignnone size-medium wp-image-2047\" src=\"https:\/\/www.naturparkmagazin.de\/nossentiner-schwinzer-heide\/wp-content\/uploads\/sites\/28\/Vortrag-Pilze-620x941.jpg\" alt=\"Vortrag Pilze\" width=\"620\" height=\"941\" srcset=\"https:\/\/www.naturparkmagazin.de\/nossentiner-schwinzer-heide\/wp-content\/uploads\/sites\/28\/Vortrag-Pilze-620x941.jpg 620w, https:\/\/www.naturparkmagazin.de\/nossentiner-schwinzer-heide\/wp-content\/uploads\/sites\/28\/Vortrag-Pilze-300x455.jpg 300w, https:\/\/www.naturparkmagazin.de\/nossentiner-schwinzer-heide\/wp-content\/uploads\/sites\/28\/Vortrag-Pilze-940x1426.jpg 940w, https:\/\/www.naturparkmagazin.de\/nossentiner-schwinzer-heide\/wp-content\/uploads\/sites\/28\/Vortrag-Pilze-670x1017.jpg 670w, https:\/\/www.naturparkmagazin.de\/nossentiner-schwinzer-heide\/wp-content\/uploads\/sites\/28\/Vortrag-Pilze-200x303.jpg 200w\" sizes=\"(max-width: 620px) 100vw, 620px\" \/><\/a>Eigentlich sollte der Vortrag \u201ePilze \u2013 Gift oder Genuss?\u201c am 29. August im Naturparkzentrum des Naturparks Nossentiner\/Schwinzer Heide auf die kommende Pilzsaison einstimmen. Doch ob es in diesem Jahr \u00fcberhaupt Pilze geben wird, ist derzeit nicht sicher. Denn Pilze m\u00f6chten es warm, aber auch feucht. \u201eDas flach wurzelnde Pilzmyzel im Boden ben\u00f6tigt eine Zeit lang Feuchtigkeit, um die Fruchtk\u00f6rper ausbilden zu k\u00f6nnen\u201c, erkl\u00e4rt der Referent und Pilzsachverst\u00e4ndige Manfred B\u00f6ttcher. So bleibt wohl zun\u00e4chst nur die theoretische Besch\u00e4ftigung mit der Materie. Es erwartet die Zuh\u00f6rer ein unterhaltsamer Vortrag \u00fcber essbare Pilze und ihre giftigen Doppelg\u00e4nger, gew\u00fcrzt mit Anekdoten und Serviervorschl\u00e4gen, aber auch unbekannte oder sonderbare Pilze werden vorgestellt. Der Vortrag beginnt um 19 Uhr im Kultur- und Informationszentrum Karower Meiler in Karow.<\/p>\n<div id=\"attachment_2056\" style=\"width: 630px\" class=\"wp-caption alignnone\"><a href=\"https:\/\/www.naturparkmagazin.de\/nossentiner-schwinzer-heide\/wp-content\/uploads\/sites\/28\/Abb-7-Hirneola-auricula-judae-Judasohr-Holunder-am-Horstsee-b.-Karow-5660.jpg\"><img aria-describedby=\"caption-attachment-2056\" decoding=\"async\" loading=\"lazy\" class=\"wp-image-2056 size-medium\" src=\"https:\/\/www.naturparkmagazin.de\/nossentiner-schwinzer-heide\/wp-content\/uploads\/sites\/28\/Abb-7-Hirneola-auricula-judae-Judasohr-Holunder-am-Horstsee-b.-Karow-5660-620x465.jpg\" alt=\"Abb 7, Hirneola auricula- judae, Judasohr, Holunder am Horstsee b. Karow, 5660\" width=\"620\" height=\"465\" srcset=\"https:\/\/www.naturparkmagazin.de\/nossentiner-schwinzer-heide\/wp-content\/uploads\/sites\/28\/Abb-7-Hirneola-auricula-judae-Judasohr-Holunder-am-Horstsee-b.-Karow-5660-620x465.jpg 620w, https:\/\/www.naturparkmagazin.de\/nossentiner-schwinzer-heide\/wp-content\/uploads\/sites\/28\/Abb-7-Hirneola-auricula-judae-Judasohr-Holunder-am-Horstsee-b.-Karow-5660-300x225.jpg 300w, https:\/\/www.naturparkmagazin.de\/nossentiner-schwinzer-heide\/wp-content\/uploads\/sites\/28\/Abb-7-Hirneola-auricula-judae-Judasohr-Holunder-am-Horstsee-b.-Karow-5660-940x705.jpg 940w, https:\/\/www.naturparkmagazin.de\/nossentiner-schwinzer-heide\/wp-content\/uploads\/sites\/28\/Abb-7-Hirneola-auricula-judae-Judasohr-Holunder-am-Horstsee-b.-Karow-5660-580x435.jpg 580w, https:\/\/www.naturparkmagazin.de\/nossentiner-schwinzer-heide\/wp-content\/uploads\/sites\/28\/Abb-7-Hirneola-auricula-judae-Judasohr-Holunder-am-Horstsee-b.-Karow-5660-420x315.jpg 420w, https:\/\/www.naturparkmagazin.de\/nossentiner-schwinzer-heide\/wp-content\/uploads\/sites\/28\/Abb-7-Hirneola-auricula-judae-Judasohr-Holunder-am-Horstsee-b.-Karow-5660-180x135.jpg 180w, https:\/\/www.naturparkmagazin.de\/nossentiner-schwinzer-heide\/wp-content\/uploads\/sites\/28\/Abb-7-Hirneola-auricula-judae-Judasohr-Holunder-am-Horstsee-b.-Karow-5660-95x71.jpg 95w, https:\/\/www.naturparkmagazin.de\/nossentiner-schwinzer-heide\/wp-content\/uploads\/sites\/28\/Abb-7-Hirneola-auricula-judae-Judasohr-Holunder-am-Horstsee-b.-Karow-5660-670x503.jpg 670w, https:\/\/www.naturparkmagazin.de\/nossentiner-schwinzer-heide\/wp-content\/uploads\/sites\/28\/Abb-7-Hirneola-auricula-judae-Judasohr-Holunder-am-Horstsee-b.-Karow-5660-200x150.jpg 200w, https:\/\/www.naturparkmagazin.de\/nossentiner-schwinzer-heide\/wp-content\/uploads\/sites\/28\/Abb-7-Hirneola-auricula-judae-Judasohr-Holunder-am-Horstsee-b.-Karow-5660.jpg 1000w\" sizes=\"(max-width: 620px) 100vw, 620px\" \/><\/a><p id=\"caption-attachment-2056\" class=\"wp-caption-text\">Judasohr (Hirneola auricula-judae) an einem Holunder. Foto: Dr. Wolfgang Mewes<\/p><\/div>\n<p>Das Judasohr war Pilz des Jahres 2017. N\u00e4here Informationen zu dieser interessanten, essbaren Pilzart finden Sie unter <a href=\"https:\/\/www.dgfm-ev.de\/presse-und-aktuelles\/pilz-des-jahres\/pilz-des-jahres-2017-judasohr\">https:\/\/www.dgfm-ev.de\/presse-und-aktuelles\/pilz-des-jahres\/pilz-des-jahres-2017-judasohr<\/a><\/p>\n<p>&nbsp;<\/p>\n<p>&nbsp;<\/p>\n","protected":false},"excerpt":{"rendered":"<p>Es erwartet die Zuh\u00f6rer ein unterhaltsamer Vortrag \u00fcber essbare Pilze und ihre giftigen Doppelg\u00e4nger, gew\u00fcrzt mit Anekdoten und Serviervorschl\u00e4gen, aber auch unbekannte oder sonderbare Pilze werden vorgestellt. <\/p>\n","protected":false},"author":28,"featured_media":2056,"comment_status":"open","ping_status":"open","sticky":false,"template":"","format":"standard","meta":[],"categories":[11],"tags":[1069],"yoast_head":"<!-- This site is optimized with the Yoast SEO plugin v19.10 - https:\/\/yoast.com\/wordpress\/plugins\/seo\/ -->\n<title>Pilze und ihre giftigen Doppelg\u00e4nger \u2013 Vortrag im Naturpark am 29.8.2018 - Naturpark Nossentiner\/Schwinzer Heide<\/title>\n<meta name=\"robots\" content=\"index, follow, max-snippet:-1, max-image-preview:large, max-video-preview:-1\" \/>\n<link rel=\"canonical\" href=\"https:\/\/www.naturparkmagazin.de\/nossentiner-schwinzer-heide\/pilze-und-ihre-giftigen-doppelgaenger-vortrag-im-naturpark-am-29-8-2018\/\" \/>\n<meta property=\"og:locale\" content=\"de_DE\" \/>\n<meta property=\"og:type\" content=\"article\" \/>\n<meta property=\"og:title\" content=\"Pilze und ihre giftigen Doppelg\u00e4nger \u2013 Vortrag im Naturpark am 29.8.2018 - Naturpark Nossentiner\/Schwinzer Heide\" \/>\n<meta property=\"og:description\" content=\"Es erwartet die Zuh\u00f6rer ein unterhaltsamer Vortrag \u00fcber essbare Pilze und ihre giftigen Doppelg\u00e4nger, gew\u00fcrzt mit Anekdoten und Serviervorschl\u00e4gen, aber auch unbekannte oder sonderbare Pilze werden vorgestellt.\" \/>\n<meta property=\"og:url\" content=\"https:\/\/www.naturparkmagazin.de\/nossentiner-schwinzer-heide\/pilze-und-ihre-giftigen-doppelgaenger-vortrag-im-naturpark-am-29-8-2018\/\" \/>\n<meta property=\"og:site_name\" content=\"Naturpark Nossentiner\/Schwinzer Heide\" \/>\n<meta property=\"article:published_time\" content=\"2018-08-06T14:04:05+00:00\" \/>\n<meta property=\"article:modified_time\" content=\"2018-08-07T07:54:46+00:00\" \/>\n<meta property=\"og:image\" content=\"https:\/\/www.naturparkmagazin.de\/nossentiner-schwinzer-heide\/wp-content\/uploads\/sites\/28\/Abb-7-Hirneola-auricula-judae-Judasohr-Holunder-am-Horstsee-b.-Karow-5660.jpg\" \/>\n\t<meta property=\"og:image:width\" content=\"1000\" \/>\n\t<meta property=\"og:image:height\" content=\"750\" \/>\n\t<meta property=\"og:image:type\" content=\"image\/jpeg\" \/>\n<meta name=\"twitter:label1\" content=\"Verfasst von\" \/>\n\t<meta name=\"twitter:data1\" content=\"\" \/>\n\t<meta name=\"twitter:label2\" content=\"Gesch\u00e4tzte Lesezeit\" \/>\n\t<meta name=\"twitter:data2\" content=\"1\u00a0Minute\" \/>\n<script type=\"application\/ld+json\" class=\"yoast-schema-graph\">{\"@context\":\"https:\/\/schema.org\",\"@graph\":[{\"@type\":\"WebPage\",\"@id\":\"https:\/\/www.naturparkmagazin.de\/nossentiner-schwinzer-heide\/pilze-und-ihre-giftigen-doppelgaenger-vortrag-im-naturpark-am-29-8-2018\/\",\"url\":\"https:\/\/www.naturparkmagazin.de\/nossentiner-schwinzer-heide\/pilze-und-ihre-giftigen-doppelgaenger-vortrag-im-naturpark-am-29-8-2018\/\",\"name\":\"Pilze und ihre giftigen Doppelg\u00e4nger \u2013 Vortrag im Naturpark am 29.8.2018 - Naturpark Nossentiner\/Schwinzer Heide\",\"isPartOf\":{\"@id\":\"https:\/\/www.naturparkmagazin.de\/nossentiner-schwinzer-heide\/#website\"},\"datePublished\":\"2018-08-06T14:04:05+00:00\",\"dateModified\":\"2018-08-07T07:54:46+00:00\",\"author\":{\"@id\":\"\"},\"breadcrumb\":{\"@id\":\"https:\/\/www.naturparkmagazin.de\/nossentiner-schwinzer-heide\/pilze-und-ihre-giftigen-doppelgaenger-vortrag-im-naturpark-am-29-8-2018\/#breadcrumb\"},\"inLanguage\":\"de\",\"potentialAction\":[{\"@type\":\"ReadAction\",\"target\":[\"https:\/\/www.naturparkmagazin.de\/nossentiner-schwinzer-heide\/pilze-und-ihre-giftigen-doppelgaenger-vortrag-im-naturpark-am-29-8-2018\/\"]}]},{\"@type\":\"BreadcrumbList\",\"@id\":\"https:\/\/www.naturparkmagazin.de\/nossentiner-schwinzer-heide\/pilze-und-ihre-giftigen-doppelgaenger-vortrag-im-naturpark-am-29-8-2018\/#breadcrumb\",\"itemListElement\":[{\"@type\":\"ListItem\",\"position\":1,\"name\":\"Home\",\"item\":\"https:\/\/www.naturparkmagazin.de\/nossentiner-schwinzer-heide\/\"},{\"@type\":\"ListItem\",\"position\":2,\"name\":\"Pilze und ihre giftigen Doppelg\u00e4nger \u2013 Vortrag im Naturpark am 29.8.2018\"}]},{\"@type\":\"WebSite\",\"@id\":\"https:\/\/www.naturparkmagazin.de\/nossentiner-schwinzer-heide\/#website\",\"url\":\"https:\/\/www.naturparkmagazin.de\/nossentiner-schwinzer-heide\/\",\"name\":\"Naturpark Nossentiner\/Schwinzer Heide\",\"description\":\"\",\"potentialAction\":[{\"@type\":\"SearchAction\",\"target\":{\"@type\":\"EntryPoint\",\"urlTemplate\":\"https:\/\/www.naturparkmagazin.de\/nossentiner-schwinzer-heide\/?s={search_term_string}\"},\"query-input\":\"required name=search_term_string\"}],\"inLanguage\":\"de\"},{\"@type\":\"Person\",\"@id\":\"\",\"url\":\"https:\/\/www.naturparkmagazin.de\/nossentiner-schwinzer-heide\/author\/\"}]}<\/script>\n<!-- \/ Yoast SEO plugin. -->","yoast_head_json":{"title":"Pilze und ihre giftigen Doppelg\u00e4nger \u2013 Vortrag im Naturpark am 29.8.2018 - Naturpark Nossentiner\/Schwinzer Heide","robots":{"index":"index","follow":"follow","max-snippet":"max-snippet:-1","max-image-preview":"max-image-preview:large","max-video-preview":"max-video-preview:-1"},"canonical":"https:\/\/www.naturparkmagazin.de\/nossentiner-schwinzer-heide\/pilze-und-ihre-giftigen-doppelgaenger-vortrag-im-naturpark-am-29-8-2018\/","og_locale":"de_DE","og_type":"article","og_title":"Pilze und ihre giftigen Doppelg\u00e4nger \u2013 Vortrag im Naturpark am 29.8.2018 - Naturpark Nossentiner\/Schwinzer Heide","og_description":"Es erwartet die Zuh\u00f6rer ein unterhaltsamer Vortrag \u00fcber essbare Pilze und ihre giftigen Doppelg\u00e4nger, gew\u00fcrzt mit Anekdoten und Serviervorschl\u00e4gen, aber auch unbekannte oder sonderbare Pilze werden vorgestellt.","og_url":"https:\/\/www.naturparkmagazin.de\/nossentiner-schwinzer-heide\/pilze-und-ihre-giftigen-doppelgaenger-vortrag-im-naturpark-am-29-8-2018\/","og_site_name":"Naturpark Nossentiner\/Schwinzer Heide","article_published_time":"2018-08-06T14:04:05+00:00","article_modified_time":"2018-08-07T07:54:46+00:00","og_image":[{"width":1000,"height":750,"url":"https:\/\/www.naturparkmagazin.de\/nossentiner-schwinzer-heide\/wp-content\/uploads\/sites\/28\/Abb-7-Hirneola-auricula-judae-Judasohr-Holunder-am-Horstsee-b.-Karow-5660.jpg","type":"image\/jpeg"}],"twitter_misc":{"Verfasst von":"","Gesch\u00e4tzte Lesezeit":"1\u00a0Minute"},"schema":{"@context":"https:\/\/schema.org","@graph":[{"@type":"WebPage","@id":"https:\/\/www.naturparkmagazin.de\/nossentiner-schwinzer-heide\/pilze-und-ihre-giftigen-doppelgaenger-vortrag-im-naturpark-am-29-8-2018\/","url":"https:\/\/www.naturparkmagazin.de\/nossentiner-schwinzer-heide\/pilze-und-ihre-giftigen-doppelgaenger-vortrag-im-naturpark-am-29-8-2018\/","name":"Pilze und ihre giftigen Doppelg\u00e4nger \u2013 Vortrag im Naturpark am 29.8.2018 - Naturpark Nossentiner\/Schwinzer Heide","isPartOf":{"@id":"https:\/\/www.naturparkmagazin.de\/nossentiner-schwinzer-heide\/#website"},"datePublished":"2018-08-06T14:04:05+00:00","dateModified":"2018-08-07T07:54:46+00:00","author":{"@id":""},"breadcrumb":{"@id":"https:\/\/www.naturparkmagazin.de\/nossentiner-schwinzer-heide\/pilze-und-ihre-giftigen-doppelgaenger-vortrag-im-naturpark-am-29-8-2018\/#breadcrumb"},"inLanguage":"de","potentialAction":[{"@type":"ReadAction","target":["https:\/\/www.naturparkmagazin.de\/nossentiner-schwinzer-heide\/pilze-und-ihre-giftigen-doppelgaenger-vortrag-im-naturpark-am-29-8-2018\/"]}]},{"@type":"BreadcrumbList","@id":"https:\/\/www.naturparkmagazin.de\/nossentiner-schwinzer-heide\/pilze-und-ihre-giftigen-doppelgaenger-vortrag-im-naturpark-am-29-8-2018\/#breadcrumb","itemListElement":[{"@type":"ListItem","position":1,"name":"Home","item":"https:\/\/www.naturparkmagazin.de\/nossentiner-schwinzer-heide\/"},{"@type":"ListItem","position":2,"name":"Pilze und ihre giftigen Doppelg\u00e4nger \u2013 Vortrag im Naturpark am 29.8.2018"}]},{"@type":"WebSite","@id":"https:\/\/www.naturparkmagazin.de\/nossentiner-schwinzer-heide\/#website","url":"https:\/\/www.naturparkmagazin.de\/nossentiner-schwinzer-heide\/","name":"Naturpark Nossentiner\/Schwinzer Heide","description":"","potentialAction":[{"@type":"SearchAction","target":{"@type":"EntryPoint","urlTemplate":"https:\/\/www.naturparkmagazin.de\/nossentiner-schwinzer-heide\/?s={search_term_string}"},"query-input":"required name=search_term_string"}],"inLanguage":"de"},{"@type":"Person","@id":"","url":"https:\/\/www.naturparkmagazin.de\/nossentiner-schwinzer-heide\/author\/"}]}},"_links":{"self":[{"href":"https:\/\/www.naturparkmagazin.de\/nossentiner-schwinzer-heide\/wp-json\/wp\/v2\/posts\/2026"}],"collection":[{"href":"https:\/\/www.naturparkmagazin.de\/nossentiner-schwinzer-heide\/wp-json\/wp\/v2\/posts"}],"about":[{"href":"https:\/\/www.naturparkmagazin.de\/nossentiner-schwinzer-heide\/wp-json\/wp\/v2\/types\/post"}],"author":[{"embeddable":true,"href":"https:\/\/www.naturparkmagazin.de\/nossentiner-schwinzer-heide\/wp-json\/wp\/v2\/users\/28"}],"replies":[{"embeddable":true,"href":"https:\/\/www.naturparkmagazin.de\/nossentiner-schwinzer-heide\/wp-json\/wp\/v2\/comments?post=2026"}],"version-history":[{"count":5,"href":"https:\/\/www.naturparkmagazin.de\/nossentiner-schwinzer-heide\/wp-json\/wp\/v2\/posts\/2026\/revisions"}],"predecessor-version":[{"id":2057,"href":"https:\/\/www.naturparkmagazin.de\/nossentiner-schwinzer-heide\/wp-json\/wp\/v2\/posts\/2026\/revisions\/2057"}],"wp:featuredmedia":[{"embeddable":true,"href":"https:\/\/www.naturparkmagazin.de\/nossentiner-schwinzer-heide\/wp-json\/wp\/v2\/media\/2056"}],"wp:attachment":[{"href":"https:\/\/www.naturparkmagazin.de\/nossentiner-schwinzer-heide\/wp-json\/wp\/v2\/media?parent=2026"}],"wp:term":[{"taxonomy":"category","embeddable":true,"href":"https:\/\/www.naturparkmagazin.de\/nossentiner-schwinzer-heide\/wp-json\/wp\/v2\/categories?post=2026"},{"taxonomy":"post_tag","embeddable":true,"href":"https:\/\/www.naturparkmagazin.de\/nossentiner-schwinzer-heide\/wp-json\/wp\/v2\/tags?post=2026"}],"curies":[{"name":"wp","href":"https:\/\/api.w.org\/{rel}","templated":true}]}}