{"id":2037,"date":"2018-08-06T15:19:22","date_gmt":"2018-08-06T13:19:22","guid":{"rendered":"https:\/\/www.naturparkmagazin.de\/nossentiner-schwinzer-heide\/?p=2037"},"modified":"2018-08-06T16:08:20","modified_gmt":"2018-08-06T14:08:20","slug":"neue-sonderausstellung-im-karower-meiler-farbige-impressionen-von-prof-hubert-meinel","status":"publish","type":"post","link":"https:\/\/www.naturparkmagazin.de\/nossentiner-schwinzer-heide\/neue-sonderausstellung-im-karower-meiler-farbige-impressionen-von-prof-hubert-meinel\/","title":{"rendered":"Neue Sonderausstellung im Karower Meiler: Farbige Impressionen von Prof. Hubert Meinel"},"content":{"rendered":"<div id=\"attachment_2041\" style=\"width: 384px\" class=\"wp-caption alignnone\"><a href=\"https:\/\/www.naturparkmagazin.de\/nossentiner-schwinzer-heide\/wp-content\/uploads\/sites\/28\/Schreiadler_Acryl-auf-Leinwand_HubertMeinel.jpg\"><img aria-describedby=\"caption-attachment-2041\" decoding=\"async\" loading=\"lazy\" class=\"  wp-image-2041\" src=\"https:\/\/www.naturparkmagazin.de\/nossentiner-schwinzer-heide\/wp-content\/uploads\/sites\/28\/Schreiadler_Acryl-auf-Leinwand_HubertMeinel-620x485.jpg\" alt=\"Schreiadler_Acryl auf Leinwand_HubertMeinel\" width=\"374\" height=\"292\" srcset=\"https:\/\/www.naturparkmagazin.de\/nossentiner-schwinzer-heide\/wp-content\/uploads\/sites\/28\/Schreiadler_Acryl-auf-Leinwand_HubertMeinel-620x485.jpg 620w, https:\/\/www.naturparkmagazin.de\/nossentiner-schwinzer-heide\/wp-content\/uploads\/sites\/28\/Schreiadler_Acryl-auf-Leinwand_HubertMeinel-300x235.jpg 300w, https:\/\/www.naturparkmagazin.de\/nossentiner-schwinzer-heide\/wp-content\/uploads\/sites\/28\/Schreiadler_Acryl-auf-Leinwand_HubertMeinel-940x735.jpg 940w, https:\/\/www.naturparkmagazin.de\/nossentiner-schwinzer-heide\/wp-content\/uploads\/sites\/28\/Schreiadler_Acryl-auf-Leinwand_HubertMeinel-670x524.jpg 670w, https:\/\/www.naturparkmagazin.de\/nossentiner-schwinzer-heide\/wp-content\/uploads\/sites\/28\/Schreiadler_Acryl-auf-Leinwand_HubertMeinel-200x156.jpg 200w, https:\/\/www.naturparkmagazin.de\/nossentiner-schwinzer-heide\/wp-content\/uploads\/sites\/28\/Schreiadler_Acryl-auf-Leinwand_HubertMeinel.jpg 1228w\" sizes=\"(max-width: 374px) 100vw, 374px\" \/><\/a><p id=\"caption-attachment-2041\" class=\"wp-caption-text\">Schreiadler. Acryl auf Leinwand. \u00a9 Prof. Hubert Meinel<\/p><\/div>\n<p>Farbenfrohe Landschaften, lebensechte Tierdarstellungen, sanfte Stillleben, abstrakte und geometrische Werke, Collagen\u2026 &#8211; der Hobbymaler Hubert Meinel stellt eine breite Palette seiner Werke im Naturparkzentrum Karower Meiler aus. Prof. Dr. Hubert Meinel aus Gnoien, im werkt\u00e4tigen Leben Mediziner, beherrscht viele Mal-Techniken. Seine Bilder zeugen von einer enormen Wandlungsf\u00e4higkeit und Empathie. Sie lassen den Betrachter eintauchen in ein sommerliches Lebensgef\u00fchl. Die ausgestellten Bilder sind \u00fcberwiegend mit Acryl- und \u00d6lfarben gemalt, aber auch Pastelle, Aquarelle und gespachtelte Bilder sind zu sehen. Nat\u00fcrlich k\u00f6nnen die Bilder auch direkt erworben werden.<\/p>\n<p>Die Ausstellung im Naturpark Nossentiner\/Schwinzer Heide ist vom 15. August bis 24. September t\u00e4glich von 10-17 Uhr zu sehen.<\/p>\n<p>&nbsp;<\/p>\n<div id=\"attachment_2038\" style=\"width: 630px\" class=\"wp-caption alignnone\"><a href=\"https:\/\/www.naturparkmagazin.de\/nossentiner-schwinzer-heide\/wp-content\/uploads\/sites\/28\/Sonnenstrahlen_Acryl-Spachtel-auf-Leinwand_Hubert-Meinel.jpg\"><img aria-describedby=\"caption-attachment-2038\" decoding=\"async\" loading=\"lazy\" class=\"wp-image-2038 size-medium\" src=\"https:\/\/www.naturparkmagazin.de\/nossentiner-schwinzer-heide\/wp-content\/uploads\/sites\/28\/Sonnenstrahlen_Acryl-Spachtel-auf-Leinwand_Hubert-Meinel-620x478.jpg\" alt=\"Sonnenstrahlen_Acryl-Spachtel auf Leinwand_Hubert Meinel\" width=\"620\" height=\"478\" srcset=\"https:\/\/www.naturparkmagazin.de\/nossentiner-schwinzer-heide\/wp-content\/uploads\/sites\/28\/Sonnenstrahlen_Acryl-Spachtel-auf-Leinwand_Hubert-Meinel-620x478.jpg 620w, https:\/\/www.naturparkmagazin.de\/nossentiner-schwinzer-heide\/wp-content\/uploads\/sites\/28\/Sonnenstrahlen_Acryl-Spachtel-auf-Leinwand_Hubert-Meinel-300x232.jpg 300w, https:\/\/www.naturparkmagazin.de\/nossentiner-schwinzer-heide\/wp-content\/uploads\/sites\/28\/Sonnenstrahlen_Acryl-Spachtel-auf-Leinwand_Hubert-Meinel-200x154.jpg 200w, https:\/\/www.naturparkmagazin.de\/nossentiner-schwinzer-heide\/wp-content\/uploads\/sites\/28\/Sonnenstrahlen_Acryl-Spachtel-auf-Leinwand_Hubert-Meinel.jpg 622w\" sizes=\"(max-width: 620px) 100vw, 620px\" \/><\/a><p id=\"caption-attachment-2038\" class=\"wp-caption-text\">Sonnenstrahlen. Acryl-Spachtel auf Leinwand. \u00a9 Prof. Hubert Meinel<\/p><\/div>\n<p>&nbsp;<\/p>\n<div id=\"attachment_2039\" style=\"width: 630px\" class=\"wp-caption alignnone\"><a href=\"https:\/\/www.naturparkmagazin.de\/nossentiner-schwinzer-heide\/wp-content\/uploads\/sites\/28\/Eruption_\u00d6l-auf-Leinwand_Hubert-Meinel.jpg\"><img aria-describedby=\"caption-attachment-2039\" decoding=\"async\" loading=\"lazy\" class=\"wp-image-2039 size-medium\" src=\"https:\/\/www.naturparkmagazin.de\/nossentiner-schwinzer-heide\/wp-content\/uploads\/sites\/28\/Eruption_\u00d6l-auf-Leinwand_Hubert-Meinel-620x406.jpg\" alt=\"Eruption_\u00d6l auf Leinwand_Hubert Meinel\" width=\"620\" height=\"406\" srcset=\"https:\/\/www.naturparkmagazin.de\/nossentiner-schwinzer-heide\/wp-content\/uploads\/sites\/28\/Eruption_\u00d6l-auf-Leinwand_Hubert-Meinel-620x406.jpg 620w, https:\/\/www.naturparkmagazin.de\/nossentiner-schwinzer-heide\/wp-content\/uploads\/sites\/28\/Eruption_\u00d6l-auf-Leinwand_Hubert-Meinel-300x196.jpg 300w, https:\/\/www.naturparkmagazin.de\/nossentiner-schwinzer-heide\/wp-content\/uploads\/sites\/28\/Eruption_\u00d6l-auf-Leinwand_Hubert-Meinel-940x615.jpg 940w, https:\/\/www.naturparkmagazin.de\/nossentiner-schwinzer-heide\/wp-content\/uploads\/sites\/28\/Eruption_\u00d6l-auf-Leinwand_Hubert-Meinel-670x439.jpg 670w, https:\/\/www.naturparkmagazin.de\/nossentiner-schwinzer-heide\/wp-content\/uploads\/sites\/28\/Eruption_\u00d6l-auf-Leinwand_Hubert-Meinel-200x131.jpg 200w, https:\/\/www.naturparkmagazin.de\/nossentiner-schwinzer-heide\/wp-content\/uploads\/sites\/28\/Eruption_\u00d6l-auf-Leinwand_Hubert-Meinel.jpg 1280w\" sizes=\"(max-width: 620px) 100vw, 620px\" \/><\/a><p id=\"caption-attachment-2039\" class=\"wp-caption-text\">Eruption. \u00d6l auf Leinwand. \u00a9 Prof. Hubert Meinel<\/p><\/div>\n<p>&nbsp;<\/p>\n","protected":false},"excerpt":{"rendered":"<p>Farbenfrohe Landschaften, lebensechte Tierdarstellungen, sanfte Stillleben, abstrakte und geometrische Werke, Collagen\u2026 &#8211; der Hobbymaler Hubert Meinel stellt eine breite Palette seiner Werke vom 15.8.-24.9.2018  im Naturparkzentrum Karower Meiler aus. <\/p>\n","protected":false},"author":28,"featured_media":2041,"comment_status":"open","ping_status":"open","sticky":false,"template":"","format":"standard","meta":[],"categories":[7],"tags":[1069],"yoast_head":"<!-- This site is optimized with the Yoast SEO plugin v19.10 - https:\/\/yoast.com\/wordpress\/plugins\/seo\/ -->\n<title>Neue Sonderausstellung im Karower Meiler: Farbige Impressionen von Prof. Hubert Meinel - Naturpark Nossentiner\/Schwinzer Heide<\/title>\n<meta name=\"robots\" content=\"index, follow, max-snippet:-1, max-image-preview:large, max-video-preview:-1\" \/>\n<link rel=\"canonical\" href=\"https:\/\/www.naturparkmagazin.de\/nossentiner-schwinzer-heide\/neue-sonderausstellung-im-karower-meiler-farbige-impressionen-von-prof-hubert-meinel\/\" \/>\n<meta property=\"og:locale\" content=\"de_DE\" \/>\n<meta property=\"og:type\" content=\"article\" \/>\n<meta property=\"og:title\" content=\"Neue Sonderausstellung im Karower Meiler: Farbige Impressionen von Prof. Hubert Meinel - Naturpark Nossentiner\/Schwinzer Heide\" \/>\n<meta property=\"og:description\" content=\"Farbenfrohe Landschaften, lebensechte Tierdarstellungen, sanfte Stillleben, abstrakte und geometrische Werke, Collagen\u2026 - der Hobbymaler Hubert Meinel stellt eine breite Palette seiner Werke vom 15.8.-24.9.2018 im Naturparkzentrum Karower Meiler aus.\" \/>\n<meta property=\"og:url\" content=\"https:\/\/www.naturparkmagazin.de\/nossentiner-schwinzer-heide\/neue-sonderausstellung-im-karower-meiler-farbige-impressionen-von-prof-hubert-meinel\/\" \/>\n<meta property=\"og:site_name\" content=\"Naturpark Nossentiner\/Schwinzer Heide\" \/>\n<meta property=\"article:published_time\" content=\"2018-08-06T13:19:22+00:00\" \/>\n<meta property=\"article:modified_time\" content=\"2018-08-06T14:08:20+00:00\" \/>\n<meta property=\"og:image\" content=\"https:\/\/www.naturparkmagazin.de\/nossentiner-schwinzer-heide\/wp-content\/uploads\/sites\/28\/Schreiadler_Acryl-auf-Leinwand_HubertMeinel.jpg\" \/>\n\t<meta property=\"og:image:width\" content=\"1228\" \/>\n\t<meta property=\"og:image:height\" content=\"960\" \/>\n\t<meta property=\"og:image:type\" content=\"image\/jpeg\" \/>\n<meta name=\"twitter:label1\" content=\"Verfasst von\" \/>\n\t<meta name=\"twitter:data1\" content=\"\" \/>\n\t<meta name=\"twitter:label2\" content=\"Gesch\u00e4tzte Lesezeit\" \/>\n\t<meta name=\"twitter:data2\" content=\"1\u00a0Minute\" \/>\n<script type=\"application\/ld+json\" class=\"yoast-schema-graph\">{\"@context\":\"https:\/\/schema.org\",\"@graph\":[{\"@type\":\"WebPage\",\"@id\":\"https:\/\/www.naturparkmagazin.de\/nossentiner-schwinzer-heide\/neue-sonderausstellung-im-karower-meiler-farbige-impressionen-von-prof-hubert-meinel\/\",\"url\":\"https:\/\/www.naturparkmagazin.de\/nossentiner-schwinzer-heide\/neue-sonderausstellung-im-karower-meiler-farbige-impressionen-von-prof-hubert-meinel\/\",\"name\":\"Neue Sonderausstellung im Karower Meiler: Farbige Impressionen von Prof. Hubert Meinel - Naturpark Nossentiner\/Schwinzer Heide\",\"isPartOf\":{\"@id\":\"https:\/\/www.naturparkmagazin.de\/nossentiner-schwinzer-heide\/#website\"},\"datePublished\":\"2018-08-06T13:19:22+00:00\",\"dateModified\":\"2018-08-06T14:08:20+00:00\",\"author\":{\"@id\":\"\"},\"breadcrumb\":{\"@id\":\"https:\/\/www.naturparkmagazin.de\/nossentiner-schwinzer-heide\/neue-sonderausstellung-im-karower-meiler-farbige-impressionen-von-prof-hubert-meinel\/#breadcrumb\"},\"inLanguage\":\"de\",\"potentialAction\":[{\"@type\":\"ReadAction\",\"target\":[\"https:\/\/www.naturparkmagazin.de\/nossentiner-schwinzer-heide\/neue-sonderausstellung-im-karower-meiler-farbige-impressionen-von-prof-hubert-meinel\/\"]}]},{\"@type\":\"BreadcrumbList\",\"@id\":\"https:\/\/www.naturparkmagazin.de\/nossentiner-schwinzer-heide\/neue-sonderausstellung-im-karower-meiler-farbige-impressionen-von-prof-hubert-meinel\/#breadcrumb\",\"itemListElement\":[{\"@type\":\"ListItem\",\"position\":1,\"name\":\"Home\",\"item\":\"https:\/\/www.naturparkmagazin.de\/nossentiner-schwinzer-heide\/\"},{\"@type\":\"ListItem\",\"position\":2,\"name\":\"Neue Sonderausstellung im Karower Meiler: Farbige Impressionen von Prof. Hubert Meinel\"}]},{\"@type\":\"WebSite\",\"@id\":\"https:\/\/www.naturparkmagazin.de\/nossentiner-schwinzer-heide\/#website\",\"url\":\"https:\/\/www.naturparkmagazin.de\/nossentiner-schwinzer-heide\/\",\"name\":\"Naturpark Nossentiner\/Schwinzer Heide\",\"description\":\"\",\"potentialAction\":[{\"@type\":\"SearchAction\",\"target\":{\"@type\":\"EntryPoint\",\"urlTemplate\":\"https:\/\/www.naturparkmagazin.de\/nossentiner-schwinzer-heide\/?s={search_term_string}\"},\"query-input\":\"required name=search_term_string\"}],\"inLanguage\":\"de\"},{\"@type\":\"Person\",\"@id\":\"\",\"url\":\"https:\/\/www.naturparkmagazin.de\/nossentiner-schwinzer-heide\/author\/\"}]}<\/script>\n<!-- \/ Yoast SEO plugin. -->","yoast_head_json":{"title":"Neue Sonderausstellung im Karower Meiler: Farbige Impressionen von Prof. Hubert Meinel - Naturpark Nossentiner\/Schwinzer Heide","robots":{"index":"index","follow":"follow","max-snippet":"max-snippet:-1","max-image-preview":"max-image-preview:large","max-video-preview":"max-video-preview:-1"},"canonical":"https:\/\/www.naturparkmagazin.de\/nossentiner-schwinzer-heide\/neue-sonderausstellung-im-karower-meiler-farbige-impressionen-von-prof-hubert-meinel\/","og_locale":"de_DE","og_type":"article","og_title":"Neue Sonderausstellung im Karower Meiler: Farbige Impressionen von Prof. Hubert Meinel - Naturpark Nossentiner\/Schwinzer Heide","og_description":"Farbenfrohe Landschaften, lebensechte Tierdarstellungen, sanfte Stillleben, abstrakte und geometrische Werke, Collagen\u2026 - der Hobbymaler Hubert Meinel stellt eine breite Palette seiner Werke vom 15.8.-24.9.2018 im Naturparkzentrum Karower Meiler aus.","og_url":"https:\/\/www.naturparkmagazin.de\/nossentiner-schwinzer-heide\/neue-sonderausstellung-im-karower-meiler-farbige-impressionen-von-prof-hubert-meinel\/","og_site_name":"Naturpark Nossentiner\/Schwinzer Heide","article_published_time":"2018-08-06T13:19:22+00:00","article_modified_time":"2018-08-06T14:08:20+00:00","og_image":[{"width":1228,"height":960,"url":"https:\/\/www.naturparkmagazin.de\/nossentiner-schwinzer-heide\/wp-content\/uploads\/sites\/28\/Schreiadler_Acryl-auf-Leinwand_HubertMeinel.jpg","type":"image\/jpeg"}],"twitter_misc":{"Verfasst von":"","Gesch\u00e4tzte Lesezeit":"1\u00a0Minute"},"schema":{"@context":"https:\/\/schema.org","@graph":[{"@type":"WebPage","@id":"https:\/\/www.naturparkmagazin.de\/nossentiner-schwinzer-heide\/neue-sonderausstellung-im-karower-meiler-farbige-impressionen-von-prof-hubert-meinel\/","url":"https:\/\/www.naturparkmagazin.de\/nossentiner-schwinzer-heide\/neue-sonderausstellung-im-karower-meiler-farbige-impressionen-von-prof-hubert-meinel\/","name":"Neue Sonderausstellung im Karower Meiler: Farbige Impressionen von Prof. Hubert Meinel - Naturpark Nossentiner\/Schwinzer Heide","isPartOf":{"@id":"https:\/\/www.naturparkmagazin.de\/nossentiner-schwinzer-heide\/#website"},"datePublished":"2018-08-06T13:19:22+00:00","dateModified":"2018-08-06T14:08:20+00:00","author":{"@id":""},"breadcrumb":{"@id":"https:\/\/www.naturparkmagazin.de\/nossentiner-schwinzer-heide\/neue-sonderausstellung-im-karower-meiler-farbige-impressionen-von-prof-hubert-meinel\/#breadcrumb"},"inLanguage":"de","potentialAction":[{"@type":"ReadAction","target":["https:\/\/www.naturparkmagazin.de\/nossentiner-schwinzer-heide\/neue-sonderausstellung-im-karower-meiler-farbige-impressionen-von-prof-hubert-meinel\/"]}]},{"@type":"BreadcrumbList","@id":"https:\/\/www.naturparkmagazin.de\/nossentiner-schwinzer-heide\/neue-sonderausstellung-im-karower-meiler-farbige-impressionen-von-prof-hubert-meinel\/#breadcrumb","itemListElement":[{"@type":"ListItem","position":1,"name":"Home","item":"https:\/\/www.naturparkmagazin.de\/nossentiner-schwinzer-heide\/"},{"@type":"ListItem","position":2,"name":"Neue Sonderausstellung im Karower Meiler: Farbige Impressionen von Prof. Hubert Meinel"}]},{"@type":"WebSite","@id":"https:\/\/www.naturparkmagazin.de\/nossentiner-schwinzer-heide\/#website","url":"https:\/\/www.naturparkmagazin.de\/nossentiner-schwinzer-heide\/","name":"Naturpark Nossentiner\/Schwinzer Heide","description":"","potentialAction":[{"@type":"SearchAction","target":{"@type":"EntryPoint","urlTemplate":"https:\/\/www.naturparkmagazin.de\/nossentiner-schwinzer-heide\/?s={search_term_string}"},"query-input":"required name=search_term_string"}],"inLanguage":"de"},{"@type":"Person","@id":"","url":"https:\/\/www.naturparkmagazin.de\/nossentiner-schwinzer-heide\/author\/"}]}},"_links":{"self":[{"href":"https:\/\/www.naturparkmagazin.de\/nossentiner-schwinzer-heide\/wp-json\/wp\/v2\/posts\/2037"}],"collection":[{"href":"https:\/\/www.naturparkmagazin.de\/nossentiner-schwinzer-heide\/wp-json\/wp\/v2\/posts"}],"about":[{"href":"https:\/\/www.naturparkmagazin.de\/nossentiner-schwinzer-heide\/wp-json\/wp\/v2\/types\/post"}],"author":[{"embeddable":true,"href":"https:\/\/www.naturparkmagazin.de\/nossentiner-schwinzer-heide\/wp-json\/wp\/v2\/users\/28"}],"replies":[{"embeddable":true,"href":"https:\/\/www.naturparkmagazin.de\/nossentiner-schwinzer-heide\/wp-json\/wp\/v2\/comments?post=2037"}],"version-history":[{"count":4,"href":"https:\/\/www.naturparkmagazin.de\/nossentiner-schwinzer-heide\/wp-json\/wp\/v2\/posts\/2037\/revisions"}],"predecessor-version":[{"id":2044,"href":"https:\/\/www.naturparkmagazin.de\/nossentiner-schwinzer-heide\/wp-json\/wp\/v2\/posts\/2037\/revisions\/2044"}],"wp:featuredmedia":[{"embeddable":true,"href":"https:\/\/www.naturparkmagazin.de\/nossentiner-schwinzer-heide\/wp-json\/wp\/v2\/media\/2041"}],"wp:attachment":[{"href":"https:\/\/www.naturparkmagazin.de\/nossentiner-schwinzer-heide\/wp-json\/wp\/v2\/media?parent=2037"}],"wp:term":[{"taxonomy":"category","embeddable":true,"href":"https:\/\/www.naturparkmagazin.de\/nossentiner-schwinzer-heide\/wp-json\/wp\/v2\/categories?post=2037"},{"taxonomy":"post_tag","embeddable":true,"href":"https:\/\/www.naturparkmagazin.de\/nossentiner-schwinzer-heide\/wp-json\/wp\/v2\/tags?post=2037"}],"curies":[{"name":"wp","href":"https:\/\/api.w.org\/{rel}","templated":true}]}}