{"id":2050,"date":"2018-08-06T16:40:59","date_gmt":"2018-08-06T14:40:59","guid":{"rendered":"https:\/\/www.naturparkmagazin.de\/nossentiner-schwinzer-heide\/?p=2050"},"modified":"2018-08-06T16:46:30","modified_gmt":"2018-08-06T14:46:30","slug":"foto-workshop-septemberlicht-mit-monika-lawrenz","status":"publish","type":"post","link":"https:\/\/www.naturparkmagazin.de\/nossentiner-schwinzer-heide\/foto-workshop-septemberlicht-mit-monika-lawrenz\/","title":{"rendered":"Foto-Workshop &#8222;Septemberlicht&#8220; mit Monika Lawrenz"},"content":{"rendered":"<p>Kreativerlebnisse der besonderen Art k\u00f6nnen Sie mit dem Fotoapperat am 8. und 9. September im Naturpark Nossentiner\/Schwinzer Heide erleben. Die renommierte Fotografin Monika Lawrenz leitet den Foto-Workshop, der sich an fotografische Einsteiger und Aufsteiger in der Naturfotografie richtet.<\/p>\n<p>Treffpunkt ist am 8. September 2018 um 13 Uhr im Naturparkzentrum Karower Meiler.<\/p>\n<p>Gerade in Mecklenburg-Vorpommern gibt es urspru\u0308ngliche Sch\u00f6nheiten in der Natur. Ausdrucksstarke Motive zu finden und sie dann ins richtige Licht zu setzen, sind die Voraussetzungen fu\u0308r au\u00dfergew\u00f6hnlich interessante Bilder.<\/p>\n<p><a href=\"https:\/\/www.naturparkmagazin.de\/nossentiner-schwinzer-heide\/wp-content\/uploads\/sites\/28\/Wiese-im-Abendlicht-FotoMonikaLawrenz9976.jpg\"><img decoding=\"async\" loading=\"lazy\" class=\"alignnone size-medium wp-image-2051\" src=\"https:\/\/www.naturparkmagazin.de\/nossentiner-schwinzer-heide\/wp-content\/uploads\/sites\/28\/Wiese-im-Abendlicht-FotoMonikaLawrenz9976-620x414.jpg\" alt=\"4.8.14 Wiese im Abendlicht bei Lohmen\" width=\"620\" height=\"414\" srcset=\"https:\/\/www.naturparkmagazin.de\/nossentiner-schwinzer-heide\/wp-content\/uploads\/sites\/28\/Wiese-im-Abendlicht-FotoMonikaLawrenz9976-620x414.jpg 620w, https:\/\/www.naturparkmagazin.de\/nossentiner-schwinzer-heide\/wp-content\/uploads\/sites\/28\/Wiese-im-Abendlicht-FotoMonikaLawrenz9976-300x200.jpg 300w, https:\/\/www.naturparkmagazin.de\/nossentiner-schwinzer-heide\/wp-content\/uploads\/sites\/28\/Wiese-im-Abendlicht-FotoMonikaLawrenz9976-670x447.jpg 670w, https:\/\/www.naturparkmagazin.de\/nossentiner-schwinzer-heide\/wp-content\/uploads\/sites\/28\/Wiese-im-Abendlicht-FotoMonikaLawrenz9976-200x134.jpg 200w, https:\/\/www.naturparkmagazin.de\/nossentiner-schwinzer-heide\/wp-content\/uploads\/sites\/28\/Wiese-im-Abendlicht-FotoMonikaLawrenz9976.jpg 674w\" sizes=\"(max-width: 620px) 100vw, 620px\" \/><\/a><\/p>\n<p>Im Workshop lernen Sie, wie Sie durch Bildgestaltung und die richtige Vorauswahl an ihrer Kamera ku\u0308nstlerische Akzente in der Naturfotografie setzen k\u00f6nnen. Ziel ist es, eine eigene, individuelle Sichtweise zu entwickeln. Am Sonnabend, 8.9., ist nach einer Einf\u00fchrung in die technischen M\u00f6glichkeiten der eigenen Kamera und der Kreativit\u00e4t in der Bildgestaltung eine 6-stu\u0308ndige Fototour durch den Naturpark geplant. Am Sonntag werden die entstandenen Bilder am Rechner gemeinsam gesichtet und ausgewertet.<\/p>\n<p>Jeder Teilnehmer bringt seinen eigenen Laptop mit und m\u00f6glichst auch ein Bildbearbeitungsprogramm. Von jedem Teilnehmer werden anschlie\u00dfend drei besonders gelungene Bilder im Adobe Lightroom-Programm bearbeitet und in einer abschlie\u00dfenden Dia-Show pr\u00e4sentiert.<\/p>\n<p>Die Teilnahmegebu\u0308hr fu\u0308r den Workshop betr\u00e4gt 98 \u20ac pro Teilnehmer.<\/p>\n<p>Bitte mitbringen:<\/p>\n<p>&#8211; Kameraequipment, wenn vorhanden Stativ, Bedienungsanleitung der Kamera<\/p>\n<p>&#8211; Laptop mit Bildbearbeitungsprogramm, z.B. Lightroom 5 oder 6 (kostenlose Testversion erh\u00e4ltlich)<\/p>\n<p>&#8211; max. 5 eigene Fotoprints mit Motiven aus der Natur f\u00fcr die Vorstellungsrunde<\/p>\n<p>&#8211; wetterfeste Kleidung<\/p>\n<p>&#8211; Getr\u00e4nk\/Snack fu\u0308r die Tagestour<\/p>\n<p>Anmeldungen bitte bevorzugt per Email an:<\/p>\n<p style=\"padding-left: 60px\">Monika Lawrenz<\/p>\n<p style=\"padding-left: 60px\">Tel: 038736-43 047<\/p>\n<p style=\"padding-left: 60px\">mobil: 0178- 472 22 95<\/p>\n<p style=\"padding-left: 60px\">fotografie@monikalawrenz.de<\/p>\n<p style=\"padding-left: 60px\">www.monikalawrenz.de<\/p>\n<p style=\"padding-left: 60px\"><a href=\"https:\/\/www.naturparkmagazin.de\/nossentiner-schwinzer-heide\/wp-content\/uploads\/sites\/28\/Wiese-im-Abendlicht-FotoMonikaLawrenz9976.jpg\">\u00a0<\/a><\/p>\n","protected":false},"excerpt":{"rendered":"<p>Kreativerlebnisse der besonderen Art k\u00f6nnen Sie mit dem Fotoapperat am 8. und 9. September im Naturpark Nossentiner\/Schwinzer Heide erleben. Die renommierte Fotografin Monika Lawrenz leitet den Foto-Workshop, der sich an fotografische Einsteiger und Aufsteiger in der Naturfotografie richtet.<\/p>\n","protected":false},"author":28,"featured_media":2051,"comment_status":"open","ping_status":"open","sticky":false,"template":"","format":"standard","meta":[],"categories":[11],"tags":[1069],"yoast_head":"<!-- This site is optimized with the Yoast SEO plugin v19.10 - https:\/\/yoast.com\/wordpress\/plugins\/seo\/ -->\n<title>Foto-Workshop &quot;Septemberlicht&quot; mit Monika Lawrenz - Naturpark Nossentiner\/Schwinzer Heide<\/title>\n<meta name=\"robots\" content=\"index, follow, max-snippet:-1, max-image-preview:large, max-video-preview:-1\" \/>\n<link rel=\"canonical\" href=\"https:\/\/www.naturparkmagazin.de\/nossentiner-schwinzer-heide\/foto-workshop-septemberlicht-mit-monika-lawrenz\/\" \/>\n<meta property=\"og:locale\" content=\"de_DE\" \/>\n<meta property=\"og:type\" content=\"article\" \/>\n<meta property=\"og:title\" content=\"Foto-Workshop &quot;Septemberlicht&quot; mit Monika Lawrenz - Naturpark Nossentiner\/Schwinzer Heide\" \/>\n<meta property=\"og:description\" content=\"Kreativerlebnisse der besonderen Art k\u00f6nnen Sie mit dem Fotoapperat am 8. und 9. September im Naturpark Nossentiner\/Schwinzer Heide erleben. Die renommierte Fotografin Monika Lawrenz leitet den Foto-Workshop, der sich an fotografische Einsteiger und Aufsteiger in der Naturfotografie richtet.\" \/>\n<meta property=\"og:url\" content=\"https:\/\/www.naturparkmagazin.de\/nossentiner-schwinzer-heide\/foto-workshop-septemberlicht-mit-monika-lawrenz\/\" \/>\n<meta property=\"og:site_name\" content=\"Naturpark Nossentiner\/Schwinzer Heide\" \/>\n<meta property=\"article:published_time\" content=\"2018-08-06T14:40:59+00:00\" \/>\n<meta property=\"article:modified_time\" content=\"2018-08-06T14:46:30+00:00\" \/>\n<meta property=\"og:image\" content=\"https:\/\/www.naturparkmagazin.de\/nossentiner-schwinzer-heide\/wp-content\/uploads\/sites\/28\/Wiese-im-Abendlicht-FotoMonikaLawrenz9976.jpg\" \/>\n\t<meta property=\"og:image:width\" content=\"674\" \/>\n\t<meta property=\"og:image:height\" content=\"450\" \/>\n\t<meta property=\"og:image:type\" content=\"image\/jpeg\" \/>\n<meta name=\"twitter:label1\" content=\"Verfasst von\" \/>\n\t<meta name=\"twitter:data1\" content=\"\" \/>\n\t<meta name=\"twitter:label2\" content=\"Gesch\u00e4tzte Lesezeit\" \/>\n\t<meta name=\"twitter:data2\" content=\"1\u00a0Minute\" \/>\n<script type=\"application\/ld+json\" class=\"yoast-schema-graph\">{\"@context\":\"https:\/\/schema.org\",\"@graph\":[{\"@type\":\"WebPage\",\"@id\":\"https:\/\/www.naturparkmagazin.de\/nossentiner-schwinzer-heide\/foto-workshop-septemberlicht-mit-monika-lawrenz\/\",\"url\":\"https:\/\/www.naturparkmagazin.de\/nossentiner-schwinzer-heide\/foto-workshop-septemberlicht-mit-monika-lawrenz\/\",\"name\":\"Foto-Workshop \\\"Septemberlicht\\\" mit Monika Lawrenz - Naturpark Nossentiner\/Schwinzer Heide\",\"isPartOf\":{\"@id\":\"https:\/\/www.naturparkmagazin.de\/nossentiner-schwinzer-heide\/#website\"},\"datePublished\":\"2018-08-06T14:40:59+00:00\",\"dateModified\":\"2018-08-06T14:46:30+00:00\",\"author\":{\"@id\":\"\"},\"breadcrumb\":{\"@id\":\"https:\/\/www.naturparkmagazin.de\/nossentiner-schwinzer-heide\/foto-workshop-septemberlicht-mit-monika-lawrenz\/#breadcrumb\"},\"inLanguage\":\"de\",\"potentialAction\":[{\"@type\":\"ReadAction\",\"target\":[\"https:\/\/www.naturparkmagazin.de\/nossentiner-schwinzer-heide\/foto-workshop-septemberlicht-mit-monika-lawrenz\/\"]}]},{\"@type\":\"BreadcrumbList\",\"@id\":\"https:\/\/www.naturparkmagazin.de\/nossentiner-schwinzer-heide\/foto-workshop-septemberlicht-mit-monika-lawrenz\/#breadcrumb\",\"itemListElement\":[{\"@type\":\"ListItem\",\"position\":1,\"name\":\"Home\",\"item\":\"https:\/\/www.naturparkmagazin.de\/nossentiner-schwinzer-heide\/\"},{\"@type\":\"ListItem\",\"position\":2,\"name\":\"Foto-Workshop &#8222;Septemberlicht&#8220; mit Monika Lawrenz\"}]},{\"@type\":\"WebSite\",\"@id\":\"https:\/\/www.naturparkmagazin.de\/nossentiner-schwinzer-heide\/#website\",\"url\":\"https:\/\/www.naturparkmagazin.de\/nossentiner-schwinzer-heide\/\",\"name\":\"Naturpark Nossentiner\/Schwinzer Heide\",\"description\":\"\",\"potentialAction\":[{\"@type\":\"SearchAction\",\"target\":{\"@type\":\"EntryPoint\",\"urlTemplate\":\"https:\/\/www.naturparkmagazin.de\/nossentiner-schwinzer-heide\/?s={search_term_string}\"},\"query-input\":\"required name=search_term_string\"}],\"inLanguage\":\"de\"},{\"@type\":\"Person\",\"@id\":\"\",\"url\":\"https:\/\/www.naturparkmagazin.de\/nossentiner-schwinzer-heide\/author\/\"}]}<\/script>\n<!-- \/ Yoast SEO plugin. -->","yoast_head_json":{"title":"Foto-Workshop \"Septemberlicht\" mit Monika Lawrenz - Naturpark Nossentiner\/Schwinzer Heide","robots":{"index":"index","follow":"follow","max-snippet":"max-snippet:-1","max-image-preview":"max-image-preview:large","max-video-preview":"max-video-preview:-1"},"canonical":"https:\/\/www.naturparkmagazin.de\/nossentiner-schwinzer-heide\/foto-workshop-septemberlicht-mit-monika-lawrenz\/","og_locale":"de_DE","og_type":"article","og_title":"Foto-Workshop \"Septemberlicht\" mit Monika Lawrenz - Naturpark Nossentiner\/Schwinzer Heide","og_description":"Kreativerlebnisse der besonderen Art k\u00f6nnen Sie mit dem Fotoapperat am 8. und 9. September im Naturpark Nossentiner\/Schwinzer Heide erleben. Die renommierte Fotografin Monika Lawrenz leitet den Foto-Workshop, der sich an fotografische Einsteiger und Aufsteiger in der Naturfotografie richtet.","og_url":"https:\/\/www.naturparkmagazin.de\/nossentiner-schwinzer-heide\/foto-workshop-septemberlicht-mit-monika-lawrenz\/","og_site_name":"Naturpark Nossentiner\/Schwinzer Heide","article_published_time":"2018-08-06T14:40:59+00:00","article_modified_time":"2018-08-06T14:46:30+00:00","og_image":[{"width":674,"height":450,"url":"https:\/\/www.naturparkmagazin.de\/nossentiner-schwinzer-heide\/wp-content\/uploads\/sites\/28\/Wiese-im-Abendlicht-FotoMonikaLawrenz9976.jpg","type":"image\/jpeg"}],"twitter_misc":{"Verfasst von":"","Gesch\u00e4tzte Lesezeit":"1\u00a0Minute"},"schema":{"@context":"https:\/\/schema.org","@graph":[{"@type":"WebPage","@id":"https:\/\/www.naturparkmagazin.de\/nossentiner-schwinzer-heide\/foto-workshop-septemberlicht-mit-monika-lawrenz\/","url":"https:\/\/www.naturparkmagazin.de\/nossentiner-schwinzer-heide\/foto-workshop-septemberlicht-mit-monika-lawrenz\/","name":"Foto-Workshop \"Septemberlicht\" mit Monika Lawrenz - Naturpark Nossentiner\/Schwinzer Heide","isPartOf":{"@id":"https:\/\/www.naturparkmagazin.de\/nossentiner-schwinzer-heide\/#website"},"datePublished":"2018-08-06T14:40:59+00:00","dateModified":"2018-08-06T14:46:30+00:00","author":{"@id":""},"breadcrumb":{"@id":"https:\/\/www.naturparkmagazin.de\/nossentiner-schwinzer-heide\/foto-workshop-septemberlicht-mit-monika-lawrenz\/#breadcrumb"},"inLanguage":"de","potentialAction":[{"@type":"ReadAction","target":["https:\/\/www.naturparkmagazin.de\/nossentiner-schwinzer-heide\/foto-workshop-septemberlicht-mit-monika-lawrenz\/"]}]},{"@type":"BreadcrumbList","@id":"https:\/\/www.naturparkmagazin.de\/nossentiner-schwinzer-heide\/foto-workshop-septemberlicht-mit-monika-lawrenz\/#breadcrumb","itemListElement":[{"@type":"ListItem","position":1,"name":"Home","item":"https:\/\/www.naturparkmagazin.de\/nossentiner-schwinzer-heide\/"},{"@type":"ListItem","position":2,"name":"Foto-Workshop &#8222;Septemberlicht&#8220; mit Monika Lawrenz"}]},{"@type":"WebSite","@id":"https:\/\/www.naturparkmagazin.de\/nossentiner-schwinzer-heide\/#website","url":"https:\/\/www.naturparkmagazin.de\/nossentiner-schwinzer-heide\/","name":"Naturpark Nossentiner\/Schwinzer Heide","description":"","potentialAction":[{"@type":"SearchAction","target":{"@type":"EntryPoint","urlTemplate":"https:\/\/www.naturparkmagazin.de\/nossentiner-schwinzer-heide\/?s={search_term_string}"},"query-input":"required name=search_term_string"}],"inLanguage":"de"},{"@type":"Person","@id":"","url":"https:\/\/www.naturparkmagazin.de\/nossentiner-schwinzer-heide\/author\/"}]}},"_links":{"self":[{"href":"https:\/\/www.naturparkmagazin.de\/nossentiner-schwinzer-heide\/wp-json\/wp\/v2\/posts\/2050"}],"collection":[{"href":"https:\/\/www.naturparkmagazin.de\/nossentiner-schwinzer-heide\/wp-json\/wp\/v2\/posts"}],"about":[{"href":"https:\/\/www.naturparkmagazin.de\/nossentiner-schwinzer-heide\/wp-json\/wp\/v2\/types\/post"}],"author":[{"embeddable":true,"href":"https:\/\/www.naturparkmagazin.de\/nossentiner-schwinzer-heide\/wp-json\/wp\/v2\/users\/28"}],"replies":[{"embeddable":true,"href":"https:\/\/www.naturparkmagazin.de\/nossentiner-schwinzer-heide\/wp-json\/wp\/v2\/comments?post=2050"}],"version-history":[{"count":2,"href":"https:\/\/www.naturparkmagazin.de\/nossentiner-schwinzer-heide\/wp-json\/wp\/v2\/posts\/2050\/revisions"}],"predecessor-version":[{"id":2053,"href":"https:\/\/www.naturparkmagazin.de\/nossentiner-schwinzer-heide\/wp-json\/wp\/v2\/posts\/2050\/revisions\/2053"}],"wp:featuredmedia":[{"embeddable":true,"href":"https:\/\/www.naturparkmagazin.de\/nossentiner-schwinzer-heide\/wp-json\/wp\/v2\/media\/2051"}],"wp:attachment":[{"href":"https:\/\/www.naturparkmagazin.de\/nossentiner-schwinzer-heide\/wp-json\/wp\/v2\/media?parent=2050"}],"wp:term":[{"taxonomy":"category","embeddable":true,"href":"https:\/\/www.naturparkmagazin.de\/nossentiner-schwinzer-heide\/wp-json\/wp\/v2\/categories?post=2050"},{"taxonomy":"post_tag","embeddable":true,"href":"https:\/\/www.naturparkmagazin.de\/nossentiner-schwinzer-heide\/wp-json\/wp\/v2\/tags?post=2050"}],"curies":[{"name":"wp","href":"https:\/\/api.w.org\/{rel}","templated":true}]}}