{"id":2062,"date":"2018-09-11T15:10:42","date_gmt":"2018-09-11T13:10:42","guid":{"rendered":"https:\/\/www.naturparkmagazin.de\/nossentiner-schwinzer-heide\/?p=2062"},"modified":"2018-09-11T15:10:33","modified_gmt":"2018-09-11T13:10:33","slug":"herbstfest-am-29-9-2018","status":"publish","type":"post","link":"https:\/\/www.naturparkmagazin.de\/nossentiner-schwinzer-heide\/herbstfest-am-29-9-2018\/","title":{"rendered":"Herbstfest am 29.9.2018"},"content":{"rendered":"<p><a href=\"https:\/\/www.naturparkmagazin.de\/nossentiner-schwinzer-heide\/wp-content\/uploads\/sites\/28\/Plakat_Herbstfest_20181.jpg\"><img decoding=\"async\" loading=\"lazy\" class=\"alignnone  wp-image-2073\" src=\"https:\/\/www.naturparkmagazin.de\/nossentiner-schwinzer-heide\/wp-content\/uploads\/sites\/28\/Plakat_Herbstfest_20181-620x877.jpg\" alt=\"Plakat_Herbstfest_2018\" width=\"567\" height=\"802\" srcset=\"https:\/\/www.naturparkmagazin.de\/nossentiner-schwinzer-heide\/wp-content\/uploads\/sites\/28\/Plakat_Herbstfest_20181-620x877.jpg 620w, https:\/\/www.naturparkmagazin.de\/nossentiner-schwinzer-heide\/wp-content\/uploads\/sites\/28\/Plakat_Herbstfest_20181-300x424.jpg 300w, https:\/\/www.naturparkmagazin.de\/nossentiner-schwinzer-heide\/wp-content\/uploads\/sites\/28\/Plakat_Herbstfest_20181-940x1329.jpg 940w, https:\/\/www.naturparkmagazin.de\/nossentiner-schwinzer-heide\/wp-content\/uploads\/sites\/28\/Plakat_Herbstfest_20181-670x948.jpg 670w, https:\/\/www.naturparkmagazin.de\/nossentiner-schwinzer-heide\/wp-content\/uploads\/sites\/28\/Plakat_Herbstfest_20181-200x283.jpg 200w\" sizes=\"(max-width: 567px) 100vw, 567px\" \/><\/a><\/p>\n<p>Am Samstag, dem 29. September, laden der Naturpark Nossentiner\/Schwinzer Heide und sein F\u00f6rderverein 10-16 Uhr zum traditionellen Herbstfest ein. Hier kann in entspannter Atmosph\u00e4re gekl\u00f6nt und geschlemmt werden. So kann im Naturpark hergestellter Apfelwein und Lik\u00f6r verkostet werden. Honig und Honigprodukte bietet Frau Hahn aus Karow an. Der Biohof Trampota aus Wendisch-Waren wird mit einem Obst- und Gem\u00fcsestand dabei sein. Au\u00dferdem gibt es K\u00fcrbissuppe und gegrillte W\u00fcrstchen sowie selbst gebackene Waffeln. Aber auch regionale Handwerker, wie der Schmied Thomas Behnke und eine Keramikwerkstatt, sind zu Gast. Die Manufaktur Wunderblume aus Sandhof bietet Fruchtaufstriche aus heimischen Beeren sowie Blumenkr\u00e4nze aus Naturmaterialien an.<\/p>\n<p>Der Pomologenverein M-V veranstaltet eine Apfelausstellung und Sortenbestimmung. F\u00fcr die Sortenbestimmung k\u00f6nnen Interessierte 4-5 einwandfreie \u00c4pfel bzw. Birnen pro Sorte in K\u00f6rbchen, Kartons oder Papiert\u00fcten mitbringen (keine Plastikt\u00fcten, da die Fr\u00fcchte schmierig werden).<\/p>\n<p>Auch einen Bastelstand wird es geben. Au\u00dferdem k\u00f6nnen Nistk\u00e4sten oder Futterst\u00e4be f\u00fcr die gefiederten Winterg\u00e4ste gebaut werden. Der Bau von einfachen Drachen ist auf den Herbstfesten des Naturparks schon Tradition. Diese k\u00f6nnen bei g\u00fcnstigen Winden dann auch gleich gestartet werden.<\/p>\n<p>Sofern noch ein paar Pilze wachsen, gibt es in diesem Jahr eine Pilzwanderung mit Lothar Strelow. Treff ist\u00a09 Uhr am Karower Meiler, anschlie\u00dfend geht es in den Wald am Ortkruger Weg in Karow. Die gefundenen Pilze werden anschlie\u00dfend ausgestellt, aus den essbaren Exemplaren wird eine leckere Suppe gekocht.<\/p>\n<p><a href=\"https:\/\/www.naturparkmagazin.de\/nossentiner-schwinzer-heide\/wp-content\/uploads\/sites\/28\/2012_regionaleProdukte.jpg\"><img decoding=\"async\" loading=\"lazy\" class=\"alignnone size-medium wp-image-1614\" src=\"https:\/\/www.naturparkmagazin.de\/nossentiner-schwinzer-heide\/wp-content\/uploads\/sites\/28\/2012_regionaleProdukte-620x465.jpg\" alt=\"2012_regionaleProdukte\" width=\"620\" height=\"465\" srcset=\"https:\/\/www.naturparkmagazin.de\/nossentiner-schwinzer-heide\/wp-content\/uploads\/sites\/28\/2012_regionaleProdukte-620x465.jpg 620w, https:\/\/www.naturparkmagazin.de\/nossentiner-schwinzer-heide\/wp-content\/uploads\/sites\/28\/2012_regionaleProdukte-300x225.jpg 300w, https:\/\/www.naturparkmagazin.de\/nossentiner-schwinzer-heide\/wp-content\/uploads\/sites\/28\/2012_regionaleProdukte-940x705.jpg 940w, https:\/\/www.naturparkmagazin.de\/nossentiner-schwinzer-heide\/wp-content\/uploads\/sites\/28\/2012_regionaleProdukte-580x435.jpg 580w, https:\/\/www.naturparkmagazin.de\/nossentiner-schwinzer-heide\/wp-content\/uploads\/sites\/28\/2012_regionaleProdukte-420x315.jpg 420w, https:\/\/www.naturparkmagazin.de\/nossentiner-schwinzer-heide\/wp-content\/uploads\/sites\/28\/2012_regionaleProdukte-180x135.jpg 180w, https:\/\/www.naturparkmagazin.de\/nossentiner-schwinzer-heide\/wp-content\/uploads\/sites\/28\/2012_regionaleProdukte-95x71.jpg 95w, https:\/\/www.naturparkmagazin.de\/nossentiner-schwinzer-heide\/wp-content\/uploads\/sites\/28\/2012_regionaleProdukte-670x503.jpg 670w, https:\/\/www.naturparkmagazin.de\/nossentiner-schwinzer-heide\/wp-content\/uploads\/sites\/28\/2012_regionaleProdukte-200x150.jpg 200w, https:\/\/www.naturparkmagazin.de\/nossentiner-schwinzer-heide\/wp-content\/uploads\/sites\/28\/2012_regionaleProdukte.jpg 1280w\" sizes=\"(max-width: 620px) 100vw, 620px\" \/><\/a><\/p>\n","protected":false},"excerpt":{"rendered":"<p>Am Samstag, dem 29. September, laden der Naturpark Nossentiner\/Schwinzer Heide und sein F\u00f6rderverein 10-16 Uhr wieder zum traditionellen Herbstfest ein. Hier kann in entspannter Atmosph\u00e4re gekl\u00f6nt und geschlemmt werden. <\/p>\n","protected":false},"author":28,"featured_media":2073,"comment_status":"open","ping_status":"open","sticky":false,"template":"","format":"standard","meta":[],"categories":[11],"tags":[1069],"yoast_head":"<!-- This site is optimized with the Yoast SEO plugin v19.10 - https:\/\/yoast.com\/wordpress\/plugins\/seo\/ -->\n<title>Herbstfest am 29.9.2018 - Naturpark Nossentiner\/Schwinzer Heide<\/title>\n<meta name=\"robots\" content=\"index, follow, max-snippet:-1, max-image-preview:large, max-video-preview:-1\" \/>\n<link rel=\"canonical\" href=\"https:\/\/www.naturparkmagazin.de\/nossentiner-schwinzer-heide\/herbstfest-am-29-9-2018\/\" \/>\n<meta property=\"og:locale\" content=\"de_DE\" \/>\n<meta property=\"og:type\" content=\"article\" \/>\n<meta property=\"og:title\" content=\"Herbstfest am 29.9.2018 - Naturpark Nossentiner\/Schwinzer Heide\" \/>\n<meta property=\"og:description\" content=\"Am Samstag, dem 29. September, laden der Naturpark Nossentiner\/Schwinzer Heide und sein F\u00f6rderverein 10-16 Uhr wieder zum traditionellen Herbstfest ein. Hier kann in entspannter Atmosph\u00e4re gekl\u00f6nt und geschlemmt werden.\" \/>\n<meta property=\"og:url\" content=\"https:\/\/www.naturparkmagazin.de\/nossentiner-schwinzer-heide\/herbstfest-am-29-9-2018\/\" \/>\n<meta property=\"og:site_name\" content=\"Naturpark Nossentiner\/Schwinzer Heide\" \/>\n<meta property=\"article:published_time\" content=\"2018-09-11T13:10:42+00:00\" \/>\n<meta property=\"article:modified_time\" content=\"2018-09-11T13:10:33+00:00\" \/>\n<meta property=\"og:image\" content=\"https:\/\/www.naturparkmagazin.de\/nossentiner-schwinzer-heide\/wp-content\/uploads\/sites\/28\/Plakat_Herbstfest_20181.jpg\" \/>\n\t<meta property=\"og:image:width\" content=\"2482\" \/>\n\t<meta property=\"og:image:height\" content=\"3510\" \/>\n\t<meta property=\"og:image:type\" content=\"image\/jpeg\" \/>\n<meta name=\"twitter:label1\" content=\"Verfasst von\" \/>\n\t<meta name=\"twitter:data1\" content=\"\" \/>\n\t<meta name=\"twitter:label2\" content=\"Gesch\u00e4tzte Lesezeit\" \/>\n\t<meta name=\"twitter:data2\" content=\"1\u00a0Minute\" \/>\n<script type=\"application\/ld+json\" class=\"yoast-schema-graph\">{\"@context\":\"https:\/\/schema.org\",\"@graph\":[{\"@type\":\"WebPage\",\"@id\":\"https:\/\/www.naturparkmagazin.de\/nossentiner-schwinzer-heide\/herbstfest-am-29-9-2018\/\",\"url\":\"https:\/\/www.naturparkmagazin.de\/nossentiner-schwinzer-heide\/herbstfest-am-29-9-2018\/\",\"name\":\"Herbstfest am 29.9.2018 - Naturpark Nossentiner\/Schwinzer Heide\",\"isPartOf\":{\"@id\":\"https:\/\/www.naturparkmagazin.de\/nossentiner-schwinzer-heide\/#website\"},\"datePublished\":\"2018-09-11T13:10:42+00:00\",\"dateModified\":\"2018-09-11T13:10:33+00:00\",\"author\":{\"@id\":\"\"},\"breadcrumb\":{\"@id\":\"https:\/\/www.naturparkmagazin.de\/nossentiner-schwinzer-heide\/herbstfest-am-29-9-2018\/#breadcrumb\"},\"inLanguage\":\"de\",\"potentialAction\":[{\"@type\":\"ReadAction\",\"target\":[\"https:\/\/www.naturparkmagazin.de\/nossentiner-schwinzer-heide\/herbstfest-am-29-9-2018\/\"]}]},{\"@type\":\"BreadcrumbList\",\"@id\":\"https:\/\/www.naturparkmagazin.de\/nossentiner-schwinzer-heide\/herbstfest-am-29-9-2018\/#breadcrumb\",\"itemListElement\":[{\"@type\":\"ListItem\",\"position\":1,\"name\":\"Home\",\"item\":\"https:\/\/www.naturparkmagazin.de\/nossentiner-schwinzer-heide\/\"},{\"@type\":\"ListItem\",\"position\":2,\"name\":\"Herbstfest am 29.9.2018\"}]},{\"@type\":\"WebSite\",\"@id\":\"https:\/\/www.naturparkmagazin.de\/nossentiner-schwinzer-heide\/#website\",\"url\":\"https:\/\/www.naturparkmagazin.de\/nossentiner-schwinzer-heide\/\",\"name\":\"Naturpark Nossentiner\/Schwinzer Heide\",\"description\":\"\",\"potentialAction\":[{\"@type\":\"SearchAction\",\"target\":{\"@type\":\"EntryPoint\",\"urlTemplate\":\"https:\/\/www.naturparkmagazin.de\/nossentiner-schwinzer-heide\/?s={search_term_string}\"},\"query-input\":\"required name=search_term_string\"}],\"inLanguage\":\"de\"},{\"@type\":\"Person\",\"@id\":\"\",\"url\":\"https:\/\/www.naturparkmagazin.de\/nossentiner-schwinzer-heide\/author\/\"}]}<\/script>\n<!-- \/ Yoast SEO plugin. -->","yoast_head_json":{"title":"Herbstfest am 29.9.2018 - Naturpark Nossentiner\/Schwinzer Heide","robots":{"index":"index","follow":"follow","max-snippet":"max-snippet:-1","max-image-preview":"max-image-preview:large","max-video-preview":"max-video-preview:-1"},"canonical":"https:\/\/www.naturparkmagazin.de\/nossentiner-schwinzer-heide\/herbstfest-am-29-9-2018\/","og_locale":"de_DE","og_type":"article","og_title":"Herbstfest am 29.9.2018 - Naturpark Nossentiner\/Schwinzer Heide","og_description":"Am Samstag, dem 29. September, laden der Naturpark Nossentiner\/Schwinzer Heide und sein F\u00f6rderverein 10-16 Uhr wieder zum traditionellen Herbstfest ein. Hier kann in entspannter Atmosph\u00e4re gekl\u00f6nt und geschlemmt werden.","og_url":"https:\/\/www.naturparkmagazin.de\/nossentiner-schwinzer-heide\/herbstfest-am-29-9-2018\/","og_site_name":"Naturpark Nossentiner\/Schwinzer Heide","article_published_time":"2018-09-11T13:10:42+00:00","article_modified_time":"2018-09-11T13:10:33+00:00","og_image":[{"width":2482,"height":3510,"url":"https:\/\/www.naturparkmagazin.de\/nossentiner-schwinzer-heide\/wp-content\/uploads\/sites\/28\/Plakat_Herbstfest_20181.jpg","type":"image\/jpeg"}],"twitter_misc":{"Verfasst von":"","Gesch\u00e4tzte Lesezeit":"1\u00a0Minute"},"schema":{"@context":"https:\/\/schema.org","@graph":[{"@type":"WebPage","@id":"https:\/\/www.naturparkmagazin.de\/nossentiner-schwinzer-heide\/herbstfest-am-29-9-2018\/","url":"https:\/\/www.naturparkmagazin.de\/nossentiner-schwinzer-heide\/herbstfest-am-29-9-2018\/","name":"Herbstfest am 29.9.2018 - Naturpark Nossentiner\/Schwinzer Heide","isPartOf":{"@id":"https:\/\/www.naturparkmagazin.de\/nossentiner-schwinzer-heide\/#website"},"datePublished":"2018-09-11T13:10:42+00:00","dateModified":"2018-09-11T13:10:33+00:00","author":{"@id":""},"breadcrumb":{"@id":"https:\/\/www.naturparkmagazin.de\/nossentiner-schwinzer-heide\/herbstfest-am-29-9-2018\/#breadcrumb"},"inLanguage":"de","potentialAction":[{"@type":"ReadAction","target":["https:\/\/www.naturparkmagazin.de\/nossentiner-schwinzer-heide\/herbstfest-am-29-9-2018\/"]}]},{"@type":"BreadcrumbList","@id":"https:\/\/www.naturparkmagazin.de\/nossentiner-schwinzer-heide\/herbstfest-am-29-9-2018\/#breadcrumb","itemListElement":[{"@type":"ListItem","position":1,"name":"Home","item":"https:\/\/www.naturparkmagazin.de\/nossentiner-schwinzer-heide\/"},{"@type":"ListItem","position":2,"name":"Herbstfest am 29.9.2018"}]},{"@type":"WebSite","@id":"https:\/\/www.naturparkmagazin.de\/nossentiner-schwinzer-heide\/#website","url":"https:\/\/www.naturparkmagazin.de\/nossentiner-schwinzer-heide\/","name":"Naturpark Nossentiner\/Schwinzer Heide","description":"","potentialAction":[{"@type":"SearchAction","target":{"@type":"EntryPoint","urlTemplate":"https:\/\/www.naturparkmagazin.de\/nossentiner-schwinzer-heide\/?s={search_term_string}"},"query-input":"required name=search_term_string"}],"inLanguage":"de"},{"@type":"Person","@id":"","url":"https:\/\/www.naturparkmagazin.de\/nossentiner-schwinzer-heide\/author\/"}]}},"_links":{"self":[{"href":"https:\/\/www.naturparkmagazin.de\/nossentiner-schwinzer-heide\/wp-json\/wp\/v2\/posts\/2062"}],"collection":[{"href":"https:\/\/www.naturparkmagazin.de\/nossentiner-schwinzer-heide\/wp-json\/wp\/v2\/posts"}],"about":[{"href":"https:\/\/www.naturparkmagazin.de\/nossentiner-schwinzer-heide\/wp-json\/wp\/v2\/types\/post"}],"author":[{"embeddable":true,"href":"https:\/\/www.naturparkmagazin.de\/nossentiner-schwinzer-heide\/wp-json\/wp\/v2\/users\/28"}],"replies":[{"embeddable":true,"href":"https:\/\/www.naturparkmagazin.de\/nossentiner-schwinzer-heide\/wp-json\/wp\/v2\/comments?post=2062"}],"version-history":[{"count":4,"href":"https:\/\/www.naturparkmagazin.de\/nossentiner-schwinzer-heide\/wp-json\/wp\/v2\/posts\/2062\/revisions"}],"predecessor-version":[{"id":2088,"href":"https:\/\/www.naturparkmagazin.de\/nossentiner-schwinzer-heide\/wp-json\/wp\/v2\/posts\/2062\/revisions\/2088"}],"wp:featuredmedia":[{"embeddable":true,"href":"https:\/\/www.naturparkmagazin.de\/nossentiner-schwinzer-heide\/wp-json\/wp\/v2\/media\/2073"}],"wp:attachment":[{"href":"https:\/\/www.naturparkmagazin.de\/nossentiner-schwinzer-heide\/wp-json\/wp\/v2\/media?parent=2062"}],"wp:term":[{"taxonomy":"category","embeddable":true,"href":"https:\/\/www.naturparkmagazin.de\/nossentiner-schwinzer-heide\/wp-json\/wp\/v2\/categories?post=2062"},{"taxonomy":"post_tag","embeddable":true,"href":"https:\/\/www.naturparkmagazin.de\/nossentiner-schwinzer-heide\/wp-json\/wp\/v2\/tags?post=2062"}],"curies":[{"name":"wp","href":"https:\/\/api.w.org\/{rel}","templated":true}]}}