{"id":2065,"date":"2018-08-27T14:16:11","date_gmt":"2018-08-27T12:16:11","guid":{"rendered":"https:\/\/www.naturparkmagazin.de\/nossentiner-schwinzer-heide\/?p=2065"},"modified":"2018-08-27T16:05:11","modified_gmt":"2018-08-27T14:05:11","slug":"naturparkzentrum-schliesst-wegen-umbaus-10-15-sept","status":"publish","type":"post","link":"https:\/\/www.naturparkmagazin.de\/nossentiner-schwinzer-heide\/naturparkzentrum-schliesst-wegen-umbaus-10-15-sept\/","title":{"rendered":"Naturparkzentrum schlie\u00dft wegen Umbau 10.-15. Sept."},"content":{"rendered":"<p><span style=\"color: #000000;font-family: Times New Roman\">Im Naturparkzentrum Karower Meiler wird gerade die Dauerausstellung \u00fcberarbeitet. Demn\u00e4chst werden die neuen Schautafeln installiert. Auch einige neue Exponate wird es geben. F\u00fcr den Umbau wird der Karower Meiler vom 10. bis 15. September geschlossen. Ab Sonntag, 16.9.2018, hat das Besucherzentrum wieder planm\u00e4\u00dfig 10-17 Uhr ge\u00f6ffnet.<\/span><\/p>\n<p>&nbsp;<\/p>\n<p><img decoding=\"async\" loading=\"lazy\" class=\"alignnone size-medium wp-image-2066\" src=\"https:\/\/www.naturparkmagazin.de\/nossentiner-schwinzer-heide\/wp-content\/uploads\/sites\/28\/Umbau-620x414.jpg\" alt=\"Umbau\" width=\"620\" height=\"414\" srcset=\"https:\/\/www.naturparkmagazin.de\/nossentiner-schwinzer-heide\/wp-content\/uploads\/sites\/28\/Umbau-620x414.jpg 620w, https:\/\/www.naturparkmagazin.de\/nossentiner-schwinzer-heide\/wp-content\/uploads\/sites\/28\/Umbau-300x200.jpg 300w, https:\/\/www.naturparkmagazin.de\/nossentiner-schwinzer-heide\/wp-content\/uploads\/sites\/28\/Umbau-940x627.jpg 940w, https:\/\/www.naturparkmagazin.de\/nossentiner-schwinzer-heide\/wp-content\/uploads\/sites\/28\/Umbau-670x447.jpg 670w, https:\/\/www.naturparkmagazin.de\/nossentiner-schwinzer-heide\/wp-content\/uploads\/sites\/28\/Umbau-200x133.jpg 200w\" sizes=\"(max-width: 620px) 100vw, 620px\" \/><\/p>\n<p>Die regul\u00e4ren \u00d6ffnungszeiten sind im September t\u00e4gl. 10-17 Uhr, ab Oktober Mo-Fr 10-16 Uhr.<\/p>\n<p>&nbsp;<\/p>\n","protected":false},"excerpt":{"rendered":"<p>Das Naturparkzentrum Karower Meiler bleibt vom 10.-15. September wegen Umbau geschlossen.<\/p>\n","protected":false},"author":28,"featured_media":2066,"comment_status":"open","ping_status":"open","sticky":false,"template":"","format":"standard","meta":[],"categories":[7],"tags":[],"yoast_head":"<!-- This site is optimized with the Yoast SEO plugin v19.10 - https:\/\/yoast.com\/wordpress\/plugins\/seo\/ -->\n<title>Naturparkzentrum schlie\u00dft wegen Umbau 10.-15. Sept. - Naturpark Nossentiner\/Schwinzer Heide<\/title>\n<meta name=\"robots\" content=\"index, follow, max-snippet:-1, max-image-preview:large, max-video-preview:-1\" \/>\n<link rel=\"canonical\" href=\"https:\/\/www.naturparkmagazin.de\/nossentiner-schwinzer-heide\/naturparkzentrum-schliesst-wegen-umbaus-10-15-sept\/\" \/>\n<meta property=\"og:locale\" content=\"de_DE\" \/>\n<meta property=\"og:type\" content=\"article\" \/>\n<meta property=\"og:title\" content=\"Naturparkzentrum schlie\u00dft wegen Umbau 10.-15. Sept. - Naturpark Nossentiner\/Schwinzer Heide\" \/>\n<meta property=\"og:description\" content=\"Das Naturparkzentrum Karower Meiler bleibt vom 10.-15. September wegen Umbau geschlossen.\" \/>\n<meta property=\"og:url\" content=\"https:\/\/www.naturparkmagazin.de\/nossentiner-schwinzer-heide\/naturparkzentrum-schliesst-wegen-umbaus-10-15-sept\/\" \/>\n<meta property=\"og:site_name\" content=\"Naturpark Nossentiner\/Schwinzer Heide\" \/>\n<meta property=\"article:published_time\" content=\"2018-08-27T12:16:11+00:00\" \/>\n<meta property=\"article:modified_time\" content=\"2018-08-27T14:05:11+00:00\" \/>\n<meta property=\"og:image\" content=\"https:\/\/www.naturparkmagazin.de\/nossentiner-schwinzer-heide\/wp-content\/uploads\/sites\/28\/Umbau.jpg\" \/>\n\t<meta property=\"og:image:width\" content=\"3454\" \/>\n\t<meta property=\"og:image:height\" content=\"2305\" \/>\n\t<meta property=\"og:image:type\" content=\"image\/jpeg\" \/>\n<meta name=\"twitter:label1\" content=\"Verfasst von\" \/>\n\t<meta name=\"twitter:data1\" content=\"\" \/>\n<script type=\"application\/ld+json\" class=\"yoast-schema-graph\">{\"@context\":\"https:\/\/schema.org\",\"@graph\":[{\"@type\":\"WebPage\",\"@id\":\"https:\/\/www.naturparkmagazin.de\/nossentiner-schwinzer-heide\/naturparkzentrum-schliesst-wegen-umbaus-10-15-sept\/\",\"url\":\"https:\/\/www.naturparkmagazin.de\/nossentiner-schwinzer-heide\/naturparkzentrum-schliesst-wegen-umbaus-10-15-sept\/\",\"name\":\"Naturparkzentrum schlie\u00dft wegen Umbau 10.-15. Sept. - Naturpark Nossentiner\/Schwinzer Heide\",\"isPartOf\":{\"@id\":\"https:\/\/www.naturparkmagazin.de\/nossentiner-schwinzer-heide\/#website\"},\"datePublished\":\"2018-08-27T12:16:11+00:00\",\"dateModified\":\"2018-08-27T14:05:11+00:00\",\"author\":{\"@id\":\"\"},\"breadcrumb\":{\"@id\":\"https:\/\/www.naturparkmagazin.de\/nossentiner-schwinzer-heide\/naturparkzentrum-schliesst-wegen-umbaus-10-15-sept\/#breadcrumb\"},\"inLanguage\":\"de\",\"potentialAction\":[{\"@type\":\"ReadAction\",\"target\":[\"https:\/\/www.naturparkmagazin.de\/nossentiner-schwinzer-heide\/naturparkzentrum-schliesst-wegen-umbaus-10-15-sept\/\"]}]},{\"@type\":\"BreadcrumbList\",\"@id\":\"https:\/\/www.naturparkmagazin.de\/nossentiner-schwinzer-heide\/naturparkzentrum-schliesst-wegen-umbaus-10-15-sept\/#breadcrumb\",\"itemListElement\":[{\"@type\":\"ListItem\",\"position\":1,\"name\":\"Home\",\"item\":\"https:\/\/www.naturparkmagazin.de\/nossentiner-schwinzer-heide\/\"},{\"@type\":\"ListItem\",\"position\":2,\"name\":\"Naturparkzentrum schlie\u00dft wegen Umbau 10.-15. Sept.\"}]},{\"@type\":\"WebSite\",\"@id\":\"https:\/\/www.naturparkmagazin.de\/nossentiner-schwinzer-heide\/#website\",\"url\":\"https:\/\/www.naturparkmagazin.de\/nossentiner-schwinzer-heide\/\",\"name\":\"Naturpark Nossentiner\/Schwinzer Heide\",\"description\":\"\",\"potentialAction\":[{\"@type\":\"SearchAction\",\"target\":{\"@type\":\"EntryPoint\",\"urlTemplate\":\"https:\/\/www.naturparkmagazin.de\/nossentiner-schwinzer-heide\/?s={search_term_string}\"},\"query-input\":\"required name=search_term_string\"}],\"inLanguage\":\"de\"},{\"@type\":\"Person\",\"@id\":\"\",\"url\":\"https:\/\/www.naturparkmagazin.de\/nossentiner-schwinzer-heide\/author\/\"}]}<\/script>\n<!-- \/ Yoast SEO plugin. -->","yoast_head_json":{"title":"Naturparkzentrum schlie\u00dft wegen Umbau 10.-15. Sept. - Naturpark Nossentiner\/Schwinzer Heide","robots":{"index":"index","follow":"follow","max-snippet":"max-snippet:-1","max-image-preview":"max-image-preview:large","max-video-preview":"max-video-preview:-1"},"canonical":"https:\/\/www.naturparkmagazin.de\/nossentiner-schwinzer-heide\/naturparkzentrum-schliesst-wegen-umbaus-10-15-sept\/","og_locale":"de_DE","og_type":"article","og_title":"Naturparkzentrum schlie\u00dft wegen Umbau 10.-15. Sept. - Naturpark Nossentiner\/Schwinzer Heide","og_description":"Das Naturparkzentrum Karower Meiler bleibt vom 10.-15. September wegen Umbau geschlossen.","og_url":"https:\/\/www.naturparkmagazin.de\/nossentiner-schwinzer-heide\/naturparkzentrum-schliesst-wegen-umbaus-10-15-sept\/","og_site_name":"Naturpark Nossentiner\/Schwinzer Heide","article_published_time":"2018-08-27T12:16:11+00:00","article_modified_time":"2018-08-27T14:05:11+00:00","og_image":[{"width":3454,"height":2305,"url":"https:\/\/www.naturparkmagazin.de\/nossentiner-schwinzer-heide\/wp-content\/uploads\/sites\/28\/Umbau.jpg","type":"image\/jpeg"}],"twitter_misc":{"Verfasst von":""},"schema":{"@context":"https:\/\/schema.org","@graph":[{"@type":"WebPage","@id":"https:\/\/www.naturparkmagazin.de\/nossentiner-schwinzer-heide\/naturparkzentrum-schliesst-wegen-umbaus-10-15-sept\/","url":"https:\/\/www.naturparkmagazin.de\/nossentiner-schwinzer-heide\/naturparkzentrum-schliesst-wegen-umbaus-10-15-sept\/","name":"Naturparkzentrum schlie\u00dft wegen Umbau 10.-15. Sept. - Naturpark Nossentiner\/Schwinzer Heide","isPartOf":{"@id":"https:\/\/www.naturparkmagazin.de\/nossentiner-schwinzer-heide\/#website"},"datePublished":"2018-08-27T12:16:11+00:00","dateModified":"2018-08-27T14:05:11+00:00","author":{"@id":""},"breadcrumb":{"@id":"https:\/\/www.naturparkmagazin.de\/nossentiner-schwinzer-heide\/naturparkzentrum-schliesst-wegen-umbaus-10-15-sept\/#breadcrumb"},"inLanguage":"de","potentialAction":[{"@type":"ReadAction","target":["https:\/\/www.naturparkmagazin.de\/nossentiner-schwinzer-heide\/naturparkzentrum-schliesst-wegen-umbaus-10-15-sept\/"]}]},{"@type":"BreadcrumbList","@id":"https:\/\/www.naturparkmagazin.de\/nossentiner-schwinzer-heide\/naturparkzentrum-schliesst-wegen-umbaus-10-15-sept\/#breadcrumb","itemListElement":[{"@type":"ListItem","position":1,"name":"Home","item":"https:\/\/www.naturparkmagazin.de\/nossentiner-schwinzer-heide\/"},{"@type":"ListItem","position":2,"name":"Naturparkzentrum schlie\u00dft wegen Umbau 10.-15. Sept."}]},{"@type":"WebSite","@id":"https:\/\/www.naturparkmagazin.de\/nossentiner-schwinzer-heide\/#website","url":"https:\/\/www.naturparkmagazin.de\/nossentiner-schwinzer-heide\/","name":"Naturpark Nossentiner\/Schwinzer Heide","description":"","potentialAction":[{"@type":"SearchAction","target":{"@type":"EntryPoint","urlTemplate":"https:\/\/www.naturparkmagazin.de\/nossentiner-schwinzer-heide\/?s={search_term_string}"},"query-input":"required name=search_term_string"}],"inLanguage":"de"},{"@type":"Person","@id":"","url":"https:\/\/www.naturparkmagazin.de\/nossentiner-schwinzer-heide\/author\/"}]}},"_links":{"self":[{"href":"https:\/\/www.naturparkmagazin.de\/nossentiner-schwinzer-heide\/wp-json\/wp\/v2\/posts\/2065"}],"collection":[{"href":"https:\/\/www.naturparkmagazin.de\/nossentiner-schwinzer-heide\/wp-json\/wp\/v2\/posts"}],"about":[{"href":"https:\/\/www.naturparkmagazin.de\/nossentiner-schwinzer-heide\/wp-json\/wp\/v2\/types\/post"}],"author":[{"embeddable":true,"href":"https:\/\/www.naturparkmagazin.de\/nossentiner-schwinzer-heide\/wp-json\/wp\/v2\/users\/28"}],"replies":[{"embeddable":true,"href":"https:\/\/www.naturparkmagazin.de\/nossentiner-schwinzer-heide\/wp-json\/wp\/v2\/comments?post=2065"}],"version-history":[{"count":4,"href":"https:\/\/www.naturparkmagazin.de\/nossentiner-schwinzer-heide\/wp-json\/wp\/v2\/posts\/2065\/revisions"}],"predecessor-version":[{"id":2075,"href":"https:\/\/www.naturparkmagazin.de\/nossentiner-schwinzer-heide\/wp-json\/wp\/v2\/posts\/2065\/revisions\/2075"}],"wp:featuredmedia":[{"embeddable":true,"href":"https:\/\/www.naturparkmagazin.de\/nossentiner-schwinzer-heide\/wp-json\/wp\/v2\/media\/2066"}],"wp:attachment":[{"href":"https:\/\/www.naturparkmagazin.de\/nossentiner-schwinzer-heide\/wp-json\/wp\/v2\/media?parent=2065"}],"wp:term":[{"taxonomy":"category","embeddable":true,"href":"https:\/\/www.naturparkmagazin.de\/nossentiner-schwinzer-heide\/wp-json\/wp\/v2\/categories?post=2065"},{"taxonomy":"post_tag","embeddable":true,"href":"https:\/\/www.naturparkmagazin.de\/nossentiner-schwinzer-heide\/wp-json\/wp\/v2\/tags?post=2065"}],"curies":[{"name":"wp","href":"https:\/\/api.w.org\/{rel}","templated":true}]}}