{"id":2097,"date":"2018-09-17T15:44:20","date_gmt":"2018-09-17T13:44:20","guid":{"rendered":"https:\/\/www.naturparkmagazin.de\/nossentiner-schwinzer-heide\/?p=2097"},"modified":"2018-09-26T15:49:37","modified_gmt":"2018-09-26T13:49:37","slug":"projekttage-der-naturparkschule","status":"publish","type":"post","link":"https:\/\/www.naturparkmagazin.de\/nossentiner-schwinzer-heide\/projekttage-der-naturparkschule\/","title":{"rendered":"Projekttage der Naturparkschule"},"content":{"rendered":"<div id=\"attachment_2099\" style=\"width: 510px\" class=\"wp-caption alignnone\"><a href=\"https:\/\/www.naturparkmagazin.de\/nossentiner-schwinzer-heide\/wp-content\/uploads\/sites\/28\/DSC00393b.jpg\"><img aria-describedby=\"caption-attachment-2099\" decoding=\"async\" loading=\"lazy\" class=\"size-full wp-image-2099\" src=\"https:\/\/www.naturparkmagazin.de\/nossentiner-schwinzer-heide\/wp-content\/uploads\/sites\/28\/DSC00393b.jpg\" alt=\"\u00a9 Naturpark Nossentiner Schwinzer Heide\" width=\"500\" height=\"300\" srcset=\"https:\/\/www.naturparkmagazin.de\/nossentiner-schwinzer-heide\/wp-content\/uploads\/sites\/28\/DSC00393b.jpg 500w, https:\/\/www.naturparkmagazin.de\/nossentiner-schwinzer-heide\/wp-content\/uploads\/sites\/28\/DSC00393b-300x180.jpg 300w, https:\/\/www.naturparkmagazin.de\/nossentiner-schwinzer-heide\/wp-content\/uploads\/sites\/28\/DSC00393b-200x120.jpg 200w\" sizes=\"(max-width: 500px) 100vw, 500px\" \/><\/a><p id=\"caption-attachment-2099\" class=\"wp-caption-text\">\u00a9 Naturpark Nossentiner Schwinzer Heide<\/p><\/div>\n<p>Im September haben die Projekttage der Klassen 5-10 der Naturparkschule Krakow am See stattgefunden.<\/p>\n<p>Die 5. Klassen erkundeten den Wald rund um Wooster Teerofen auf verschiedene Arten: eine Gruppe untersuchte den Boden, eine weitere Gruppe analysierte die Pflanzen in den verschiedenen Wald-Etagen, eine Gruppe suchte tierische und eine weitere menschliche Spuren im Wald.<\/p>\n<div id=\"attachment_2100\" style=\"width: 510px\" class=\"wp-caption alignnone\"><a href=\"https:\/\/www.naturparkmagazin.de\/nossentiner-schwinzer-heide\/wp-content\/uploads\/sites\/28\/DSC00193b.jpg\"><img aria-describedby=\"caption-attachment-2100\" decoding=\"async\" loading=\"lazy\" class=\"size-full wp-image-2100\" src=\"https:\/\/www.naturparkmagazin.de\/nossentiner-schwinzer-heide\/wp-content\/uploads\/sites\/28\/DSC00193b.jpg\" alt=\"\u00a9 Naturpark Nossentiner Schwinzer Heide\" width=\"500\" height=\"300\" srcset=\"https:\/\/www.naturparkmagazin.de\/nossentiner-schwinzer-heide\/wp-content\/uploads\/sites\/28\/DSC00193b.jpg 500w, https:\/\/www.naturparkmagazin.de\/nossentiner-schwinzer-heide\/wp-content\/uploads\/sites\/28\/DSC00193b-300x180.jpg 300w, https:\/\/www.naturparkmagazin.de\/nossentiner-schwinzer-heide\/wp-content\/uploads\/sites\/28\/DSC00193b-200x120.jpg 200w\" sizes=\"(max-width: 500px) 100vw, 500px\" \/><\/a><p id=\"caption-attachment-2100\" class=\"wp-caption-text\">\u00a9 Naturpark Nossentiner Schwinzer Heide<\/p><\/div>\n<p>Die 6. Klassen waren praktisch t\u00e4tig: sie r\u00e4umten einen Bunker in Bossow auf und bereiteten so den weiteren Ausbau als Fledermausquartier vor.<\/p>\n<p>Die 8. Klassen untersuchten das \u00d6kosystem Flie\u00dfgew\u00e4sser an der Nebel bei Linstow.<\/p>\n<p>Die 10. Klassen spielten ein Klima-Spiel. Das Spiel basiert auf der Idee von \u00bbDie Siedler von Catan\u00ab. Zum Aufbau der Gesellschaft werden Rohstoffe genutzt. Es entsteht Wohlstand. Doch dieses Wachstum verursacht gleichzeitig auch Klimafolgesch\u00e4den z.B. \u00dcberschwemmungen, D\u00fcrre und starke St\u00fcrme.<\/p>\n<p>Dieses Spiel machte den Sch\u00fclern Spa\u00df, wirft aber auch Fragen zu (Klima-)Gerechtigkeit, Konkurrenz und Kooperation auf.<\/p>\n<p><a href=\"https:\/\/www.naturparkmagazin.de\/nossentiner-schwinzer-heide\/wp-content\/uploads\/sites\/28\/DSC00343b.jpg\"><img decoding=\"async\" loading=\"lazy\" class=\"alignnone size-full wp-image-2101\" src=\"https:\/\/www.naturparkmagazin.de\/nossentiner-schwinzer-heide\/wp-content\/uploads\/sites\/28\/DSC00343b.jpg\" alt=\"DSC00343b\" width=\"500\" height=\"300\" srcset=\"https:\/\/www.naturparkmagazin.de\/nossentiner-schwinzer-heide\/wp-content\/uploads\/sites\/28\/DSC00343b.jpg 500w, https:\/\/www.naturparkmagazin.de\/nossentiner-schwinzer-heide\/wp-content\/uploads\/sites\/28\/DSC00343b-300x180.jpg 300w, https:\/\/www.naturparkmagazin.de\/nossentiner-schwinzer-heide\/wp-content\/uploads\/sites\/28\/DSC00343b-200x120.jpg 200w\" sizes=\"(max-width: 500px) 100vw, 500px\" \/><\/a><\/p>\n<p>&nbsp;<\/p>\n<p>&nbsp;<\/p>\n","protected":false},"excerpt":{"rendered":"<p>Im September haben die Projekttage der Klassen 5-10 der Naturparkschule Krakow am See stattgefunden. Die 5. Klassen erkundeten den Wald rund um Wooster Teerofen auf verschiedene Arten: eine Gruppe untersuchte den Boden, eine weitere Gruppe analysierte die Pflanzen in den verschiedenen Wald-Etagen, eine Gruppe suchte tierische und eine weitere menschliche Spuren im Wald. Die 6.<\/p>\n","protected":false},"author":73,"featured_media":2098,"comment_status":"open","ping_status":"open","sticky":false,"template":"","format":"standard","meta":[],"categories":[7],"tags":[],"yoast_head":"<!-- This site is optimized with the Yoast SEO plugin v19.10 - https:\/\/yoast.com\/wordpress\/plugins\/seo\/ -->\n<title>Projekttage der Naturparkschule - Naturpark Nossentiner\/Schwinzer Heide<\/title>\n<meta name=\"robots\" content=\"index, follow, max-snippet:-1, max-image-preview:large, max-video-preview:-1\" \/>\n<link rel=\"canonical\" href=\"https:\/\/www.naturparkmagazin.de\/nossentiner-schwinzer-heide\/projekttage-der-naturparkschule\/\" \/>\n<meta property=\"og:locale\" content=\"de_DE\" \/>\n<meta property=\"og:type\" content=\"article\" \/>\n<meta property=\"og:title\" content=\"Projekttage der Naturparkschule - Naturpark Nossentiner\/Schwinzer Heide\" \/>\n<meta property=\"og:description\" content=\"Im September haben die Projekttage der Klassen 5-10 der Naturparkschule Krakow am See stattgefunden. Die 5. Klassen erkundeten den Wald rund um Wooster Teerofen auf verschiedene Arten: eine Gruppe untersuchte den Boden, eine weitere Gruppe analysierte die Pflanzen in den verschiedenen Wald-Etagen, eine Gruppe suchte tierische und eine weitere menschliche Spuren im Wald. Die 6.\" \/>\n<meta property=\"og:url\" content=\"https:\/\/www.naturparkmagazin.de\/nossentiner-schwinzer-heide\/projekttage-der-naturparkschule\/\" \/>\n<meta property=\"og:site_name\" content=\"Naturpark Nossentiner\/Schwinzer Heide\" \/>\n<meta property=\"article:published_time\" content=\"2018-09-17T13:44:20+00:00\" \/>\n<meta property=\"article:modified_time\" content=\"2018-09-26T13:49:37+00:00\" \/>\n<meta property=\"og:image\" content=\"https:\/\/www.naturparkmagazin.de\/nossentiner-schwinzer-heide\/wp-content\/uploads\/sites\/28\/DSC00393bf.jpg\" \/>\n\t<meta property=\"og:image:width\" content=\"200\" \/>\n\t<meta property=\"og:image:height\" content=\"200\" \/>\n\t<meta property=\"og:image:type\" content=\"image\/jpeg\" \/>\n<meta name=\"author\" content=\"manuelamerz\" \/>\n<meta name=\"twitter:label1\" content=\"Verfasst von\" \/>\n\t<meta name=\"twitter:data1\" content=\"manuelamerz\" \/>\n\t<meta name=\"twitter:label2\" content=\"Gesch\u00e4tzte Lesezeit\" \/>\n\t<meta name=\"twitter:data2\" content=\"1\u00a0Minute\" \/>\n<script type=\"application\/ld+json\" class=\"yoast-schema-graph\">{\"@context\":\"https:\/\/schema.org\",\"@graph\":[{\"@type\":\"WebPage\",\"@id\":\"https:\/\/www.naturparkmagazin.de\/nossentiner-schwinzer-heide\/projekttage-der-naturparkschule\/\",\"url\":\"https:\/\/www.naturparkmagazin.de\/nossentiner-schwinzer-heide\/projekttage-der-naturparkschule\/\",\"name\":\"Projekttage der Naturparkschule - Naturpark Nossentiner\/Schwinzer Heide\",\"isPartOf\":{\"@id\":\"https:\/\/www.naturparkmagazin.de\/nossentiner-schwinzer-heide\/#website\"},\"datePublished\":\"2018-09-17T13:44:20+00:00\",\"dateModified\":\"2018-09-26T13:49:37+00:00\",\"author\":{\"@id\":\"https:\/\/www.naturparkmagazin.de\/nossentiner-schwinzer-heide\/#\/schema\/person\/3cff9b8773ed55f0189255fa9adfd57c\"},\"breadcrumb\":{\"@id\":\"https:\/\/www.naturparkmagazin.de\/nossentiner-schwinzer-heide\/projekttage-der-naturparkschule\/#breadcrumb\"},\"inLanguage\":\"de\",\"potentialAction\":[{\"@type\":\"ReadAction\",\"target\":[\"https:\/\/www.naturparkmagazin.de\/nossentiner-schwinzer-heide\/projekttage-der-naturparkschule\/\"]}]},{\"@type\":\"BreadcrumbList\",\"@id\":\"https:\/\/www.naturparkmagazin.de\/nossentiner-schwinzer-heide\/projekttage-der-naturparkschule\/#breadcrumb\",\"itemListElement\":[{\"@type\":\"ListItem\",\"position\":1,\"name\":\"Home\",\"item\":\"https:\/\/www.naturparkmagazin.de\/nossentiner-schwinzer-heide\/\"},{\"@type\":\"ListItem\",\"position\":2,\"name\":\"Projekttage der Naturparkschule\"}]},{\"@type\":\"WebSite\",\"@id\":\"https:\/\/www.naturparkmagazin.de\/nossentiner-schwinzer-heide\/#website\",\"url\":\"https:\/\/www.naturparkmagazin.de\/nossentiner-schwinzer-heide\/\",\"name\":\"Naturpark Nossentiner\/Schwinzer Heide\",\"description\":\"\",\"potentialAction\":[{\"@type\":\"SearchAction\",\"target\":{\"@type\":\"EntryPoint\",\"urlTemplate\":\"https:\/\/www.naturparkmagazin.de\/nossentiner-schwinzer-heide\/?s={search_term_string}\"},\"query-input\":\"required name=search_term_string\"}],\"inLanguage\":\"de\"},{\"@type\":\"Person\",\"@id\":\"https:\/\/www.naturparkmagazin.de\/nossentiner-schwinzer-heide\/#\/schema\/person\/3cff9b8773ed55f0189255fa9adfd57c\",\"name\":\"manuelamerz\",\"url\":\"https:\/\/www.naturparkmagazin.de\/nossentiner-schwinzer-heide\/author\/manuelamerz\/\"}]}<\/script>\n<!-- \/ Yoast SEO plugin. -->","yoast_head_json":{"title":"Projekttage der Naturparkschule - Naturpark Nossentiner\/Schwinzer Heide","robots":{"index":"index","follow":"follow","max-snippet":"max-snippet:-1","max-image-preview":"max-image-preview:large","max-video-preview":"max-video-preview:-1"},"canonical":"https:\/\/www.naturparkmagazin.de\/nossentiner-schwinzer-heide\/projekttage-der-naturparkschule\/","og_locale":"de_DE","og_type":"article","og_title":"Projekttage der Naturparkschule - Naturpark Nossentiner\/Schwinzer Heide","og_description":"Im September haben die Projekttage der Klassen 5-10 der Naturparkschule Krakow am See stattgefunden. Die 5. Klassen erkundeten den Wald rund um Wooster Teerofen auf verschiedene Arten: eine Gruppe untersuchte den Boden, eine weitere Gruppe analysierte die Pflanzen in den verschiedenen Wald-Etagen, eine Gruppe suchte tierische und eine weitere menschliche Spuren im Wald. Die 6.","og_url":"https:\/\/www.naturparkmagazin.de\/nossentiner-schwinzer-heide\/projekttage-der-naturparkschule\/","og_site_name":"Naturpark Nossentiner\/Schwinzer Heide","article_published_time":"2018-09-17T13:44:20+00:00","article_modified_time":"2018-09-26T13:49:37+00:00","og_image":[{"width":200,"height":200,"url":"https:\/\/www.naturparkmagazin.de\/nossentiner-schwinzer-heide\/wp-content\/uploads\/sites\/28\/DSC00393bf.jpg","type":"image\/jpeg"}],"author":"manuelamerz","twitter_misc":{"Verfasst von":"manuelamerz","Gesch\u00e4tzte Lesezeit":"1\u00a0Minute"},"schema":{"@context":"https:\/\/schema.org","@graph":[{"@type":"WebPage","@id":"https:\/\/www.naturparkmagazin.de\/nossentiner-schwinzer-heide\/projekttage-der-naturparkschule\/","url":"https:\/\/www.naturparkmagazin.de\/nossentiner-schwinzer-heide\/projekttage-der-naturparkschule\/","name":"Projekttage der Naturparkschule - Naturpark Nossentiner\/Schwinzer Heide","isPartOf":{"@id":"https:\/\/www.naturparkmagazin.de\/nossentiner-schwinzer-heide\/#website"},"datePublished":"2018-09-17T13:44:20+00:00","dateModified":"2018-09-26T13:49:37+00:00","author":{"@id":"https:\/\/www.naturparkmagazin.de\/nossentiner-schwinzer-heide\/#\/schema\/person\/3cff9b8773ed55f0189255fa9adfd57c"},"breadcrumb":{"@id":"https:\/\/www.naturparkmagazin.de\/nossentiner-schwinzer-heide\/projekttage-der-naturparkschule\/#breadcrumb"},"inLanguage":"de","potentialAction":[{"@type":"ReadAction","target":["https:\/\/www.naturparkmagazin.de\/nossentiner-schwinzer-heide\/projekttage-der-naturparkschule\/"]}]},{"@type":"BreadcrumbList","@id":"https:\/\/www.naturparkmagazin.de\/nossentiner-schwinzer-heide\/projekttage-der-naturparkschule\/#breadcrumb","itemListElement":[{"@type":"ListItem","position":1,"name":"Home","item":"https:\/\/www.naturparkmagazin.de\/nossentiner-schwinzer-heide\/"},{"@type":"ListItem","position":2,"name":"Projekttage der Naturparkschule"}]},{"@type":"WebSite","@id":"https:\/\/www.naturparkmagazin.de\/nossentiner-schwinzer-heide\/#website","url":"https:\/\/www.naturparkmagazin.de\/nossentiner-schwinzer-heide\/","name":"Naturpark Nossentiner\/Schwinzer Heide","description":"","potentialAction":[{"@type":"SearchAction","target":{"@type":"EntryPoint","urlTemplate":"https:\/\/www.naturparkmagazin.de\/nossentiner-schwinzer-heide\/?s={search_term_string}"},"query-input":"required name=search_term_string"}],"inLanguage":"de"},{"@type":"Person","@id":"https:\/\/www.naturparkmagazin.de\/nossentiner-schwinzer-heide\/#\/schema\/person\/3cff9b8773ed55f0189255fa9adfd57c","name":"manuelamerz","url":"https:\/\/www.naturparkmagazin.de\/nossentiner-schwinzer-heide\/author\/manuelamerz\/"}]}},"_links":{"self":[{"href":"https:\/\/www.naturparkmagazin.de\/nossentiner-schwinzer-heide\/wp-json\/wp\/v2\/posts\/2097"}],"collection":[{"href":"https:\/\/www.naturparkmagazin.de\/nossentiner-schwinzer-heide\/wp-json\/wp\/v2\/posts"}],"about":[{"href":"https:\/\/www.naturparkmagazin.de\/nossentiner-schwinzer-heide\/wp-json\/wp\/v2\/types\/post"}],"author":[{"embeddable":true,"href":"https:\/\/www.naturparkmagazin.de\/nossentiner-schwinzer-heide\/wp-json\/wp\/v2\/users\/73"}],"replies":[{"embeddable":true,"href":"https:\/\/www.naturparkmagazin.de\/nossentiner-schwinzer-heide\/wp-json\/wp\/v2\/comments?post=2097"}],"version-history":[{"count":1,"href":"https:\/\/www.naturparkmagazin.de\/nossentiner-schwinzer-heide\/wp-json\/wp\/v2\/posts\/2097\/revisions"}],"predecessor-version":[{"id":2102,"href":"https:\/\/www.naturparkmagazin.de\/nossentiner-schwinzer-heide\/wp-json\/wp\/v2\/posts\/2097\/revisions\/2102"}],"wp:featuredmedia":[{"embeddable":true,"href":"https:\/\/www.naturparkmagazin.de\/nossentiner-schwinzer-heide\/wp-json\/wp\/v2\/media\/2098"}],"wp:attachment":[{"href":"https:\/\/www.naturparkmagazin.de\/nossentiner-schwinzer-heide\/wp-json\/wp\/v2\/media?parent=2097"}],"wp:term":[{"taxonomy":"category","embeddable":true,"href":"https:\/\/www.naturparkmagazin.de\/nossentiner-schwinzer-heide\/wp-json\/wp\/v2\/categories?post=2097"},{"taxonomy":"post_tag","embeddable":true,"href":"https:\/\/www.naturparkmagazin.de\/nossentiner-schwinzer-heide\/wp-json\/wp\/v2\/tags?post=2097"}],"curies":[{"name":"wp","href":"https:\/\/api.w.org\/{rel}","templated":true}]}}