{"id":2112,"date":"2019-02-13T15:01:56","date_gmt":"2019-02-13T14:01:56","guid":{"rendered":"https:\/\/www.naturparkmagazin.de\/nossentiner-schwinzer-heide\/?p=2112"},"modified":"2019-03-06T12:56:19","modified_gmt":"2019-03-06T11:56:19","slug":"zwischenwelten-das-moortheater-gastiert-im-naturpark","status":"publish","type":"post","link":"https:\/\/www.naturparkmagazin.de\/nossentiner-schwinzer-heide\/zwischenwelten-das-moortheater-gastiert-im-naturpark\/","title":{"rendered":"Jetzt im Naturpark: Zwischenwelten &#8211; Eine musikalisch literarische Reise ins Moor"},"content":{"rendered":"<p><span style=\"font-family: Calibri\"><span style=\"color: #000000\">Moore sind mehr als nur d\u00fcstere, verwunschene Orte. Moore sind auch Lebensr\u00e4ume. Und f\u00fcr den Klimaschutz haben Moore besondere Bedeutung, denn sie sind wichtige CO<sub><span style=\"font-size: small\">2<\/span><\/sub><\/span><span style=\"color: #000000\">-Speicher. Obwohl Moore typisch und pr\u00e4gend f\u00fcr ganz Norddeutschland sind, sind sie vielen Menschen nicht bekannt oder nicht zug\u00e4nglich. Nur noch wenige intakte Moore existieren gleichsam Inseln im weiten Meer der meist hochindustrialisierten Agrarlandschaften. Das Moor pr\u00e4sentiert sich auch nicht als auf den ersten Blick \u00e4sthetischer oder ansprechender Ort: Seine Grenzen sind flie\u00dfend und das Wesen des Moores liegt unter der Oberfl\u00e4che. Auch wenn nur wenige das Moor aus eigenem Erleben kennen, tragen viele Menschen in ihren K\u00f6pfen Bilder einer bedrohlichen, gruseligen oder unnahbaren Landschaft in sich. Keine guten Voraussetzungen daf\u00fcr, Menschen f\u00fcr den Moorschutz zu begeistern.<\/span><\/span><\/p>\n<p><span style=\"color: #000000;font-family: Calibri\">Neue Wege sind erforderlich, um das Moor erfahrbar und sp\u00fcrbar werden zu lassen. Deshalb laden wir Sie herzlich ein!<\/span><\/p>\n<p><span style=\"color: #000000;font-family: Calibri\">Die drei K\u00fcnstler Uta Bergh\u00f6fer, Lars Gr\u00fcnwoldt und Tobias Rank schaffen mit einem Wechsel von Musik und Texten ein einzigartiges Kaleidoskop, das das Moor in seinen vielf\u00e4ltigen Facetten darstellt. Die Besucher werden auf eine stimmungsvolle und nachdenkliche Reise mitgenommen, auf der der Blick nicht auf dem historisch gepr\u00e4gten Bild der Moore verweilt. <\/span><\/p>\n<p><span style=\"color: #000000;font-family: Calibri\">Die von Uta Bergh\u00f6fer ausgew\u00e4hlten und vorgetragenen Texte fesseln die Zuh\u00f6rer und entf\u00fchren sie in die Landschaft des Moores. Lyrik, autobiographische, wissenschaftliche und philosophische Reflexionen verbinden sich mit Liedern der Romantik und Eigenkompositionen von Tobias Rank.<\/span><\/p>\n<p><span style=\"color: #000000;font-family: Calibri\">Mit seiner warmen und kraftvollen Stimme vermittelt der S\u00e4nger Lars Gr\u00fcnwoldt Sehnsucht und Melancholie auf der einen und Spannung und Mystik auf der anderen Seite. Er singt nicht nur, er spielt und \u00fcberzeugt mit seinem schauspielerischen Talent.<\/span><\/p>\n<p><span style=\"color: #000000;font-family: Calibri\">Tobias Rank begleitet die Lieder auf dem Klavier und improvisiert Zwischenmusik in einer ihm typischen Stilistik. Eigens f\u00fcr dieses Programm entstand seine Vertonung von \u201eDer Knabe im Moor\u201c nach dem Gedicht von A. v. Droste-H\u00fclshoff.<\/span><\/p>\n<p><span style=\"color: #000000;font-family: Calibri\">Der Naturpark Nossentiner\/Schwinzer Heide l\u00e4dt am Donnerstag, 21.3.2019, um 19 Uhr in das Naturparkzentrum Karower Meiler auf diese musikalisch literarische Reise ins Moor ein. Der Eintritt kostet 5 \u20ac. Nach der Veranstaltung besteht die M\u00f6glichkeit, mit den K\u00fcnstlern ins Gespr\u00e4ch zu kommen.<\/span><\/p>\n<p>&nbsp;<\/p>\n<p>N\u00e4here Informationen finden Sie unter <a href=\"http:\/\/moortheater.de\/welten.html\">http:\/\/moortheater.de\/welten.html<\/a><a href=\"https:\/\/www.naturparkmagazin.de\/nossentiner-schwinzer-heide\/wp-content\/uploads\/sites\/28\/Plakat_Moortheater.jpg\"><img decoding=\"async\" loading=\"lazy\" class=\"alignnone size-medium wp-image-2282\" src=\"https:\/\/www.naturparkmagazin.de\/nossentiner-schwinzer-heide\/wp-content\/uploads\/sites\/28\/Plakat_Moortheater-620x896.jpg\" alt=\"Plakat_Moortheater\" width=\"620\" height=\"896\" srcset=\"https:\/\/www.naturparkmagazin.de\/nossentiner-schwinzer-heide\/wp-content\/uploads\/sites\/28\/Plakat_Moortheater-620x896.jpg 620w, https:\/\/www.naturparkmagazin.de\/nossentiner-schwinzer-heide\/wp-content\/uploads\/sites\/28\/Plakat_Moortheater-300x434.jpg 300w, https:\/\/www.naturparkmagazin.de\/nossentiner-schwinzer-heide\/wp-content\/uploads\/sites\/28\/Plakat_Moortheater-940x1358.jpg 940w, https:\/\/www.naturparkmagazin.de\/nossentiner-schwinzer-heide\/wp-content\/uploads\/sites\/28\/Plakat_Moortheater-670x968.jpg 670w, https:\/\/www.naturparkmagazin.de\/nossentiner-schwinzer-heide\/wp-content\/uploads\/sites\/28\/Plakat_Moortheater-200x289.jpg 200w\" sizes=\"(max-width: 620px) 100vw, 620px\" \/><\/a><a href=\"https:\/\/www.naturparkmagazin.de\/nossentiner-schwinzer-heide\/wp-content\/uploads\/sites\/28\/Morgennebel_Copyright-EvelinKartheuser.jpg\">\u00a0<\/a><\/p>\n<p><a href=\"https:\/\/www.naturparkmagazin.de\/nossentiner-schwinzer-heide\/wp-content\/uploads\/sites\/28\/Zwischenwelten_2.jpg\">\u00a0<\/a><\/p>\n","protected":false},"excerpt":{"rendered":"<p>Die drei K\u00fcnstler Uta Bergh\u00f6fer, Lars Gr\u00fcnwoldt und Tobias Rank schaffen mit einem Wechsel von Musik und Texten ein einzigartiges Kaleidoskop, das das Moor in seinen vielf\u00e4ltigen Facetten darstellt.<\/p>\n","protected":false},"author":84,"featured_media":2120,"comment_status":"open","ping_status":"open","sticky":false,"template":"","format":"standard","meta":[],"categories":[7],"tags":[],"yoast_head":"<!-- This site is optimized with the Yoast SEO plugin v19.10 - https:\/\/yoast.com\/wordpress\/plugins\/seo\/ -->\n<title>Jetzt im Naturpark: Zwischenwelten - Eine musikalisch literarische Reise ins Moor - Naturpark Nossentiner\/Schwinzer Heide<\/title>\n<meta name=\"description\" content=\"Eine musikalisch literarische Reise ins Moor am 3. November um 19 Uhr im Karower Meiler\" \/>\n<meta name=\"robots\" content=\"index, follow, max-snippet:-1, max-image-preview:large, max-video-preview:-1\" \/>\n<link rel=\"canonical\" href=\"https:\/\/www.naturparkmagazin.de\/nossentiner-schwinzer-heide\/zwischenwelten-das-moortheater-gastiert-im-naturpark\/\" \/>\n<meta property=\"og:locale\" content=\"de_DE\" \/>\n<meta property=\"og:type\" content=\"article\" \/>\n<meta property=\"og:title\" content=\"Jetzt im Naturpark: Zwischenwelten - Eine musikalisch literarische Reise ins Moor - Naturpark Nossentiner\/Schwinzer Heide\" \/>\n<meta property=\"og:description\" content=\"Eine musikalisch literarische Reise ins Moor am 3. November um 19 Uhr im Karower Meiler\" \/>\n<meta property=\"og:url\" content=\"https:\/\/www.naturparkmagazin.de\/nossentiner-schwinzer-heide\/zwischenwelten-das-moortheater-gastiert-im-naturpark\/\" \/>\n<meta property=\"og:site_name\" content=\"Naturpark Nossentiner\/Schwinzer Heide\" \/>\n<meta property=\"article:published_time\" content=\"2019-02-13T14:01:56+00:00\" \/>\n<meta property=\"article:modified_time\" content=\"2019-03-06T11:56:19+00:00\" \/>\n<meta property=\"og:image\" content=\"https:\/\/www.naturparkmagazin.de\/nossentiner-schwinzer-heide\/wp-content\/uploads\/sites\/28\/Zwischenweltenbf.jpeg\" \/>\n\t<meta property=\"og:image:width\" content=\"200\" \/>\n\t<meta property=\"og:image:height\" content=\"200\" \/>\n\t<meta property=\"og:image:type\" content=\"image\/jpeg\" \/>\n<meta name=\"author\" content=\"evelinkartheuser\" \/>\n<meta name=\"twitter:label1\" content=\"Verfasst von\" \/>\n\t<meta name=\"twitter:data1\" content=\"evelinkartheuser\" \/>\n\t<meta name=\"twitter:label2\" content=\"Gesch\u00e4tzte Lesezeit\" \/>\n\t<meta name=\"twitter:data2\" content=\"2\u00a0Minuten\" \/>\n<script type=\"application\/ld+json\" class=\"yoast-schema-graph\">{\"@context\":\"https:\/\/schema.org\",\"@graph\":[{\"@type\":\"WebPage\",\"@id\":\"https:\/\/www.naturparkmagazin.de\/nossentiner-schwinzer-heide\/zwischenwelten-das-moortheater-gastiert-im-naturpark\/\",\"url\":\"https:\/\/www.naturparkmagazin.de\/nossentiner-schwinzer-heide\/zwischenwelten-das-moortheater-gastiert-im-naturpark\/\",\"name\":\"Jetzt im Naturpark: Zwischenwelten - Eine musikalisch literarische Reise ins Moor - Naturpark Nossentiner\/Schwinzer Heide\",\"isPartOf\":{\"@id\":\"https:\/\/www.naturparkmagazin.de\/nossentiner-schwinzer-heide\/#website\"},\"datePublished\":\"2019-02-13T14:01:56+00:00\",\"dateModified\":\"2019-03-06T11:56:19+00:00\",\"author\":{\"@id\":\"https:\/\/www.naturparkmagazin.de\/nossentiner-schwinzer-heide\/#\/schema\/person\/6e5721221b13b6f827e696f29ff18008\"},\"description\":\"Eine musikalisch literarische Reise ins Moor am 3. November um 19 Uhr im Karower Meiler\",\"breadcrumb\":{\"@id\":\"https:\/\/www.naturparkmagazin.de\/nossentiner-schwinzer-heide\/zwischenwelten-das-moortheater-gastiert-im-naturpark\/#breadcrumb\"},\"inLanguage\":\"de\",\"potentialAction\":[{\"@type\":\"ReadAction\",\"target\":[\"https:\/\/www.naturparkmagazin.de\/nossentiner-schwinzer-heide\/zwischenwelten-das-moortheater-gastiert-im-naturpark\/\"]}]},{\"@type\":\"BreadcrumbList\",\"@id\":\"https:\/\/www.naturparkmagazin.de\/nossentiner-schwinzer-heide\/zwischenwelten-das-moortheater-gastiert-im-naturpark\/#breadcrumb\",\"itemListElement\":[{\"@type\":\"ListItem\",\"position\":1,\"name\":\"Home\",\"item\":\"https:\/\/www.naturparkmagazin.de\/nossentiner-schwinzer-heide\/\"},{\"@type\":\"ListItem\",\"position\":2,\"name\":\"Jetzt im Naturpark: Zwischenwelten &#8211; Eine musikalisch literarische Reise ins Moor\"}]},{\"@type\":\"WebSite\",\"@id\":\"https:\/\/www.naturparkmagazin.de\/nossentiner-schwinzer-heide\/#website\",\"url\":\"https:\/\/www.naturparkmagazin.de\/nossentiner-schwinzer-heide\/\",\"name\":\"Naturpark Nossentiner\/Schwinzer Heide\",\"description\":\"\",\"potentialAction\":[{\"@type\":\"SearchAction\",\"target\":{\"@type\":\"EntryPoint\",\"urlTemplate\":\"https:\/\/www.naturparkmagazin.de\/nossentiner-schwinzer-heide\/?s={search_term_string}\"},\"query-input\":\"required name=search_term_string\"}],\"inLanguage\":\"de\"},{\"@type\":\"Person\",\"@id\":\"https:\/\/www.naturparkmagazin.de\/nossentiner-schwinzer-heide\/#\/schema\/person\/6e5721221b13b6f827e696f29ff18008\",\"name\":\"evelinkartheuser\",\"url\":\"https:\/\/www.naturparkmagazin.de\/nossentiner-schwinzer-heide\/author\/evelinkartheuser\/\"}]}<\/script>\n<!-- \/ Yoast SEO plugin. -->","yoast_head_json":{"title":"Jetzt im Naturpark: Zwischenwelten - Eine musikalisch literarische Reise ins Moor - Naturpark Nossentiner\/Schwinzer Heide","description":"Eine musikalisch literarische Reise ins Moor am 3. November um 19 Uhr im Karower Meiler","robots":{"index":"index","follow":"follow","max-snippet":"max-snippet:-1","max-image-preview":"max-image-preview:large","max-video-preview":"max-video-preview:-1"},"canonical":"https:\/\/www.naturparkmagazin.de\/nossentiner-schwinzer-heide\/zwischenwelten-das-moortheater-gastiert-im-naturpark\/","og_locale":"de_DE","og_type":"article","og_title":"Jetzt im Naturpark: Zwischenwelten - Eine musikalisch literarische Reise ins Moor - Naturpark Nossentiner\/Schwinzer Heide","og_description":"Eine musikalisch literarische Reise ins Moor am 3. November um 19 Uhr im Karower Meiler","og_url":"https:\/\/www.naturparkmagazin.de\/nossentiner-schwinzer-heide\/zwischenwelten-das-moortheater-gastiert-im-naturpark\/","og_site_name":"Naturpark Nossentiner\/Schwinzer Heide","article_published_time":"2019-02-13T14:01:56+00:00","article_modified_time":"2019-03-06T11:56:19+00:00","og_image":[{"width":200,"height":200,"url":"https:\/\/www.naturparkmagazin.de\/nossentiner-schwinzer-heide\/wp-content\/uploads\/sites\/28\/Zwischenweltenbf.jpeg","type":"image\/jpeg"}],"author":"evelinkartheuser","twitter_misc":{"Verfasst von":"evelinkartheuser","Gesch\u00e4tzte Lesezeit":"2\u00a0Minuten"},"schema":{"@context":"https:\/\/schema.org","@graph":[{"@type":"WebPage","@id":"https:\/\/www.naturparkmagazin.de\/nossentiner-schwinzer-heide\/zwischenwelten-das-moortheater-gastiert-im-naturpark\/","url":"https:\/\/www.naturparkmagazin.de\/nossentiner-schwinzer-heide\/zwischenwelten-das-moortheater-gastiert-im-naturpark\/","name":"Jetzt im Naturpark: Zwischenwelten - Eine musikalisch literarische Reise ins Moor - Naturpark Nossentiner\/Schwinzer Heide","isPartOf":{"@id":"https:\/\/www.naturparkmagazin.de\/nossentiner-schwinzer-heide\/#website"},"datePublished":"2019-02-13T14:01:56+00:00","dateModified":"2019-03-06T11:56:19+00:00","author":{"@id":"https:\/\/www.naturparkmagazin.de\/nossentiner-schwinzer-heide\/#\/schema\/person\/6e5721221b13b6f827e696f29ff18008"},"description":"Eine musikalisch literarische Reise ins Moor am 3. November um 19 Uhr im Karower Meiler","breadcrumb":{"@id":"https:\/\/www.naturparkmagazin.de\/nossentiner-schwinzer-heide\/zwischenwelten-das-moortheater-gastiert-im-naturpark\/#breadcrumb"},"inLanguage":"de","potentialAction":[{"@type":"ReadAction","target":["https:\/\/www.naturparkmagazin.de\/nossentiner-schwinzer-heide\/zwischenwelten-das-moortheater-gastiert-im-naturpark\/"]}]},{"@type":"BreadcrumbList","@id":"https:\/\/www.naturparkmagazin.de\/nossentiner-schwinzer-heide\/zwischenwelten-das-moortheater-gastiert-im-naturpark\/#breadcrumb","itemListElement":[{"@type":"ListItem","position":1,"name":"Home","item":"https:\/\/www.naturparkmagazin.de\/nossentiner-schwinzer-heide\/"},{"@type":"ListItem","position":2,"name":"Jetzt im Naturpark: Zwischenwelten &#8211; Eine musikalisch literarische Reise ins Moor"}]},{"@type":"WebSite","@id":"https:\/\/www.naturparkmagazin.de\/nossentiner-schwinzer-heide\/#website","url":"https:\/\/www.naturparkmagazin.de\/nossentiner-schwinzer-heide\/","name":"Naturpark Nossentiner\/Schwinzer Heide","description":"","potentialAction":[{"@type":"SearchAction","target":{"@type":"EntryPoint","urlTemplate":"https:\/\/www.naturparkmagazin.de\/nossentiner-schwinzer-heide\/?s={search_term_string}"},"query-input":"required name=search_term_string"}],"inLanguage":"de"},{"@type":"Person","@id":"https:\/\/www.naturparkmagazin.de\/nossentiner-schwinzer-heide\/#\/schema\/person\/6e5721221b13b6f827e696f29ff18008","name":"evelinkartheuser","url":"https:\/\/www.naturparkmagazin.de\/nossentiner-schwinzer-heide\/author\/evelinkartheuser\/"}]}},"_links":{"self":[{"href":"https:\/\/www.naturparkmagazin.de\/nossentiner-schwinzer-heide\/wp-json\/wp\/v2\/posts\/2112"}],"collection":[{"href":"https:\/\/www.naturparkmagazin.de\/nossentiner-schwinzer-heide\/wp-json\/wp\/v2\/posts"}],"about":[{"href":"https:\/\/www.naturparkmagazin.de\/nossentiner-schwinzer-heide\/wp-json\/wp\/v2\/types\/post"}],"author":[{"embeddable":true,"href":"https:\/\/www.naturparkmagazin.de\/nossentiner-schwinzer-heide\/wp-json\/wp\/v2\/users\/84"}],"replies":[{"embeddable":true,"href":"https:\/\/www.naturparkmagazin.de\/nossentiner-schwinzer-heide\/wp-json\/wp\/v2\/comments?post=2112"}],"version-history":[{"count":10,"href":"https:\/\/www.naturparkmagazin.de\/nossentiner-schwinzer-heide\/wp-json\/wp\/v2\/posts\/2112\/revisions"}],"predecessor-version":[{"id":2299,"href":"https:\/\/www.naturparkmagazin.de\/nossentiner-schwinzer-heide\/wp-json\/wp\/v2\/posts\/2112\/revisions\/2299"}],"wp:featuredmedia":[{"embeddable":true,"href":"https:\/\/www.naturparkmagazin.de\/nossentiner-schwinzer-heide\/wp-json\/wp\/v2\/media\/2120"}],"wp:attachment":[{"href":"https:\/\/www.naturparkmagazin.de\/nossentiner-schwinzer-heide\/wp-json\/wp\/v2\/media?parent=2112"}],"wp:term":[{"taxonomy":"category","embeddable":true,"href":"https:\/\/www.naturparkmagazin.de\/nossentiner-schwinzer-heide\/wp-json\/wp\/v2\/categories?post=2112"},{"taxonomy":"post_tag","embeddable":true,"href":"https:\/\/www.naturparkmagazin.de\/nossentiner-schwinzer-heide\/wp-json\/wp\/v2\/tags?post=2112"}],"curies":[{"name":"wp","href":"https:\/\/api.w.org\/{rel}","templated":true}]}}