{"id":2126,"date":"2018-10-07T16:48:36","date_gmt":"2018-10-07T14:48:36","guid":{"rendered":"https:\/\/www.naturparkmagazin.de\/nossentiner-schwinzer-heide\/?p=2126"},"modified":"2018-11-29T14:42:42","modified_gmt":"2018-11-29T13:42:42","slug":"vortrag-alte-baeume-im-naturpark-von-ralf-koch","status":"publish","type":"post","link":"https:\/\/www.naturparkmagazin.de\/nossentiner-schwinzer-heide\/vortrag-alte-baeume-im-naturpark-von-ralf-koch\/","title":{"rendered":"Vortrag &#8222;Alte B\u00e4ume im Naturpark&#8220; von Ralf Koch"},"content":{"rendered":"<p>Die dickste Buche von Mecklenburg, die st\u00e4rkste Schwarzerle von Deutschland, die gewaltigste Flatterulme von Mecklenburg-Vorpommern, die \u00e4lteste Kultur-Birne stehen bzw. standen im Naturpark Nossentiner\/Schwinzer Heide.\u00a0Von 444 bisher bekannten B\u00e4umen sind 220 als Naturdenkmal ausgewiesen.\u00a0Referent und Naturparkchef Ralf Koch besch\u00e4ftigt sich seit Jahren mit den markanten und alten B\u00e4umen der Region.\u00a0In seinem Vortrag am 14. November wird er einige dieser eindrucksvollen Riesen vorstellen. Der Vortrag beginnt um 19 Uhr im Naturparkzentrum Karower Meiler.<\/p>\n<div id=\"attachment_2132\" style=\"width: 630px\" class=\"wp-caption alignnone\"><a href=\"https:\/\/www.naturparkmagazin.de\/nossentiner-schwinzer-heide\/wp-content\/uploads\/sites\/28\/Flatterulme_Klocksin_klein.jpg\"><img aria-describedby=\"caption-attachment-2132\" decoding=\"async\" loading=\"lazy\" class=\"wp-image-2132 size-medium\" src=\"https:\/\/www.naturparkmagazin.de\/nossentiner-schwinzer-heide\/wp-content\/uploads\/sites\/28\/Flatterulme_Klocksin_klein-620x465.jpg\" alt=\"Flatterulme_Klocksin_klein\" width=\"620\" height=\"465\" srcset=\"https:\/\/www.naturparkmagazin.de\/nossentiner-schwinzer-heide\/wp-content\/uploads\/sites\/28\/Flatterulme_Klocksin_klein-620x465.jpg 620w, https:\/\/www.naturparkmagazin.de\/nossentiner-schwinzer-heide\/wp-content\/uploads\/sites\/28\/Flatterulme_Klocksin_klein-300x225.jpg 300w, https:\/\/www.naturparkmagazin.de\/nossentiner-schwinzer-heide\/wp-content\/uploads\/sites\/28\/Flatterulme_Klocksin_klein-940x705.jpg 940w, https:\/\/www.naturparkmagazin.de\/nossentiner-schwinzer-heide\/wp-content\/uploads\/sites\/28\/Flatterulme_Klocksin_klein-580x435.jpg 580w, https:\/\/www.naturparkmagazin.de\/nossentiner-schwinzer-heide\/wp-content\/uploads\/sites\/28\/Flatterulme_Klocksin_klein-420x315.jpg 420w, https:\/\/www.naturparkmagazin.de\/nossentiner-schwinzer-heide\/wp-content\/uploads\/sites\/28\/Flatterulme_Klocksin_klein-180x135.jpg 180w, https:\/\/www.naturparkmagazin.de\/nossentiner-schwinzer-heide\/wp-content\/uploads\/sites\/28\/Flatterulme_Klocksin_klein-95x71.jpg 95w, https:\/\/www.naturparkmagazin.de\/nossentiner-schwinzer-heide\/wp-content\/uploads\/sites\/28\/Flatterulme_Klocksin_klein-670x503.jpg 670w, https:\/\/www.naturparkmagazin.de\/nossentiner-schwinzer-heide\/wp-content\/uploads\/sites\/28\/Flatterulme_Klocksin_klein-200x150.jpg 200w, https:\/\/www.naturparkmagazin.de\/nossentiner-schwinzer-heide\/wp-content\/uploads\/sites\/28\/Flatterulme_Klocksin_klein.jpg 1280w\" sizes=\"(max-width: 620px) 100vw, 620px\" \/><\/a><p id=\"caption-attachment-2132\" class=\"wp-caption-text\">Flatterulme bei Klocksin<\/p><\/div>\n<p>Von alten, markanten, besonderen oder auch unter Naturschutz stehenden B\u00e4umen\u00a0wurden im Rahmen des Projektes &#8222;Junge Riesen&#8220;\u00a0Samen, Setzlinge oder Sch\u00f6sslinge gewonnen und diese in der Baumschule am Naturparkzentrum am Karower Meiler gro\u00dfgezogen. Damit sollen mittels gezielter Nachzuchten die starken, alten Riesen f\u00fcr die Nachwelt erhalten werden.<\/p>\n<p>Unter den \u201ejungen Riesen\u201c finden sich unter anderem Eichen, Ulmen, Ahorn, Erlen oder auch Douglasien. Viele haben ihre Reise in die W\u00e4lder des Naturparkes bereits angetreten. Wie die kleine Schwarzerle, die\u00a02016 am &#8222;Hahnenhorst\u201c im Revier Karow gepflanzt wurde. Ihre\u201eMutter\u201c, wahrscheinlich \u00e4lter als 120 Jahre und mit einem Stammumfang von 5.20 Meter, war bei einem der ersten St\u00fcrme Anfang 2016 umgebrochen. Sie war ein besonderer Baum, der zu den 500 \u00e4ltesten B\u00e4umen Deutschlands z\u00e4hlte.\u00a0Das \u201eJunge-Riesen\u201c-Projekt\u201c &#8211; von der Norddeutschen Stiftung f\u00fcr Umwelt und Entwicklung finanziert &#8211; ist inzwischen beendet. Noch aber sind einige wenige junge Riesen, vor allem Kiefern und Eichen,\u00a0\u00fcbrig.\u00a0Diese w\u00fcrde der Naturpark gern auch an private Interessenten abgeben,\u00a0gegen eine Spende f\u00fcr den F\u00f6rderverein des Naturparks und nat\u00fcrlich f\u00fcr Anl\u00e4sse wie Hochzeiten,\u00a0Taufen, Geburtstage.<\/p>\n<p><a href=\"https:\/\/www.naturparkmagazin.de\/nossentiner-schwinzer-heide\/wp-content\/uploads\/sites\/28\/Plakat_Vortrag-Alte-B\u00e4ume.jpg\"><img decoding=\"async\" loading=\"lazy\" class=\"alignnone size-medium wp-image-2129\" src=\"https:\/\/www.naturparkmagazin.de\/nossentiner-schwinzer-heide\/wp-content\/uploads\/sites\/28\/Plakat_Vortrag-Alte-B\u00e4ume-620x906.jpg\" alt=\"Plakat_Vortrag Alte B\u00e4ume\" width=\"620\" height=\"906\" srcset=\"https:\/\/www.naturparkmagazin.de\/nossentiner-schwinzer-heide\/wp-content\/uploads\/sites\/28\/Plakat_Vortrag-Alte-B\u00e4ume-620x906.jpg 620w, https:\/\/www.naturparkmagazin.de\/nossentiner-schwinzer-heide\/wp-content\/uploads\/sites\/28\/Plakat_Vortrag-Alte-B\u00e4ume-300x438.jpg 300w, https:\/\/www.naturparkmagazin.de\/nossentiner-schwinzer-heide\/wp-content\/uploads\/sites\/28\/Plakat_Vortrag-Alte-B\u00e4ume-940x1373.jpg 940w, https:\/\/www.naturparkmagazin.de\/nossentiner-schwinzer-heide\/wp-content\/uploads\/sites\/28\/Plakat_Vortrag-Alte-B\u00e4ume-670x979.jpg 670w, https:\/\/www.naturparkmagazin.de\/nossentiner-schwinzer-heide\/wp-content\/uploads\/sites\/28\/Plakat_Vortrag-Alte-B\u00e4ume-200x292.jpg 200w\" sizes=\"(max-width: 620px) 100vw, 620px\" \/><\/a><\/p>\n","protected":false},"excerpt":{"rendered":"<p>Die dickste Buche von Mecklenburg, die st\u00e4rkste Schwarzerle von Deutschland, die gewaltigste Flatterulme von Mecklenburg-Vorpommern, die \u00e4lteste Kultur-Birne stehen bzw. standen im Naturpark Nossentiner\/Schwinzer Heide.<\/p>\n","protected":false},"author":84,"featured_media":2129,"comment_status":"open","ping_status":"open","sticky":false,"template":"","format":"standard","meta":[],"categories":[11],"tags":[],"yoast_head":"<!-- This site is optimized with the Yoast SEO plugin v19.10 - https:\/\/yoast.com\/wordpress\/plugins\/seo\/ -->\n<title>Vortrag &quot;Alte B\u00e4ume im Naturpark&quot; von Ralf Koch - Naturpark Nossentiner\/Schwinzer Heide<\/title>\n<meta name=\"description\" content=\"Die dickste Buche von Mecklenburg, die st\u00e4rkste Schwarzerle von Deutschland, die gewaltigste Flatterulme von Mecklenburg-Vorpommern, die \u00e4lteste Kultur-Birne stehen bzw. standen im Naturpark Nossentiner\/Schwinzer Heide. Von 444 bisher bekannten B\u00e4umen sind 220 als Naturdenkmal ausgewiesen. Referent und Naturparkchef Ralf Koch besch\u00e4ftigt sich seit Jahren mit den markanten und alten B\u00e4umen der Region. In seinem Vortrag am 14. November wird er einige dieser eindrucksvollen Riesen vorstellen. Der Vortrag beginnt um 19 Uhr im Naturparkzentrum Karower Meiler.\" \/>\n<meta name=\"robots\" content=\"index, follow, max-snippet:-1, max-image-preview:large, max-video-preview:-1\" \/>\n<link rel=\"canonical\" href=\"https:\/\/www.naturparkmagazin.de\/nossentiner-schwinzer-heide\/vortrag-alte-baeume-im-naturpark-von-ralf-koch\/\" \/>\n<meta property=\"og:locale\" content=\"de_DE\" \/>\n<meta property=\"og:type\" content=\"article\" \/>\n<meta property=\"og:title\" content=\"Vortrag &quot;Alte B\u00e4ume im Naturpark&quot; von Ralf Koch - Naturpark Nossentiner\/Schwinzer Heide\" \/>\n<meta property=\"og:description\" content=\"Die dickste Buche von Mecklenburg, die st\u00e4rkste Schwarzerle von Deutschland, die gewaltigste Flatterulme von Mecklenburg-Vorpommern, die \u00e4lteste Kultur-Birne stehen bzw. standen im Naturpark Nossentiner\/Schwinzer Heide. Von 444 bisher bekannten B\u00e4umen sind 220 als Naturdenkmal ausgewiesen. Referent und Naturparkchef Ralf Koch besch\u00e4ftigt sich seit Jahren mit den markanten und alten B\u00e4umen der Region. In seinem Vortrag am 14. November wird er einige dieser eindrucksvollen Riesen vorstellen. Der Vortrag beginnt um 19 Uhr im Naturparkzentrum Karower Meiler.\" \/>\n<meta property=\"og:url\" content=\"https:\/\/www.naturparkmagazin.de\/nossentiner-schwinzer-heide\/vortrag-alte-baeume-im-naturpark-von-ralf-koch\/\" \/>\n<meta property=\"og:site_name\" content=\"Naturpark Nossentiner\/Schwinzer Heide\" \/>\n<meta property=\"article:published_time\" content=\"2018-10-07T14:48:36+00:00\" \/>\n<meta property=\"article:modified_time\" content=\"2018-11-29T13:42:42+00:00\" \/>\n<meta property=\"og:image\" content=\"https:\/\/www.naturparkmagazin.de\/nossentiner-schwinzer-heide\/wp-content\/uploads\/sites\/28\/Plakat_Vortrag-Alte-B\u00e4ume.jpg\" \/>\n\t<meta property=\"og:image:width\" content=\"2484\" \/>\n\t<meta property=\"og:image:height\" content=\"3629\" \/>\n\t<meta property=\"og:image:type\" content=\"image\/jpeg\" \/>\n<meta name=\"author\" content=\"evelinkartheuser\" \/>\n<meta name=\"twitter:label1\" content=\"Verfasst von\" \/>\n\t<meta name=\"twitter:data1\" content=\"evelinkartheuser\" \/>\n\t<meta name=\"twitter:label2\" content=\"Gesch\u00e4tzte Lesezeit\" \/>\n\t<meta name=\"twitter:data2\" content=\"1\u00a0Minute\" \/>\n<script type=\"application\/ld+json\" class=\"yoast-schema-graph\">{\"@context\":\"https:\/\/schema.org\",\"@graph\":[{\"@type\":\"WebPage\",\"@id\":\"https:\/\/www.naturparkmagazin.de\/nossentiner-schwinzer-heide\/vortrag-alte-baeume-im-naturpark-von-ralf-koch\/\",\"url\":\"https:\/\/www.naturparkmagazin.de\/nossentiner-schwinzer-heide\/vortrag-alte-baeume-im-naturpark-von-ralf-koch\/\",\"name\":\"Vortrag \\\"Alte B\u00e4ume im Naturpark\\\" von Ralf Koch - Naturpark Nossentiner\/Schwinzer Heide\",\"isPartOf\":{\"@id\":\"https:\/\/www.naturparkmagazin.de\/nossentiner-schwinzer-heide\/#website\"},\"datePublished\":\"2018-10-07T14:48:36+00:00\",\"dateModified\":\"2018-11-29T13:42:42+00:00\",\"author\":{\"@id\":\"https:\/\/www.naturparkmagazin.de\/nossentiner-schwinzer-heide\/#\/schema\/person\/6e5721221b13b6f827e696f29ff18008\"},\"description\":\"Die dickste Buche von Mecklenburg, die st\u00e4rkste Schwarzerle von Deutschland, die gewaltigste Flatterulme von Mecklenburg-Vorpommern, die \u00e4lteste Kultur-Birne stehen bzw. standen im Naturpark Nossentiner\/Schwinzer Heide. Von 444 bisher bekannten B\u00e4umen sind 220 als Naturdenkmal ausgewiesen. Referent und Naturparkchef Ralf Koch besch\u00e4ftigt sich seit Jahren mit den markanten und alten B\u00e4umen der Region. In seinem Vortrag am 14. November wird er einige dieser eindrucksvollen Riesen vorstellen. Der Vortrag beginnt um 19 Uhr im Naturparkzentrum Karower Meiler.\",\"breadcrumb\":{\"@id\":\"https:\/\/www.naturparkmagazin.de\/nossentiner-schwinzer-heide\/vortrag-alte-baeume-im-naturpark-von-ralf-koch\/#breadcrumb\"},\"inLanguage\":\"de\",\"potentialAction\":[{\"@type\":\"ReadAction\",\"target\":[\"https:\/\/www.naturparkmagazin.de\/nossentiner-schwinzer-heide\/vortrag-alte-baeume-im-naturpark-von-ralf-koch\/\"]}]},{\"@type\":\"BreadcrumbList\",\"@id\":\"https:\/\/www.naturparkmagazin.de\/nossentiner-schwinzer-heide\/vortrag-alte-baeume-im-naturpark-von-ralf-koch\/#breadcrumb\",\"itemListElement\":[{\"@type\":\"ListItem\",\"position\":1,\"name\":\"Home\",\"item\":\"https:\/\/www.naturparkmagazin.de\/nossentiner-schwinzer-heide\/\"},{\"@type\":\"ListItem\",\"position\":2,\"name\":\"Vortrag &#8222;Alte B\u00e4ume im Naturpark&#8220; von Ralf Koch\"}]},{\"@type\":\"WebSite\",\"@id\":\"https:\/\/www.naturparkmagazin.de\/nossentiner-schwinzer-heide\/#website\",\"url\":\"https:\/\/www.naturparkmagazin.de\/nossentiner-schwinzer-heide\/\",\"name\":\"Naturpark Nossentiner\/Schwinzer Heide\",\"description\":\"\",\"potentialAction\":[{\"@type\":\"SearchAction\",\"target\":{\"@type\":\"EntryPoint\",\"urlTemplate\":\"https:\/\/www.naturparkmagazin.de\/nossentiner-schwinzer-heide\/?s={search_term_string}\"},\"query-input\":\"required name=search_term_string\"}],\"inLanguage\":\"de\"},{\"@type\":\"Person\",\"@id\":\"https:\/\/www.naturparkmagazin.de\/nossentiner-schwinzer-heide\/#\/schema\/person\/6e5721221b13b6f827e696f29ff18008\",\"name\":\"evelinkartheuser\",\"url\":\"https:\/\/www.naturparkmagazin.de\/nossentiner-schwinzer-heide\/author\/evelinkartheuser\/\"}]}<\/script>\n<!-- \/ Yoast SEO plugin. -->","yoast_head_json":{"title":"Vortrag \"Alte B\u00e4ume im Naturpark\" von Ralf Koch - Naturpark Nossentiner\/Schwinzer Heide","description":"Die dickste Buche von Mecklenburg, die st\u00e4rkste Schwarzerle von Deutschland, die gewaltigste Flatterulme von Mecklenburg-Vorpommern, die \u00e4lteste Kultur-Birne stehen bzw. standen im Naturpark Nossentiner\/Schwinzer Heide. Von 444 bisher bekannten B\u00e4umen sind 220 als Naturdenkmal ausgewiesen. Referent und Naturparkchef Ralf Koch besch\u00e4ftigt sich seit Jahren mit den markanten und alten B\u00e4umen der Region. In seinem Vortrag am 14. November wird er einige dieser eindrucksvollen Riesen vorstellen. Der Vortrag beginnt um 19 Uhr im Naturparkzentrum Karower Meiler.","robots":{"index":"index","follow":"follow","max-snippet":"max-snippet:-1","max-image-preview":"max-image-preview:large","max-video-preview":"max-video-preview:-1"},"canonical":"https:\/\/www.naturparkmagazin.de\/nossentiner-schwinzer-heide\/vortrag-alte-baeume-im-naturpark-von-ralf-koch\/","og_locale":"de_DE","og_type":"article","og_title":"Vortrag \"Alte B\u00e4ume im Naturpark\" von Ralf Koch - Naturpark Nossentiner\/Schwinzer Heide","og_description":"Die dickste Buche von Mecklenburg, die st\u00e4rkste Schwarzerle von Deutschland, die gewaltigste Flatterulme von Mecklenburg-Vorpommern, die \u00e4lteste Kultur-Birne stehen bzw. standen im Naturpark Nossentiner\/Schwinzer Heide. Von 444 bisher bekannten B\u00e4umen sind 220 als Naturdenkmal ausgewiesen. Referent und Naturparkchef Ralf Koch besch\u00e4ftigt sich seit Jahren mit den markanten und alten B\u00e4umen der Region. In seinem Vortrag am 14. November wird er einige dieser eindrucksvollen Riesen vorstellen. Der Vortrag beginnt um 19 Uhr im Naturparkzentrum Karower Meiler.","og_url":"https:\/\/www.naturparkmagazin.de\/nossentiner-schwinzer-heide\/vortrag-alte-baeume-im-naturpark-von-ralf-koch\/","og_site_name":"Naturpark Nossentiner\/Schwinzer Heide","article_published_time":"2018-10-07T14:48:36+00:00","article_modified_time":"2018-11-29T13:42:42+00:00","og_image":[{"width":2484,"height":3629,"url":"https:\/\/www.naturparkmagazin.de\/nossentiner-schwinzer-heide\/wp-content\/uploads\/sites\/28\/Plakat_Vortrag-Alte-B\u00e4ume.jpg","type":"image\/jpeg"}],"author":"evelinkartheuser","twitter_misc":{"Verfasst von":"evelinkartheuser","Gesch\u00e4tzte Lesezeit":"1\u00a0Minute"},"schema":{"@context":"https:\/\/schema.org","@graph":[{"@type":"WebPage","@id":"https:\/\/www.naturparkmagazin.de\/nossentiner-schwinzer-heide\/vortrag-alte-baeume-im-naturpark-von-ralf-koch\/","url":"https:\/\/www.naturparkmagazin.de\/nossentiner-schwinzer-heide\/vortrag-alte-baeume-im-naturpark-von-ralf-koch\/","name":"Vortrag \"Alte B\u00e4ume im Naturpark\" von Ralf Koch - Naturpark Nossentiner\/Schwinzer Heide","isPartOf":{"@id":"https:\/\/www.naturparkmagazin.de\/nossentiner-schwinzer-heide\/#website"},"datePublished":"2018-10-07T14:48:36+00:00","dateModified":"2018-11-29T13:42:42+00:00","author":{"@id":"https:\/\/www.naturparkmagazin.de\/nossentiner-schwinzer-heide\/#\/schema\/person\/6e5721221b13b6f827e696f29ff18008"},"description":"Die dickste Buche von Mecklenburg, die st\u00e4rkste Schwarzerle von Deutschland, die gewaltigste Flatterulme von Mecklenburg-Vorpommern, die \u00e4lteste Kultur-Birne stehen bzw. standen im Naturpark Nossentiner\/Schwinzer Heide. Von 444 bisher bekannten B\u00e4umen sind 220 als Naturdenkmal ausgewiesen. Referent und Naturparkchef Ralf Koch besch\u00e4ftigt sich seit Jahren mit den markanten und alten B\u00e4umen der Region. In seinem Vortrag am 14. November wird er einige dieser eindrucksvollen Riesen vorstellen. Der Vortrag beginnt um 19 Uhr im Naturparkzentrum Karower Meiler.","breadcrumb":{"@id":"https:\/\/www.naturparkmagazin.de\/nossentiner-schwinzer-heide\/vortrag-alte-baeume-im-naturpark-von-ralf-koch\/#breadcrumb"},"inLanguage":"de","potentialAction":[{"@type":"ReadAction","target":["https:\/\/www.naturparkmagazin.de\/nossentiner-schwinzer-heide\/vortrag-alte-baeume-im-naturpark-von-ralf-koch\/"]}]},{"@type":"BreadcrumbList","@id":"https:\/\/www.naturparkmagazin.de\/nossentiner-schwinzer-heide\/vortrag-alte-baeume-im-naturpark-von-ralf-koch\/#breadcrumb","itemListElement":[{"@type":"ListItem","position":1,"name":"Home","item":"https:\/\/www.naturparkmagazin.de\/nossentiner-schwinzer-heide\/"},{"@type":"ListItem","position":2,"name":"Vortrag &#8222;Alte B\u00e4ume im Naturpark&#8220; von Ralf Koch"}]},{"@type":"WebSite","@id":"https:\/\/www.naturparkmagazin.de\/nossentiner-schwinzer-heide\/#website","url":"https:\/\/www.naturparkmagazin.de\/nossentiner-schwinzer-heide\/","name":"Naturpark Nossentiner\/Schwinzer Heide","description":"","potentialAction":[{"@type":"SearchAction","target":{"@type":"EntryPoint","urlTemplate":"https:\/\/www.naturparkmagazin.de\/nossentiner-schwinzer-heide\/?s={search_term_string}"},"query-input":"required name=search_term_string"}],"inLanguage":"de"},{"@type":"Person","@id":"https:\/\/www.naturparkmagazin.de\/nossentiner-schwinzer-heide\/#\/schema\/person\/6e5721221b13b6f827e696f29ff18008","name":"evelinkartheuser","url":"https:\/\/www.naturparkmagazin.de\/nossentiner-schwinzer-heide\/author\/evelinkartheuser\/"}]}},"_links":{"self":[{"href":"https:\/\/www.naturparkmagazin.de\/nossentiner-schwinzer-heide\/wp-json\/wp\/v2\/posts\/2126"}],"collection":[{"href":"https:\/\/www.naturparkmagazin.de\/nossentiner-schwinzer-heide\/wp-json\/wp\/v2\/posts"}],"about":[{"href":"https:\/\/www.naturparkmagazin.de\/nossentiner-schwinzer-heide\/wp-json\/wp\/v2\/types\/post"}],"author":[{"embeddable":true,"href":"https:\/\/www.naturparkmagazin.de\/nossentiner-schwinzer-heide\/wp-json\/wp\/v2\/users\/84"}],"replies":[{"embeddable":true,"href":"https:\/\/www.naturparkmagazin.de\/nossentiner-schwinzer-heide\/wp-json\/wp\/v2\/comments?post=2126"}],"version-history":[{"count":7,"href":"https:\/\/www.naturparkmagazin.de\/nossentiner-schwinzer-heide\/wp-json\/wp\/v2\/posts\/2126\/revisions"}],"predecessor-version":[{"id":2155,"href":"https:\/\/www.naturparkmagazin.de\/nossentiner-schwinzer-heide\/wp-json\/wp\/v2\/posts\/2126\/revisions\/2155"}],"wp:featuredmedia":[{"embeddable":true,"href":"https:\/\/www.naturparkmagazin.de\/nossentiner-schwinzer-heide\/wp-json\/wp\/v2\/media\/2129"}],"wp:attachment":[{"href":"https:\/\/www.naturparkmagazin.de\/nossentiner-schwinzer-heide\/wp-json\/wp\/v2\/media?parent=2126"}],"wp:term":[{"taxonomy":"category","embeddable":true,"href":"https:\/\/www.naturparkmagazin.de\/nossentiner-schwinzer-heide\/wp-json\/wp\/v2\/categories?post=2126"},{"taxonomy":"post_tag","embeddable":true,"href":"https:\/\/www.naturparkmagazin.de\/nossentiner-schwinzer-heide\/wp-json\/wp\/v2\/tags?post=2126"}],"curies":[{"name":"wp","href":"https:\/\/api.w.org\/{rel}","templated":true}]}}