{"id":214,"date":"2013-09-26T08:55:51","date_gmt":"2013-09-26T06:55:51","guid":{"rendered":"http:\/\/www.naturparkmagazin.de\/nossentiner-schwinzer-heide\/?p=214"},"modified":"2013-10-02T09:07:55","modified_gmt":"2013-10-02T07:07:55","slug":"foerderverein-erhaelt-umweltpreis-des-landtages","status":"publish","type":"post","link":"https:\/\/www.naturparkmagazin.de\/nossentiner-schwinzer-heide\/foerderverein-erhaelt-umweltpreis-des-landtages\/","title":{"rendered":"F\u00f6rderverein erh\u00e4lt Umweltpreis des Landtages"},"content":{"rendered":"<div id=\"attachment_221\" style=\"width: 510px\" class=\"wp-caption aligncenter\"><a href=\"https:\/\/www.naturparkmagazin.de\/nossentiner-schwinzer-heide\/wp-content\/uploads\/sites\/28\/Preisvergabe-Umweltpreis-des-Landtages-MV-NP-Nossentiner-Schwinzer-Heide-Ralf-Koch-2013.jpg\"><img aria-describedby=\"caption-attachment-221\" decoding=\"async\" loading=\"lazy\" class=\"size-full wp-image-221\" alt=\"Bei der Preisvergabe des Umweltpreises des Landtages Mecklenburg-Vorpommern 2013. Beate Schupp, 1. Vizepr\u00e4sidentin des Landtages, Prof. Dr. Fritz Tack, Vorsitzender des Agrarausschusses des Landtages, Wolfgang K\u00f6hler, Vorsitzender des F\u00f6rdervereins Naturpark Nossentiner\/Schwinzer Heide e.V. (v.l.n.r.).\" src=\"https:\/\/www.naturparkmagazin.de\/nossentiner-schwinzer-heide\/wp-content\/uploads\/sites\/28\/Preisvergabe-Umweltpreis-des-Landtages-MV-NP-Nossentiner-Schwinzer-Heide-Ralf-Koch-2013.jpg\" width=\"500\" height=\"300\" \/><\/a><p id=\"caption-attachment-221\" class=\"wp-caption-text\">Bei der Preisvergabe des Umweltpreises des Landtages Mecklenburg-Vorpommern 2013. Beate Schupp, 1. Vizepr\u00e4sidentin des Landtages, Prof. Dr. Fritz Tack, Vorsitzender des Agrarausschusses des Landtages, Wolfgang K\u00f6hler, Vorsitzender des F\u00f6rdervereins Naturpark Nossentiner\/Schwinzer Heide e.V. (v.l.n.r.).<\/p><\/div>\n<p>Der F\u00f6rderverein Naturpark Nossentiner\/Schwinzer Heide e.V. hat am 25.09.2013 aus den H\u00e4nden der ersten Vizepr\u00e4sidentin des Landtages, Beate Schlupp (CDU),\u00a0den Umweltpreis des Landtages Mecklenburg-Vorpommern zum Gedenken an Ernst Boll entgegen genommen. Der Verein hatte sich\u00a0mit dem Projekt \u201eInitiativen des F\u00f6rdervereins zur Wiederherstellung von beeintr\u00e4chtigten Fl\u00e4chen und Elementen im Naturpark Nossentiner\/Schwinzer Heide\u201c um diesen Preis beworben und wurde einer von drei Preistr\u00e4gern. Der Umweltpreis stand unter dem Thema: \u201eInitiativen zur Wiederherstellung zerst\u00f6rter oder beeintr\u00e4chtigter Fl\u00e4chen oder Flurelemente sowie Ma\u00dfnahmen zur Verminderung des Verbrauchs landwirtschaftlicher Fl\u00e4chen f\u00fcr anderweitige Nutzungen\u201c.\nDer F\u00f6rderverein Naturpark Nossentiner\/Schwinzer Heide e.V., ein kleiner Verein mit ca. 100 Mitgliedern, setzt seit 1991 auf dem Territorium des Naturparks Nossentiner\/Schwinzer Heide Projekte f\u00fcr die Erhaltung und Entwicklung dieser Kulturlandschaft um. Neben der \u00d6ffentlichkeitsarbeit, der Umweltbildung und der Regionalentwicklung bilden Projekte im Themenfeld \u201eUmwelt- und Naturschutz\u201c den Schwerpunkt der Arbeit des F\u00f6rdervereins.\nDie eingereichten sechs Teilprojekte aus den Jahren 2005 bis 2012 zeigen die umfangreichen und verschiedenartigen Initiativen des Vereins in der Region des Naturparks Nossentiner\/Schwinzer Heide zur Wiederherstellung beeintr\u00e4chtigter Fl\u00e4chen und Flurelemente auf.\nIm Einzelnen waren dies:\n\u201eDer LIAS von Dobbertin\u201c \u2013 eine vergessene, verm\u00fcllte Tongrube und ihre Wiederentdeckung\n\u201eRenaturierung des ehemaligen Munitionslagers Bossow und Umgestaltung zu einem barrierefreien NaturErlebnispfad und Naturschutzobjekt\u201c\n\u201eVon der Bauruine zur Streuobstwiese\u201c \u2013 R\u00fcckbau des ehemaligen Ferienlagers der Fa. Bau-Union am Drewitzer See und Anlage einer Streuobstwiese\n\u201eVom Trafohaus zum Artenschutzturm\u201c \u2013 ausrangierte Elemente der Kulturlandschaft und ihre sinnvolle Nachnutzung\n\u201eSoll-Renaturierung\u201c \u2013 Wiederherstellung als N\u00e4hrstoffsenke\n\u201eWasserb\u00fcffel auf wieder vern\u00e4sstem Niedermoor\u201c \u2013 eine Alternative zur Nutzungsaufgabe.\nHerzlichen Gl\u00fcckw\u00fcnsche an die Mitglieder und den Vorstand des F\u00f6rdervereins!<\/p>\n","protected":false},"excerpt":{"rendered":"<p>Der F\u00f6rderverein Naturpark Nossentiner\/Schwinzer Heide e.V. hat am 25.09.2013 aus den H\u00e4nden der ersten Vizepr\u00e4sidentin des Landtages, Beate Schlupp (CDU), den Umweltpreis des Landtages Mecklenburg-Vorpommern zum Gedenken an Ernst Boll entgegen genommen.<\/p>\n","protected":false},"author":28,"featured_media":0,"comment_status":"open","ping_status":"open","sticky":false,"template":"","format":"standard","meta":[],"categories":[7],"tags":[],"yoast_head":"<!-- This site is optimized with the Yoast SEO plugin v19.10 - https:\/\/yoast.com\/wordpress\/plugins\/seo\/ -->\n<title>F\u00f6rderverein erh\u00e4lt Umweltpreis des Landtages - Naturpark Nossentiner\/Schwinzer Heide<\/title>\n<meta name=\"robots\" content=\"index, follow, max-snippet:-1, max-image-preview:large, max-video-preview:-1\" \/>\n<link rel=\"canonical\" href=\"https:\/\/www.naturparkmagazin.de\/nossentiner-schwinzer-heide\/foerderverein-erhaelt-umweltpreis-des-landtages\/\" \/>\n<meta property=\"og:locale\" content=\"de_DE\" \/>\n<meta property=\"og:type\" content=\"article\" \/>\n<meta property=\"og:title\" content=\"F\u00f6rderverein erh\u00e4lt Umweltpreis des Landtages - Naturpark Nossentiner\/Schwinzer Heide\" \/>\n<meta property=\"og:description\" content=\"Der F\u00f6rderverein Naturpark Nossentiner\/Schwinzer Heide e.V. hat am 25.09.2013 aus den H\u00e4nden der ersten Vizepr\u00e4sidentin des Landtages, Beate Schlupp (CDU), den Umweltpreis des Landtages Mecklenburg-Vorpommern zum Gedenken an Ernst Boll entgegen genommen.\" \/>\n<meta property=\"og:url\" content=\"https:\/\/www.naturparkmagazin.de\/nossentiner-schwinzer-heide\/foerderverein-erhaelt-umweltpreis-des-landtages\/\" \/>\n<meta property=\"og:site_name\" content=\"Naturpark Nossentiner\/Schwinzer Heide\" \/>\n<meta property=\"article:published_time\" content=\"2013-09-26T06:55:51+00:00\" \/>\n<meta property=\"article:modified_time\" content=\"2013-10-02T07:07:55+00:00\" \/>\n<meta property=\"og:image\" content=\"https:\/\/www.naturparkmagazin.de\/nossentiner-schwinzer-heide\/wp-content\/uploads\/sites\/28\/Preisvergabe-Umweltpreis-des-Landtages-MV-NP-Nossentiner-Schwinzer-Heide-Ralf-Koch-2013.jpg\" \/>\n<meta name=\"twitter:label1\" content=\"Verfasst von\" \/>\n\t<meta name=\"twitter:data1\" content=\"\" \/>\n\t<meta name=\"twitter:label2\" content=\"Gesch\u00e4tzte Lesezeit\" \/>\n\t<meta name=\"twitter:data2\" content=\"2\u00a0Minuten\" \/>\n<script type=\"application\/ld+json\" class=\"yoast-schema-graph\">{\"@context\":\"https:\/\/schema.org\",\"@graph\":[{\"@type\":\"WebPage\",\"@id\":\"https:\/\/www.naturparkmagazin.de\/nossentiner-schwinzer-heide\/foerderverein-erhaelt-umweltpreis-des-landtages\/\",\"url\":\"https:\/\/www.naturparkmagazin.de\/nossentiner-schwinzer-heide\/foerderverein-erhaelt-umweltpreis-des-landtages\/\",\"name\":\"F\u00f6rderverein erh\u00e4lt Umweltpreis des Landtages - Naturpark Nossentiner\/Schwinzer Heide\",\"isPartOf\":{\"@id\":\"https:\/\/www.naturparkmagazin.de\/nossentiner-schwinzer-heide\/#website\"},\"datePublished\":\"2013-09-26T06:55:51+00:00\",\"dateModified\":\"2013-10-02T07:07:55+00:00\",\"author\":{\"@id\":\"\"},\"breadcrumb\":{\"@id\":\"https:\/\/www.naturparkmagazin.de\/nossentiner-schwinzer-heide\/foerderverein-erhaelt-umweltpreis-des-landtages\/#breadcrumb\"},\"inLanguage\":\"de\",\"potentialAction\":[{\"@type\":\"ReadAction\",\"target\":[\"https:\/\/www.naturparkmagazin.de\/nossentiner-schwinzer-heide\/foerderverein-erhaelt-umweltpreis-des-landtages\/\"]}]},{\"@type\":\"BreadcrumbList\",\"@id\":\"https:\/\/www.naturparkmagazin.de\/nossentiner-schwinzer-heide\/foerderverein-erhaelt-umweltpreis-des-landtages\/#breadcrumb\",\"itemListElement\":[{\"@type\":\"ListItem\",\"position\":1,\"name\":\"Home\",\"item\":\"https:\/\/www.naturparkmagazin.de\/nossentiner-schwinzer-heide\/\"},{\"@type\":\"ListItem\",\"position\":2,\"name\":\"F\u00f6rderverein erh\u00e4lt Umweltpreis des Landtages\"}]},{\"@type\":\"WebSite\",\"@id\":\"https:\/\/www.naturparkmagazin.de\/nossentiner-schwinzer-heide\/#website\",\"url\":\"https:\/\/www.naturparkmagazin.de\/nossentiner-schwinzer-heide\/\",\"name\":\"Naturpark Nossentiner\/Schwinzer Heide\",\"description\":\"\",\"potentialAction\":[{\"@type\":\"SearchAction\",\"target\":{\"@type\":\"EntryPoint\",\"urlTemplate\":\"https:\/\/www.naturparkmagazin.de\/nossentiner-schwinzer-heide\/?s={search_term_string}\"},\"query-input\":\"required name=search_term_string\"}],\"inLanguage\":\"de\"},{\"@type\":\"Person\",\"@id\":\"\",\"url\":\"https:\/\/www.naturparkmagazin.de\/nossentiner-schwinzer-heide\/author\/\"}]}<\/script>\n<!-- \/ Yoast SEO plugin. -->","yoast_head_json":{"title":"F\u00f6rderverein erh\u00e4lt Umweltpreis des Landtages - Naturpark Nossentiner\/Schwinzer Heide","robots":{"index":"index","follow":"follow","max-snippet":"max-snippet:-1","max-image-preview":"max-image-preview:large","max-video-preview":"max-video-preview:-1"},"canonical":"https:\/\/www.naturparkmagazin.de\/nossentiner-schwinzer-heide\/foerderverein-erhaelt-umweltpreis-des-landtages\/","og_locale":"de_DE","og_type":"article","og_title":"F\u00f6rderverein erh\u00e4lt Umweltpreis des Landtages - Naturpark Nossentiner\/Schwinzer Heide","og_description":"Der F\u00f6rderverein Naturpark Nossentiner\/Schwinzer Heide e.V. hat am 25.09.2013 aus den H\u00e4nden der ersten Vizepr\u00e4sidentin des Landtages, Beate Schlupp (CDU), den Umweltpreis des Landtages Mecklenburg-Vorpommern zum Gedenken an Ernst Boll entgegen genommen.","og_url":"https:\/\/www.naturparkmagazin.de\/nossentiner-schwinzer-heide\/foerderverein-erhaelt-umweltpreis-des-landtages\/","og_site_name":"Naturpark Nossentiner\/Schwinzer Heide","article_published_time":"2013-09-26T06:55:51+00:00","article_modified_time":"2013-10-02T07:07:55+00:00","og_image":[{"url":"https:\/\/www.naturparkmagazin.de\/nossentiner-schwinzer-heide\/wp-content\/uploads\/sites\/28\/Preisvergabe-Umweltpreis-des-Landtages-MV-NP-Nossentiner-Schwinzer-Heide-Ralf-Koch-2013.jpg"}],"twitter_misc":{"Verfasst von":"","Gesch\u00e4tzte Lesezeit":"2\u00a0Minuten"},"schema":{"@context":"https:\/\/schema.org","@graph":[{"@type":"WebPage","@id":"https:\/\/www.naturparkmagazin.de\/nossentiner-schwinzer-heide\/foerderverein-erhaelt-umweltpreis-des-landtages\/","url":"https:\/\/www.naturparkmagazin.de\/nossentiner-schwinzer-heide\/foerderverein-erhaelt-umweltpreis-des-landtages\/","name":"F\u00f6rderverein erh\u00e4lt Umweltpreis des Landtages - Naturpark Nossentiner\/Schwinzer Heide","isPartOf":{"@id":"https:\/\/www.naturparkmagazin.de\/nossentiner-schwinzer-heide\/#website"},"datePublished":"2013-09-26T06:55:51+00:00","dateModified":"2013-10-02T07:07:55+00:00","author":{"@id":""},"breadcrumb":{"@id":"https:\/\/www.naturparkmagazin.de\/nossentiner-schwinzer-heide\/foerderverein-erhaelt-umweltpreis-des-landtages\/#breadcrumb"},"inLanguage":"de","potentialAction":[{"@type":"ReadAction","target":["https:\/\/www.naturparkmagazin.de\/nossentiner-schwinzer-heide\/foerderverein-erhaelt-umweltpreis-des-landtages\/"]}]},{"@type":"BreadcrumbList","@id":"https:\/\/www.naturparkmagazin.de\/nossentiner-schwinzer-heide\/foerderverein-erhaelt-umweltpreis-des-landtages\/#breadcrumb","itemListElement":[{"@type":"ListItem","position":1,"name":"Home","item":"https:\/\/www.naturparkmagazin.de\/nossentiner-schwinzer-heide\/"},{"@type":"ListItem","position":2,"name":"F\u00f6rderverein erh\u00e4lt Umweltpreis des Landtages"}]},{"@type":"WebSite","@id":"https:\/\/www.naturparkmagazin.de\/nossentiner-schwinzer-heide\/#website","url":"https:\/\/www.naturparkmagazin.de\/nossentiner-schwinzer-heide\/","name":"Naturpark Nossentiner\/Schwinzer Heide","description":"","potentialAction":[{"@type":"SearchAction","target":{"@type":"EntryPoint","urlTemplate":"https:\/\/www.naturparkmagazin.de\/nossentiner-schwinzer-heide\/?s={search_term_string}"},"query-input":"required name=search_term_string"}],"inLanguage":"de"},{"@type":"Person","@id":"","url":"https:\/\/www.naturparkmagazin.de\/nossentiner-schwinzer-heide\/author\/"}]}},"_links":{"self":[{"href":"https:\/\/www.naturparkmagazin.de\/nossentiner-schwinzer-heide\/wp-json\/wp\/v2\/posts\/214"}],"collection":[{"href":"https:\/\/www.naturparkmagazin.de\/nossentiner-schwinzer-heide\/wp-json\/wp\/v2\/posts"}],"about":[{"href":"https:\/\/www.naturparkmagazin.de\/nossentiner-schwinzer-heide\/wp-json\/wp\/v2\/types\/post"}],"author":[{"embeddable":true,"href":"https:\/\/www.naturparkmagazin.de\/nossentiner-schwinzer-heide\/wp-json\/wp\/v2\/users\/28"}],"replies":[{"embeddable":true,"href":"https:\/\/www.naturparkmagazin.de\/nossentiner-schwinzer-heide\/wp-json\/wp\/v2\/comments?post=214"}],"version-history":[{"count":3,"href":"https:\/\/www.naturparkmagazin.de\/nossentiner-schwinzer-heide\/wp-json\/wp\/v2\/posts\/214\/revisions"}],"predecessor-version":[{"id":230,"href":"https:\/\/www.naturparkmagazin.de\/nossentiner-schwinzer-heide\/wp-json\/wp\/v2\/posts\/214\/revisions\/230"}],"wp:attachment":[{"href":"https:\/\/www.naturparkmagazin.de\/nossentiner-schwinzer-heide\/wp-json\/wp\/v2\/media?parent=214"}],"wp:term":[{"taxonomy":"category","embeddable":true,"href":"https:\/\/www.naturparkmagazin.de\/nossentiner-schwinzer-heide\/wp-json\/wp\/v2\/categories?post=214"},{"taxonomy":"post_tag","embeddable":true,"href":"https:\/\/www.naturparkmagazin.de\/nossentiner-schwinzer-heide\/wp-json\/wp\/v2\/tags?post=214"}],"curies":[{"name":"wp","href":"https:\/\/api.w.org\/{rel}","templated":true}]}}