{"id":2157,"date":"2018-12-03T11:52:19","date_gmt":"2018-12-03T10:52:19","guid":{"rendered":"https:\/\/www.naturparkmagazin.de\/nossentiner-schwinzer-heide\/?p=2157"},"modified":"2018-12-19T14:29:04","modified_gmt":"2018-12-19T13:29:04","slug":"grundschule-john-brinckmann-goldberg-auf-dem-weg-zur-naturparkschule","status":"publish","type":"post","link":"https:\/\/www.naturparkmagazin.de\/nossentiner-schwinzer-heide\/grundschule-john-brinckmann-goldberg-auf-dem-weg-zur-naturparkschule\/","title":{"rendered":"Grundschule \u201eJohn Brinckmann\u201c Goldberg auf dem Weg zur Naturparkschule"},"content":{"rendered":"<p>Die Schulkonferenz der Grundschule \u201eJohn Brinckmann\u201c Goldberg fasste am 25. September 2018 den einstimmigen Beschluss, im Jahr 2019 Naturparkschule zu werden. Genau einen Monat sp\u00e4ter stimmte auch die Stadtvertretung Goldberg diesem Vorhaben zu.<\/p>\n<p>Mit diesem formalen Beschluss kann die Schule jetzt in die Phase der Antragstellung beim Verband der Naturparke treten. Ziel ist die Verleihung des Titels \u201eNaturparkschule\u201c anl\u00e4sslich des 20- j\u00e4hrigen Schuljubil\u00e4ums im Mai 2019.<\/p>\n<div id=\"attachment_2163\" style=\"width: 410px\" class=\"wp-caption alignnone\"><a href=\"https:\/\/www.naturparkmagazin.de\/nossentiner-schwinzer-heide\/wp-content\/uploads\/sites\/28\/gs_brinkmann.jpg\"><img aria-describedby=\"caption-attachment-2163\" decoding=\"async\" loading=\"lazy\" class=\"wp-image-2163 size-full\" src=\"https:\/\/www.naturparkmagazin.de\/nossentiner-schwinzer-heide\/wp-content\/uploads\/sites\/28\/gs_brinkmann.jpg\" alt=\"gs_brinkmann\" width=\"400\" height=\"300\" srcset=\"https:\/\/www.naturparkmagazin.de\/nossentiner-schwinzer-heide\/wp-content\/uploads\/sites\/28\/gs_brinkmann.jpg 400w, https:\/\/www.naturparkmagazin.de\/nossentiner-schwinzer-heide\/wp-content\/uploads\/sites\/28\/gs_brinkmann-300x225.jpg 300w, https:\/\/www.naturparkmagazin.de\/nossentiner-schwinzer-heide\/wp-content\/uploads\/sites\/28\/gs_brinkmann-180x135.jpg 180w, https:\/\/www.naturparkmagazin.de\/nossentiner-schwinzer-heide\/wp-content\/uploads\/sites\/28\/gs_brinkmann-95x71.jpg 95w, https:\/\/www.naturparkmagazin.de\/nossentiner-schwinzer-heide\/wp-content\/uploads\/sites\/28\/gs_brinkmann-200x150.jpg 200w\" sizes=\"(max-width: 400px) 100vw, 400px\" \/><\/a><p id=\"caption-attachment-2163\" class=\"wp-caption-text\">Die Grundschule &#8222;John Brinckmann&#8220; in Goldberg<\/p><\/div>\n","protected":false},"excerpt":{"rendered":"<p>Die Schulkonferenz der Grundschule \u201eJohn Brinckmann\u201c Goldberg fasste am 25. September 2018 den einstimmigen Beschluss, im Jahr 2019 Naturparkschule zu werden.<\/p>\n","protected":false},"author":84,"featured_media":2163,"comment_status":"open","ping_status":"open","sticky":false,"template":"","format":"standard","meta":[],"categories":[7],"tags":[395],"yoast_head":"<!-- This site is optimized with the Yoast SEO plugin v19.10 - https:\/\/yoast.com\/wordpress\/plugins\/seo\/ -->\n<title>Grundschule \u201eJohn Brinckmann\u201c Goldberg auf dem Weg zur Naturparkschule - Naturpark Nossentiner\/Schwinzer Heide<\/title>\n<meta name=\"description\" content=\"Die Grundschule \u201eJohn Brinckmann\u201c in Goldberg m\u00f6chte Naturparkschule werden.\" \/>\n<meta name=\"robots\" content=\"index, follow, max-snippet:-1, max-image-preview:large, max-video-preview:-1\" \/>\n<link rel=\"canonical\" href=\"https:\/\/www.naturparkmagazin.de\/nossentiner-schwinzer-heide\/grundschule-john-brinckmann-goldberg-auf-dem-weg-zur-naturparkschule\/\" \/>\n<meta property=\"og:locale\" content=\"de_DE\" \/>\n<meta property=\"og:type\" content=\"article\" \/>\n<meta property=\"og:title\" content=\"Grundschule \u201eJohn Brinckmann\u201c Goldberg auf dem Weg zur Naturparkschule - Naturpark Nossentiner\/Schwinzer Heide\" \/>\n<meta property=\"og:description\" content=\"Die Grundschule \u201eJohn Brinckmann\u201c in Goldberg m\u00f6chte Naturparkschule werden.\" \/>\n<meta property=\"og:url\" content=\"https:\/\/www.naturparkmagazin.de\/nossentiner-schwinzer-heide\/grundschule-john-brinckmann-goldberg-auf-dem-weg-zur-naturparkschule\/\" \/>\n<meta property=\"og:site_name\" content=\"Naturpark Nossentiner\/Schwinzer Heide\" \/>\n<meta property=\"article:published_time\" content=\"2018-12-03T10:52:19+00:00\" \/>\n<meta property=\"article:modified_time\" content=\"2018-12-19T13:29:04+00:00\" \/>\n<meta property=\"og:image\" content=\"https:\/\/www.naturparkmagazin.de\/nossentiner-schwinzer-heide\/wp-content\/uploads\/sites\/28\/gs_brinkmann.jpg\" \/>\n\t<meta property=\"og:image:width\" content=\"400\" \/>\n\t<meta property=\"og:image:height\" content=\"300\" \/>\n\t<meta property=\"og:image:type\" content=\"image\/jpeg\" \/>\n<meta name=\"author\" content=\"evelinkartheuser\" \/>\n<meta name=\"twitter:label1\" content=\"Verfasst von\" \/>\n\t<meta name=\"twitter:data1\" content=\"evelinkartheuser\" \/>\n<script type=\"application\/ld+json\" class=\"yoast-schema-graph\">{\"@context\":\"https:\/\/schema.org\",\"@graph\":[{\"@type\":\"WebPage\",\"@id\":\"https:\/\/www.naturparkmagazin.de\/nossentiner-schwinzer-heide\/grundschule-john-brinckmann-goldberg-auf-dem-weg-zur-naturparkschule\/\",\"url\":\"https:\/\/www.naturparkmagazin.de\/nossentiner-schwinzer-heide\/grundschule-john-brinckmann-goldberg-auf-dem-weg-zur-naturparkschule\/\",\"name\":\"Grundschule \u201eJohn Brinckmann\u201c Goldberg auf dem Weg zur Naturparkschule - Naturpark Nossentiner\/Schwinzer Heide\",\"isPartOf\":{\"@id\":\"https:\/\/www.naturparkmagazin.de\/nossentiner-schwinzer-heide\/#website\"},\"datePublished\":\"2018-12-03T10:52:19+00:00\",\"dateModified\":\"2018-12-19T13:29:04+00:00\",\"author\":{\"@id\":\"https:\/\/www.naturparkmagazin.de\/nossentiner-schwinzer-heide\/#\/schema\/person\/6e5721221b13b6f827e696f29ff18008\"},\"description\":\"Die Grundschule \u201eJohn Brinckmann\u201c in Goldberg m\u00f6chte Naturparkschule werden.\",\"breadcrumb\":{\"@id\":\"https:\/\/www.naturparkmagazin.de\/nossentiner-schwinzer-heide\/grundschule-john-brinckmann-goldberg-auf-dem-weg-zur-naturparkschule\/#breadcrumb\"},\"inLanguage\":\"de\",\"potentialAction\":[{\"@type\":\"ReadAction\",\"target\":[\"https:\/\/www.naturparkmagazin.de\/nossentiner-schwinzer-heide\/grundschule-john-brinckmann-goldberg-auf-dem-weg-zur-naturparkschule\/\"]}]},{\"@type\":\"BreadcrumbList\",\"@id\":\"https:\/\/www.naturparkmagazin.de\/nossentiner-schwinzer-heide\/grundschule-john-brinckmann-goldberg-auf-dem-weg-zur-naturparkschule\/#breadcrumb\",\"itemListElement\":[{\"@type\":\"ListItem\",\"position\":1,\"name\":\"Home\",\"item\":\"https:\/\/www.naturparkmagazin.de\/nossentiner-schwinzer-heide\/\"},{\"@type\":\"ListItem\",\"position\":2,\"name\":\"Grundschule \u201eJohn Brinckmann\u201c Goldberg auf dem Weg zur Naturparkschule\"}]},{\"@type\":\"WebSite\",\"@id\":\"https:\/\/www.naturparkmagazin.de\/nossentiner-schwinzer-heide\/#website\",\"url\":\"https:\/\/www.naturparkmagazin.de\/nossentiner-schwinzer-heide\/\",\"name\":\"Naturpark Nossentiner\/Schwinzer Heide\",\"description\":\"\",\"potentialAction\":[{\"@type\":\"SearchAction\",\"target\":{\"@type\":\"EntryPoint\",\"urlTemplate\":\"https:\/\/www.naturparkmagazin.de\/nossentiner-schwinzer-heide\/?s={search_term_string}\"},\"query-input\":\"required name=search_term_string\"}],\"inLanguage\":\"de\"},{\"@type\":\"Person\",\"@id\":\"https:\/\/www.naturparkmagazin.de\/nossentiner-schwinzer-heide\/#\/schema\/person\/6e5721221b13b6f827e696f29ff18008\",\"name\":\"evelinkartheuser\",\"url\":\"https:\/\/www.naturparkmagazin.de\/nossentiner-schwinzer-heide\/author\/evelinkartheuser\/\"}]}<\/script>\n<!-- \/ Yoast SEO plugin. -->","yoast_head_json":{"title":"Grundschule \u201eJohn Brinckmann\u201c Goldberg auf dem Weg zur Naturparkschule - Naturpark Nossentiner\/Schwinzer Heide","description":"Die Grundschule \u201eJohn Brinckmann\u201c in Goldberg m\u00f6chte Naturparkschule werden.","robots":{"index":"index","follow":"follow","max-snippet":"max-snippet:-1","max-image-preview":"max-image-preview:large","max-video-preview":"max-video-preview:-1"},"canonical":"https:\/\/www.naturparkmagazin.de\/nossentiner-schwinzer-heide\/grundschule-john-brinckmann-goldberg-auf-dem-weg-zur-naturparkschule\/","og_locale":"de_DE","og_type":"article","og_title":"Grundschule \u201eJohn Brinckmann\u201c Goldberg auf dem Weg zur Naturparkschule - Naturpark Nossentiner\/Schwinzer Heide","og_description":"Die Grundschule \u201eJohn Brinckmann\u201c in Goldberg m\u00f6chte Naturparkschule werden.","og_url":"https:\/\/www.naturparkmagazin.de\/nossentiner-schwinzer-heide\/grundschule-john-brinckmann-goldberg-auf-dem-weg-zur-naturparkschule\/","og_site_name":"Naturpark Nossentiner\/Schwinzer Heide","article_published_time":"2018-12-03T10:52:19+00:00","article_modified_time":"2018-12-19T13:29:04+00:00","og_image":[{"width":400,"height":300,"url":"https:\/\/www.naturparkmagazin.de\/nossentiner-schwinzer-heide\/wp-content\/uploads\/sites\/28\/gs_brinkmann.jpg","type":"image\/jpeg"}],"author":"evelinkartheuser","twitter_misc":{"Verfasst von":"evelinkartheuser"},"schema":{"@context":"https:\/\/schema.org","@graph":[{"@type":"WebPage","@id":"https:\/\/www.naturparkmagazin.de\/nossentiner-schwinzer-heide\/grundschule-john-brinckmann-goldberg-auf-dem-weg-zur-naturparkschule\/","url":"https:\/\/www.naturparkmagazin.de\/nossentiner-schwinzer-heide\/grundschule-john-brinckmann-goldberg-auf-dem-weg-zur-naturparkschule\/","name":"Grundschule \u201eJohn Brinckmann\u201c Goldberg auf dem Weg zur Naturparkschule - Naturpark Nossentiner\/Schwinzer Heide","isPartOf":{"@id":"https:\/\/www.naturparkmagazin.de\/nossentiner-schwinzer-heide\/#website"},"datePublished":"2018-12-03T10:52:19+00:00","dateModified":"2018-12-19T13:29:04+00:00","author":{"@id":"https:\/\/www.naturparkmagazin.de\/nossentiner-schwinzer-heide\/#\/schema\/person\/6e5721221b13b6f827e696f29ff18008"},"description":"Die Grundschule \u201eJohn Brinckmann\u201c in Goldberg m\u00f6chte Naturparkschule werden.","breadcrumb":{"@id":"https:\/\/www.naturparkmagazin.de\/nossentiner-schwinzer-heide\/grundschule-john-brinckmann-goldberg-auf-dem-weg-zur-naturparkschule\/#breadcrumb"},"inLanguage":"de","potentialAction":[{"@type":"ReadAction","target":["https:\/\/www.naturparkmagazin.de\/nossentiner-schwinzer-heide\/grundschule-john-brinckmann-goldberg-auf-dem-weg-zur-naturparkschule\/"]}]},{"@type":"BreadcrumbList","@id":"https:\/\/www.naturparkmagazin.de\/nossentiner-schwinzer-heide\/grundschule-john-brinckmann-goldberg-auf-dem-weg-zur-naturparkschule\/#breadcrumb","itemListElement":[{"@type":"ListItem","position":1,"name":"Home","item":"https:\/\/www.naturparkmagazin.de\/nossentiner-schwinzer-heide\/"},{"@type":"ListItem","position":2,"name":"Grundschule \u201eJohn Brinckmann\u201c Goldberg auf dem Weg zur Naturparkschule"}]},{"@type":"WebSite","@id":"https:\/\/www.naturparkmagazin.de\/nossentiner-schwinzer-heide\/#website","url":"https:\/\/www.naturparkmagazin.de\/nossentiner-schwinzer-heide\/","name":"Naturpark Nossentiner\/Schwinzer Heide","description":"","potentialAction":[{"@type":"SearchAction","target":{"@type":"EntryPoint","urlTemplate":"https:\/\/www.naturparkmagazin.de\/nossentiner-schwinzer-heide\/?s={search_term_string}"},"query-input":"required name=search_term_string"}],"inLanguage":"de"},{"@type":"Person","@id":"https:\/\/www.naturparkmagazin.de\/nossentiner-schwinzer-heide\/#\/schema\/person\/6e5721221b13b6f827e696f29ff18008","name":"evelinkartheuser","url":"https:\/\/www.naturparkmagazin.de\/nossentiner-schwinzer-heide\/author\/evelinkartheuser\/"}]}},"_links":{"self":[{"href":"https:\/\/www.naturparkmagazin.de\/nossentiner-schwinzer-heide\/wp-json\/wp\/v2\/posts\/2157"}],"collection":[{"href":"https:\/\/www.naturparkmagazin.de\/nossentiner-schwinzer-heide\/wp-json\/wp\/v2\/posts"}],"about":[{"href":"https:\/\/www.naturparkmagazin.de\/nossentiner-schwinzer-heide\/wp-json\/wp\/v2\/types\/post"}],"author":[{"embeddable":true,"href":"https:\/\/www.naturparkmagazin.de\/nossentiner-schwinzer-heide\/wp-json\/wp\/v2\/users\/84"}],"replies":[{"embeddable":true,"href":"https:\/\/www.naturparkmagazin.de\/nossentiner-schwinzer-heide\/wp-json\/wp\/v2\/comments?post=2157"}],"version-history":[{"count":4,"href":"https:\/\/www.naturparkmagazin.de\/nossentiner-schwinzer-heide\/wp-json\/wp\/v2\/posts\/2157\/revisions"}],"predecessor-version":[{"id":2199,"href":"https:\/\/www.naturparkmagazin.de\/nossentiner-schwinzer-heide\/wp-json\/wp\/v2\/posts\/2157\/revisions\/2199"}],"wp:featuredmedia":[{"embeddable":true,"href":"https:\/\/www.naturparkmagazin.de\/nossentiner-schwinzer-heide\/wp-json\/wp\/v2\/media\/2163"}],"wp:attachment":[{"href":"https:\/\/www.naturparkmagazin.de\/nossentiner-schwinzer-heide\/wp-json\/wp\/v2\/media?parent=2157"}],"wp:term":[{"taxonomy":"category","embeddable":true,"href":"https:\/\/www.naturparkmagazin.de\/nossentiner-schwinzer-heide\/wp-json\/wp\/v2\/categories?post=2157"},{"taxonomy":"post_tag","embeddable":true,"href":"https:\/\/www.naturparkmagazin.de\/nossentiner-schwinzer-heide\/wp-json\/wp\/v2\/tags?post=2157"}],"curies":[{"name":"wp","href":"https:\/\/api.w.org\/{rel}","templated":true}]}}