{"id":2159,"date":"2018-12-03T11:48:48","date_gmt":"2018-12-03T10:48:48","guid":{"rendered":"https:\/\/www.naturparkmagazin.de\/nossentiner-schwinzer-heide\/?p=2159"},"modified":"2018-12-19T14:42:07","modified_gmt":"2018-12-19T13:42:07","slug":"dritte-juniorranger-gruppe-ins-leben-gerufen","status":"publish","type":"post","link":"https:\/\/www.naturparkmagazin.de\/nossentiner-schwinzer-heide\/dritte-juniorranger-gruppe-ins-leben-gerufen\/","title":{"rendered":"Dritte Juniorranger-Gruppe ins Leben gerufen"},"content":{"rendered":"<p>Viel zu tun hat Wachtleiterin Irena Zarffs. Der Bereich der Umweltbildung nimmt in ihrem w\u00f6chentlichen Arbeitspensum einen immer breiteren Raum ein. Neben den zwei Juniorranger-Gruppen der Naturparkschule Krakow am See gibt es seit den Oktoberferien eine dritte Gruppe aus der Grundschule \u201eJohn Brinckmann\u201c in Goldberg. Anders als in Krakow ist es hier eine gemischte Gruppe aus der ersten bzw. zweiten Klasse. Auch in Goldberg ist die Gruppenst\u00e4rke wieder auf sieben Sch\u00fcler begrenzt worden und die Pl\u00e4tze waren (wie immer) hei\u00df begehrt. Ein Auswahlverfahren hat dazu gef\u00fchrt, dass sechs Jungen und lediglich ein M\u00e4del die neue Gruppe bilden.<\/p>\n<p>Das Juniorranger-Programm ist Bestandteil der Zusammenarbeit mit dem Naturpark Nossentiner\/Schwinzer Heide. Auf dem Weg zur Naturparkschule werden zuk\u00fcnftig alle Sch\u00fcler und Lehrer j\u00e4hrlich an mindestens einer gemeinsamen Veranstaltung mit dem Naturpark teilnehmen. So sieht es die k\u00fcnftige Vereinbarung beider Einrichtungen vor. \u00a0Dass es dabei nicht bleiben muss, weil die Besch\u00e4ftigung in der Natur sowohl bei Sch\u00fclern als auch bei Lehrern neue Impulse ausl\u00f6st, hat die rege, freiwillige Teilnahme der Goldberger Grundschule an der Umwelt-Wanderwoche im Mai dieses Jahres gezeigt. Die Umwelt-Wanderwoche f\u00fcr 2019 haben Wachtleiterin Irena Zarffs und Umweltbildnerin Marina Kahrmann schon geplant. Anmelden k\u00f6nnen sich interessierte Schulen, sobald das Formular auf der Seite des Ministeriums f\u00fcr Landwirtschaft und Umwelt freigeschaltet wird.<\/p>\n<p>Es gab in diesem Jahr noch eine besondere \u00dcberraschung: Die Stiftung Umwelt- und Naturschutz MV (StUN) spendete neue Rucks\u00e4cke und Ferngl\u00e4ser f\u00fcr unsere Juniorranger. Nun machen die Exkursionen noch mehr Spa\u00df! DANKE an die StUN!<\/p>\n<div id=\"attachment_2161\" style=\"width: 630px\" class=\"wp-caption alignnone\"><a href=\"https:\/\/www.naturparkmagazin.de\/nossentiner-schwinzer-heide\/wp-content\/uploads\/sites\/28\/DSC00419.jpg\"><img aria-describedby=\"caption-attachment-2161\" decoding=\"async\" loading=\"lazy\" class=\"wp-image-2161 size-medium\" src=\"https:\/\/www.naturparkmagazin.de\/nossentiner-schwinzer-heide\/wp-content\/uploads\/sites\/28\/DSC00419-620x519.jpg\" alt=\"DSC00419\" width=\"620\" height=\"519\" srcset=\"https:\/\/www.naturparkmagazin.de\/nossentiner-schwinzer-heide\/wp-content\/uploads\/sites\/28\/DSC00419-620x519.jpg 620w, https:\/\/www.naturparkmagazin.de\/nossentiner-schwinzer-heide\/wp-content\/uploads\/sites\/28\/DSC00419-300x251.jpg 300w, https:\/\/www.naturparkmagazin.de\/nossentiner-schwinzer-heide\/wp-content\/uploads\/sites\/28\/DSC00419-940x786.jpg 940w, https:\/\/www.naturparkmagazin.de\/nossentiner-schwinzer-heide\/wp-content\/uploads\/sites\/28\/DSC00419-670x561.jpg 670w, https:\/\/www.naturparkmagazin.de\/nossentiner-schwinzer-heide\/wp-content\/uploads\/sites\/28\/DSC00419-200x167.jpg 200w, https:\/\/www.naturparkmagazin.de\/nossentiner-schwinzer-heide\/wp-content\/uploads\/sites\/28\/DSC00419.jpg 1224w\" sizes=\"(max-width: 620px) 100vw, 620px\" \/><\/a><p id=\"caption-attachment-2161\" class=\"wp-caption-text\">Gute Aussichten: Unsere Juniorranger freuen sich \u00fcber die neuen Ferngl\u00e4ser und Rucks\u00e4cke, die von der Stiftung Umwelt- und Naturschutz MV gespendet wurden. Danke!<\/p><\/div>\n<p>&nbsp;<\/p>\n<p>&nbsp;<\/p>\n","protected":false},"excerpt":{"rendered":"<p>Neben den zwei Juniorranger-Gruppen der Naturparkschule Krakow am See gibt es seit den Oktoberferien eine dritte Gruppe aus der Grundschule \u201eJohn Brinckmann\u201c in Goldberg.<\/p>\n","protected":false},"author":84,"featured_media":2161,"comment_status":"open","ping_status":"open","sticky":false,"template":"","format":"standard","meta":[],"categories":[7],"tags":[395],"yoast_head":"<!-- This site is optimized with the Yoast SEO plugin v19.10 - https:\/\/yoast.com\/wordpress\/plugins\/seo\/ -->\n<title>Dritte Juniorranger-Gruppe ins Leben gerufen - Naturpark Nossentiner\/Schwinzer Heide<\/title>\n<meta name=\"description\" content=\"Seit den Oktoberferien gibt es eine dritte Juniorrager-Gruppe aus der Grundschule \u201eJohn Brinckmann\u201c in Goldberg.\" \/>\n<meta name=\"robots\" content=\"index, follow, max-snippet:-1, max-image-preview:large, max-video-preview:-1\" \/>\n<link rel=\"canonical\" href=\"https:\/\/www.naturparkmagazin.de\/nossentiner-schwinzer-heide\/dritte-juniorranger-gruppe-ins-leben-gerufen\/\" \/>\n<meta property=\"og:locale\" content=\"de_DE\" \/>\n<meta property=\"og:type\" content=\"article\" \/>\n<meta property=\"og:title\" content=\"Dritte Juniorranger-Gruppe ins Leben gerufen - Naturpark Nossentiner\/Schwinzer Heide\" \/>\n<meta property=\"og:description\" content=\"Seit den Oktoberferien gibt es eine dritte Juniorrager-Gruppe aus der Grundschule \u201eJohn Brinckmann\u201c in Goldberg.\" \/>\n<meta property=\"og:url\" content=\"https:\/\/www.naturparkmagazin.de\/nossentiner-schwinzer-heide\/dritte-juniorranger-gruppe-ins-leben-gerufen\/\" \/>\n<meta property=\"og:site_name\" content=\"Naturpark Nossentiner\/Schwinzer Heide\" \/>\n<meta property=\"article:published_time\" content=\"2018-12-03T10:48:48+00:00\" \/>\n<meta property=\"article:modified_time\" content=\"2018-12-19T13:42:07+00:00\" \/>\n<meta property=\"og:image\" content=\"https:\/\/www.naturparkmagazin.de\/nossentiner-schwinzer-heide\/wp-content\/uploads\/sites\/28\/DSC00419.jpg\" \/>\n\t<meta property=\"og:image:width\" content=\"1224\" \/>\n\t<meta property=\"og:image:height\" content=\"1024\" \/>\n\t<meta property=\"og:image:type\" content=\"image\/jpeg\" \/>\n<meta name=\"author\" content=\"evelinkartheuser\" \/>\n<meta name=\"twitter:label1\" content=\"Verfasst von\" \/>\n\t<meta name=\"twitter:data1\" content=\"evelinkartheuser\" \/>\n\t<meta name=\"twitter:label2\" content=\"Gesch\u00e4tzte Lesezeit\" \/>\n\t<meta name=\"twitter:data2\" content=\"1\u00a0Minute\" \/>\n<script type=\"application\/ld+json\" class=\"yoast-schema-graph\">{\"@context\":\"https:\/\/schema.org\",\"@graph\":[{\"@type\":\"WebPage\",\"@id\":\"https:\/\/www.naturparkmagazin.de\/nossentiner-schwinzer-heide\/dritte-juniorranger-gruppe-ins-leben-gerufen\/\",\"url\":\"https:\/\/www.naturparkmagazin.de\/nossentiner-schwinzer-heide\/dritte-juniorranger-gruppe-ins-leben-gerufen\/\",\"name\":\"Dritte Juniorranger-Gruppe ins Leben gerufen - Naturpark Nossentiner\/Schwinzer Heide\",\"isPartOf\":{\"@id\":\"https:\/\/www.naturparkmagazin.de\/nossentiner-schwinzer-heide\/#website\"},\"datePublished\":\"2018-12-03T10:48:48+00:00\",\"dateModified\":\"2018-12-19T13:42:07+00:00\",\"author\":{\"@id\":\"https:\/\/www.naturparkmagazin.de\/nossentiner-schwinzer-heide\/#\/schema\/person\/6e5721221b13b6f827e696f29ff18008\"},\"description\":\"Seit den Oktoberferien gibt es eine dritte Juniorrager-Gruppe aus der Grundschule \u201eJohn Brinckmann\u201c in Goldberg.\",\"breadcrumb\":{\"@id\":\"https:\/\/www.naturparkmagazin.de\/nossentiner-schwinzer-heide\/dritte-juniorranger-gruppe-ins-leben-gerufen\/#breadcrumb\"},\"inLanguage\":\"de\",\"potentialAction\":[{\"@type\":\"ReadAction\",\"target\":[\"https:\/\/www.naturparkmagazin.de\/nossentiner-schwinzer-heide\/dritte-juniorranger-gruppe-ins-leben-gerufen\/\"]}]},{\"@type\":\"BreadcrumbList\",\"@id\":\"https:\/\/www.naturparkmagazin.de\/nossentiner-schwinzer-heide\/dritte-juniorranger-gruppe-ins-leben-gerufen\/#breadcrumb\",\"itemListElement\":[{\"@type\":\"ListItem\",\"position\":1,\"name\":\"Home\",\"item\":\"https:\/\/www.naturparkmagazin.de\/nossentiner-schwinzer-heide\/\"},{\"@type\":\"ListItem\",\"position\":2,\"name\":\"Dritte Juniorranger-Gruppe ins Leben gerufen\"}]},{\"@type\":\"WebSite\",\"@id\":\"https:\/\/www.naturparkmagazin.de\/nossentiner-schwinzer-heide\/#website\",\"url\":\"https:\/\/www.naturparkmagazin.de\/nossentiner-schwinzer-heide\/\",\"name\":\"Naturpark Nossentiner\/Schwinzer Heide\",\"description\":\"\",\"potentialAction\":[{\"@type\":\"SearchAction\",\"target\":{\"@type\":\"EntryPoint\",\"urlTemplate\":\"https:\/\/www.naturparkmagazin.de\/nossentiner-schwinzer-heide\/?s={search_term_string}\"},\"query-input\":\"required name=search_term_string\"}],\"inLanguage\":\"de\"},{\"@type\":\"Person\",\"@id\":\"https:\/\/www.naturparkmagazin.de\/nossentiner-schwinzer-heide\/#\/schema\/person\/6e5721221b13b6f827e696f29ff18008\",\"name\":\"evelinkartheuser\",\"url\":\"https:\/\/www.naturparkmagazin.de\/nossentiner-schwinzer-heide\/author\/evelinkartheuser\/\"}]}<\/script>\n<!-- \/ Yoast SEO plugin. -->","yoast_head_json":{"title":"Dritte Juniorranger-Gruppe ins Leben gerufen - Naturpark Nossentiner\/Schwinzer Heide","description":"Seit den Oktoberferien gibt es eine dritte Juniorrager-Gruppe aus der Grundschule \u201eJohn Brinckmann\u201c in Goldberg.","robots":{"index":"index","follow":"follow","max-snippet":"max-snippet:-1","max-image-preview":"max-image-preview:large","max-video-preview":"max-video-preview:-1"},"canonical":"https:\/\/www.naturparkmagazin.de\/nossentiner-schwinzer-heide\/dritte-juniorranger-gruppe-ins-leben-gerufen\/","og_locale":"de_DE","og_type":"article","og_title":"Dritte Juniorranger-Gruppe ins Leben gerufen - Naturpark Nossentiner\/Schwinzer Heide","og_description":"Seit den Oktoberferien gibt es eine dritte Juniorrager-Gruppe aus der Grundschule \u201eJohn Brinckmann\u201c in Goldberg.","og_url":"https:\/\/www.naturparkmagazin.de\/nossentiner-schwinzer-heide\/dritte-juniorranger-gruppe-ins-leben-gerufen\/","og_site_name":"Naturpark Nossentiner\/Schwinzer Heide","article_published_time":"2018-12-03T10:48:48+00:00","article_modified_time":"2018-12-19T13:42:07+00:00","og_image":[{"width":1224,"height":1024,"url":"https:\/\/www.naturparkmagazin.de\/nossentiner-schwinzer-heide\/wp-content\/uploads\/sites\/28\/DSC00419.jpg","type":"image\/jpeg"}],"author":"evelinkartheuser","twitter_misc":{"Verfasst von":"evelinkartheuser","Gesch\u00e4tzte Lesezeit":"1\u00a0Minute"},"schema":{"@context":"https:\/\/schema.org","@graph":[{"@type":"WebPage","@id":"https:\/\/www.naturparkmagazin.de\/nossentiner-schwinzer-heide\/dritte-juniorranger-gruppe-ins-leben-gerufen\/","url":"https:\/\/www.naturparkmagazin.de\/nossentiner-schwinzer-heide\/dritte-juniorranger-gruppe-ins-leben-gerufen\/","name":"Dritte Juniorranger-Gruppe ins Leben gerufen - Naturpark Nossentiner\/Schwinzer Heide","isPartOf":{"@id":"https:\/\/www.naturparkmagazin.de\/nossentiner-schwinzer-heide\/#website"},"datePublished":"2018-12-03T10:48:48+00:00","dateModified":"2018-12-19T13:42:07+00:00","author":{"@id":"https:\/\/www.naturparkmagazin.de\/nossentiner-schwinzer-heide\/#\/schema\/person\/6e5721221b13b6f827e696f29ff18008"},"description":"Seit den Oktoberferien gibt es eine dritte Juniorrager-Gruppe aus der Grundschule \u201eJohn Brinckmann\u201c in Goldberg.","breadcrumb":{"@id":"https:\/\/www.naturparkmagazin.de\/nossentiner-schwinzer-heide\/dritte-juniorranger-gruppe-ins-leben-gerufen\/#breadcrumb"},"inLanguage":"de","potentialAction":[{"@type":"ReadAction","target":["https:\/\/www.naturparkmagazin.de\/nossentiner-schwinzer-heide\/dritte-juniorranger-gruppe-ins-leben-gerufen\/"]}]},{"@type":"BreadcrumbList","@id":"https:\/\/www.naturparkmagazin.de\/nossentiner-schwinzer-heide\/dritte-juniorranger-gruppe-ins-leben-gerufen\/#breadcrumb","itemListElement":[{"@type":"ListItem","position":1,"name":"Home","item":"https:\/\/www.naturparkmagazin.de\/nossentiner-schwinzer-heide\/"},{"@type":"ListItem","position":2,"name":"Dritte Juniorranger-Gruppe ins Leben gerufen"}]},{"@type":"WebSite","@id":"https:\/\/www.naturparkmagazin.de\/nossentiner-schwinzer-heide\/#website","url":"https:\/\/www.naturparkmagazin.de\/nossentiner-schwinzer-heide\/","name":"Naturpark Nossentiner\/Schwinzer Heide","description":"","potentialAction":[{"@type":"SearchAction","target":{"@type":"EntryPoint","urlTemplate":"https:\/\/www.naturparkmagazin.de\/nossentiner-schwinzer-heide\/?s={search_term_string}"},"query-input":"required name=search_term_string"}],"inLanguage":"de"},{"@type":"Person","@id":"https:\/\/www.naturparkmagazin.de\/nossentiner-schwinzer-heide\/#\/schema\/person\/6e5721221b13b6f827e696f29ff18008","name":"evelinkartheuser","url":"https:\/\/www.naturparkmagazin.de\/nossentiner-schwinzer-heide\/author\/evelinkartheuser\/"}]}},"_links":{"self":[{"href":"https:\/\/www.naturparkmagazin.de\/nossentiner-schwinzer-heide\/wp-json\/wp\/v2\/posts\/2159"}],"collection":[{"href":"https:\/\/www.naturparkmagazin.de\/nossentiner-schwinzer-heide\/wp-json\/wp\/v2\/posts"}],"about":[{"href":"https:\/\/www.naturparkmagazin.de\/nossentiner-schwinzer-heide\/wp-json\/wp\/v2\/types\/post"}],"author":[{"embeddable":true,"href":"https:\/\/www.naturparkmagazin.de\/nossentiner-schwinzer-heide\/wp-json\/wp\/v2\/users\/84"}],"replies":[{"embeddable":true,"href":"https:\/\/www.naturparkmagazin.de\/nossentiner-schwinzer-heide\/wp-json\/wp\/v2\/comments?post=2159"}],"version-history":[{"count":5,"href":"https:\/\/www.naturparkmagazin.de\/nossentiner-schwinzer-heide\/wp-json\/wp\/v2\/posts\/2159\/revisions"}],"predecessor-version":[{"id":2200,"href":"https:\/\/www.naturparkmagazin.de\/nossentiner-schwinzer-heide\/wp-json\/wp\/v2\/posts\/2159\/revisions\/2200"}],"wp:featuredmedia":[{"embeddable":true,"href":"https:\/\/www.naturparkmagazin.de\/nossentiner-schwinzer-heide\/wp-json\/wp\/v2\/media\/2161"}],"wp:attachment":[{"href":"https:\/\/www.naturparkmagazin.de\/nossentiner-schwinzer-heide\/wp-json\/wp\/v2\/media?parent=2159"}],"wp:term":[{"taxonomy":"category","embeddable":true,"href":"https:\/\/www.naturparkmagazin.de\/nossentiner-schwinzer-heide\/wp-json\/wp\/v2\/categories?post=2159"},{"taxonomy":"post_tag","embeddable":true,"href":"https:\/\/www.naturparkmagazin.de\/nossentiner-schwinzer-heide\/wp-json\/wp\/v2\/tags?post=2159"}],"curies":[{"name":"wp","href":"https:\/\/api.w.org\/{rel}","templated":true}]}}