{"id":2184,"date":"2022-01-17T12:10:57","date_gmt":"2022-01-17T11:10:57","guid":{"rendered":"https:\/\/www.naturparkmagazin.de\/nossentiner-schwinzer-heide\/?p=2184"},"modified":"2022-01-25T05:49:12","modified_gmt":"2022-01-25T04:49:12","slug":"freiwillige-betreuer-fuer-den-karower-meiler-gesucht","status":"publish","type":"post","link":"https:\/\/www.naturparkmagazin.de\/nossentiner-schwinzer-heide\/freiwillige-betreuer-fuer-den-karower-meiler-gesucht\/","title":{"rendered":"Freiwillige Betreuer f\u00fcr den Karower Meiler gesucht"},"content":{"rendered":"<pre>Februar 2022<\/pre>\n<p>Jedes Jahr finden einige tausend Besucher den Weg in unseren Naturpark. Die wichtigste Anlaufstelle ist das Naturparkzentrum Karower Meiler. Hier erhalten die G\u00e4ste Informationen \u00fcber die sch\u00f6nsten Wanderziele, Beobachtungspunkte, interessante Tiere und Pflanzen, zur Natur und Regionalgeschichte.<\/p>\n<div id=\"attachment_3829\" style=\"width: 630px\" class=\"wp-caption alignnone\"><a href=\"https:\/\/www.naturparkmagazin.de\/nossentiner-schwinzer-heide\/wp-content\/uploads\/sites\/28\/Meiler_web.jpg\"><img aria-describedby=\"caption-attachment-3829\" decoding=\"async\" loading=\"lazy\" class=\"wp-image-3829 size-medium\" src=\"https:\/\/www.naturparkmagazin.de\/nossentiner-schwinzer-heide\/wp-content\/uploads\/sites\/28\/Meiler_web-620x285.jpg\" alt=\"\" width=\"620\" height=\"285\" srcset=\"https:\/\/www.naturparkmagazin.de\/nossentiner-schwinzer-heide\/wp-content\/uploads\/sites\/28\/Meiler_web-620x285.jpg 620w, https:\/\/www.naturparkmagazin.de\/nossentiner-schwinzer-heide\/wp-content\/uploads\/sites\/28\/Meiler_web-300x138.jpg 300w, https:\/\/www.naturparkmagazin.de\/nossentiner-schwinzer-heide\/wp-content\/uploads\/sites\/28\/Meiler_web-940x433.jpg 940w, https:\/\/www.naturparkmagazin.de\/nossentiner-schwinzer-heide\/wp-content\/uploads\/sites\/28\/Meiler_web-670x308.jpg 670w, https:\/\/www.naturparkmagazin.de\/nossentiner-schwinzer-heide\/wp-content\/uploads\/sites\/28\/Meiler_web-200x92.jpg 200w, https:\/\/www.naturparkmagazin.de\/nossentiner-schwinzer-heide\/wp-content\/uploads\/sites\/28\/Meiler_web.jpg 1280w\" sizes=\"(max-width: 620px) 100vw, 620px\" \/><\/a><p id=\"caption-attachment-3829\" class=\"wp-caption-text\">Das Naturparkzentrum Karower Meiler: Auch das Au\u00dfengell\u00e4nde mit Teich und Wasserspielplatz l\u00e4dt zum Verweilen ein<\/p><\/div>\n<p>Der Naturpark sucht ab April bis Herbst 2022 (und 2023) eine freundliche und kommunikative Person, die Freude an der Arbeit mit G\u00e4sten hat. Die Arbeit ist abwechslungsreich und interessant:<\/p>\n<ul>\n<li>Sie betreuen unsere Ausstellung.<\/li>\n<li>Sie empfangen die Besucher und stehen f\u00fcr Ausk\u00fcnfte zur Verf\u00fcgung.<\/li>\n<li>Sie verkaufen Wanderkarten, B\u00fccher, Kalender und Produkte rund um die Natur und unsere Region.<\/li>\n<li>Sie k\u00fcmmern sich um die Grundversorgung der G\u00e4ste.<\/li>\n<li>Sie helfen bei der Vorbereitung und Durchf\u00fchrung von Festen, Vortr\u00e4gen und Ausstellungen.<\/li>\n<li>Sie f\u00fchren Gespr\u00e4che mit interessanten Menschen.<\/li>\n<\/ul>\n<p>Die Arbeit wird im Rahmen des Bundesfreiwilligendienstes organisiert. Es wird eine Aufwandsentsch\u00e4digung gezahlt.<\/p>\n<p>In der Regel ist mit 4 Arbeitstagen pro Woche (teilweise auch am Wochenende) zu rechnen. Fortbildungen sind bei uns m\u00f6glich und erw\u00fcnscht.<\/p>\n<p>Haben Sie Interesse? Sie erreichen uns am besten per Telefon oder per Email in der Naturparkverwaltung:<\/p>\n<p>Tel. 0387 387 390 0<\/p>\n<p>Mail: <a href=\"mailto:poststelle-nsh@lung.mv-regierung.de\">info-nsh@lung.mv-regierung.de<\/a><\/p>\n<div id=\"attachment_1791\" style=\"width: 630px\" class=\"wp-caption alignnone\"><a href=\"https:\/\/www.naturparkmagazin.de\/nossentiner-schwinzer-heide\/wp-content\/uploads\/sites\/28\/Besucherzentrum.jpg\"><img aria-describedby=\"caption-attachment-1791\" decoding=\"async\" loading=\"lazy\" class=\"wp-image-1791 size-medium\" src=\"https:\/\/www.naturparkmagazin.de\/nossentiner-schwinzer-heide\/wp-content\/uploads\/sites\/28\/Besucherzentrum-620x469.jpg\" alt=\"Besucherzentrum\" width=\"620\" height=\"469\" srcset=\"https:\/\/www.naturparkmagazin.de\/nossentiner-schwinzer-heide\/wp-content\/uploads\/sites\/28\/Besucherzentrum-620x469.jpg 620w, https:\/\/www.naturparkmagazin.de\/nossentiner-schwinzer-heide\/wp-content\/uploads\/sites\/28\/Besucherzentrum-300x227.jpg 300w, https:\/\/www.naturparkmagazin.de\/nossentiner-schwinzer-heide\/wp-content\/uploads\/sites\/28\/Besucherzentrum-940x712.jpg 940w, https:\/\/www.naturparkmagazin.de\/nossentiner-schwinzer-heide\/wp-content\/uploads\/sites\/28\/Besucherzentrum-180x135.jpg 180w, https:\/\/www.naturparkmagazin.de\/nossentiner-schwinzer-heide\/wp-content\/uploads\/sites\/28\/Besucherzentrum-95x71.jpg 95w, https:\/\/www.naturparkmagazin.de\/nossentiner-schwinzer-heide\/wp-content\/uploads\/sites\/28\/Besucherzentrum-670x507.jpg 670w, https:\/\/www.naturparkmagazin.de\/nossentiner-schwinzer-heide\/wp-content\/uploads\/sites\/28\/Besucherzentrum-200x151.jpg 200w, https:\/\/www.naturparkmagazin.de\/nossentiner-schwinzer-heide\/wp-content\/uploads\/sites\/28\/Besucherzentrum.jpg 1000w\" sizes=\"(max-width: 620px) 100vw, 620px\" \/><\/a><p id=\"caption-attachment-1791\" class=\"wp-caption-text\">Das k\u00f6nnte Ihre neue Arbeitsstelle sein!<\/p><\/div>\n<p>&nbsp;<\/p>\n","protected":false},"excerpt":{"rendered":"<p>Jedes Jahr finden einige tausend Besucher den Weg in unseren Naturpark. Die wichtigste Anlaufstelle ist das Naturparkzentrum Karower Meiler.<\/p>\n","protected":false},"author":84,"featured_media":3829,"comment_status":"open","ping_status":"open","sticky":false,"template":"","format":"standard","meta":[],"categories":[7],"tags":[],"yoast_head":"<!-- This site is optimized with the Yoast SEO plugin v19.10 - https:\/\/yoast.com\/wordpress\/plugins\/seo\/ -->\n<title>Freiwillige Betreuer f\u00fcr den Karower Meiler gesucht - Naturpark Nossentiner\/Schwinzer Heide<\/title>\n<meta name=\"description\" content=\"Der Naturpark sucht ab April bis Herbst 2019 (und 2020) einen freundlichen und kommunikativen Mitarbeiter, der Freude an der Arbeit mit G\u00e4sten hat.\" \/>\n<meta name=\"robots\" content=\"index, follow, max-snippet:-1, max-image-preview:large, max-video-preview:-1\" \/>\n<link rel=\"canonical\" href=\"https:\/\/www.naturparkmagazin.de\/nossentiner-schwinzer-heide\/freiwillige-betreuer-fuer-den-karower-meiler-gesucht\/\" \/>\n<meta property=\"og:locale\" content=\"de_DE\" \/>\n<meta property=\"og:type\" content=\"article\" \/>\n<meta property=\"og:title\" content=\"Freiwillige Betreuer f\u00fcr den Karower Meiler gesucht - Naturpark Nossentiner\/Schwinzer Heide\" \/>\n<meta property=\"og:description\" content=\"Der Naturpark sucht ab April bis Herbst 2019 (und 2020) einen freundlichen und kommunikativen Mitarbeiter, der Freude an der Arbeit mit G\u00e4sten hat.\" \/>\n<meta property=\"og:url\" content=\"https:\/\/www.naturparkmagazin.de\/nossentiner-schwinzer-heide\/freiwillige-betreuer-fuer-den-karower-meiler-gesucht\/\" \/>\n<meta property=\"og:site_name\" content=\"Naturpark Nossentiner\/Schwinzer Heide\" \/>\n<meta property=\"article:published_time\" content=\"2022-01-17T11:10:57+00:00\" \/>\n<meta property=\"article:modified_time\" content=\"2022-01-25T04:49:12+00:00\" \/>\n<meta property=\"og:image\" content=\"https:\/\/www.naturparkmagazin.de\/nossentiner-schwinzer-heide\/wp-content\/uploads\/sites\/28\/Meiler_web.jpg\" \/>\n\t<meta property=\"og:image:width\" content=\"1280\" \/>\n\t<meta property=\"og:image:height\" content=\"589\" \/>\n\t<meta property=\"og:image:type\" content=\"image\/jpeg\" \/>\n<meta name=\"author\" content=\"evelinkartheuser\" \/>\n<meta name=\"twitter:label1\" content=\"Verfasst von\" \/>\n\t<meta name=\"twitter:data1\" content=\"evelinkartheuser\" \/>\n\t<meta name=\"twitter:label2\" content=\"Gesch\u00e4tzte Lesezeit\" \/>\n\t<meta name=\"twitter:data2\" content=\"1\u00a0Minute\" \/>\n<script type=\"application\/ld+json\" class=\"yoast-schema-graph\">{\"@context\":\"https:\/\/schema.org\",\"@graph\":[{\"@type\":\"WebPage\",\"@id\":\"https:\/\/www.naturparkmagazin.de\/nossentiner-schwinzer-heide\/freiwillige-betreuer-fuer-den-karower-meiler-gesucht\/\",\"url\":\"https:\/\/www.naturparkmagazin.de\/nossentiner-schwinzer-heide\/freiwillige-betreuer-fuer-den-karower-meiler-gesucht\/\",\"name\":\"Freiwillige Betreuer f\u00fcr den Karower Meiler gesucht - Naturpark Nossentiner\/Schwinzer Heide\",\"isPartOf\":{\"@id\":\"https:\/\/www.naturparkmagazin.de\/nossentiner-schwinzer-heide\/#website\"},\"datePublished\":\"2022-01-17T11:10:57+00:00\",\"dateModified\":\"2022-01-25T04:49:12+00:00\",\"author\":{\"@id\":\"https:\/\/www.naturparkmagazin.de\/nossentiner-schwinzer-heide\/#\/schema\/person\/6e5721221b13b6f827e696f29ff18008\"},\"description\":\"Der Naturpark sucht ab April bis Herbst 2019 (und 2020) einen freundlichen und kommunikativen Mitarbeiter, der Freude an der Arbeit mit G\u00e4sten hat.\",\"breadcrumb\":{\"@id\":\"https:\/\/www.naturparkmagazin.de\/nossentiner-schwinzer-heide\/freiwillige-betreuer-fuer-den-karower-meiler-gesucht\/#breadcrumb\"},\"inLanguage\":\"de\",\"potentialAction\":[{\"@type\":\"ReadAction\",\"target\":[\"https:\/\/www.naturparkmagazin.de\/nossentiner-schwinzer-heide\/freiwillige-betreuer-fuer-den-karower-meiler-gesucht\/\"]}]},{\"@type\":\"BreadcrumbList\",\"@id\":\"https:\/\/www.naturparkmagazin.de\/nossentiner-schwinzer-heide\/freiwillige-betreuer-fuer-den-karower-meiler-gesucht\/#breadcrumb\",\"itemListElement\":[{\"@type\":\"ListItem\",\"position\":1,\"name\":\"Home\",\"item\":\"https:\/\/www.naturparkmagazin.de\/nossentiner-schwinzer-heide\/\"},{\"@type\":\"ListItem\",\"position\":2,\"name\":\"Freiwillige Betreuer f\u00fcr den Karower Meiler gesucht\"}]},{\"@type\":\"WebSite\",\"@id\":\"https:\/\/www.naturparkmagazin.de\/nossentiner-schwinzer-heide\/#website\",\"url\":\"https:\/\/www.naturparkmagazin.de\/nossentiner-schwinzer-heide\/\",\"name\":\"Naturpark Nossentiner\/Schwinzer Heide\",\"description\":\"\",\"potentialAction\":[{\"@type\":\"SearchAction\",\"target\":{\"@type\":\"EntryPoint\",\"urlTemplate\":\"https:\/\/www.naturparkmagazin.de\/nossentiner-schwinzer-heide\/?s={search_term_string}\"},\"query-input\":\"required name=search_term_string\"}],\"inLanguage\":\"de\"},{\"@type\":\"Person\",\"@id\":\"https:\/\/www.naturparkmagazin.de\/nossentiner-schwinzer-heide\/#\/schema\/person\/6e5721221b13b6f827e696f29ff18008\",\"name\":\"evelinkartheuser\",\"url\":\"https:\/\/www.naturparkmagazin.de\/nossentiner-schwinzer-heide\/author\/evelinkartheuser\/\"}]}<\/script>\n<!-- \/ Yoast SEO plugin. -->","yoast_head_json":{"title":"Freiwillige Betreuer f\u00fcr den Karower Meiler gesucht - Naturpark Nossentiner\/Schwinzer Heide","description":"Der Naturpark sucht ab April bis Herbst 2019 (und 2020) einen freundlichen und kommunikativen Mitarbeiter, der Freude an der Arbeit mit G\u00e4sten hat.","robots":{"index":"index","follow":"follow","max-snippet":"max-snippet:-1","max-image-preview":"max-image-preview:large","max-video-preview":"max-video-preview:-1"},"canonical":"https:\/\/www.naturparkmagazin.de\/nossentiner-schwinzer-heide\/freiwillige-betreuer-fuer-den-karower-meiler-gesucht\/","og_locale":"de_DE","og_type":"article","og_title":"Freiwillige Betreuer f\u00fcr den Karower Meiler gesucht - Naturpark Nossentiner\/Schwinzer Heide","og_description":"Der Naturpark sucht ab April bis Herbst 2019 (und 2020) einen freundlichen und kommunikativen Mitarbeiter, der Freude an der Arbeit mit G\u00e4sten hat.","og_url":"https:\/\/www.naturparkmagazin.de\/nossentiner-schwinzer-heide\/freiwillige-betreuer-fuer-den-karower-meiler-gesucht\/","og_site_name":"Naturpark Nossentiner\/Schwinzer Heide","article_published_time":"2022-01-17T11:10:57+00:00","article_modified_time":"2022-01-25T04:49:12+00:00","og_image":[{"width":1280,"height":589,"url":"https:\/\/www.naturparkmagazin.de\/nossentiner-schwinzer-heide\/wp-content\/uploads\/sites\/28\/Meiler_web.jpg","type":"image\/jpeg"}],"author":"evelinkartheuser","twitter_misc":{"Verfasst von":"evelinkartheuser","Gesch\u00e4tzte Lesezeit":"1\u00a0Minute"},"schema":{"@context":"https:\/\/schema.org","@graph":[{"@type":"WebPage","@id":"https:\/\/www.naturparkmagazin.de\/nossentiner-schwinzer-heide\/freiwillige-betreuer-fuer-den-karower-meiler-gesucht\/","url":"https:\/\/www.naturparkmagazin.de\/nossentiner-schwinzer-heide\/freiwillige-betreuer-fuer-den-karower-meiler-gesucht\/","name":"Freiwillige Betreuer f\u00fcr den Karower Meiler gesucht - Naturpark Nossentiner\/Schwinzer Heide","isPartOf":{"@id":"https:\/\/www.naturparkmagazin.de\/nossentiner-schwinzer-heide\/#website"},"datePublished":"2022-01-17T11:10:57+00:00","dateModified":"2022-01-25T04:49:12+00:00","author":{"@id":"https:\/\/www.naturparkmagazin.de\/nossentiner-schwinzer-heide\/#\/schema\/person\/6e5721221b13b6f827e696f29ff18008"},"description":"Der Naturpark sucht ab April bis Herbst 2019 (und 2020) einen freundlichen und kommunikativen Mitarbeiter, der Freude an der Arbeit mit G\u00e4sten hat.","breadcrumb":{"@id":"https:\/\/www.naturparkmagazin.de\/nossentiner-schwinzer-heide\/freiwillige-betreuer-fuer-den-karower-meiler-gesucht\/#breadcrumb"},"inLanguage":"de","potentialAction":[{"@type":"ReadAction","target":["https:\/\/www.naturparkmagazin.de\/nossentiner-schwinzer-heide\/freiwillige-betreuer-fuer-den-karower-meiler-gesucht\/"]}]},{"@type":"BreadcrumbList","@id":"https:\/\/www.naturparkmagazin.de\/nossentiner-schwinzer-heide\/freiwillige-betreuer-fuer-den-karower-meiler-gesucht\/#breadcrumb","itemListElement":[{"@type":"ListItem","position":1,"name":"Home","item":"https:\/\/www.naturparkmagazin.de\/nossentiner-schwinzer-heide\/"},{"@type":"ListItem","position":2,"name":"Freiwillige Betreuer f\u00fcr den Karower Meiler gesucht"}]},{"@type":"WebSite","@id":"https:\/\/www.naturparkmagazin.de\/nossentiner-schwinzer-heide\/#website","url":"https:\/\/www.naturparkmagazin.de\/nossentiner-schwinzer-heide\/","name":"Naturpark Nossentiner\/Schwinzer Heide","description":"","potentialAction":[{"@type":"SearchAction","target":{"@type":"EntryPoint","urlTemplate":"https:\/\/www.naturparkmagazin.de\/nossentiner-schwinzer-heide\/?s={search_term_string}"},"query-input":"required name=search_term_string"}],"inLanguage":"de"},{"@type":"Person","@id":"https:\/\/www.naturparkmagazin.de\/nossentiner-schwinzer-heide\/#\/schema\/person\/6e5721221b13b6f827e696f29ff18008","name":"evelinkartheuser","url":"https:\/\/www.naturparkmagazin.de\/nossentiner-schwinzer-heide\/author\/evelinkartheuser\/"}]}},"_links":{"self":[{"href":"https:\/\/www.naturparkmagazin.de\/nossentiner-schwinzer-heide\/wp-json\/wp\/v2\/posts\/2184"}],"collection":[{"href":"https:\/\/www.naturparkmagazin.de\/nossentiner-schwinzer-heide\/wp-json\/wp\/v2\/posts"}],"about":[{"href":"https:\/\/www.naturparkmagazin.de\/nossentiner-schwinzer-heide\/wp-json\/wp\/v2\/types\/post"}],"author":[{"embeddable":true,"href":"https:\/\/www.naturparkmagazin.de\/nossentiner-schwinzer-heide\/wp-json\/wp\/v2\/users\/84"}],"replies":[{"embeddable":true,"href":"https:\/\/www.naturparkmagazin.de\/nossentiner-schwinzer-heide\/wp-json\/wp\/v2\/comments?post=2184"}],"version-history":[{"count":7,"href":"https:\/\/www.naturparkmagazin.de\/nossentiner-schwinzer-heide\/wp-json\/wp\/v2\/posts\/2184\/revisions"}],"predecessor-version":[{"id":3830,"href":"https:\/\/www.naturparkmagazin.de\/nossentiner-schwinzer-heide\/wp-json\/wp\/v2\/posts\/2184\/revisions\/3830"}],"wp:featuredmedia":[{"embeddable":true,"href":"https:\/\/www.naturparkmagazin.de\/nossentiner-schwinzer-heide\/wp-json\/wp\/v2\/media\/3829"}],"wp:attachment":[{"href":"https:\/\/www.naturparkmagazin.de\/nossentiner-schwinzer-heide\/wp-json\/wp\/v2\/media?parent=2184"}],"wp:term":[{"taxonomy":"category","embeddable":true,"href":"https:\/\/www.naturparkmagazin.de\/nossentiner-schwinzer-heide\/wp-json\/wp\/v2\/categories?post=2184"},{"taxonomy":"post_tag","embeddable":true,"href":"https:\/\/www.naturparkmagazin.de\/nossentiner-schwinzer-heide\/wp-json\/wp\/v2\/tags?post=2184"}],"curies":[{"name":"wp","href":"https:\/\/api.w.org\/{rel}","templated":true}]}}