{"id":2204,"date":"2018-12-21T11:10:13","date_gmt":"2018-12-21T10:10:13","guid":{"rendered":"https:\/\/www.naturparkmagazin.de\/nossentiner-schwinzer-heide\/?p=2204"},"modified":"2018-12-21T11:10:13","modified_gmt":"2018-12-21T10:10:13","slug":"gruss-zum-neuen-jahr-2","status":"publish","type":"post","link":"https:\/\/www.naturparkmagazin.de\/nossentiner-schwinzer-heide\/gruss-zum-neuen-jahr-2\/","title":{"rendered":"Gru\u00df zum Neuen Jahr"},"content":{"rendered":"<p><a href=\"https:\/\/www.naturparkmagazin.de\/nossentiner-schwinzer-heide\/wp-content\/uploads\/sites\/28\/Winter_klein.jpg\"><img decoding=\"async\" loading=\"lazy\" class=\"alignnone size-medium wp-image-2206\" src=\"https:\/\/www.naturparkmagazin.de\/nossentiner-schwinzer-heide\/wp-content\/uploads\/sites\/28\/Winter_klein-620x413.jpg\" alt=\"Winter_klein\" width=\"620\" height=\"413\" srcset=\"https:\/\/www.naturparkmagazin.de\/nossentiner-schwinzer-heide\/wp-content\/uploads\/sites\/28\/Winter_klein-620x413.jpg 620w, https:\/\/www.naturparkmagazin.de\/nossentiner-schwinzer-heide\/wp-content\/uploads\/sites\/28\/Winter_klein-300x200.jpg 300w, https:\/\/www.naturparkmagazin.de\/nossentiner-schwinzer-heide\/wp-content\/uploads\/sites\/28\/Winter_klein-940x626.jpg 940w, https:\/\/www.naturparkmagazin.de\/nossentiner-schwinzer-heide\/wp-content\/uploads\/sites\/28\/Winter_klein-670x446.jpg 670w, https:\/\/www.naturparkmagazin.de\/nossentiner-schwinzer-heide\/wp-content\/uploads\/sites\/28\/Winter_klein-200x133.jpg 200w\" sizes=\"(max-width: 620px) 100vw, 620px\" \/><\/a><\/p>\n<p>Liebe Partner und Freunde des Naturparks Nossentiner\/Schwinzer Heide,<\/p>\n<p>das Jahr 2018 geht zu Ende. Wir m\u00f6chten die Gelegenheit nutzen, um uns bei unseren Partnern und Unterst\u00fctzern f\u00fcr die konstruktive und vertrauensvolle Zusammenarbeit herzlich zu bedanken.<\/p>\n<p>Ein inhalts- und abwechslungsreiches Arbeitsjahr liegt hinter uns.<\/p>\n<p>Die<strong> Umweltbildung<\/strong> war auch 2018 wieder ein wichtiger Schwerpunkt unserer Arbeit. Ein Highlight war das Projekt \u201e50 Klassenfahrten\u201c zusammen mit dem Wolhynier-Museum Linstow. Die 3. Klasse der Grundschule Parchim West war 2 Tage zu Gast in Linstow und erlebte hier eine ganz besondere Klassenfahrt mit vielen tollen Aktionen (wir berichteten im Newsletter).<\/p>\n<p>Ein wichtiger Schritt im Rahmen der Umweltbildung war in diesem Jahr, die Anerkennung des F\u00f6rdervereins als \u201eBildungszentrum f\u00fcr Nachhaltigkeit\u201c. Die damit einhergehende <strong>Zertifizierung<\/strong>, brachte eine intensive Auseinandersetzung mit unseren Kompetenzen in der BNE und hat dazu gef\u00fchrt, dass wir Aufgabenbereiche neu strukturiert haben.<\/p>\n<p>Mit der Naturparkschule Krakow am See gab es in diesem Jahr jeweils einen <strong>Projekttag <\/strong>pro Klasse. So z.B. der Projekttag in Krakow Anfang Juli, der sich durch viele verschiedene Angebote auszeichnete, wie z.B. Kr\u00e4uterwanderung mit anschlie\u00dfender Kr\u00e4uterverarbeitung, Brotbacken, Futterst\u00e4be bauen f\u00fcr V\u00f6gel, Suppe kochen, Blumenbeet gestalten, NaturArt u.v.m. F\u00fcr die h\u00f6heren Klassen f\u00fchrten wir Projekttage zu den Themen Wald, Flie\u00dfgew\u00e4sser, Flederm\u00e4use, Survival und Klimaschutz durch. Alle Projekttage wurden von unserer Umweltbildnerin Marina Kahrmann konzipiert und vorbereitet, die seit diesem Jahr unser Team bereichert.<\/p>\n<p>Unsere <strong>Juniorranger<\/strong> treffen sich einmal w\u00f6chentlich. Inzwischen gibt es 3 Juniorranger-Gruppen: 2 an der Naturparkschule Krakow am See und eine an der zuk\u00fcnftigen Naturparkschule in Goldberg. Ja richtig: die Grundschule Goldberg m\u00f6chte nun auch Naturparkschule werden. Dies werden wir im neuen Jahr in Angriff nehmen.<\/p>\n<p>Ende Mai\/Anfang Juni gab es auch wieder die traditionelle <strong>Umwelt-Wanderwoche<\/strong>, an der insgesamt 13 Klassen der umliegenden Schulen teilnahmen. Alle Klassen nahmen am Umweltquiz teil. \u00dcber Geldpreise beim Wissensquiz konnten sich in diesem Jahr folgende Klassen freuen:<\/p>\n<ol>\n<li>Preis (1.000 Euro), Klasse 2 a der Kantor-Carl-Ehrich Grundschule, Plau am See<\/li>\n<li>Preis (200 Euro), Klasse 3 KNEIPP-Grundschule, Mestlin<\/li>\n<\/ol>\n<p>Der Naturpark hat 2016-18 das Projekt \u201eSchutz der Dunkelheit der Nacht\u201c bearbeitet und m\u00f6chte nun als \u00a0\u201e<strong>Sternenpark<\/strong>\u201c nach IDA zertifiziert werden. Dies wird noch ein steiniger Weg, da hierzu neben der vorhandenen Nachthelligkeit auch verschiedene Kriterien wie Sternenpark-konforme Beleuchtung, die Erstellung eines Angebotskatalogs f\u00fcr F\u00fchrungen und Vortr\u00e4ge zum Thema u.a. erf\u00fcllt sein m\u00fcssen.<\/p>\n<p>Zum Thema Sternenpark gab es im April dieses Jahres auch ein <strong>Forum<\/strong>, an dem sich verschiedene Akteure anderer Sternenparks pr\u00e4sentierten. Beim anschlie\u00dfenden <strong>Workshop Astrofotografie<\/strong> trafen sich Sternenhimmel-Begeisterte in Wooster Teerofen. In dieser sternenklaren Nacht entstanden viele wundersch\u00f6ne Aufnahmen. Auch passend zum Thema Sternenfotografie gab es im M\u00e4rz-April eine Foto-Ausstellung.<\/p>\n<p>2018 wurde auch unsere <strong>Ausstellung im Naturparkzentrum Karower Meiler<\/strong> \u00fcberarbeitet und das Au\u00dfengel\u00e4nde neu gestaltet. Die Arbeiten sind noch nicht abgeschlossen, aber erste Ver\u00e4nderungen sind schon sichtbar. Die Neuer\u00f6ffnung wird voraussichtlich im Fr\u00fchjahr 2019 sein.<\/p>\n<p>Weitere H\u00f6hepunkte im Jahr waren die inhaltliche Fertigstellung und Ver\u00f6ffentlichung der <strong>Monografie zum Drewitzer See<\/strong> und die Herausgabe der kleinen <strong>Brosch\u00fcre \u201eVon Kloster zu Kloster\u201c<\/strong> \u00fcber die Klosterwege zwischen dem Dobbertiner und dem Malchower Kloster. Beide Pulikationen waren nur mit zahlreicher Unterst\u00fctzung von Partnern und Freunden des Naturparks m\u00f6glich.<\/p>\n<p>Als Partner des <strong>Citizen Sience<\/strong>-Projektes \u201eMit FUN in die Wildnis\u201c haben wir mitgeholfen, dass das sehr ambitionierte Projekt der Universit\u00e4t Greifswald (F\u00f6rderung Deutsche Bundesstiftung Umwelt) zum Zusammenwirken zwischen Wissenschaft, Umweltbildung und Naturschutz &#8211; am Beispiel der Fledermausforschung aufgezeigt &#8211; gut gestartet ist.<\/p>\n<p>Im Bereich des Umwelt-Monitoring haben wir das zweite Jahr mit der automatischen Erfassung von Fledermaus-Rufen in 8 verschiedenen Lebensr\u00e4umen fortgesetzt.<\/p>\n<p>Auch unsere neue Landschaftsp<strong>flegetechnik<\/strong> kam 2018 erstmals intensiv zum Einsatz. So wurden 17 Biotope mit insgesamt ca. 43 ha in der Naturparkregion gepflegt. Dabei handelt es sich um Moorstandorte, Orchideenwiesen und Magerrasen, die schwierig zu bewirtschaften und deshalb f\u00fcr Landwirte nicht attraktiv, andererseits aber botanisch sehr wertvoll sind.<\/p>\n<p>Alle diese und andere Projekte sind nur m\u00f6glich, weil wir starke und verl\u00e4ssliche Partner in der Region haben. Deshalb an dieser Stelle ein ganz gro\u00dfes <strong>Dankesch\u00f6n! <\/strong><\/p>\n<p>Wir w\u00fcnschen Ihnen eine besinnliche Zeit des Jahreswechsels und ein gesundes und erfolgreiches Jahr 2019! Wir freuen uns auch k\u00fcnftig auf eine gute Zusammenarbeit.<\/p>\n<p>Das Team des Naturparkes Nossentiner\/Schwinzer Heide, \u00a0des F\u00f6rdervereins Naturpark Nossentiner\/Schwinzer Heide und der Naturparkstiftung (Stiftung Reepsholt)<\/p>\n<p>&nbsp;<\/p>\n","protected":false},"excerpt":{"rendered":"<p>Liebe Partner und Freunde des Naturparks Nossentiner\/Schwinzer Heide, das Jahr 2018 geht zu Ende. Wir m\u00f6chten die Gelegenheit nutzen, um uns bei unseren Partnern und Unterst\u00fctzern f\u00fcr die konstruktive und vertrauensvolle Zusammenarbeit herzlich zu bedanken. Ein inhalts- und abwechslungsreiches Arbeitsjahr liegt hinter uns. Die Umweltbildung war auch 2018 wieder ein wichtiger Schwerpunkt unserer Arbeit. Ein<\/p>\n","protected":false},"author":84,"featured_media":2206,"comment_status":"open","ping_status":"open","sticky":false,"template":"","format":"standard","meta":[],"categories":[7],"tags":[],"yoast_head":"<!-- This site is optimized with the Yoast SEO plugin v19.10 - https:\/\/yoast.com\/wordpress\/plugins\/seo\/ -->\n<title>Gru\u00df zum Neuen Jahr - Naturpark Nossentiner\/Schwinzer Heide<\/title>\n<meta name=\"robots\" content=\"index, follow, max-snippet:-1, max-image-preview:large, max-video-preview:-1\" \/>\n<link rel=\"canonical\" href=\"https:\/\/www.naturparkmagazin.de\/nossentiner-schwinzer-heide\/gruss-zum-neuen-jahr-2\/\" \/>\n<meta property=\"og:locale\" content=\"de_DE\" \/>\n<meta property=\"og:type\" content=\"article\" \/>\n<meta property=\"og:title\" content=\"Gru\u00df zum Neuen Jahr - Naturpark Nossentiner\/Schwinzer Heide\" \/>\n<meta property=\"og:description\" content=\"Liebe Partner und Freunde des Naturparks Nossentiner\/Schwinzer Heide, das Jahr 2018 geht zu Ende. Wir m\u00f6chten die Gelegenheit nutzen, um uns bei unseren Partnern und Unterst\u00fctzern f\u00fcr die konstruktive und vertrauensvolle Zusammenarbeit herzlich zu bedanken. Ein inhalts- und abwechslungsreiches Arbeitsjahr liegt hinter uns. Die Umweltbildung war auch 2018 wieder ein wichtiger Schwerpunkt unserer Arbeit. Ein\" \/>\n<meta property=\"og:url\" content=\"https:\/\/www.naturparkmagazin.de\/nossentiner-schwinzer-heide\/gruss-zum-neuen-jahr-2\/\" \/>\n<meta property=\"og:site_name\" content=\"Naturpark Nossentiner\/Schwinzer Heide\" \/>\n<meta property=\"article:published_time\" content=\"2018-12-21T10:10:13+00:00\" \/>\n<meta property=\"og:image\" content=\"https:\/\/www.naturparkmagazin.de\/nossentiner-schwinzer-heide\/wp-content\/uploads\/sites\/28\/Winter_klein.jpg\" \/>\n\t<meta property=\"og:image:width\" content=\"4512\" \/>\n\t<meta property=\"og:image:height\" content=\"3004\" \/>\n\t<meta property=\"og:image:type\" content=\"image\/jpeg\" \/>\n<meta name=\"author\" content=\"evelinkartheuser\" \/>\n<meta name=\"twitter:label1\" content=\"Verfasst von\" \/>\n\t<meta name=\"twitter:data1\" content=\"evelinkartheuser\" \/>\n\t<meta name=\"twitter:label2\" content=\"Gesch\u00e4tzte Lesezeit\" \/>\n\t<meta name=\"twitter:data2\" content=\"4\u00a0Minuten\" \/>\n<script type=\"application\/ld+json\" class=\"yoast-schema-graph\">{\"@context\":\"https:\/\/schema.org\",\"@graph\":[{\"@type\":\"WebPage\",\"@id\":\"https:\/\/www.naturparkmagazin.de\/nossentiner-schwinzer-heide\/gruss-zum-neuen-jahr-2\/\",\"url\":\"https:\/\/www.naturparkmagazin.de\/nossentiner-schwinzer-heide\/gruss-zum-neuen-jahr-2\/\",\"name\":\"Gru\u00df zum Neuen Jahr - Naturpark Nossentiner\/Schwinzer Heide\",\"isPartOf\":{\"@id\":\"https:\/\/www.naturparkmagazin.de\/nossentiner-schwinzer-heide\/#website\"},\"datePublished\":\"2018-12-21T10:10:13+00:00\",\"dateModified\":\"2018-12-21T10:10:13+00:00\",\"author\":{\"@id\":\"https:\/\/www.naturparkmagazin.de\/nossentiner-schwinzer-heide\/#\/schema\/person\/6e5721221b13b6f827e696f29ff18008\"},\"breadcrumb\":{\"@id\":\"https:\/\/www.naturparkmagazin.de\/nossentiner-schwinzer-heide\/gruss-zum-neuen-jahr-2\/#breadcrumb\"},\"inLanguage\":\"de\",\"potentialAction\":[{\"@type\":\"ReadAction\",\"target\":[\"https:\/\/www.naturparkmagazin.de\/nossentiner-schwinzer-heide\/gruss-zum-neuen-jahr-2\/\"]}]},{\"@type\":\"BreadcrumbList\",\"@id\":\"https:\/\/www.naturparkmagazin.de\/nossentiner-schwinzer-heide\/gruss-zum-neuen-jahr-2\/#breadcrumb\",\"itemListElement\":[{\"@type\":\"ListItem\",\"position\":1,\"name\":\"Home\",\"item\":\"https:\/\/www.naturparkmagazin.de\/nossentiner-schwinzer-heide\/\"},{\"@type\":\"ListItem\",\"position\":2,\"name\":\"Gru\u00df zum Neuen Jahr\"}]},{\"@type\":\"WebSite\",\"@id\":\"https:\/\/www.naturparkmagazin.de\/nossentiner-schwinzer-heide\/#website\",\"url\":\"https:\/\/www.naturparkmagazin.de\/nossentiner-schwinzer-heide\/\",\"name\":\"Naturpark Nossentiner\/Schwinzer Heide\",\"description\":\"\",\"potentialAction\":[{\"@type\":\"SearchAction\",\"target\":{\"@type\":\"EntryPoint\",\"urlTemplate\":\"https:\/\/www.naturparkmagazin.de\/nossentiner-schwinzer-heide\/?s={search_term_string}\"},\"query-input\":\"required name=search_term_string\"}],\"inLanguage\":\"de\"},{\"@type\":\"Person\",\"@id\":\"https:\/\/www.naturparkmagazin.de\/nossentiner-schwinzer-heide\/#\/schema\/person\/6e5721221b13b6f827e696f29ff18008\",\"name\":\"evelinkartheuser\",\"url\":\"https:\/\/www.naturparkmagazin.de\/nossentiner-schwinzer-heide\/author\/evelinkartheuser\/\"}]}<\/script>\n<!-- \/ Yoast SEO plugin. -->","yoast_head_json":{"title":"Gru\u00df zum Neuen Jahr - Naturpark Nossentiner\/Schwinzer Heide","robots":{"index":"index","follow":"follow","max-snippet":"max-snippet:-1","max-image-preview":"max-image-preview:large","max-video-preview":"max-video-preview:-1"},"canonical":"https:\/\/www.naturparkmagazin.de\/nossentiner-schwinzer-heide\/gruss-zum-neuen-jahr-2\/","og_locale":"de_DE","og_type":"article","og_title":"Gru\u00df zum Neuen Jahr - Naturpark Nossentiner\/Schwinzer Heide","og_description":"Liebe Partner und Freunde des Naturparks Nossentiner\/Schwinzer Heide, das Jahr 2018 geht zu Ende. Wir m\u00f6chten die Gelegenheit nutzen, um uns bei unseren Partnern und Unterst\u00fctzern f\u00fcr die konstruktive und vertrauensvolle Zusammenarbeit herzlich zu bedanken. Ein inhalts- und abwechslungsreiches Arbeitsjahr liegt hinter uns. Die Umweltbildung war auch 2018 wieder ein wichtiger Schwerpunkt unserer Arbeit. Ein","og_url":"https:\/\/www.naturparkmagazin.de\/nossentiner-schwinzer-heide\/gruss-zum-neuen-jahr-2\/","og_site_name":"Naturpark Nossentiner\/Schwinzer Heide","article_published_time":"2018-12-21T10:10:13+00:00","og_image":[{"width":4512,"height":3004,"url":"https:\/\/www.naturparkmagazin.de\/nossentiner-schwinzer-heide\/wp-content\/uploads\/sites\/28\/Winter_klein.jpg","type":"image\/jpeg"}],"author":"evelinkartheuser","twitter_misc":{"Verfasst von":"evelinkartheuser","Gesch\u00e4tzte Lesezeit":"4\u00a0Minuten"},"schema":{"@context":"https:\/\/schema.org","@graph":[{"@type":"WebPage","@id":"https:\/\/www.naturparkmagazin.de\/nossentiner-schwinzer-heide\/gruss-zum-neuen-jahr-2\/","url":"https:\/\/www.naturparkmagazin.de\/nossentiner-schwinzer-heide\/gruss-zum-neuen-jahr-2\/","name":"Gru\u00df zum Neuen Jahr - Naturpark Nossentiner\/Schwinzer Heide","isPartOf":{"@id":"https:\/\/www.naturparkmagazin.de\/nossentiner-schwinzer-heide\/#website"},"datePublished":"2018-12-21T10:10:13+00:00","dateModified":"2018-12-21T10:10:13+00:00","author":{"@id":"https:\/\/www.naturparkmagazin.de\/nossentiner-schwinzer-heide\/#\/schema\/person\/6e5721221b13b6f827e696f29ff18008"},"breadcrumb":{"@id":"https:\/\/www.naturparkmagazin.de\/nossentiner-schwinzer-heide\/gruss-zum-neuen-jahr-2\/#breadcrumb"},"inLanguage":"de","potentialAction":[{"@type":"ReadAction","target":["https:\/\/www.naturparkmagazin.de\/nossentiner-schwinzer-heide\/gruss-zum-neuen-jahr-2\/"]}]},{"@type":"BreadcrumbList","@id":"https:\/\/www.naturparkmagazin.de\/nossentiner-schwinzer-heide\/gruss-zum-neuen-jahr-2\/#breadcrumb","itemListElement":[{"@type":"ListItem","position":1,"name":"Home","item":"https:\/\/www.naturparkmagazin.de\/nossentiner-schwinzer-heide\/"},{"@type":"ListItem","position":2,"name":"Gru\u00df zum Neuen Jahr"}]},{"@type":"WebSite","@id":"https:\/\/www.naturparkmagazin.de\/nossentiner-schwinzer-heide\/#website","url":"https:\/\/www.naturparkmagazin.de\/nossentiner-schwinzer-heide\/","name":"Naturpark Nossentiner\/Schwinzer Heide","description":"","potentialAction":[{"@type":"SearchAction","target":{"@type":"EntryPoint","urlTemplate":"https:\/\/www.naturparkmagazin.de\/nossentiner-schwinzer-heide\/?s={search_term_string}"},"query-input":"required name=search_term_string"}],"inLanguage":"de"},{"@type":"Person","@id":"https:\/\/www.naturparkmagazin.de\/nossentiner-schwinzer-heide\/#\/schema\/person\/6e5721221b13b6f827e696f29ff18008","name":"evelinkartheuser","url":"https:\/\/www.naturparkmagazin.de\/nossentiner-schwinzer-heide\/author\/evelinkartheuser\/"}]}},"_links":{"self":[{"href":"https:\/\/www.naturparkmagazin.de\/nossentiner-schwinzer-heide\/wp-json\/wp\/v2\/posts\/2204"}],"collection":[{"href":"https:\/\/www.naturparkmagazin.de\/nossentiner-schwinzer-heide\/wp-json\/wp\/v2\/posts"}],"about":[{"href":"https:\/\/www.naturparkmagazin.de\/nossentiner-schwinzer-heide\/wp-json\/wp\/v2\/types\/post"}],"author":[{"embeddable":true,"href":"https:\/\/www.naturparkmagazin.de\/nossentiner-schwinzer-heide\/wp-json\/wp\/v2\/users\/84"}],"replies":[{"embeddable":true,"href":"https:\/\/www.naturparkmagazin.de\/nossentiner-schwinzer-heide\/wp-json\/wp\/v2\/comments?post=2204"}],"version-history":[{"count":3,"href":"https:\/\/www.naturparkmagazin.de\/nossentiner-schwinzer-heide\/wp-json\/wp\/v2\/posts\/2204\/revisions"}],"predecessor-version":[{"id":2208,"href":"https:\/\/www.naturparkmagazin.de\/nossentiner-schwinzer-heide\/wp-json\/wp\/v2\/posts\/2204\/revisions\/2208"}],"wp:featuredmedia":[{"embeddable":true,"href":"https:\/\/www.naturparkmagazin.de\/nossentiner-schwinzer-heide\/wp-json\/wp\/v2\/media\/2206"}],"wp:attachment":[{"href":"https:\/\/www.naturparkmagazin.de\/nossentiner-schwinzer-heide\/wp-json\/wp\/v2\/media?parent=2204"}],"wp:term":[{"taxonomy":"category","embeddable":true,"href":"https:\/\/www.naturparkmagazin.de\/nossentiner-schwinzer-heide\/wp-json\/wp\/v2\/categories?post=2204"},{"taxonomy":"post_tag","embeddable":true,"href":"https:\/\/www.naturparkmagazin.de\/nossentiner-schwinzer-heide\/wp-json\/wp\/v2\/tags?post=2204"}],"curies":[{"name":"wp","href":"https:\/\/api.w.org\/{rel}","templated":true}]}}