{"id":2211,"date":"2018-12-22T11:55:37","date_gmt":"2018-12-22T10:55:37","guid":{"rendered":"https:\/\/www.naturparkmagazin.de\/nossentiner-schwinzer-heide\/?p=2211"},"modified":"2019-01-15T10:52:28","modified_gmt":"2019-01-15T09:52:28","slug":"exkursion-zu-den-winterschlafenden-fledermaeusen","status":"publish","type":"post","link":"https:\/\/www.naturparkmagazin.de\/nossentiner-schwinzer-heide\/exkursion-zu-den-winterschlafenden-fledermaeusen\/","title":{"rendered":"Exkursion zu den winterschlafenden Flederm\u00e4usen"},"content":{"rendered":"<div id=\"attachment_2213\" style=\"width: 630px\" class=\"wp-caption alignnone\"><a href=\"https:\/\/www.naturparkmagazin.de\/nossentiner-schwinzer-heide\/wp-content\/uploads\/sites\/28\/Foto2_Mausohr_Foto_RalfKoch.jpg\"><img aria-describedby=\"caption-attachment-2213\" decoding=\"async\" loading=\"lazy\" class=\"wp-image-2213 size-medium\" src=\"https:\/\/www.naturparkmagazin.de\/nossentiner-schwinzer-heide\/wp-content\/uploads\/sites\/28\/Foto2_Mausohr_Foto_RalfKoch-620x413.jpg\" alt=\"Foto2_Mausohr_Foto_RalfKoch\" width=\"620\" height=\"413\" srcset=\"https:\/\/www.naturparkmagazin.de\/nossentiner-schwinzer-heide\/wp-content\/uploads\/sites\/28\/Foto2_Mausohr_Foto_RalfKoch-620x413.jpg 620w, https:\/\/www.naturparkmagazin.de\/nossentiner-schwinzer-heide\/wp-content\/uploads\/sites\/28\/Foto2_Mausohr_Foto_RalfKoch-300x200.jpg 300w, https:\/\/www.naturparkmagazin.de\/nossentiner-schwinzer-heide\/wp-content\/uploads\/sites\/28\/Foto2_Mausohr_Foto_RalfKoch-940x627.jpg 940w, https:\/\/www.naturparkmagazin.de\/nossentiner-schwinzer-heide\/wp-content\/uploads\/sites\/28\/Foto2_Mausohr_Foto_RalfKoch-670x447.jpg 670w, https:\/\/www.naturparkmagazin.de\/nossentiner-schwinzer-heide\/wp-content\/uploads\/sites\/28\/Foto2_Mausohr_Foto_RalfKoch-200x133.jpg 200w, https:\/\/www.naturparkmagazin.de\/nossentiner-schwinzer-heide\/wp-content\/uploads\/sites\/28\/Foto2_Mausohr_Foto_RalfKoch.jpg 1386w\" sizes=\"(max-width: 620px) 100vw, 620px\" \/><\/a><p id=\"caption-attachment-2213\" class=\"wp-caption-text\">Das Gro\u00dfe Mausohr, die gr\u00f6\u00dfte in Dt. heimische Fledermaus beim Winterschlaf. Foto: Ralf Koch<\/p><\/div>\n<p>Am Samstag, 12.01.2019, findet die traditionelle, \u00f6ffentliche Exkursion zu den winterschlafenden Flederm\u00e4usen im Naturpark Nossentiner\/Schwinzer Heide statt. In diesem Jahr ist die ehemalige Munitionsfabrik in Malchow (Biestorf) Ziel der Exkursion. Unter Leitung der Fledermauskenner Martin Post und Ralf Koch werden die verschiedenen, gut gesicherten Bunkeranlagen aufgesucht und die winterschlafenden Flederm\u00e4use gez\u00e4hlt.\nTreff ist 09.30 Uhr am Karower Meiler (Naturparkverwaltung). Die Exkursion wird ca. 3 Stunden dauern. Warme Kleidung, festes Schuhwerk und Taschenlampe sind mitzubringen.<\/p>\n<div id=\"attachment_2212\" style=\"width: 630px\" class=\"wp-caption alignnone\"><a href=\"https:\/\/www.naturparkmagazin.de\/nossentiner-schwinzer-heide\/wp-content\/uploads\/sites\/28\/Foto1_Mausohr-Wasserfledermaus_Foto_RalfKoch.jpg\"><img aria-describedby=\"caption-attachment-2212\" decoding=\"async\" loading=\"lazy\" class=\"wp-image-2212 size-medium\" src=\"https:\/\/www.naturparkmagazin.de\/nossentiner-schwinzer-heide\/wp-content\/uploads\/sites\/28\/Foto1_Mausohr-Wasserfledermaus_Foto_RalfKoch-620x552.jpg\" alt=\"Foto1_Mausohr+Wasserfledermaus_Foto_RalfKoch\" width=\"620\" height=\"552\" srcset=\"https:\/\/www.naturparkmagazin.de\/nossentiner-schwinzer-heide\/wp-content\/uploads\/sites\/28\/Foto1_Mausohr-Wasserfledermaus_Foto_RalfKoch-620x552.jpg 620w, https:\/\/www.naturparkmagazin.de\/nossentiner-schwinzer-heide\/wp-content\/uploads\/sites\/28\/Foto1_Mausohr-Wasserfledermaus_Foto_RalfKoch-300x267.jpg 300w, https:\/\/www.naturparkmagazin.de\/nossentiner-schwinzer-heide\/wp-content\/uploads\/sites\/28\/Foto1_Mausohr-Wasserfledermaus_Foto_RalfKoch-940x838.jpg 940w, https:\/\/www.naturparkmagazin.de\/nossentiner-schwinzer-heide\/wp-content\/uploads\/sites\/28\/Foto1_Mausohr-Wasserfledermaus_Foto_RalfKoch-670x597.jpg 670w, https:\/\/www.naturparkmagazin.de\/nossentiner-schwinzer-heide\/wp-content\/uploads\/sites\/28\/Foto1_Mausohr-Wasserfledermaus_Foto_RalfKoch-200x178.jpg 200w, https:\/\/www.naturparkmagazin.de\/nossentiner-schwinzer-heide\/wp-content\/uploads\/sites\/28\/Foto1_Mausohr-Wasserfledermaus_Foto_RalfKoch.jpg 1386w\" sizes=\"(max-width: 620px) 100vw, 620px\" \/><\/a><p id=\"caption-attachment-2212\" class=\"wp-caption-text\">Gro\u00dfe Mausohr und die kleinere Wasserfledermaus beim Winterschlaf. Foto: Ralf Koch<\/p><\/div>\n","protected":false},"excerpt":{"rendered":"<p>Am Samstag, 12.01.2019, findet die traditionelle, \u00f6ffentliche Exkursion zu den winterschlafenden Flederm\u00e4usen im Naturpark Nossentiner\/Schwinzer Heide statt. In diesem Jahr ist die ehemalige Munitionsfabrik in Malchow (Biestorf) Ziel der Exkursion. Unter Leitung der Fledermauskenner Martin Post und Ralf Koch werden die verschiedenen, gut gesicherten Bunkeranlagen aufgesucht und die winterschlafenden Flederm\u00e4use gez\u00e4hlt. Treff ist 09.30 Uhr<\/p>\n","protected":false},"author":84,"featured_media":2213,"comment_status":"open","ping_status":"open","sticky":false,"template":"","format":"standard","meta":[],"categories":[11],"tags":[],"yoast_head":"<!-- This site is optimized with the Yoast SEO plugin v19.10 - https:\/\/yoast.com\/wordpress\/plugins\/seo\/ -->\n<title>Exkursion zu den winterschlafenden Flederm\u00e4usen - Naturpark Nossentiner\/Schwinzer Heide<\/title>\n<meta name=\"robots\" content=\"index, follow, max-snippet:-1, max-image-preview:large, max-video-preview:-1\" \/>\n<link rel=\"canonical\" href=\"https:\/\/www.naturparkmagazin.de\/nossentiner-schwinzer-heide\/exkursion-zu-den-winterschlafenden-fledermaeusen\/\" \/>\n<meta property=\"og:locale\" content=\"de_DE\" \/>\n<meta property=\"og:type\" content=\"article\" \/>\n<meta property=\"og:title\" content=\"Exkursion zu den winterschlafenden Flederm\u00e4usen - Naturpark Nossentiner\/Schwinzer Heide\" \/>\n<meta property=\"og:description\" content=\"Am Samstag, 12.01.2019, findet die traditionelle, \u00f6ffentliche Exkursion zu den winterschlafenden Flederm\u00e4usen im Naturpark Nossentiner\/Schwinzer Heide statt. In diesem Jahr ist die ehemalige Munitionsfabrik in Malchow (Biestorf) Ziel der Exkursion. Unter Leitung der Fledermauskenner Martin Post und Ralf Koch werden die verschiedenen, gut gesicherten Bunkeranlagen aufgesucht und die winterschlafenden Flederm\u00e4use gez\u00e4hlt. Treff ist 09.30 Uhr\" \/>\n<meta property=\"og:url\" content=\"https:\/\/www.naturparkmagazin.de\/nossentiner-schwinzer-heide\/exkursion-zu-den-winterschlafenden-fledermaeusen\/\" \/>\n<meta property=\"og:site_name\" content=\"Naturpark Nossentiner\/Schwinzer Heide\" \/>\n<meta property=\"article:published_time\" content=\"2018-12-22T10:55:37+00:00\" \/>\n<meta property=\"article:modified_time\" content=\"2019-01-15T09:52:28+00:00\" \/>\n<meta property=\"og:image\" content=\"https:\/\/www.naturparkmagazin.de\/nossentiner-schwinzer-heide\/wp-content\/uploads\/sites\/28\/Foto2_Mausohr_Foto_RalfKoch.jpg\" \/>\n\t<meta property=\"og:image:width\" content=\"1386\" \/>\n\t<meta property=\"og:image:height\" content=\"924\" \/>\n\t<meta property=\"og:image:type\" content=\"image\/jpeg\" \/>\n<meta name=\"author\" content=\"evelinkartheuser\" \/>\n<meta name=\"twitter:label1\" content=\"Verfasst von\" \/>\n\t<meta name=\"twitter:data1\" content=\"evelinkartheuser\" \/>\n\t<meta name=\"twitter:label2\" content=\"Gesch\u00e4tzte Lesezeit\" \/>\n\t<meta name=\"twitter:data2\" content=\"1\u00a0Minute\" \/>\n<script type=\"application\/ld+json\" class=\"yoast-schema-graph\">{\"@context\":\"https:\/\/schema.org\",\"@graph\":[{\"@type\":\"WebPage\",\"@id\":\"https:\/\/www.naturparkmagazin.de\/nossentiner-schwinzer-heide\/exkursion-zu-den-winterschlafenden-fledermaeusen\/\",\"url\":\"https:\/\/www.naturparkmagazin.de\/nossentiner-schwinzer-heide\/exkursion-zu-den-winterschlafenden-fledermaeusen\/\",\"name\":\"Exkursion zu den winterschlafenden Flederm\u00e4usen - Naturpark Nossentiner\/Schwinzer Heide\",\"isPartOf\":{\"@id\":\"https:\/\/www.naturparkmagazin.de\/nossentiner-schwinzer-heide\/#website\"},\"datePublished\":\"2018-12-22T10:55:37+00:00\",\"dateModified\":\"2019-01-15T09:52:28+00:00\",\"author\":{\"@id\":\"https:\/\/www.naturparkmagazin.de\/nossentiner-schwinzer-heide\/#\/schema\/person\/6e5721221b13b6f827e696f29ff18008\"},\"breadcrumb\":{\"@id\":\"https:\/\/www.naturparkmagazin.de\/nossentiner-schwinzer-heide\/exkursion-zu-den-winterschlafenden-fledermaeusen\/#breadcrumb\"},\"inLanguage\":\"de\",\"potentialAction\":[{\"@type\":\"ReadAction\",\"target\":[\"https:\/\/www.naturparkmagazin.de\/nossentiner-schwinzer-heide\/exkursion-zu-den-winterschlafenden-fledermaeusen\/\"]}]},{\"@type\":\"BreadcrumbList\",\"@id\":\"https:\/\/www.naturparkmagazin.de\/nossentiner-schwinzer-heide\/exkursion-zu-den-winterschlafenden-fledermaeusen\/#breadcrumb\",\"itemListElement\":[{\"@type\":\"ListItem\",\"position\":1,\"name\":\"Home\",\"item\":\"https:\/\/www.naturparkmagazin.de\/nossentiner-schwinzer-heide\/\"},{\"@type\":\"ListItem\",\"position\":2,\"name\":\"Exkursion zu den winterschlafenden Flederm\u00e4usen\"}]},{\"@type\":\"WebSite\",\"@id\":\"https:\/\/www.naturparkmagazin.de\/nossentiner-schwinzer-heide\/#website\",\"url\":\"https:\/\/www.naturparkmagazin.de\/nossentiner-schwinzer-heide\/\",\"name\":\"Naturpark Nossentiner\/Schwinzer Heide\",\"description\":\"\",\"potentialAction\":[{\"@type\":\"SearchAction\",\"target\":{\"@type\":\"EntryPoint\",\"urlTemplate\":\"https:\/\/www.naturparkmagazin.de\/nossentiner-schwinzer-heide\/?s={search_term_string}\"},\"query-input\":\"required name=search_term_string\"}],\"inLanguage\":\"de\"},{\"@type\":\"Person\",\"@id\":\"https:\/\/www.naturparkmagazin.de\/nossentiner-schwinzer-heide\/#\/schema\/person\/6e5721221b13b6f827e696f29ff18008\",\"name\":\"evelinkartheuser\",\"url\":\"https:\/\/www.naturparkmagazin.de\/nossentiner-schwinzer-heide\/author\/evelinkartheuser\/\"}]}<\/script>\n<!-- \/ Yoast SEO plugin. -->","yoast_head_json":{"title":"Exkursion zu den winterschlafenden Flederm\u00e4usen - Naturpark Nossentiner\/Schwinzer Heide","robots":{"index":"index","follow":"follow","max-snippet":"max-snippet:-1","max-image-preview":"max-image-preview:large","max-video-preview":"max-video-preview:-1"},"canonical":"https:\/\/www.naturparkmagazin.de\/nossentiner-schwinzer-heide\/exkursion-zu-den-winterschlafenden-fledermaeusen\/","og_locale":"de_DE","og_type":"article","og_title":"Exkursion zu den winterschlafenden Flederm\u00e4usen - Naturpark Nossentiner\/Schwinzer Heide","og_description":"Am Samstag, 12.01.2019, findet die traditionelle, \u00f6ffentliche Exkursion zu den winterschlafenden Flederm\u00e4usen im Naturpark Nossentiner\/Schwinzer Heide statt. In diesem Jahr ist die ehemalige Munitionsfabrik in Malchow (Biestorf) Ziel der Exkursion. Unter Leitung der Fledermauskenner Martin Post und Ralf Koch werden die verschiedenen, gut gesicherten Bunkeranlagen aufgesucht und die winterschlafenden Flederm\u00e4use gez\u00e4hlt. Treff ist 09.30 Uhr","og_url":"https:\/\/www.naturparkmagazin.de\/nossentiner-schwinzer-heide\/exkursion-zu-den-winterschlafenden-fledermaeusen\/","og_site_name":"Naturpark Nossentiner\/Schwinzer Heide","article_published_time":"2018-12-22T10:55:37+00:00","article_modified_time":"2019-01-15T09:52:28+00:00","og_image":[{"width":1386,"height":924,"url":"https:\/\/www.naturparkmagazin.de\/nossentiner-schwinzer-heide\/wp-content\/uploads\/sites\/28\/Foto2_Mausohr_Foto_RalfKoch.jpg","type":"image\/jpeg"}],"author":"evelinkartheuser","twitter_misc":{"Verfasst von":"evelinkartheuser","Gesch\u00e4tzte Lesezeit":"1\u00a0Minute"},"schema":{"@context":"https:\/\/schema.org","@graph":[{"@type":"WebPage","@id":"https:\/\/www.naturparkmagazin.de\/nossentiner-schwinzer-heide\/exkursion-zu-den-winterschlafenden-fledermaeusen\/","url":"https:\/\/www.naturparkmagazin.de\/nossentiner-schwinzer-heide\/exkursion-zu-den-winterschlafenden-fledermaeusen\/","name":"Exkursion zu den winterschlafenden Flederm\u00e4usen - Naturpark Nossentiner\/Schwinzer Heide","isPartOf":{"@id":"https:\/\/www.naturparkmagazin.de\/nossentiner-schwinzer-heide\/#website"},"datePublished":"2018-12-22T10:55:37+00:00","dateModified":"2019-01-15T09:52:28+00:00","author":{"@id":"https:\/\/www.naturparkmagazin.de\/nossentiner-schwinzer-heide\/#\/schema\/person\/6e5721221b13b6f827e696f29ff18008"},"breadcrumb":{"@id":"https:\/\/www.naturparkmagazin.de\/nossentiner-schwinzer-heide\/exkursion-zu-den-winterschlafenden-fledermaeusen\/#breadcrumb"},"inLanguage":"de","potentialAction":[{"@type":"ReadAction","target":["https:\/\/www.naturparkmagazin.de\/nossentiner-schwinzer-heide\/exkursion-zu-den-winterschlafenden-fledermaeusen\/"]}]},{"@type":"BreadcrumbList","@id":"https:\/\/www.naturparkmagazin.de\/nossentiner-schwinzer-heide\/exkursion-zu-den-winterschlafenden-fledermaeusen\/#breadcrumb","itemListElement":[{"@type":"ListItem","position":1,"name":"Home","item":"https:\/\/www.naturparkmagazin.de\/nossentiner-schwinzer-heide\/"},{"@type":"ListItem","position":2,"name":"Exkursion zu den winterschlafenden Flederm\u00e4usen"}]},{"@type":"WebSite","@id":"https:\/\/www.naturparkmagazin.de\/nossentiner-schwinzer-heide\/#website","url":"https:\/\/www.naturparkmagazin.de\/nossentiner-schwinzer-heide\/","name":"Naturpark Nossentiner\/Schwinzer Heide","description":"","potentialAction":[{"@type":"SearchAction","target":{"@type":"EntryPoint","urlTemplate":"https:\/\/www.naturparkmagazin.de\/nossentiner-schwinzer-heide\/?s={search_term_string}"},"query-input":"required name=search_term_string"}],"inLanguage":"de"},{"@type":"Person","@id":"https:\/\/www.naturparkmagazin.de\/nossentiner-schwinzer-heide\/#\/schema\/person\/6e5721221b13b6f827e696f29ff18008","name":"evelinkartheuser","url":"https:\/\/www.naturparkmagazin.de\/nossentiner-schwinzer-heide\/author\/evelinkartheuser\/"}]}},"_links":{"self":[{"href":"https:\/\/www.naturparkmagazin.de\/nossentiner-schwinzer-heide\/wp-json\/wp\/v2\/posts\/2211"}],"collection":[{"href":"https:\/\/www.naturparkmagazin.de\/nossentiner-schwinzer-heide\/wp-json\/wp\/v2\/posts"}],"about":[{"href":"https:\/\/www.naturparkmagazin.de\/nossentiner-schwinzer-heide\/wp-json\/wp\/v2\/types\/post"}],"author":[{"embeddable":true,"href":"https:\/\/www.naturparkmagazin.de\/nossentiner-schwinzer-heide\/wp-json\/wp\/v2\/users\/84"}],"replies":[{"embeddable":true,"href":"https:\/\/www.naturparkmagazin.de\/nossentiner-schwinzer-heide\/wp-json\/wp\/v2\/comments?post=2211"}],"version-history":[{"count":2,"href":"https:\/\/www.naturparkmagazin.de\/nossentiner-schwinzer-heide\/wp-json\/wp\/v2\/posts\/2211\/revisions"}],"predecessor-version":[{"id":2215,"href":"https:\/\/www.naturparkmagazin.de\/nossentiner-schwinzer-heide\/wp-json\/wp\/v2\/posts\/2211\/revisions\/2215"}],"wp:featuredmedia":[{"embeddable":true,"href":"https:\/\/www.naturparkmagazin.de\/nossentiner-schwinzer-heide\/wp-json\/wp\/v2\/media\/2213"}],"wp:attachment":[{"href":"https:\/\/www.naturparkmagazin.de\/nossentiner-schwinzer-heide\/wp-json\/wp\/v2\/media?parent=2211"}],"wp:term":[{"taxonomy":"category","embeddable":true,"href":"https:\/\/www.naturparkmagazin.de\/nossentiner-schwinzer-heide\/wp-json\/wp\/v2\/categories?post=2211"},{"taxonomy":"post_tag","embeddable":true,"href":"https:\/\/www.naturparkmagazin.de\/nossentiner-schwinzer-heide\/wp-json\/wp\/v2\/tags?post=2211"}],"curies":[{"name":"wp","href":"https:\/\/api.w.org\/{rel}","templated":true}]}}