{"id":2217,"date":"2019-02-13T10:15:52","date_gmt":"2019-02-13T09:15:52","guid":{"rendered":"https:\/\/www.naturparkmagazin.de\/nossentiner-schwinzer-heide\/?p=2217"},"modified":"2019-03-06T12:58:47","modified_gmt":"2019-03-06T11:58:47","slug":"seminar-obstbaumveredelung","status":"publish","type":"post","link":"https:\/\/www.naturparkmagazin.de\/nossentiner-schwinzer-heide\/seminar-obstbaumveredelung\/","title":{"rendered":"Seminar Obstbaumveredelung am 30.3.2019"},"content":{"rendered":"<p><strong>Seminar Winterhandveredelung und Mehrsortenb\u00e4ume<\/strong><\/p>\n<p><strong>Wann:<\/strong> Samstag, 30.03.2019, von 9:00-16:00<\/p>\n<p><strong>Wo:\u00a0<\/strong>Karower Meiler, Ziegenhorn 1, 19395 Plau am See, OT Karow<\/p>\n<p><strong>Referenten:<\/strong> R\u00fcdiger Brandt, Ronny M\u00fcller und Dirk M\u00fcller<\/p>\n<p><strong>Anmeldeschluss: <\/strong>22.02.2019<\/p>\n<div id=\"attachment_2222\" style=\"width: 630px\" class=\"wp-caption alignnone\"><a href=\"https:\/\/www.naturparkmagazin.de\/nossentiner-schwinzer-heide\/wp-content\/uploads\/sites\/28\/Jonathan.jpg\"><img aria-describedby=\"caption-attachment-2222\" decoding=\"async\" loading=\"lazy\" class=\"wp-image-2222 size-medium\" src=\"https:\/\/www.naturparkmagazin.de\/nossentiner-schwinzer-heide\/wp-content\/uploads\/sites\/28\/Jonathan-620x465.jpg\" alt=\"Jonathan\" width=\"620\" height=\"465\" srcset=\"https:\/\/www.naturparkmagazin.de\/nossentiner-schwinzer-heide\/wp-content\/uploads\/sites\/28\/Jonathan-620x465.jpg 620w, https:\/\/www.naturparkmagazin.de\/nossentiner-schwinzer-heide\/wp-content\/uploads\/sites\/28\/Jonathan-300x225.jpg 300w, https:\/\/www.naturparkmagazin.de\/nossentiner-schwinzer-heide\/wp-content\/uploads\/sites\/28\/Jonathan-940x705.jpg 940w, https:\/\/www.naturparkmagazin.de\/nossentiner-schwinzer-heide\/wp-content\/uploads\/sites\/28\/Jonathan-580x435.jpg 580w, https:\/\/www.naturparkmagazin.de\/nossentiner-schwinzer-heide\/wp-content\/uploads\/sites\/28\/Jonathan-420x315.jpg 420w, https:\/\/www.naturparkmagazin.de\/nossentiner-schwinzer-heide\/wp-content\/uploads\/sites\/28\/Jonathan-180x135.jpg 180w, https:\/\/www.naturparkmagazin.de\/nossentiner-schwinzer-heide\/wp-content\/uploads\/sites\/28\/Jonathan-95x71.jpg 95w, https:\/\/www.naturparkmagazin.de\/nossentiner-schwinzer-heide\/wp-content\/uploads\/sites\/28\/Jonathan-670x503.jpg 670w, https:\/\/www.naturparkmagazin.de\/nossentiner-schwinzer-heide\/wp-content\/uploads\/sites\/28\/Jonathan-200x150.jpg 200w, https:\/\/www.naturparkmagazin.de\/nossentiner-schwinzer-heide\/wp-content\/uploads\/sites\/28\/Jonathan.jpg 1280w\" sizes=\"(max-width: 620px) 100vw, 620px\" \/><\/a><p id=\"caption-attachment-2222\" class=\"wp-caption-text\">Jonathan, ein schmackhafter Weihnachtsapfel<\/p><\/div>\n<p>&nbsp;<\/p>\n<p>Veredelung kann auf viele verschiedene Arten geschehen. In diesem Kurs lernen wir, mit der Methode der Kopulation auf bereits gepflanzte B\u00e4ume Edelreiser verschiedener Sorten zu veredeln. Schon nach ein bis drei Jahren w\u00e4chst an den neuen Zweigen Obst. Es ist m\u00f6glich, \u00fcber hundert Sorten auf einen Baum zu bringen, was zum Sortenerhalt und zur Erlangung von Sortenkenntnissen auf kleinstem Raum dient. Auch k\u00f6nnen B\u00e4ume mit wenig schmackhaften Sorten \u00a0auf diese Weise aufgewertet werden. Zum \u00dcben der Veredelungs-Technik stellen wir unter Verwendung von kleinen Apfelb\u00e4umen (sog. Veredelungsunterlagen) und Edelreisern pflanzfertige B\u00e4umchen her, die mit nach Hause genommen werden k\u00f6nnen. Edelreiser von 20 teilweise \u00e4u\u00dferst seltenen alten Apfelsorten stehen zur Verf\u00fcgung.<\/p>\n<p>Vorank\u00fcndigung der Landeslehrst\u00e4tte:<\/p>\n<p><a href=\"https:\/\/www.lung.mv-regierung.de\/dateien\/landeslehrst_16.pdf\">https:\/\/www.lung.mv-regierung.de\/dateien\/landeslehrst_16.pdf<\/a><\/p>\n<p>Anmeldung:<\/p>\n<p><a href=\"https:\/\/www.lung.mv-regierung.de\/dateien\/landeslehrst_16_anmeldung.pdf\">https:\/\/www.lung.mv-regierung.de\/dateien\/landeslehrst_16_anmeldung.pdf<\/a><\/p>\n<div id=\"attachment_2228\" style=\"width: 452px\" class=\"wp-caption alignnone\"><a href=\"https:\/\/www.naturparkmagazin.de\/nossentiner-schwinzer-heide\/wp-content\/uploads\/sites\/28\/Ank\u00fcndigungLLS.png\"><img aria-describedby=\"caption-attachment-2228\" decoding=\"async\" loading=\"lazy\" class=\"wp-image-2228 size-full\" src=\"https:\/\/www.naturparkmagazin.de\/nossentiner-schwinzer-heide\/wp-content\/uploads\/sites\/28\/Ank\u00fcndigungLLS.png\" alt=\"Ank\u00fcndigungLLS\" width=\"442\" height=\"895\" srcset=\"https:\/\/www.naturparkmagazin.de\/nossentiner-schwinzer-heide\/wp-content\/uploads\/sites\/28\/Ank\u00fcndigungLLS.png 442w, https:\/\/www.naturparkmagazin.de\/nossentiner-schwinzer-heide\/wp-content\/uploads\/sites\/28\/Ank\u00fcndigungLLS-300x607.png 300w, https:\/\/www.naturparkmagazin.de\/nossentiner-schwinzer-heide\/wp-content\/uploads\/sites\/28\/Ank\u00fcndigungLLS-200x405.png 200w\" sizes=\"(max-width: 442px) 100vw, 442px\" \/><\/a><p id=\"caption-attachment-2228\" class=\"wp-caption-text\">Ank\u00fcndigung der Landeslehrst\u00e4tte<\/p><\/div>\n","protected":false},"excerpt":{"rendered":"<p>Veredelung kann auf viele verschiedene Arten geschehen. In diesem Kurs lernen wir, mit der Methode der Kopulation auf bereits gepflanzte B\u00e4ume Edelreiser verschiedener Sorten zu veredeln. <\/p>\n","protected":false},"author":84,"featured_media":2222,"comment_status":"open","ping_status":"open","sticky":false,"template":"","format":"standard","meta":[],"categories":[11],"tags":[],"yoast_head":"<!-- This site is optimized with the Yoast SEO plugin v19.10 - https:\/\/yoast.com\/wordpress\/plugins\/seo\/ -->\n<title>Seminar Obstbaumveredelung am 30.3.2019 - Naturpark Nossentiner\/Schwinzer Heide<\/title>\n<meta name=\"robots\" content=\"index, follow, max-snippet:-1, max-image-preview:large, max-video-preview:-1\" \/>\n<link rel=\"canonical\" href=\"https:\/\/www.naturparkmagazin.de\/nossentiner-schwinzer-heide\/seminar-obstbaumveredelung\/\" \/>\n<meta property=\"og:locale\" content=\"de_DE\" \/>\n<meta property=\"og:type\" content=\"article\" \/>\n<meta property=\"og:title\" content=\"Seminar Obstbaumveredelung am 30.3.2019 - Naturpark Nossentiner\/Schwinzer Heide\" \/>\n<meta property=\"og:description\" content=\"Veredelung kann auf viele verschiedene Arten geschehen. In diesem Kurs lernen wir, mit der Methode der Kopulation auf bereits gepflanzte B\u00e4ume Edelreiser verschiedener Sorten zu veredeln.\" \/>\n<meta property=\"og:url\" content=\"https:\/\/www.naturparkmagazin.de\/nossentiner-schwinzer-heide\/seminar-obstbaumveredelung\/\" \/>\n<meta property=\"og:site_name\" content=\"Naturpark Nossentiner\/Schwinzer Heide\" \/>\n<meta property=\"article:published_time\" content=\"2019-02-13T09:15:52+00:00\" \/>\n<meta property=\"article:modified_time\" content=\"2019-03-06T11:58:47+00:00\" \/>\n<meta property=\"og:image\" content=\"https:\/\/www.naturparkmagazin.de\/nossentiner-schwinzer-heide\/wp-content\/uploads\/sites\/28\/Jonathan.jpg\" \/>\n\t<meta property=\"og:image:width\" content=\"1280\" \/>\n\t<meta property=\"og:image:height\" content=\"960\" \/>\n\t<meta property=\"og:image:type\" content=\"image\/jpeg\" \/>\n<meta name=\"author\" content=\"evelinkartheuser\" \/>\n<meta name=\"twitter:label1\" content=\"Verfasst von\" \/>\n\t<meta name=\"twitter:data1\" content=\"evelinkartheuser\" \/>\n\t<meta name=\"twitter:label2\" content=\"Gesch\u00e4tzte Lesezeit\" \/>\n\t<meta name=\"twitter:data2\" content=\"1\u00a0Minute\" \/>\n<script type=\"application\/ld+json\" class=\"yoast-schema-graph\">{\"@context\":\"https:\/\/schema.org\",\"@graph\":[{\"@type\":\"WebPage\",\"@id\":\"https:\/\/www.naturparkmagazin.de\/nossentiner-schwinzer-heide\/seminar-obstbaumveredelung\/\",\"url\":\"https:\/\/www.naturparkmagazin.de\/nossentiner-schwinzer-heide\/seminar-obstbaumveredelung\/\",\"name\":\"Seminar Obstbaumveredelung am 30.3.2019 - Naturpark Nossentiner\/Schwinzer Heide\",\"isPartOf\":{\"@id\":\"https:\/\/www.naturparkmagazin.de\/nossentiner-schwinzer-heide\/#website\"},\"datePublished\":\"2019-02-13T09:15:52+00:00\",\"dateModified\":\"2019-03-06T11:58:47+00:00\",\"author\":{\"@id\":\"https:\/\/www.naturparkmagazin.de\/nossentiner-schwinzer-heide\/#\/schema\/person\/6e5721221b13b6f827e696f29ff18008\"},\"breadcrumb\":{\"@id\":\"https:\/\/www.naturparkmagazin.de\/nossentiner-schwinzer-heide\/seminar-obstbaumveredelung\/#breadcrumb\"},\"inLanguage\":\"de\",\"potentialAction\":[{\"@type\":\"ReadAction\",\"target\":[\"https:\/\/www.naturparkmagazin.de\/nossentiner-schwinzer-heide\/seminar-obstbaumveredelung\/\"]}]},{\"@type\":\"BreadcrumbList\",\"@id\":\"https:\/\/www.naturparkmagazin.de\/nossentiner-schwinzer-heide\/seminar-obstbaumveredelung\/#breadcrumb\",\"itemListElement\":[{\"@type\":\"ListItem\",\"position\":1,\"name\":\"Home\",\"item\":\"https:\/\/www.naturparkmagazin.de\/nossentiner-schwinzer-heide\/\"},{\"@type\":\"ListItem\",\"position\":2,\"name\":\"Seminar Obstbaumveredelung am 30.3.2019\"}]},{\"@type\":\"WebSite\",\"@id\":\"https:\/\/www.naturparkmagazin.de\/nossentiner-schwinzer-heide\/#website\",\"url\":\"https:\/\/www.naturparkmagazin.de\/nossentiner-schwinzer-heide\/\",\"name\":\"Naturpark Nossentiner\/Schwinzer Heide\",\"description\":\"\",\"potentialAction\":[{\"@type\":\"SearchAction\",\"target\":{\"@type\":\"EntryPoint\",\"urlTemplate\":\"https:\/\/www.naturparkmagazin.de\/nossentiner-schwinzer-heide\/?s={search_term_string}\"},\"query-input\":\"required name=search_term_string\"}],\"inLanguage\":\"de\"},{\"@type\":\"Person\",\"@id\":\"https:\/\/www.naturparkmagazin.de\/nossentiner-schwinzer-heide\/#\/schema\/person\/6e5721221b13b6f827e696f29ff18008\",\"name\":\"evelinkartheuser\",\"url\":\"https:\/\/www.naturparkmagazin.de\/nossentiner-schwinzer-heide\/author\/evelinkartheuser\/\"}]}<\/script>\n<!-- \/ Yoast SEO plugin. -->","yoast_head_json":{"title":"Seminar Obstbaumveredelung am 30.3.2019 - Naturpark Nossentiner\/Schwinzer Heide","robots":{"index":"index","follow":"follow","max-snippet":"max-snippet:-1","max-image-preview":"max-image-preview:large","max-video-preview":"max-video-preview:-1"},"canonical":"https:\/\/www.naturparkmagazin.de\/nossentiner-schwinzer-heide\/seminar-obstbaumveredelung\/","og_locale":"de_DE","og_type":"article","og_title":"Seminar Obstbaumveredelung am 30.3.2019 - Naturpark Nossentiner\/Schwinzer Heide","og_description":"Veredelung kann auf viele verschiedene Arten geschehen. In diesem Kurs lernen wir, mit der Methode der Kopulation auf bereits gepflanzte B\u00e4ume Edelreiser verschiedener Sorten zu veredeln.","og_url":"https:\/\/www.naturparkmagazin.de\/nossentiner-schwinzer-heide\/seminar-obstbaumveredelung\/","og_site_name":"Naturpark Nossentiner\/Schwinzer Heide","article_published_time":"2019-02-13T09:15:52+00:00","article_modified_time":"2019-03-06T11:58:47+00:00","og_image":[{"width":1280,"height":960,"url":"https:\/\/www.naturparkmagazin.de\/nossentiner-schwinzer-heide\/wp-content\/uploads\/sites\/28\/Jonathan.jpg","type":"image\/jpeg"}],"author":"evelinkartheuser","twitter_misc":{"Verfasst von":"evelinkartheuser","Gesch\u00e4tzte Lesezeit":"1\u00a0Minute"},"schema":{"@context":"https:\/\/schema.org","@graph":[{"@type":"WebPage","@id":"https:\/\/www.naturparkmagazin.de\/nossentiner-schwinzer-heide\/seminar-obstbaumveredelung\/","url":"https:\/\/www.naturparkmagazin.de\/nossentiner-schwinzer-heide\/seminar-obstbaumveredelung\/","name":"Seminar Obstbaumveredelung am 30.3.2019 - Naturpark Nossentiner\/Schwinzer Heide","isPartOf":{"@id":"https:\/\/www.naturparkmagazin.de\/nossentiner-schwinzer-heide\/#website"},"datePublished":"2019-02-13T09:15:52+00:00","dateModified":"2019-03-06T11:58:47+00:00","author":{"@id":"https:\/\/www.naturparkmagazin.de\/nossentiner-schwinzer-heide\/#\/schema\/person\/6e5721221b13b6f827e696f29ff18008"},"breadcrumb":{"@id":"https:\/\/www.naturparkmagazin.de\/nossentiner-schwinzer-heide\/seminar-obstbaumveredelung\/#breadcrumb"},"inLanguage":"de","potentialAction":[{"@type":"ReadAction","target":["https:\/\/www.naturparkmagazin.de\/nossentiner-schwinzer-heide\/seminar-obstbaumveredelung\/"]}]},{"@type":"BreadcrumbList","@id":"https:\/\/www.naturparkmagazin.de\/nossentiner-schwinzer-heide\/seminar-obstbaumveredelung\/#breadcrumb","itemListElement":[{"@type":"ListItem","position":1,"name":"Home","item":"https:\/\/www.naturparkmagazin.de\/nossentiner-schwinzer-heide\/"},{"@type":"ListItem","position":2,"name":"Seminar Obstbaumveredelung am 30.3.2019"}]},{"@type":"WebSite","@id":"https:\/\/www.naturparkmagazin.de\/nossentiner-schwinzer-heide\/#website","url":"https:\/\/www.naturparkmagazin.de\/nossentiner-schwinzer-heide\/","name":"Naturpark Nossentiner\/Schwinzer Heide","description":"","potentialAction":[{"@type":"SearchAction","target":{"@type":"EntryPoint","urlTemplate":"https:\/\/www.naturparkmagazin.de\/nossentiner-schwinzer-heide\/?s={search_term_string}"},"query-input":"required name=search_term_string"}],"inLanguage":"de"},{"@type":"Person","@id":"https:\/\/www.naturparkmagazin.de\/nossentiner-schwinzer-heide\/#\/schema\/person\/6e5721221b13b6f827e696f29ff18008","name":"evelinkartheuser","url":"https:\/\/www.naturparkmagazin.de\/nossentiner-schwinzer-heide\/author\/evelinkartheuser\/"}]}},"_links":{"self":[{"href":"https:\/\/www.naturparkmagazin.de\/nossentiner-schwinzer-heide\/wp-json\/wp\/v2\/posts\/2217"}],"collection":[{"href":"https:\/\/www.naturparkmagazin.de\/nossentiner-schwinzer-heide\/wp-json\/wp\/v2\/posts"}],"about":[{"href":"https:\/\/www.naturparkmagazin.de\/nossentiner-schwinzer-heide\/wp-json\/wp\/v2\/types\/post"}],"author":[{"embeddable":true,"href":"https:\/\/www.naturparkmagazin.de\/nossentiner-schwinzer-heide\/wp-json\/wp\/v2\/users\/84"}],"replies":[{"embeddable":true,"href":"https:\/\/www.naturparkmagazin.de\/nossentiner-schwinzer-heide\/wp-json\/wp\/v2\/comments?post=2217"}],"version-history":[{"count":12,"href":"https:\/\/www.naturparkmagazin.de\/nossentiner-schwinzer-heide\/wp-json\/wp\/v2\/posts\/2217\/revisions"}],"predecessor-version":[{"id":2273,"href":"https:\/\/www.naturparkmagazin.de\/nossentiner-schwinzer-heide\/wp-json\/wp\/v2\/posts\/2217\/revisions\/2273"}],"wp:featuredmedia":[{"embeddable":true,"href":"https:\/\/www.naturparkmagazin.de\/nossentiner-schwinzer-heide\/wp-json\/wp\/v2\/media\/2222"}],"wp:attachment":[{"href":"https:\/\/www.naturparkmagazin.de\/nossentiner-schwinzer-heide\/wp-json\/wp\/v2\/media?parent=2217"}],"wp:term":[{"taxonomy":"category","embeddable":true,"href":"https:\/\/www.naturparkmagazin.de\/nossentiner-schwinzer-heide\/wp-json\/wp\/v2\/categories?post=2217"},{"taxonomy":"post_tag","embeddable":true,"href":"https:\/\/www.naturparkmagazin.de\/nossentiner-schwinzer-heide\/wp-json\/wp\/v2\/tags?post=2217"}],"curies":[{"name":"wp","href":"https:\/\/api.w.org\/{rel}","templated":true}]}}