{"id":2233,"date":"2019-01-16T11:48:20","date_gmt":"2019-01-16T10:48:20","guid":{"rendered":"https:\/\/www.naturparkmagazin.de\/nossentiner-schwinzer-heide\/?p=2233"},"modified":"2019-02-18T14:42:15","modified_gmt":"2019-02-18T13:42:15","slug":"vortrag-archaeologie-und-kraftorte-im-karower-meiler-am-23-2-2019","status":"publish","type":"post","link":"https:\/\/www.naturparkmagazin.de\/nossentiner-schwinzer-heide\/vortrag-archaeologie-und-kraftorte-im-karower-meiler-am-23-2-2019\/","title":{"rendered":"Vortrag &#8222;Arch\u00e4ologie und Kraftorte&#8220; im Karower Meiler am 23.2.2019"},"content":{"rendered":"<div id=\"attachment_2269\" style=\"width: 630px\" class=\"wp-caption alignnone\"><a href=\"https:\/\/www.naturparkmagazin.de\/nossentiner-schwinzer-heide\/wp-content\/uploads\/sites\/28\/Arch\u00e4ologie-und-Kraftorte-Arlestena.jpg\"><img aria-describedby=\"caption-attachment-2269\" decoding=\"async\" loading=\"lazy\" class=\"wp-image-2269 size-medium\" src=\"https:\/\/www.naturparkmagazin.de\/nossentiner-schwinzer-heide\/wp-content\/uploads\/sites\/28\/Arch\u00e4ologie-und-Kraftorte-Arlestena-620x465.jpg\" alt=\"Arch\u00e4ologie und Kraftorte - Arlestena\" width=\"620\" height=\"465\" srcset=\"https:\/\/www.naturparkmagazin.de\/nossentiner-schwinzer-heide\/wp-content\/uploads\/sites\/28\/Arch\u00e4ologie-und-Kraftorte-Arlestena-620x465.jpg 620w, https:\/\/www.naturparkmagazin.de\/nossentiner-schwinzer-heide\/wp-content\/uploads\/sites\/28\/Arch\u00e4ologie-und-Kraftorte-Arlestena-300x225.jpg 300w, https:\/\/www.naturparkmagazin.de\/nossentiner-schwinzer-heide\/wp-content\/uploads\/sites\/28\/Arch\u00e4ologie-und-Kraftorte-Arlestena-940x705.jpg 940w, https:\/\/www.naturparkmagazin.de\/nossentiner-schwinzer-heide\/wp-content\/uploads\/sites\/28\/Arch\u00e4ologie-und-Kraftorte-Arlestena-580x435.jpg 580w, https:\/\/www.naturparkmagazin.de\/nossentiner-schwinzer-heide\/wp-content\/uploads\/sites\/28\/Arch\u00e4ologie-und-Kraftorte-Arlestena-420x315.jpg 420w, https:\/\/www.naturparkmagazin.de\/nossentiner-schwinzer-heide\/wp-content\/uploads\/sites\/28\/Arch\u00e4ologie-und-Kraftorte-Arlestena-180x135.jpg 180w, https:\/\/www.naturparkmagazin.de\/nossentiner-schwinzer-heide\/wp-content\/uploads\/sites\/28\/Arch\u00e4ologie-und-Kraftorte-Arlestena-95x71.jpg 95w, https:\/\/www.naturparkmagazin.de\/nossentiner-schwinzer-heide\/wp-content\/uploads\/sites\/28\/Arch\u00e4ologie-und-Kraftorte-Arlestena-670x503.jpg 670w, https:\/\/www.naturparkmagazin.de\/nossentiner-schwinzer-heide\/wp-content\/uploads\/sites\/28\/Arch\u00e4ologie-und-Kraftorte-Arlestena-200x150.jpg 200w\" sizes=\"(max-width: 620px) 100vw, 620px\" \/><\/a><p id=\"caption-attachment-2269\" class=\"wp-caption-text\">Die Arlestena in S\u00fcdschweden, eine Schiffssetzung, die auch als Stonhenge von Schweden bezeichnet wird. Foto: Antje Zimprich<\/p><\/div>\n<p>Steinkreise, exakt astronomisch ausgerichtete Bauwerke aus der Steinzeit, Orte, an denen man Kraft tanken kann &#8230; viele solcher Objekte geben uns heute noch R\u00e4tsel auf. Das Thema \u201eKraftorte\u201c wird gern als \u201eesoterisch\u201c bel\u00e4chelt. Antje Zimprich n\u00e4herte sich dieser Thematik aus Sicht der Arch\u00e4ologie. Die langj\u00e4hrige Grabungstechnikerin der R\u00f6misch-Germanischen-Kommission des Deutschen Arch\u00e4ologischen Institutes pr\u00e4sentiert in einem Vortrag die Ergebnisse ihrer Forschungen zu diesem Thema, das im Denken der herk\u00f6mmlichen Arch\u00e4ologie immer noch ein Tabuthema darstellt.<\/p>\n<p>Der Vortrag findet am Samstag, 23.2.2019, im Naturparkzentrum Karower Meiler des Naturparks Nossentiner\/Schwinzer Heide statt. Beginn des Vortrages ist\u00a019 Uhr, Einlass ab 18 Uhr. Der Eintritt betr\u00e4gt 5 \u20ac. Antje Zimprich wird an dem Abend ein paar Dinge zum Verkauf mitbringen, die zum Thema passen, wie Schutzamulette und spiritueller Schmuck aus ihrer Werkstatt.<\/p>\n<p>Die Referentin Antje Zimprich, aufgewachsen auf R\u00fcgen,\u00a0hat bereits vor 25 Jahren ihr Hobby zum Beruf gemacht. Neben Ausgrabungen in Mecklenburg-Vorpommern, im Rheinland und in Brandenburg war sie auch an der Ausgrabung und Dokumentation des slawischen Burgwalls am Nordkliff Arkona\/R\u00fcgen mit dem Arch\u00e4ologen Peter Herfert beteiligt. Sie bringt in ihrem Vortrag wissenschaftliche Untersuchungen mit uralten Mythen zusammen. Lassen Sie sich ein auf ein vollkommen anderes Weltbild, auf altes Wissen und genie\u00dfen Sie gleichzeitig eine Bilderreise durch Deutschland vom Oybin im Zittauer Gebirge, \u00fcber die Externsteine in Westfalen bis hoch in unseren Norden.<\/p>\n<p>&nbsp;<\/p>\n<p>Referentin: Grabungstechnikerin Antje Zimprich, <a href=\"http:\/\/www.dieglasperlenmacherin.de\">www.dieglasperlenmacherin.de<\/a><\/p>\n<div id=\"attachment_2265\" style=\"width: 630px\" class=\"wp-caption alignnone\"><a href=\"https:\/\/www.naturparkmagazin.de\/nossentiner-schwinzer-heide\/wp-content\/uploads\/sites\/28\/Arch\u00e4ologie_Kraftort_klein.jpg\"><img aria-describedby=\"caption-attachment-2265\" decoding=\"async\" loading=\"lazy\" class=\"wp-image-2265 size-medium\" src=\"https:\/\/www.naturparkmagazin.de\/nossentiner-schwinzer-heide\/wp-content\/uploads\/sites\/28\/Arch\u00e4ologie_Kraftort_klein-620x827.jpg\" alt=\"Arch\u00e4ologie_Kraftort_klein\" width=\"620\" height=\"827\" srcset=\"https:\/\/www.naturparkmagazin.de\/nossentiner-schwinzer-heide\/wp-content\/uploads\/sites\/28\/Arch\u00e4ologie_Kraftort_klein-620x827.jpg 620w, https:\/\/www.naturparkmagazin.de\/nossentiner-schwinzer-heide\/wp-content\/uploads\/sites\/28\/Arch\u00e4ologie_Kraftort_klein-300x400.jpg 300w, https:\/\/www.naturparkmagazin.de\/nossentiner-schwinzer-heide\/wp-content\/uploads\/sites\/28\/Arch\u00e4ologie_Kraftort_klein-500x667.jpg 500w, https:\/\/www.naturparkmagazin.de\/nossentiner-schwinzer-heide\/wp-content\/uploads\/sites\/28\/Arch\u00e4ologie_Kraftort_klein-420x560.jpg 420w, https:\/\/www.naturparkmagazin.de\/nossentiner-schwinzer-heide\/wp-content\/uploads\/sites\/28\/Arch\u00e4ologie_Kraftort_klein-135x180.jpg 135w, https:\/\/www.naturparkmagazin.de\/nossentiner-schwinzer-heide\/wp-content\/uploads\/sites\/28\/Arch\u00e4ologie_Kraftort_klein-53x71.jpg 53w, https:\/\/www.naturparkmagazin.de\/nossentiner-schwinzer-heide\/wp-content\/uploads\/sites\/28\/Arch\u00e4ologie_Kraftort_klein-670x893.jpg 670w, https:\/\/www.naturparkmagazin.de\/nossentiner-schwinzer-heide\/wp-content\/uploads\/sites\/28\/Arch\u00e4ologie_Kraftort_klein-200x267.jpg 200w, https:\/\/www.naturparkmagazin.de\/nossentiner-schwinzer-heide\/wp-content\/uploads\/sites\/28\/Arch\u00e4ologie_Kraftort_klein.jpg 768w\" sizes=\"(max-width: 620px) 100vw, 620px\" \/><\/a><p id=\"caption-attachment-2265\" class=\"wp-caption-text\">Die Referentin Antje Zimprich bei der Arbeit<\/p><\/div>\n","protected":false},"excerpt":{"rendered":"<p>Steinkreise, exakt astronomisch ausgerichtete Bauwerke aus der Steinzeit, Orte, an denen man Kraft tanken kann &#8230; viele solcher Objekte geben uns heute noch R\u00e4tsel auf. Das Thema \u201eKraftorte\u201c wird gern als \u201eesoterisch\u201c bel\u00e4chelt. Antje Zimprich n\u00e4herte sich dieser Thematik aus Sicht der Arch\u00e4ologie. Die langj\u00e4hrige Grabungstechnikerin der R\u00f6misch-Germanischen-Kommission des Deutschen Arch\u00e4ologischen Institutes pr\u00e4sentiert in einem<\/p>\n","protected":false},"author":84,"featured_media":2269,"comment_status":"open","ping_status":"open","sticky":false,"template":"","format":"standard","meta":[],"categories":[11],"tags":[],"yoast_head":"<!-- This site is optimized with the Yoast SEO plugin v19.10 - https:\/\/yoast.com\/wordpress\/plugins\/seo\/ -->\n<title>Vortrag &quot;Arch\u00e4ologie und Kraftorte&quot; im Karower Meiler am 23.2.2019 - Naturpark Nossentiner\/Schwinzer Heide<\/title>\n<meta name=\"robots\" content=\"index, follow, max-snippet:-1, max-image-preview:large, max-video-preview:-1\" \/>\n<link rel=\"canonical\" href=\"https:\/\/www.naturparkmagazin.de\/nossentiner-schwinzer-heide\/vortrag-archaeologie-und-kraftorte-im-karower-meiler-am-23-2-2019\/\" \/>\n<meta property=\"og:locale\" content=\"de_DE\" \/>\n<meta property=\"og:type\" content=\"article\" \/>\n<meta property=\"og:title\" content=\"Vortrag &quot;Arch\u00e4ologie und Kraftorte&quot; im Karower Meiler am 23.2.2019 - Naturpark Nossentiner\/Schwinzer Heide\" \/>\n<meta property=\"og:description\" content=\"Steinkreise, exakt astronomisch ausgerichtete Bauwerke aus der Steinzeit, Orte, an denen man Kraft tanken kann &#8230; viele solcher Objekte geben uns heute noch R\u00e4tsel auf. Das Thema \u201eKraftorte\u201c wird gern als \u201eesoterisch\u201c bel\u00e4chelt. Antje Zimprich n\u00e4herte sich dieser Thematik aus Sicht der Arch\u00e4ologie. Die langj\u00e4hrige Grabungstechnikerin der R\u00f6misch-Germanischen-Kommission des Deutschen Arch\u00e4ologischen Institutes pr\u00e4sentiert in einem\" \/>\n<meta property=\"og:url\" content=\"https:\/\/www.naturparkmagazin.de\/nossentiner-schwinzer-heide\/vortrag-archaeologie-und-kraftorte-im-karower-meiler-am-23-2-2019\/\" \/>\n<meta property=\"og:site_name\" content=\"Naturpark Nossentiner\/Schwinzer Heide\" \/>\n<meta property=\"article:published_time\" content=\"2019-01-16T10:48:20+00:00\" \/>\n<meta property=\"article:modified_time\" content=\"2019-02-18T13:42:15+00:00\" \/>\n<meta property=\"og:image\" content=\"https:\/\/www.naturparkmagazin.de\/nossentiner-schwinzer-heide\/wp-content\/uploads\/sites\/28\/Arch\u00e4ologie-und-Kraftorte-Arlestena.jpg\" \/>\n\t<meta property=\"og:image:width\" content=\"3264\" \/>\n\t<meta property=\"og:image:height\" content=\"2448\" \/>\n\t<meta property=\"og:image:type\" content=\"image\/jpeg\" \/>\n<meta name=\"author\" content=\"evelinkartheuser\" \/>\n<meta name=\"twitter:label1\" content=\"Verfasst von\" \/>\n\t<meta name=\"twitter:data1\" content=\"evelinkartheuser\" \/>\n\t<meta name=\"twitter:label2\" content=\"Gesch\u00e4tzte Lesezeit\" \/>\n\t<meta name=\"twitter:data2\" content=\"1\u00a0Minute\" \/>\n<script type=\"application\/ld+json\" class=\"yoast-schema-graph\">{\"@context\":\"https:\/\/schema.org\",\"@graph\":[{\"@type\":\"WebPage\",\"@id\":\"https:\/\/www.naturparkmagazin.de\/nossentiner-schwinzer-heide\/vortrag-archaeologie-und-kraftorte-im-karower-meiler-am-23-2-2019\/\",\"url\":\"https:\/\/www.naturparkmagazin.de\/nossentiner-schwinzer-heide\/vortrag-archaeologie-und-kraftorte-im-karower-meiler-am-23-2-2019\/\",\"name\":\"Vortrag \\\"Arch\u00e4ologie und Kraftorte\\\" im Karower Meiler am 23.2.2019 - Naturpark Nossentiner\/Schwinzer Heide\",\"isPartOf\":{\"@id\":\"https:\/\/www.naturparkmagazin.de\/nossentiner-schwinzer-heide\/#website\"},\"datePublished\":\"2019-01-16T10:48:20+00:00\",\"dateModified\":\"2019-02-18T13:42:15+00:00\",\"author\":{\"@id\":\"https:\/\/www.naturparkmagazin.de\/nossentiner-schwinzer-heide\/#\/schema\/person\/6e5721221b13b6f827e696f29ff18008\"},\"breadcrumb\":{\"@id\":\"https:\/\/www.naturparkmagazin.de\/nossentiner-schwinzer-heide\/vortrag-archaeologie-und-kraftorte-im-karower-meiler-am-23-2-2019\/#breadcrumb\"},\"inLanguage\":\"de\",\"potentialAction\":[{\"@type\":\"ReadAction\",\"target\":[\"https:\/\/www.naturparkmagazin.de\/nossentiner-schwinzer-heide\/vortrag-archaeologie-und-kraftorte-im-karower-meiler-am-23-2-2019\/\"]}]},{\"@type\":\"BreadcrumbList\",\"@id\":\"https:\/\/www.naturparkmagazin.de\/nossentiner-schwinzer-heide\/vortrag-archaeologie-und-kraftorte-im-karower-meiler-am-23-2-2019\/#breadcrumb\",\"itemListElement\":[{\"@type\":\"ListItem\",\"position\":1,\"name\":\"Home\",\"item\":\"https:\/\/www.naturparkmagazin.de\/nossentiner-schwinzer-heide\/\"},{\"@type\":\"ListItem\",\"position\":2,\"name\":\"Vortrag &#8222;Arch\u00e4ologie und Kraftorte&#8220; im Karower Meiler am 23.2.2019\"}]},{\"@type\":\"WebSite\",\"@id\":\"https:\/\/www.naturparkmagazin.de\/nossentiner-schwinzer-heide\/#website\",\"url\":\"https:\/\/www.naturparkmagazin.de\/nossentiner-schwinzer-heide\/\",\"name\":\"Naturpark Nossentiner\/Schwinzer Heide\",\"description\":\"\",\"potentialAction\":[{\"@type\":\"SearchAction\",\"target\":{\"@type\":\"EntryPoint\",\"urlTemplate\":\"https:\/\/www.naturparkmagazin.de\/nossentiner-schwinzer-heide\/?s={search_term_string}\"},\"query-input\":\"required name=search_term_string\"}],\"inLanguage\":\"de\"},{\"@type\":\"Person\",\"@id\":\"https:\/\/www.naturparkmagazin.de\/nossentiner-schwinzer-heide\/#\/schema\/person\/6e5721221b13b6f827e696f29ff18008\",\"name\":\"evelinkartheuser\",\"url\":\"https:\/\/www.naturparkmagazin.de\/nossentiner-schwinzer-heide\/author\/evelinkartheuser\/\"}]}<\/script>\n<!-- \/ Yoast SEO plugin. -->","yoast_head_json":{"title":"Vortrag \"Arch\u00e4ologie und Kraftorte\" im Karower Meiler am 23.2.2019 - Naturpark Nossentiner\/Schwinzer Heide","robots":{"index":"index","follow":"follow","max-snippet":"max-snippet:-1","max-image-preview":"max-image-preview:large","max-video-preview":"max-video-preview:-1"},"canonical":"https:\/\/www.naturparkmagazin.de\/nossentiner-schwinzer-heide\/vortrag-archaeologie-und-kraftorte-im-karower-meiler-am-23-2-2019\/","og_locale":"de_DE","og_type":"article","og_title":"Vortrag \"Arch\u00e4ologie und Kraftorte\" im Karower Meiler am 23.2.2019 - Naturpark Nossentiner\/Schwinzer Heide","og_description":"Steinkreise, exakt astronomisch ausgerichtete Bauwerke aus der Steinzeit, Orte, an denen man Kraft tanken kann &#8230; viele solcher Objekte geben uns heute noch R\u00e4tsel auf. Das Thema \u201eKraftorte\u201c wird gern als \u201eesoterisch\u201c bel\u00e4chelt. Antje Zimprich n\u00e4herte sich dieser Thematik aus Sicht der Arch\u00e4ologie. Die langj\u00e4hrige Grabungstechnikerin der R\u00f6misch-Germanischen-Kommission des Deutschen Arch\u00e4ologischen Institutes pr\u00e4sentiert in einem","og_url":"https:\/\/www.naturparkmagazin.de\/nossentiner-schwinzer-heide\/vortrag-archaeologie-und-kraftorte-im-karower-meiler-am-23-2-2019\/","og_site_name":"Naturpark Nossentiner\/Schwinzer Heide","article_published_time":"2019-01-16T10:48:20+00:00","article_modified_time":"2019-02-18T13:42:15+00:00","og_image":[{"width":3264,"height":2448,"url":"https:\/\/www.naturparkmagazin.de\/nossentiner-schwinzer-heide\/wp-content\/uploads\/sites\/28\/Arch\u00e4ologie-und-Kraftorte-Arlestena.jpg","type":"image\/jpeg"}],"author":"evelinkartheuser","twitter_misc":{"Verfasst von":"evelinkartheuser","Gesch\u00e4tzte Lesezeit":"1\u00a0Minute"},"schema":{"@context":"https:\/\/schema.org","@graph":[{"@type":"WebPage","@id":"https:\/\/www.naturparkmagazin.de\/nossentiner-schwinzer-heide\/vortrag-archaeologie-und-kraftorte-im-karower-meiler-am-23-2-2019\/","url":"https:\/\/www.naturparkmagazin.de\/nossentiner-schwinzer-heide\/vortrag-archaeologie-und-kraftorte-im-karower-meiler-am-23-2-2019\/","name":"Vortrag \"Arch\u00e4ologie und Kraftorte\" im Karower Meiler am 23.2.2019 - Naturpark Nossentiner\/Schwinzer Heide","isPartOf":{"@id":"https:\/\/www.naturparkmagazin.de\/nossentiner-schwinzer-heide\/#website"},"datePublished":"2019-01-16T10:48:20+00:00","dateModified":"2019-02-18T13:42:15+00:00","author":{"@id":"https:\/\/www.naturparkmagazin.de\/nossentiner-schwinzer-heide\/#\/schema\/person\/6e5721221b13b6f827e696f29ff18008"},"breadcrumb":{"@id":"https:\/\/www.naturparkmagazin.de\/nossentiner-schwinzer-heide\/vortrag-archaeologie-und-kraftorte-im-karower-meiler-am-23-2-2019\/#breadcrumb"},"inLanguage":"de","potentialAction":[{"@type":"ReadAction","target":["https:\/\/www.naturparkmagazin.de\/nossentiner-schwinzer-heide\/vortrag-archaeologie-und-kraftorte-im-karower-meiler-am-23-2-2019\/"]}]},{"@type":"BreadcrumbList","@id":"https:\/\/www.naturparkmagazin.de\/nossentiner-schwinzer-heide\/vortrag-archaeologie-und-kraftorte-im-karower-meiler-am-23-2-2019\/#breadcrumb","itemListElement":[{"@type":"ListItem","position":1,"name":"Home","item":"https:\/\/www.naturparkmagazin.de\/nossentiner-schwinzer-heide\/"},{"@type":"ListItem","position":2,"name":"Vortrag &#8222;Arch\u00e4ologie und Kraftorte&#8220; im Karower Meiler am 23.2.2019"}]},{"@type":"WebSite","@id":"https:\/\/www.naturparkmagazin.de\/nossentiner-schwinzer-heide\/#website","url":"https:\/\/www.naturparkmagazin.de\/nossentiner-schwinzer-heide\/","name":"Naturpark Nossentiner\/Schwinzer Heide","description":"","potentialAction":[{"@type":"SearchAction","target":{"@type":"EntryPoint","urlTemplate":"https:\/\/www.naturparkmagazin.de\/nossentiner-schwinzer-heide\/?s={search_term_string}"},"query-input":"required name=search_term_string"}],"inLanguage":"de"},{"@type":"Person","@id":"https:\/\/www.naturparkmagazin.de\/nossentiner-schwinzer-heide\/#\/schema\/person\/6e5721221b13b6f827e696f29ff18008","name":"evelinkartheuser","url":"https:\/\/www.naturparkmagazin.de\/nossentiner-schwinzer-heide\/author\/evelinkartheuser\/"}]}},"_links":{"self":[{"href":"https:\/\/www.naturparkmagazin.de\/nossentiner-schwinzer-heide\/wp-json\/wp\/v2\/posts\/2233"}],"collection":[{"href":"https:\/\/www.naturparkmagazin.de\/nossentiner-schwinzer-heide\/wp-json\/wp\/v2\/posts"}],"about":[{"href":"https:\/\/www.naturparkmagazin.de\/nossentiner-schwinzer-heide\/wp-json\/wp\/v2\/types\/post"}],"author":[{"embeddable":true,"href":"https:\/\/www.naturparkmagazin.de\/nossentiner-schwinzer-heide\/wp-json\/wp\/v2\/users\/84"}],"replies":[{"embeddable":true,"href":"https:\/\/www.naturparkmagazin.de\/nossentiner-schwinzer-heide\/wp-json\/wp\/v2\/comments?post=2233"}],"version-history":[{"count":5,"href":"https:\/\/www.naturparkmagazin.de\/nossentiner-schwinzer-heide\/wp-json\/wp\/v2\/posts\/2233\/revisions"}],"predecessor-version":[{"id":2270,"href":"https:\/\/www.naturparkmagazin.de\/nossentiner-schwinzer-heide\/wp-json\/wp\/v2\/posts\/2233\/revisions\/2270"}],"wp:featuredmedia":[{"embeddable":true,"href":"https:\/\/www.naturparkmagazin.de\/nossentiner-schwinzer-heide\/wp-json\/wp\/v2\/media\/2269"}],"wp:attachment":[{"href":"https:\/\/www.naturparkmagazin.de\/nossentiner-schwinzer-heide\/wp-json\/wp\/v2\/media?parent=2233"}],"wp:term":[{"taxonomy":"category","embeddable":true,"href":"https:\/\/www.naturparkmagazin.de\/nossentiner-schwinzer-heide\/wp-json\/wp\/v2\/categories?post=2233"},{"taxonomy":"post_tag","embeddable":true,"href":"https:\/\/www.naturparkmagazin.de\/nossentiner-schwinzer-heide\/wp-json\/wp\/v2\/tags?post=2233"}],"curies":[{"name":"wp","href":"https:\/\/api.w.org\/{rel}","templated":true}]}}