{"id":2253,"date":"2019-01-30T16:50:08","date_gmt":"2019-01-30T15:50:08","guid":{"rendered":"https:\/\/www.naturparkmagazin.de\/nossentiner-schwinzer-heide\/?p=2253"},"modified":"2019-01-30T16:50:08","modified_gmt":"2019-01-30T15:50:08","slug":"neue-ausstellung-artvielfalt-ausstellungseroeffnung-am-28-2-2019","status":"publish","type":"post","link":"https:\/\/www.naturparkmagazin.de\/nossentiner-schwinzer-heide\/neue-ausstellung-artvielfalt-ausstellungseroeffnung-am-28-2-2019\/","title":{"rendered":"Neue Ausstellung ART&amp;Vielfalt: Ausstellungser\u00f6ffnung am 28.2.2019"},"content":{"rendered":"<p><a href=\"https:\/\/www.naturparkmagazin.de\/nossentiner-schwinzer-heide\/wp-content\/uploads\/sites\/28\/Wald_RomyMerker.jpg\"><img decoding=\"async\" loading=\"lazy\" class=\"alignnone size-medium wp-image-2254\" src=\"https:\/\/www.naturparkmagazin.de\/nossentiner-schwinzer-heide\/wp-content\/uploads\/sites\/28\/Wald_RomyMerker-620x470.jpg\" alt=\"Wald_RomyMerker\" width=\"620\" height=\"470\" srcset=\"https:\/\/www.naturparkmagazin.de\/nossentiner-schwinzer-heide\/wp-content\/uploads\/sites\/28\/Wald_RomyMerker-620x470.jpg 620w, https:\/\/www.naturparkmagazin.de\/nossentiner-schwinzer-heide\/wp-content\/uploads\/sites\/28\/Wald_RomyMerker-300x228.jpg 300w, https:\/\/www.naturparkmagazin.de\/nossentiner-schwinzer-heide\/wp-content\/uploads\/sites\/28\/Wald_RomyMerker-940x713.jpg 940w, https:\/\/www.naturparkmagazin.de\/nossentiner-schwinzer-heide\/wp-content\/uploads\/sites\/28\/Wald_RomyMerker-180x135.jpg 180w, https:\/\/www.naturparkmagazin.de\/nossentiner-schwinzer-heide\/wp-content\/uploads\/sites\/28\/Wald_RomyMerker-95x71.jpg 95w, https:\/\/www.naturparkmagazin.de\/nossentiner-schwinzer-heide\/wp-content\/uploads\/sites\/28\/Wald_RomyMerker-670x508.jpg 670w, https:\/\/www.naturparkmagazin.de\/nossentiner-schwinzer-heide\/wp-content\/uploads\/sites\/28\/Wald_RomyMerker-200x152.jpg 200w, https:\/\/www.naturparkmagazin.de\/nossentiner-schwinzer-heide\/wp-content\/uploads\/sites\/28\/Wald_RomyMerker.jpg 1103w\" sizes=\"(max-width: 620px) 100vw, 620px\" \/><\/a><\/p>\n<p>Mit einer Ausstellung der Sch\u00fclerinnen und Sch\u00fcler des Eldenburg-Gymnasiums L\u00fcbz beginnt im Naturparkzentrum Karower Meiler die diesj\u00e4hrige Ausstellungs-Saison. Vielf\u00e4ltig wie die Natur \u2013 so pr\u00e4sentieren sich die Arbeiten aus dem Kunstunterricht und verschiedenen Projekten unter der Leitung von Kunstlehrerin Heike Lehmann. Neben Motiven von B\u00e4umen oder Tieren findet sich auch abstrakte Kunst.<\/p>\n<p>Die Ausstellungser\u00f6ffnung mit musikalischer Umrahmung findet am Donnerstag, 28.2.2019, um 14.30 Uhr im Karower Meiler statt. Hier werden auch einige angehende K\u00fcnstler anwesend sein. Die Ausstellung ist bis zum 12. Mai zu den \u00d6ffnungszeiten des Karower Meilers (Mo-Fr 10-16 Uhr, April t\u00e4glich 10-16 Uhr, Mai t\u00e4glich 10-17 Uhr) zu sehen. Lassen Sie sich entf\u00fchren in die Bilderwelten der Sch\u00fcler und Sch\u00fclerinnen und in ihre Vielfalt k\u00fcnstlerischer Ausdrucksm\u00f6glichkeiten.<\/p>\n<p><a href=\"https:\/\/www.naturparkmagazin.de\/nossentiner-schwinzer-heide\/wp-content\/uploads\/sites\/28\/kunterbunte-Tierwelt-Klasse-7.jpg\"><img decoding=\"async\" loading=\"lazy\" class=\"alignnone size-medium wp-image-2255\" src=\"https:\/\/www.naturparkmagazin.de\/nossentiner-schwinzer-heide\/wp-content\/uploads\/sites\/28\/kunterbunte-Tierwelt-Klasse-7-620x406.jpg\" alt=\"kunterbunte Tierwelt Klasse 7\" width=\"620\" height=\"406\" srcset=\"https:\/\/www.naturparkmagazin.de\/nossentiner-schwinzer-heide\/wp-content\/uploads\/sites\/28\/kunterbunte-Tierwelt-Klasse-7-620x406.jpg 620w, https:\/\/www.naturparkmagazin.de\/nossentiner-schwinzer-heide\/wp-content\/uploads\/sites\/28\/kunterbunte-Tierwelt-Klasse-7-300x196.jpg 300w, https:\/\/www.naturparkmagazin.de\/nossentiner-schwinzer-heide\/wp-content\/uploads\/sites\/28\/kunterbunte-Tierwelt-Klasse-7-940x615.jpg 940w, https:\/\/www.naturparkmagazin.de\/nossentiner-schwinzer-heide\/wp-content\/uploads\/sites\/28\/kunterbunte-Tierwelt-Klasse-7-670x439.jpg 670w, https:\/\/www.naturparkmagazin.de\/nossentiner-schwinzer-heide\/wp-content\/uploads\/sites\/28\/kunterbunte-Tierwelt-Klasse-7-200x131.jpg 200w\" sizes=\"(max-width: 620px) 100vw, 620px\" \/><\/a><\/p>\n<p>&nbsp;<\/p>\n","protected":false},"excerpt":{"rendered":"<p>Mit einer Ausstellung der Sch\u00fclerinnen und Sch\u00fcler des Eldenburg-Gymnasiums L\u00fcbz beginnt im Naturparkzentrum Karower Meiler die diesj\u00e4hrige Ausstellungs-Saison. Vielf\u00e4ltig wie die Natur \u2013 so pr\u00e4sentieren sich die Arbeiten aus dem Kunstunterricht und verschiedenen Projekten unter der Leitung von Kunstlehrerin Heike Lehmann. Neben Motiven von B\u00e4umen oder Tieren findet sich auch abstrakte Kunst. Die Ausstellungser\u00f6ffnung mit<\/p>\n","protected":false},"author":84,"featured_media":2255,"comment_status":"open","ping_status":"open","sticky":false,"template":"","format":"standard","meta":[],"categories":[11],"tags":[],"yoast_head":"<!-- This site is optimized with the Yoast SEO plugin v19.10 - https:\/\/yoast.com\/wordpress\/plugins\/seo\/ -->\n<title>Neue Ausstellung ART&amp;Vielfalt: Ausstellungser\u00f6ffnung am 28.2.2019 - Naturpark Nossentiner\/Schwinzer Heide<\/title>\n<meta name=\"robots\" content=\"index, follow, max-snippet:-1, max-image-preview:large, max-video-preview:-1\" \/>\n<link rel=\"canonical\" href=\"https:\/\/www.naturparkmagazin.de\/nossentiner-schwinzer-heide\/neue-ausstellung-artvielfalt-ausstellungseroeffnung-am-28-2-2019\/\" \/>\n<meta property=\"og:locale\" content=\"de_DE\" \/>\n<meta property=\"og:type\" content=\"article\" \/>\n<meta property=\"og:title\" content=\"Neue Ausstellung ART&amp;Vielfalt: Ausstellungser\u00f6ffnung am 28.2.2019 - Naturpark Nossentiner\/Schwinzer Heide\" \/>\n<meta property=\"og:description\" content=\"Mit einer Ausstellung der Sch\u00fclerinnen und Sch\u00fcler des Eldenburg-Gymnasiums L\u00fcbz beginnt im Naturparkzentrum Karower Meiler die diesj\u00e4hrige Ausstellungs-Saison. Vielf\u00e4ltig wie die Natur \u2013 so pr\u00e4sentieren sich die Arbeiten aus dem Kunstunterricht und verschiedenen Projekten unter der Leitung von Kunstlehrerin Heike Lehmann. Neben Motiven von B\u00e4umen oder Tieren findet sich auch abstrakte Kunst. Die Ausstellungser\u00f6ffnung mit\" \/>\n<meta property=\"og:url\" content=\"https:\/\/www.naturparkmagazin.de\/nossentiner-schwinzer-heide\/neue-ausstellung-artvielfalt-ausstellungseroeffnung-am-28-2-2019\/\" \/>\n<meta property=\"og:site_name\" content=\"Naturpark Nossentiner\/Schwinzer Heide\" \/>\n<meta property=\"article:published_time\" content=\"2019-01-30T15:50:08+00:00\" \/>\n<meta property=\"og:image\" content=\"https:\/\/www.naturparkmagazin.de\/nossentiner-schwinzer-heide\/wp-content\/uploads\/sites\/28\/kunterbunte-Tierwelt-Klasse-7.jpg\" \/>\n\t<meta property=\"og:image:width\" content=\"3282\" \/>\n\t<meta property=\"og:image:height\" content=\"2148\" \/>\n\t<meta property=\"og:image:type\" content=\"image\/jpeg\" \/>\n<meta name=\"author\" content=\"evelinkartheuser\" \/>\n<meta name=\"twitter:label1\" content=\"Verfasst von\" \/>\n\t<meta name=\"twitter:data1\" content=\"evelinkartheuser\" \/>\n\t<meta name=\"twitter:label2\" content=\"Gesch\u00e4tzte Lesezeit\" \/>\n\t<meta name=\"twitter:data2\" content=\"1\u00a0Minute\" \/>\n<script type=\"application\/ld+json\" class=\"yoast-schema-graph\">{\"@context\":\"https:\/\/schema.org\",\"@graph\":[{\"@type\":\"WebPage\",\"@id\":\"https:\/\/www.naturparkmagazin.de\/nossentiner-schwinzer-heide\/neue-ausstellung-artvielfalt-ausstellungseroeffnung-am-28-2-2019\/\",\"url\":\"https:\/\/www.naturparkmagazin.de\/nossentiner-schwinzer-heide\/neue-ausstellung-artvielfalt-ausstellungseroeffnung-am-28-2-2019\/\",\"name\":\"Neue Ausstellung ART&amp;Vielfalt: Ausstellungser\u00f6ffnung am 28.2.2019 - Naturpark Nossentiner\/Schwinzer Heide\",\"isPartOf\":{\"@id\":\"https:\/\/www.naturparkmagazin.de\/nossentiner-schwinzer-heide\/#website\"},\"datePublished\":\"2019-01-30T15:50:08+00:00\",\"dateModified\":\"2019-01-30T15:50:08+00:00\",\"author\":{\"@id\":\"https:\/\/www.naturparkmagazin.de\/nossentiner-schwinzer-heide\/#\/schema\/person\/6e5721221b13b6f827e696f29ff18008\"},\"breadcrumb\":{\"@id\":\"https:\/\/www.naturparkmagazin.de\/nossentiner-schwinzer-heide\/neue-ausstellung-artvielfalt-ausstellungseroeffnung-am-28-2-2019\/#breadcrumb\"},\"inLanguage\":\"de\",\"potentialAction\":[{\"@type\":\"ReadAction\",\"target\":[\"https:\/\/www.naturparkmagazin.de\/nossentiner-schwinzer-heide\/neue-ausstellung-artvielfalt-ausstellungseroeffnung-am-28-2-2019\/\"]}]},{\"@type\":\"BreadcrumbList\",\"@id\":\"https:\/\/www.naturparkmagazin.de\/nossentiner-schwinzer-heide\/neue-ausstellung-artvielfalt-ausstellungseroeffnung-am-28-2-2019\/#breadcrumb\",\"itemListElement\":[{\"@type\":\"ListItem\",\"position\":1,\"name\":\"Home\",\"item\":\"https:\/\/www.naturparkmagazin.de\/nossentiner-schwinzer-heide\/\"},{\"@type\":\"ListItem\",\"position\":2,\"name\":\"Neue Ausstellung ART&amp;Vielfalt: Ausstellungser\u00f6ffnung am 28.2.2019\"}]},{\"@type\":\"WebSite\",\"@id\":\"https:\/\/www.naturparkmagazin.de\/nossentiner-schwinzer-heide\/#website\",\"url\":\"https:\/\/www.naturparkmagazin.de\/nossentiner-schwinzer-heide\/\",\"name\":\"Naturpark Nossentiner\/Schwinzer Heide\",\"description\":\"\",\"potentialAction\":[{\"@type\":\"SearchAction\",\"target\":{\"@type\":\"EntryPoint\",\"urlTemplate\":\"https:\/\/www.naturparkmagazin.de\/nossentiner-schwinzer-heide\/?s={search_term_string}\"},\"query-input\":\"required name=search_term_string\"}],\"inLanguage\":\"de\"},{\"@type\":\"Person\",\"@id\":\"https:\/\/www.naturparkmagazin.de\/nossentiner-schwinzer-heide\/#\/schema\/person\/6e5721221b13b6f827e696f29ff18008\",\"name\":\"evelinkartheuser\",\"url\":\"https:\/\/www.naturparkmagazin.de\/nossentiner-schwinzer-heide\/author\/evelinkartheuser\/\"}]}<\/script>\n<!-- \/ Yoast SEO plugin. -->","yoast_head_json":{"title":"Neue Ausstellung ART&amp;Vielfalt: Ausstellungser\u00f6ffnung am 28.2.2019 - Naturpark Nossentiner\/Schwinzer Heide","robots":{"index":"index","follow":"follow","max-snippet":"max-snippet:-1","max-image-preview":"max-image-preview:large","max-video-preview":"max-video-preview:-1"},"canonical":"https:\/\/www.naturparkmagazin.de\/nossentiner-schwinzer-heide\/neue-ausstellung-artvielfalt-ausstellungseroeffnung-am-28-2-2019\/","og_locale":"de_DE","og_type":"article","og_title":"Neue Ausstellung ART&amp;Vielfalt: Ausstellungser\u00f6ffnung am 28.2.2019 - Naturpark Nossentiner\/Schwinzer Heide","og_description":"Mit einer Ausstellung der Sch\u00fclerinnen und Sch\u00fcler des Eldenburg-Gymnasiums L\u00fcbz beginnt im Naturparkzentrum Karower Meiler die diesj\u00e4hrige Ausstellungs-Saison. Vielf\u00e4ltig wie die Natur \u2013 so pr\u00e4sentieren sich die Arbeiten aus dem Kunstunterricht und verschiedenen Projekten unter der Leitung von Kunstlehrerin Heike Lehmann. Neben Motiven von B\u00e4umen oder Tieren findet sich auch abstrakte Kunst. Die Ausstellungser\u00f6ffnung mit","og_url":"https:\/\/www.naturparkmagazin.de\/nossentiner-schwinzer-heide\/neue-ausstellung-artvielfalt-ausstellungseroeffnung-am-28-2-2019\/","og_site_name":"Naturpark Nossentiner\/Schwinzer Heide","article_published_time":"2019-01-30T15:50:08+00:00","og_image":[{"width":3282,"height":2148,"url":"https:\/\/www.naturparkmagazin.de\/nossentiner-schwinzer-heide\/wp-content\/uploads\/sites\/28\/kunterbunte-Tierwelt-Klasse-7.jpg","type":"image\/jpeg"}],"author":"evelinkartheuser","twitter_misc":{"Verfasst von":"evelinkartheuser","Gesch\u00e4tzte Lesezeit":"1\u00a0Minute"},"schema":{"@context":"https:\/\/schema.org","@graph":[{"@type":"WebPage","@id":"https:\/\/www.naturparkmagazin.de\/nossentiner-schwinzer-heide\/neue-ausstellung-artvielfalt-ausstellungseroeffnung-am-28-2-2019\/","url":"https:\/\/www.naturparkmagazin.de\/nossentiner-schwinzer-heide\/neue-ausstellung-artvielfalt-ausstellungseroeffnung-am-28-2-2019\/","name":"Neue Ausstellung ART&amp;Vielfalt: Ausstellungser\u00f6ffnung am 28.2.2019 - Naturpark Nossentiner\/Schwinzer Heide","isPartOf":{"@id":"https:\/\/www.naturparkmagazin.de\/nossentiner-schwinzer-heide\/#website"},"datePublished":"2019-01-30T15:50:08+00:00","dateModified":"2019-01-30T15:50:08+00:00","author":{"@id":"https:\/\/www.naturparkmagazin.de\/nossentiner-schwinzer-heide\/#\/schema\/person\/6e5721221b13b6f827e696f29ff18008"},"breadcrumb":{"@id":"https:\/\/www.naturparkmagazin.de\/nossentiner-schwinzer-heide\/neue-ausstellung-artvielfalt-ausstellungseroeffnung-am-28-2-2019\/#breadcrumb"},"inLanguage":"de","potentialAction":[{"@type":"ReadAction","target":["https:\/\/www.naturparkmagazin.de\/nossentiner-schwinzer-heide\/neue-ausstellung-artvielfalt-ausstellungseroeffnung-am-28-2-2019\/"]}]},{"@type":"BreadcrumbList","@id":"https:\/\/www.naturparkmagazin.de\/nossentiner-schwinzer-heide\/neue-ausstellung-artvielfalt-ausstellungseroeffnung-am-28-2-2019\/#breadcrumb","itemListElement":[{"@type":"ListItem","position":1,"name":"Home","item":"https:\/\/www.naturparkmagazin.de\/nossentiner-schwinzer-heide\/"},{"@type":"ListItem","position":2,"name":"Neue Ausstellung ART&amp;Vielfalt: Ausstellungser\u00f6ffnung am 28.2.2019"}]},{"@type":"WebSite","@id":"https:\/\/www.naturparkmagazin.de\/nossentiner-schwinzer-heide\/#website","url":"https:\/\/www.naturparkmagazin.de\/nossentiner-schwinzer-heide\/","name":"Naturpark Nossentiner\/Schwinzer Heide","description":"","potentialAction":[{"@type":"SearchAction","target":{"@type":"EntryPoint","urlTemplate":"https:\/\/www.naturparkmagazin.de\/nossentiner-schwinzer-heide\/?s={search_term_string}"},"query-input":"required name=search_term_string"}],"inLanguage":"de"},{"@type":"Person","@id":"https:\/\/www.naturparkmagazin.de\/nossentiner-schwinzer-heide\/#\/schema\/person\/6e5721221b13b6f827e696f29ff18008","name":"evelinkartheuser","url":"https:\/\/www.naturparkmagazin.de\/nossentiner-schwinzer-heide\/author\/evelinkartheuser\/"}]}},"_links":{"self":[{"href":"https:\/\/www.naturparkmagazin.de\/nossentiner-schwinzer-heide\/wp-json\/wp\/v2\/posts\/2253"}],"collection":[{"href":"https:\/\/www.naturparkmagazin.de\/nossentiner-schwinzer-heide\/wp-json\/wp\/v2\/posts"}],"about":[{"href":"https:\/\/www.naturparkmagazin.de\/nossentiner-schwinzer-heide\/wp-json\/wp\/v2\/types\/post"}],"author":[{"embeddable":true,"href":"https:\/\/www.naturparkmagazin.de\/nossentiner-schwinzer-heide\/wp-json\/wp\/v2\/users\/84"}],"replies":[{"embeddable":true,"href":"https:\/\/www.naturparkmagazin.de\/nossentiner-schwinzer-heide\/wp-json\/wp\/v2\/comments?post=2253"}],"version-history":[{"count":4,"href":"https:\/\/www.naturparkmagazin.de\/nossentiner-schwinzer-heide\/wp-json\/wp\/v2\/posts\/2253\/revisions"}],"predecessor-version":[{"id":2264,"href":"https:\/\/www.naturparkmagazin.de\/nossentiner-schwinzer-heide\/wp-json\/wp\/v2\/posts\/2253\/revisions\/2264"}],"wp:featuredmedia":[{"embeddable":true,"href":"https:\/\/www.naturparkmagazin.de\/nossentiner-schwinzer-heide\/wp-json\/wp\/v2\/media\/2255"}],"wp:attachment":[{"href":"https:\/\/www.naturparkmagazin.de\/nossentiner-schwinzer-heide\/wp-json\/wp\/v2\/media?parent=2253"}],"wp:term":[{"taxonomy":"category","embeddable":true,"href":"https:\/\/www.naturparkmagazin.de\/nossentiner-schwinzer-heide\/wp-json\/wp\/v2\/categories?post=2253"},{"taxonomy":"post_tag","embeddable":true,"href":"https:\/\/www.naturparkmagazin.de\/nossentiner-schwinzer-heide\/wp-json\/wp\/v2\/tags?post=2253"}],"curies":[{"name":"wp","href":"https:\/\/api.w.org\/{rel}","templated":true}]}}