{"id":2274,"date":"2019-02-18T10:41:09","date_gmt":"2019-02-18T09:41:09","guid":{"rendered":"https:\/\/www.naturparkmagazin.de\/nossentiner-schwinzer-heide\/?p=2274"},"modified":"2019-03-06T12:57:46","modified_gmt":"2019-03-06T11:57:46","slug":"foto-workshop-fruehlingslicht-im-naturpark-am-13-14-april-2019","status":"publish","type":"post","link":"https:\/\/www.naturparkmagazin.de\/nossentiner-schwinzer-heide\/foto-workshop-fruehlingslicht-im-naturpark-am-13-14-april-2019\/","title":{"rendered":"Foto-Workshop &#8222;Fr\u00fchlingslicht im Naturpark&#8220; am 13.\/14. April 2019"},"content":{"rendered":"<p align=\"LEFT\">Gerade in Mecklenburg-Vorpommern gibt es urspr\u00fcngliche Sch\u00f6nheiten in der Natur, die sonst nur noch schwer zu finden sind. Die Linien und Formen der Landschaft mit ihren alten Eichen, stillen W\u00e4ldern und klaren Seen sind au\u00dfergew\u00f6hnliche Fotomotive. Ausdrucksstarke Motive zu finden und sie dann ins richtige Licht zu setzen, sind die Voraussetzungen f\u00fcr interessante und ber\u00fchrende Bilder.<\/p>\n<p align=\"LEFT\">Sie lernen, wie Sie durch Bildgestaltung und die richtige Vorauswahl an Ihrer Kamera k\u00fcnstlerische Akzente in der Naturfotografie setzen k\u00f6nnen. Ziel ist es, eine eigene individuelle Sichtweise und fotografische Handschrift zu entwickeln. Anschlie\u00dfend werden die entstandenen Bilder am Rechner gemeinsam gesichtet und ausgewertet. F\u00fcnf besonders gelungene Bilder von jedem Teilnehmer werden im Adobe Lightroom-Programm bearbeitet und in einer abschlie\u00dfenden Dia-Show pr\u00e4sentiert.<\/p>\n<p align=\"LEFT\">Dauer der Veranstaltung: 2 Tage, davon 6 Stunden Fototour im Naturpark<\/p>\n<p>Weitere Infos: www.monikalawrenz.de<\/p>\n<p>Anmeldungen: fotografie@monikalawrenz.de oder: Tel. 0178 47 222 95<\/p>\n<div id=\"attachment_2276\" style=\"width: 630px\" class=\"wp-caption alignnone\"><a href=\"https:\/\/www.naturparkmagazin.de\/nossentiner-schwinzer-heide\/wp-content\/uploads\/sites\/28\/Wald-am-Langhagensee-FotoMonikaLawrenz_klein.jpg\"><img aria-describedby=\"caption-attachment-2276\" decoding=\"async\" loading=\"lazy\" class=\"wp-image-2276 size-medium\" src=\"https:\/\/www.naturparkmagazin.de\/nossentiner-schwinzer-heide\/wp-content\/uploads\/sites\/28\/Wald-am-Langhagensee-FotoMonikaLawrenz_klein-620x412.jpg\" alt=\"Wald am Langhagensee-FotoMonikaLawrenz_klein\" width=\"620\" height=\"412\" srcset=\"https:\/\/www.naturparkmagazin.de\/nossentiner-schwinzer-heide\/wp-content\/uploads\/sites\/28\/Wald-am-Langhagensee-FotoMonikaLawrenz_klein-620x412.jpg 620w, https:\/\/www.naturparkmagazin.de\/nossentiner-schwinzer-heide\/wp-content\/uploads\/sites\/28\/Wald-am-Langhagensee-FotoMonikaLawrenz_klein-300x199.jpg 300w, https:\/\/www.naturparkmagazin.de\/nossentiner-schwinzer-heide\/wp-content\/uploads\/sites\/28\/Wald-am-Langhagensee-FotoMonikaLawrenz_klein-940x625.jpg 940w, https:\/\/www.naturparkmagazin.de\/nossentiner-schwinzer-heide\/wp-content\/uploads\/sites\/28\/Wald-am-Langhagensee-FotoMonikaLawrenz_klein-670x445.jpg 670w, https:\/\/www.naturparkmagazin.de\/nossentiner-schwinzer-heide\/wp-content\/uploads\/sites\/28\/Wald-am-Langhagensee-FotoMonikaLawrenz_klein-200x133.jpg 200w, https:\/\/www.naturparkmagazin.de\/nossentiner-schwinzer-heide\/wp-content\/uploads\/sites\/28\/Wald-am-Langhagensee-FotoMonikaLawrenz_klein.jpg 1280w\" sizes=\"(max-width: 620px) 100vw, 620px\" \/><\/a><p id=\"caption-attachment-2276\" class=\"wp-caption-text\">Wald am Langhagensee. Foto: Monika Lawrenz<\/p><\/div>\n<p align=\"LEFT\"><a href=\"https:\/\/www.naturparkmagazin.de\/nossentiner-schwinzer-heide\/wp-content\/uploads\/sites\/28\/Ank\u00fcndigung-Fotoworkshop1.png\"><img decoding=\"async\" loading=\"lazy\" class=\"alignnone size-medium wp-image-2275\" src=\"https:\/\/www.naturparkmagazin.de\/nossentiner-schwinzer-heide\/wp-content\/uploads\/sites\/28\/Ank\u00fcndigung-Fotoworkshop1-620x310.png\" alt=\"Ank\u00fcndigung Fotoworkshop1\" width=\"620\" height=\"310\" srcset=\"https:\/\/www.naturparkmagazin.de\/nossentiner-schwinzer-heide\/wp-content\/uploads\/sites\/28\/Ank\u00fcndigung-Fotoworkshop1-620x310.png 620w, https:\/\/www.naturparkmagazin.de\/nossentiner-schwinzer-heide\/wp-content\/uploads\/sites\/28\/Ank\u00fcndigung-Fotoworkshop1-300x150.png 300w, https:\/\/www.naturparkmagazin.de\/nossentiner-schwinzer-heide\/wp-content\/uploads\/sites\/28\/Ank\u00fcndigung-Fotoworkshop1-940x470.png 940w, https:\/\/www.naturparkmagazin.de\/nossentiner-schwinzer-heide\/wp-content\/uploads\/sites\/28\/Ank\u00fcndigung-Fotoworkshop1-670x335.png 670w, https:\/\/www.naturparkmagazin.de\/nossentiner-schwinzer-heide\/wp-content\/uploads\/sites\/28\/Ank\u00fcndigung-Fotoworkshop1-200x100.png 200w, https:\/\/www.naturparkmagazin.de\/nossentiner-schwinzer-heide\/wp-content\/uploads\/sites\/28\/Ank\u00fcndigung-Fotoworkshop1.png 1148w\" sizes=\"(max-width: 620px) 100vw, 620px\" \/><\/a><\/p>\n<p align=\"LEFT\">\n","protected":false},"excerpt":{"rendered":"<p>Gerade in Mecklenburg-Vorpommern gibt es urspr\u00fcngliche Sch\u00f6nheiten in der Natur, die sonst nur noch schwer zu finden sind. Die Linien und Formen der Landschaft mit ihren alten Eichen, stillen W\u00e4ldern und klaren Seen sind au\u00dfergew\u00f6hnliche Fotomotive. Ausdrucksstarke Motive zu finden und sie dann ins richtige Licht zu setzen, sind die Voraussetzungen f\u00fcr interessante und ber\u00fchrende<\/p>\n","protected":false},"author":84,"featured_media":2276,"comment_status":"open","ping_status":"open","sticky":false,"template":"","format":"standard","meta":[],"categories":[11],"tags":[],"yoast_head":"<!-- This site is optimized with the Yoast SEO plugin v19.10 - https:\/\/yoast.com\/wordpress\/plugins\/seo\/ -->\n<title>Foto-Workshop &quot;Fr\u00fchlingslicht im Naturpark&quot; am 13.\/14. April 2019 - Naturpark Nossentiner\/Schwinzer Heide<\/title>\n<meta name=\"robots\" content=\"index, follow, max-snippet:-1, max-image-preview:large, max-video-preview:-1\" \/>\n<link rel=\"canonical\" href=\"https:\/\/www.naturparkmagazin.de\/nossentiner-schwinzer-heide\/foto-workshop-fruehlingslicht-im-naturpark-am-13-14-april-2019\/\" \/>\n<meta property=\"og:locale\" content=\"de_DE\" \/>\n<meta property=\"og:type\" content=\"article\" \/>\n<meta property=\"og:title\" content=\"Foto-Workshop &quot;Fr\u00fchlingslicht im Naturpark&quot; am 13.\/14. April 2019 - Naturpark Nossentiner\/Schwinzer Heide\" \/>\n<meta property=\"og:description\" content=\"Gerade in Mecklenburg-Vorpommern gibt es urspr\u00fcngliche Sch\u00f6nheiten in der Natur, die sonst nur noch schwer zu finden sind. Die Linien und Formen der Landschaft mit ihren alten Eichen, stillen W\u00e4ldern und klaren Seen sind au\u00dfergew\u00f6hnliche Fotomotive. Ausdrucksstarke Motive zu finden und sie dann ins richtige Licht zu setzen, sind die Voraussetzungen f\u00fcr interessante und ber\u00fchrende\" \/>\n<meta property=\"og:url\" content=\"https:\/\/www.naturparkmagazin.de\/nossentiner-schwinzer-heide\/foto-workshop-fruehlingslicht-im-naturpark-am-13-14-april-2019\/\" \/>\n<meta property=\"og:site_name\" content=\"Naturpark Nossentiner\/Schwinzer Heide\" \/>\n<meta property=\"article:published_time\" content=\"2019-02-18T09:41:09+00:00\" \/>\n<meta property=\"article:modified_time\" content=\"2019-03-06T11:57:46+00:00\" \/>\n<meta property=\"og:image\" content=\"https:\/\/www.naturparkmagazin.de\/nossentiner-schwinzer-heide\/wp-content\/uploads\/sites\/28\/Wald-am-Langhagensee-FotoMonikaLawrenz_klein.jpg\" \/>\n\t<meta property=\"og:image:width\" content=\"1280\" \/>\n\t<meta property=\"og:image:height\" content=\"851\" \/>\n\t<meta property=\"og:image:type\" content=\"image\/jpeg\" \/>\n<meta name=\"author\" content=\"evelinkartheuser\" \/>\n<meta name=\"twitter:label1\" content=\"Verfasst von\" \/>\n\t<meta name=\"twitter:data1\" content=\"evelinkartheuser\" \/>\n\t<meta name=\"twitter:label2\" content=\"Gesch\u00e4tzte Lesezeit\" \/>\n\t<meta name=\"twitter:data2\" content=\"1\u00a0Minute\" \/>\n<script type=\"application\/ld+json\" class=\"yoast-schema-graph\">{\"@context\":\"https:\/\/schema.org\",\"@graph\":[{\"@type\":\"WebPage\",\"@id\":\"https:\/\/www.naturparkmagazin.de\/nossentiner-schwinzer-heide\/foto-workshop-fruehlingslicht-im-naturpark-am-13-14-april-2019\/\",\"url\":\"https:\/\/www.naturparkmagazin.de\/nossentiner-schwinzer-heide\/foto-workshop-fruehlingslicht-im-naturpark-am-13-14-april-2019\/\",\"name\":\"Foto-Workshop \\\"Fr\u00fchlingslicht im Naturpark\\\" am 13.\/14. April 2019 - Naturpark Nossentiner\/Schwinzer Heide\",\"isPartOf\":{\"@id\":\"https:\/\/www.naturparkmagazin.de\/nossentiner-schwinzer-heide\/#website\"},\"datePublished\":\"2019-02-18T09:41:09+00:00\",\"dateModified\":\"2019-03-06T11:57:46+00:00\",\"author\":{\"@id\":\"https:\/\/www.naturparkmagazin.de\/nossentiner-schwinzer-heide\/#\/schema\/person\/6e5721221b13b6f827e696f29ff18008\"},\"breadcrumb\":{\"@id\":\"https:\/\/www.naturparkmagazin.de\/nossentiner-schwinzer-heide\/foto-workshop-fruehlingslicht-im-naturpark-am-13-14-april-2019\/#breadcrumb\"},\"inLanguage\":\"de\",\"potentialAction\":[{\"@type\":\"ReadAction\",\"target\":[\"https:\/\/www.naturparkmagazin.de\/nossentiner-schwinzer-heide\/foto-workshop-fruehlingslicht-im-naturpark-am-13-14-april-2019\/\"]}]},{\"@type\":\"BreadcrumbList\",\"@id\":\"https:\/\/www.naturparkmagazin.de\/nossentiner-schwinzer-heide\/foto-workshop-fruehlingslicht-im-naturpark-am-13-14-april-2019\/#breadcrumb\",\"itemListElement\":[{\"@type\":\"ListItem\",\"position\":1,\"name\":\"Home\",\"item\":\"https:\/\/www.naturparkmagazin.de\/nossentiner-schwinzer-heide\/\"},{\"@type\":\"ListItem\",\"position\":2,\"name\":\"Foto-Workshop &#8222;Fr\u00fchlingslicht im Naturpark&#8220; am 13.\/14. April 2019\"}]},{\"@type\":\"WebSite\",\"@id\":\"https:\/\/www.naturparkmagazin.de\/nossentiner-schwinzer-heide\/#website\",\"url\":\"https:\/\/www.naturparkmagazin.de\/nossentiner-schwinzer-heide\/\",\"name\":\"Naturpark Nossentiner\/Schwinzer Heide\",\"description\":\"\",\"potentialAction\":[{\"@type\":\"SearchAction\",\"target\":{\"@type\":\"EntryPoint\",\"urlTemplate\":\"https:\/\/www.naturparkmagazin.de\/nossentiner-schwinzer-heide\/?s={search_term_string}\"},\"query-input\":\"required name=search_term_string\"}],\"inLanguage\":\"de\"},{\"@type\":\"Person\",\"@id\":\"https:\/\/www.naturparkmagazin.de\/nossentiner-schwinzer-heide\/#\/schema\/person\/6e5721221b13b6f827e696f29ff18008\",\"name\":\"evelinkartheuser\",\"url\":\"https:\/\/www.naturparkmagazin.de\/nossentiner-schwinzer-heide\/author\/evelinkartheuser\/\"}]}<\/script>\n<!-- \/ Yoast SEO plugin. -->","yoast_head_json":{"title":"Foto-Workshop \"Fr\u00fchlingslicht im Naturpark\" am 13.\/14. April 2019 - Naturpark Nossentiner\/Schwinzer Heide","robots":{"index":"index","follow":"follow","max-snippet":"max-snippet:-1","max-image-preview":"max-image-preview:large","max-video-preview":"max-video-preview:-1"},"canonical":"https:\/\/www.naturparkmagazin.de\/nossentiner-schwinzer-heide\/foto-workshop-fruehlingslicht-im-naturpark-am-13-14-april-2019\/","og_locale":"de_DE","og_type":"article","og_title":"Foto-Workshop \"Fr\u00fchlingslicht im Naturpark\" am 13.\/14. April 2019 - Naturpark Nossentiner\/Schwinzer Heide","og_description":"Gerade in Mecklenburg-Vorpommern gibt es urspr\u00fcngliche Sch\u00f6nheiten in der Natur, die sonst nur noch schwer zu finden sind. Die Linien und Formen der Landschaft mit ihren alten Eichen, stillen W\u00e4ldern und klaren Seen sind au\u00dfergew\u00f6hnliche Fotomotive. Ausdrucksstarke Motive zu finden und sie dann ins richtige Licht zu setzen, sind die Voraussetzungen f\u00fcr interessante und ber\u00fchrende","og_url":"https:\/\/www.naturparkmagazin.de\/nossentiner-schwinzer-heide\/foto-workshop-fruehlingslicht-im-naturpark-am-13-14-april-2019\/","og_site_name":"Naturpark Nossentiner\/Schwinzer Heide","article_published_time":"2019-02-18T09:41:09+00:00","article_modified_time":"2019-03-06T11:57:46+00:00","og_image":[{"width":1280,"height":851,"url":"https:\/\/www.naturparkmagazin.de\/nossentiner-schwinzer-heide\/wp-content\/uploads\/sites\/28\/Wald-am-Langhagensee-FotoMonikaLawrenz_klein.jpg","type":"image\/jpeg"}],"author":"evelinkartheuser","twitter_misc":{"Verfasst von":"evelinkartheuser","Gesch\u00e4tzte Lesezeit":"1\u00a0Minute"},"schema":{"@context":"https:\/\/schema.org","@graph":[{"@type":"WebPage","@id":"https:\/\/www.naturparkmagazin.de\/nossentiner-schwinzer-heide\/foto-workshop-fruehlingslicht-im-naturpark-am-13-14-april-2019\/","url":"https:\/\/www.naturparkmagazin.de\/nossentiner-schwinzer-heide\/foto-workshop-fruehlingslicht-im-naturpark-am-13-14-april-2019\/","name":"Foto-Workshop \"Fr\u00fchlingslicht im Naturpark\" am 13.\/14. April 2019 - Naturpark Nossentiner\/Schwinzer Heide","isPartOf":{"@id":"https:\/\/www.naturparkmagazin.de\/nossentiner-schwinzer-heide\/#website"},"datePublished":"2019-02-18T09:41:09+00:00","dateModified":"2019-03-06T11:57:46+00:00","author":{"@id":"https:\/\/www.naturparkmagazin.de\/nossentiner-schwinzer-heide\/#\/schema\/person\/6e5721221b13b6f827e696f29ff18008"},"breadcrumb":{"@id":"https:\/\/www.naturparkmagazin.de\/nossentiner-schwinzer-heide\/foto-workshop-fruehlingslicht-im-naturpark-am-13-14-april-2019\/#breadcrumb"},"inLanguage":"de","potentialAction":[{"@type":"ReadAction","target":["https:\/\/www.naturparkmagazin.de\/nossentiner-schwinzer-heide\/foto-workshop-fruehlingslicht-im-naturpark-am-13-14-april-2019\/"]}]},{"@type":"BreadcrumbList","@id":"https:\/\/www.naturparkmagazin.de\/nossentiner-schwinzer-heide\/foto-workshop-fruehlingslicht-im-naturpark-am-13-14-april-2019\/#breadcrumb","itemListElement":[{"@type":"ListItem","position":1,"name":"Home","item":"https:\/\/www.naturparkmagazin.de\/nossentiner-schwinzer-heide\/"},{"@type":"ListItem","position":2,"name":"Foto-Workshop &#8222;Fr\u00fchlingslicht im Naturpark&#8220; am 13.\/14. April 2019"}]},{"@type":"WebSite","@id":"https:\/\/www.naturparkmagazin.de\/nossentiner-schwinzer-heide\/#website","url":"https:\/\/www.naturparkmagazin.de\/nossentiner-schwinzer-heide\/","name":"Naturpark Nossentiner\/Schwinzer Heide","description":"","potentialAction":[{"@type":"SearchAction","target":{"@type":"EntryPoint","urlTemplate":"https:\/\/www.naturparkmagazin.de\/nossentiner-schwinzer-heide\/?s={search_term_string}"},"query-input":"required name=search_term_string"}],"inLanguage":"de"},{"@type":"Person","@id":"https:\/\/www.naturparkmagazin.de\/nossentiner-schwinzer-heide\/#\/schema\/person\/6e5721221b13b6f827e696f29ff18008","name":"evelinkartheuser","url":"https:\/\/www.naturparkmagazin.de\/nossentiner-schwinzer-heide\/author\/evelinkartheuser\/"}]}},"_links":{"self":[{"href":"https:\/\/www.naturparkmagazin.de\/nossentiner-schwinzer-heide\/wp-json\/wp\/v2\/posts\/2274"}],"collection":[{"href":"https:\/\/www.naturparkmagazin.de\/nossentiner-schwinzer-heide\/wp-json\/wp\/v2\/posts"}],"about":[{"href":"https:\/\/www.naturparkmagazin.de\/nossentiner-schwinzer-heide\/wp-json\/wp\/v2\/types\/post"}],"author":[{"embeddable":true,"href":"https:\/\/www.naturparkmagazin.de\/nossentiner-schwinzer-heide\/wp-json\/wp\/v2\/users\/84"}],"replies":[{"embeddable":true,"href":"https:\/\/www.naturparkmagazin.de\/nossentiner-schwinzer-heide\/wp-json\/wp\/v2\/comments?post=2274"}],"version-history":[{"count":3,"href":"https:\/\/www.naturparkmagazin.de\/nossentiner-schwinzer-heide\/wp-json\/wp\/v2\/posts\/2274\/revisions"}],"predecessor-version":[{"id":2279,"href":"https:\/\/www.naturparkmagazin.de\/nossentiner-schwinzer-heide\/wp-json\/wp\/v2\/posts\/2274\/revisions\/2279"}],"wp:featuredmedia":[{"embeddable":true,"href":"https:\/\/www.naturparkmagazin.de\/nossentiner-schwinzer-heide\/wp-json\/wp\/v2\/media\/2276"}],"wp:attachment":[{"href":"https:\/\/www.naturparkmagazin.de\/nossentiner-schwinzer-heide\/wp-json\/wp\/v2\/media?parent=2274"}],"wp:term":[{"taxonomy":"category","embeddable":true,"href":"https:\/\/www.naturparkmagazin.de\/nossentiner-schwinzer-heide\/wp-json\/wp\/v2\/categories?post=2274"},{"taxonomy":"post_tag","embeddable":true,"href":"https:\/\/www.naturparkmagazin.de\/nossentiner-schwinzer-heide\/wp-json\/wp\/v2\/tags?post=2274"}],"curies":[{"name":"wp","href":"https:\/\/api.w.org\/{rel}","templated":true}]}}