{"id":2288,"date":"2019-02-13T16:43:37","date_gmt":"2019-02-13T15:43:37","guid":{"rendered":"https:\/\/www.naturparkmagazin.de\/nossentiner-schwinzer-heide\/?p=2288"},"modified":"2019-03-06T12:55:36","modified_gmt":"2019-03-06T11:55:36","slug":"neuseeland-per-rad-vortrag-von-thomas-fitzke-am-13-3-2019","status":"publish","type":"post","link":"https:\/\/www.naturparkmagazin.de\/nossentiner-schwinzer-heide\/neuseeland-per-rad-vortrag-von-thomas-fitzke-am-13-3-2019\/","title":{"rendered":"Neuseeland per Rad &#8211; Vortrag von Thomas Fitzke am 13.3.2019"},"content":{"rendered":"<p><strong>Neuseeland per Rad \u2013 8.000 km durch das Land der gro\u00dfen wei\u00dfen Wolke<\/strong><\/p>\n<p>Ein hei\u00dfer Nachmittag auf dem Highway No.3 irgendwo im nirgendwo zwischen New Plymouth und Whanganui auf der Nordinsel, es ist der 25. Dezember 2012. Nur alle paar Minuten f\u00e4hrt an diesem Nachmittag ein Auto an mir vorbei, ich genie\u00dfe die Ruhe und Weite der d\u00fcnn besiedelten Landschaft am Fu\u00dfe des majest\u00e4tischen Vulkans Taranaki. Das Radfahren geht an solchen Tagen fast wie von selbst und wird zur Nebensache, das Landschaftserleben beherrscht meine Wahrnehmung und Gedanken. Pl\u00f6tzlich h\u00e4lt ein ganzes St\u00fcck vor mir ein PKW am Stra\u00dfenrand. Zwei Frauen, Mutter und Tochter, springen heraus und holen aus dem Kofferraum ein paar Dinge, die ich noch nicht erkennen kann. Als ich das Auto erreicht habe, werde ich freundlich und bestimmt zu Kaffee und Kuchen auf dem Highway No.3 eingeladen\u2026 K\u00f6nnen Sie sich \u00e4hnliches auf der B 192 zwischen Waren und Neubrandenburg vorstellen? Radreisen ist ein St\u00fcck Lebensphilosophie, und als Radreisender lebt und philosophiert es sich in Neuseeland hervorragend.<\/p>\n<p><a href=\"https:\/\/www.naturparkmagazin.de\/nossentiner-schwinzer-heide\/wp-content\/uploads\/sites\/28\/Pazifik-und-die-schneebedeckten-Berge-der-Seaward-Kaikoura-Range_Foto_Thomas-Fitzke_mini.jpg\"><img decoding=\"async\" loading=\"lazy\" class=\"alignnone  wp-image-2290\" src=\"https:\/\/www.naturparkmagazin.de\/nossentiner-schwinzer-heide\/wp-content\/uploads\/sites\/28\/Pazifik-und-die-schneebedeckten-Berge-der-Seaward-Kaikoura-Range_Foto_Thomas-Fitzke_mini-620x412.jpg\" alt=\"Pazifik und die schneebedeckten Berge der Seaward Kaikoura Range_Foto_Thomas Fitzke_mini\" width=\"622\" height=\"414\" srcset=\"https:\/\/www.naturparkmagazin.de\/nossentiner-schwinzer-heide\/wp-content\/uploads\/sites\/28\/Pazifik-und-die-schneebedeckten-Berge-der-Seaward-Kaikoura-Range_Foto_Thomas-Fitzke_mini-620x412.jpg 620w, https:\/\/www.naturparkmagazin.de\/nossentiner-schwinzer-heide\/wp-content\/uploads\/sites\/28\/Pazifik-und-die-schneebedeckten-Berge-der-Seaward-Kaikoura-Range_Foto_Thomas-Fitzke_mini-300x199.jpg 300w, https:\/\/www.naturparkmagazin.de\/nossentiner-schwinzer-heide\/wp-content\/uploads\/sites\/28\/Pazifik-und-die-schneebedeckten-Berge-der-Seaward-Kaikoura-Range_Foto_Thomas-Fitzke_mini-940x624.jpg 940w, https:\/\/www.naturparkmagazin.de\/nossentiner-schwinzer-heide\/wp-content\/uploads\/sites\/28\/Pazifik-und-die-schneebedeckten-Berge-der-Seaward-Kaikoura-Range_Foto_Thomas-Fitzke_mini-670x445.jpg 670w, https:\/\/www.naturparkmagazin.de\/nossentiner-schwinzer-heide\/wp-content\/uploads\/sites\/28\/Pazifik-und-die-schneebedeckten-Berge-der-Seaward-Kaikoura-Range_Foto_Thomas-Fitzke_mini-200x133.jpg 200w, https:\/\/www.naturparkmagazin.de\/nossentiner-schwinzer-heide\/wp-content\/uploads\/sites\/28\/Pazifik-und-die-schneebedeckten-Berge-der-Seaward-Kaikoura-Range_Foto_Thomas-Fitzke_mini.jpg 1024w\" sizes=\"(max-width: 622px) 100vw, 622px\" \/><\/a><\/p>\n<p>\u00dcber 8.000 km radelte Thomas Fitzke in sechs Monaten durch Neuseeland. Am Mittwoch, 13.3., nimmt er Sie in seinem Vortrag mit auf eine Reise zu den faszinierenden Landschaften Neuseelands, aber auch zu den ber\u00fchrenden menschlichen Begegnungen auf und abseits der Stra\u00dfe. Der Vortrag beginnt um 19 Uhr und findet im Naturparkzentrum Karower Meiler im Naturpark Nossentiner\/Schwinzer Heide statt.<\/p>\n<p><a href=\"https:\/\/www.naturparkmagazin.de\/nossentiner-schwinzer-heide\/wp-content\/uploads\/sites\/28\/Am-Highway-No.1-auf-Neseelands-S\u00fcdinsel_Foto_Thomas-Fitzk_cu2t.jpg\"><img decoding=\"async\" loading=\"lazy\" class=\"alignnone size-medium wp-image-2289\" src=\"https:\/\/www.naturparkmagazin.de\/nossentiner-schwinzer-heide\/wp-content\/uploads\/sites\/28\/Am-Highway-No.1-auf-Neseelands-S\u00fcdinsel_Foto_Thomas-Fitzk_cu2t-620x469.jpg\" alt=\"Am Highway No.1 auf Neseelands S\u00fcdinsel_Foto_Thomas Fitzk_cu2t\" width=\"620\" height=\"469\" srcset=\"https:\/\/www.naturparkmagazin.de\/nossentiner-schwinzer-heide\/wp-content\/uploads\/sites\/28\/Am-Highway-No.1-auf-Neseelands-S\u00fcdinsel_Foto_Thomas-Fitzk_cu2t-620x469.jpg 620w, https:\/\/www.naturparkmagazin.de\/nossentiner-schwinzer-heide\/wp-content\/uploads\/sites\/28\/Am-Highway-No.1-auf-Neseelands-S\u00fcdinsel_Foto_Thomas-Fitzk_cu2t-300x227.jpg 300w, https:\/\/www.naturparkmagazin.de\/nossentiner-schwinzer-heide\/wp-content\/uploads\/sites\/28\/Am-Highway-No.1-auf-Neseelands-S\u00fcdinsel_Foto_Thomas-Fitzk_cu2t-940x711.jpg 940w, https:\/\/www.naturparkmagazin.de\/nossentiner-schwinzer-heide\/wp-content\/uploads\/sites\/28\/Am-Highway-No.1-auf-Neseelands-S\u00fcdinsel_Foto_Thomas-Fitzk_cu2t-180x135.jpg 180w, https:\/\/www.naturparkmagazin.de\/nossentiner-schwinzer-heide\/wp-content\/uploads\/sites\/28\/Am-Highway-No.1-auf-Neseelands-S\u00fcdinsel_Foto_Thomas-Fitzk_cu2t-95x71.jpg 95w, https:\/\/www.naturparkmagazin.de\/nossentiner-schwinzer-heide\/wp-content\/uploads\/sites\/28\/Am-Highway-No.1-auf-Neseelands-S\u00fcdinsel_Foto_Thomas-Fitzk_cu2t-670x507.jpg 670w, https:\/\/www.naturparkmagazin.de\/nossentiner-schwinzer-heide\/wp-content\/uploads\/sites\/28\/Am-Highway-No.1-auf-Neseelands-S\u00fcdinsel_Foto_Thomas-Fitzk_cu2t-200x151.jpg 200w, https:\/\/www.naturparkmagazin.de\/nossentiner-schwinzer-heide\/wp-content\/uploads\/sites\/28\/Am-Highway-No.1-auf-Neseelands-S\u00fcdinsel_Foto_Thomas-Fitzk_cu2t.jpg 1280w\" sizes=\"(max-width: 620px) 100vw, 620px\" \/><\/a><\/p>\n","protected":false},"excerpt":{"rendered":"<p>Neuseeland per Rad \u2013 8.000 km durch das Land der gro\u00dfen wei\u00dfen Wolke Ein hei\u00dfer Nachmittag auf dem Highway No.3 irgendwo im nirgendwo zwischen New Plymouth und Whanganui auf der Nordinsel, es ist der 25. Dezember 2012. Nur alle paar Minuten f\u00e4hrt an diesem Nachmittag ein Auto an mir vorbei, ich genie\u00dfe die Ruhe und<\/p>\n","protected":false},"author":84,"featured_media":2289,"comment_status":"open","ping_status":"open","sticky":false,"template":"","format":"standard","meta":[],"categories":[11],"tags":[],"yoast_head":"<!-- This site is optimized with the Yoast SEO plugin v19.10 - https:\/\/yoast.com\/wordpress\/plugins\/seo\/ -->\n<title>Neuseeland per Rad - Vortrag von Thomas Fitzke am 13.3.2019 - Naturpark Nossentiner\/Schwinzer Heide<\/title>\n<meta name=\"robots\" content=\"index, follow, max-snippet:-1, max-image-preview:large, max-video-preview:-1\" \/>\n<link rel=\"canonical\" href=\"https:\/\/www.naturparkmagazin.de\/nossentiner-schwinzer-heide\/neuseeland-per-rad-vortrag-von-thomas-fitzke-am-13-3-2019\/\" \/>\n<meta property=\"og:locale\" content=\"de_DE\" \/>\n<meta property=\"og:type\" content=\"article\" \/>\n<meta property=\"og:title\" content=\"Neuseeland per Rad - Vortrag von Thomas Fitzke am 13.3.2019 - Naturpark Nossentiner\/Schwinzer Heide\" \/>\n<meta property=\"og:description\" content=\"Neuseeland per Rad \u2013 8.000 km durch das Land der gro\u00dfen wei\u00dfen Wolke Ein hei\u00dfer Nachmittag auf dem Highway No.3 irgendwo im nirgendwo zwischen New Plymouth und Whanganui auf der Nordinsel, es ist der 25. Dezember 2012. Nur alle paar Minuten f\u00e4hrt an diesem Nachmittag ein Auto an mir vorbei, ich genie\u00dfe die Ruhe und\" \/>\n<meta property=\"og:url\" content=\"https:\/\/www.naturparkmagazin.de\/nossentiner-schwinzer-heide\/neuseeland-per-rad-vortrag-von-thomas-fitzke-am-13-3-2019\/\" \/>\n<meta property=\"og:site_name\" content=\"Naturpark Nossentiner\/Schwinzer Heide\" \/>\n<meta property=\"article:published_time\" content=\"2019-02-13T15:43:37+00:00\" \/>\n<meta property=\"article:modified_time\" content=\"2019-03-06T11:55:36+00:00\" \/>\n<meta property=\"og:image\" content=\"https:\/\/www.naturparkmagazin.de\/nossentiner-schwinzer-heide\/wp-content\/uploads\/sites\/28\/Am-Highway-No.1-auf-Neseelands-S\u00fcdinsel_Foto_Thomas-Fitzk_cu2t.jpg\" \/>\n\t<meta property=\"og:image:width\" content=\"1280\" \/>\n\t<meta property=\"og:image:height\" content=\"968\" \/>\n\t<meta property=\"og:image:type\" content=\"image\/jpeg\" \/>\n<meta name=\"author\" content=\"evelinkartheuser\" \/>\n<meta name=\"twitter:label1\" content=\"Verfasst von\" \/>\n\t<meta name=\"twitter:data1\" content=\"evelinkartheuser\" \/>\n\t<meta name=\"twitter:label2\" content=\"Gesch\u00e4tzte Lesezeit\" \/>\n\t<meta name=\"twitter:data2\" content=\"1\u00a0Minute\" \/>\n<script type=\"application\/ld+json\" class=\"yoast-schema-graph\">{\"@context\":\"https:\/\/schema.org\",\"@graph\":[{\"@type\":\"WebPage\",\"@id\":\"https:\/\/www.naturparkmagazin.de\/nossentiner-schwinzer-heide\/neuseeland-per-rad-vortrag-von-thomas-fitzke-am-13-3-2019\/\",\"url\":\"https:\/\/www.naturparkmagazin.de\/nossentiner-schwinzer-heide\/neuseeland-per-rad-vortrag-von-thomas-fitzke-am-13-3-2019\/\",\"name\":\"Neuseeland per Rad - Vortrag von Thomas Fitzke am 13.3.2019 - Naturpark Nossentiner\/Schwinzer Heide\",\"isPartOf\":{\"@id\":\"https:\/\/www.naturparkmagazin.de\/nossentiner-schwinzer-heide\/#website\"},\"datePublished\":\"2019-02-13T15:43:37+00:00\",\"dateModified\":\"2019-03-06T11:55:36+00:00\",\"author\":{\"@id\":\"https:\/\/www.naturparkmagazin.de\/nossentiner-schwinzer-heide\/#\/schema\/person\/6e5721221b13b6f827e696f29ff18008\"},\"breadcrumb\":{\"@id\":\"https:\/\/www.naturparkmagazin.de\/nossentiner-schwinzer-heide\/neuseeland-per-rad-vortrag-von-thomas-fitzke-am-13-3-2019\/#breadcrumb\"},\"inLanguage\":\"de\",\"potentialAction\":[{\"@type\":\"ReadAction\",\"target\":[\"https:\/\/www.naturparkmagazin.de\/nossentiner-schwinzer-heide\/neuseeland-per-rad-vortrag-von-thomas-fitzke-am-13-3-2019\/\"]}]},{\"@type\":\"BreadcrumbList\",\"@id\":\"https:\/\/www.naturparkmagazin.de\/nossentiner-schwinzer-heide\/neuseeland-per-rad-vortrag-von-thomas-fitzke-am-13-3-2019\/#breadcrumb\",\"itemListElement\":[{\"@type\":\"ListItem\",\"position\":1,\"name\":\"Home\",\"item\":\"https:\/\/www.naturparkmagazin.de\/nossentiner-schwinzer-heide\/\"},{\"@type\":\"ListItem\",\"position\":2,\"name\":\"Neuseeland per Rad &#8211; Vortrag von Thomas Fitzke am 13.3.2019\"}]},{\"@type\":\"WebSite\",\"@id\":\"https:\/\/www.naturparkmagazin.de\/nossentiner-schwinzer-heide\/#website\",\"url\":\"https:\/\/www.naturparkmagazin.de\/nossentiner-schwinzer-heide\/\",\"name\":\"Naturpark Nossentiner\/Schwinzer Heide\",\"description\":\"\",\"potentialAction\":[{\"@type\":\"SearchAction\",\"target\":{\"@type\":\"EntryPoint\",\"urlTemplate\":\"https:\/\/www.naturparkmagazin.de\/nossentiner-schwinzer-heide\/?s={search_term_string}\"},\"query-input\":\"required name=search_term_string\"}],\"inLanguage\":\"de\"},{\"@type\":\"Person\",\"@id\":\"https:\/\/www.naturparkmagazin.de\/nossentiner-schwinzer-heide\/#\/schema\/person\/6e5721221b13b6f827e696f29ff18008\",\"name\":\"evelinkartheuser\",\"url\":\"https:\/\/www.naturparkmagazin.de\/nossentiner-schwinzer-heide\/author\/evelinkartheuser\/\"}]}<\/script>\n<!-- \/ Yoast SEO plugin. -->","yoast_head_json":{"title":"Neuseeland per Rad - Vortrag von Thomas Fitzke am 13.3.2019 - Naturpark Nossentiner\/Schwinzer Heide","robots":{"index":"index","follow":"follow","max-snippet":"max-snippet:-1","max-image-preview":"max-image-preview:large","max-video-preview":"max-video-preview:-1"},"canonical":"https:\/\/www.naturparkmagazin.de\/nossentiner-schwinzer-heide\/neuseeland-per-rad-vortrag-von-thomas-fitzke-am-13-3-2019\/","og_locale":"de_DE","og_type":"article","og_title":"Neuseeland per Rad - Vortrag von Thomas Fitzke am 13.3.2019 - Naturpark Nossentiner\/Schwinzer Heide","og_description":"Neuseeland per Rad \u2013 8.000 km durch das Land der gro\u00dfen wei\u00dfen Wolke Ein hei\u00dfer Nachmittag auf dem Highway No.3 irgendwo im nirgendwo zwischen New Plymouth und Whanganui auf der Nordinsel, es ist der 25. Dezember 2012. Nur alle paar Minuten f\u00e4hrt an diesem Nachmittag ein Auto an mir vorbei, ich genie\u00dfe die Ruhe und","og_url":"https:\/\/www.naturparkmagazin.de\/nossentiner-schwinzer-heide\/neuseeland-per-rad-vortrag-von-thomas-fitzke-am-13-3-2019\/","og_site_name":"Naturpark Nossentiner\/Schwinzer Heide","article_published_time":"2019-02-13T15:43:37+00:00","article_modified_time":"2019-03-06T11:55:36+00:00","og_image":[{"width":1280,"height":968,"url":"https:\/\/www.naturparkmagazin.de\/nossentiner-schwinzer-heide\/wp-content\/uploads\/sites\/28\/Am-Highway-No.1-auf-Neseelands-S\u00fcdinsel_Foto_Thomas-Fitzk_cu2t.jpg","type":"image\/jpeg"}],"author":"evelinkartheuser","twitter_misc":{"Verfasst von":"evelinkartheuser","Gesch\u00e4tzte Lesezeit":"1\u00a0Minute"},"schema":{"@context":"https:\/\/schema.org","@graph":[{"@type":"WebPage","@id":"https:\/\/www.naturparkmagazin.de\/nossentiner-schwinzer-heide\/neuseeland-per-rad-vortrag-von-thomas-fitzke-am-13-3-2019\/","url":"https:\/\/www.naturparkmagazin.de\/nossentiner-schwinzer-heide\/neuseeland-per-rad-vortrag-von-thomas-fitzke-am-13-3-2019\/","name":"Neuseeland per Rad - Vortrag von Thomas Fitzke am 13.3.2019 - Naturpark Nossentiner\/Schwinzer Heide","isPartOf":{"@id":"https:\/\/www.naturparkmagazin.de\/nossentiner-schwinzer-heide\/#website"},"datePublished":"2019-02-13T15:43:37+00:00","dateModified":"2019-03-06T11:55:36+00:00","author":{"@id":"https:\/\/www.naturparkmagazin.de\/nossentiner-schwinzer-heide\/#\/schema\/person\/6e5721221b13b6f827e696f29ff18008"},"breadcrumb":{"@id":"https:\/\/www.naturparkmagazin.de\/nossentiner-schwinzer-heide\/neuseeland-per-rad-vortrag-von-thomas-fitzke-am-13-3-2019\/#breadcrumb"},"inLanguage":"de","potentialAction":[{"@type":"ReadAction","target":["https:\/\/www.naturparkmagazin.de\/nossentiner-schwinzer-heide\/neuseeland-per-rad-vortrag-von-thomas-fitzke-am-13-3-2019\/"]}]},{"@type":"BreadcrumbList","@id":"https:\/\/www.naturparkmagazin.de\/nossentiner-schwinzer-heide\/neuseeland-per-rad-vortrag-von-thomas-fitzke-am-13-3-2019\/#breadcrumb","itemListElement":[{"@type":"ListItem","position":1,"name":"Home","item":"https:\/\/www.naturparkmagazin.de\/nossentiner-schwinzer-heide\/"},{"@type":"ListItem","position":2,"name":"Neuseeland per Rad &#8211; Vortrag von Thomas Fitzke am 13.3.2019"}]},{"@type":"WebSite","@id":"https:\/\/www.naturparkmagazin.de\/nossentiner-schwinzer-heide\/#website","url":"https:\/\/www.naturparkmagazin.de\/nossentiner-schwinzer-heide\/","name":"Naturpark Nossentiner\/Schwinzer Heide","description":"","potentialAction":[{"@type":"SearchAction","target":{"@type":"EntryPoint","urlTemplate":"https:\/\/www.naturparkmagazin.de\/nossentiner-schwinzer-heide\/?s={search_term_string}"},"query-input":"required name=search_term_string"}],"inLanguage":"de"},{"@type":"Person","@id":"https:\/\/www.naturparkmagazin.de\/nossentiner-schwinzer-heide\/#\/schema\/person\/6e5721221b13b6f827e696f29ff18008","name":"evelinkartheuser","url":"https:\/\/www.naturparkmagazin.de\/nossentiner-schwinzer-heide\/author\/evelinkartheuser\/"}]}},"_links":{"self":[{"href":"https:\/\/www.naturparkmagazin.de\/nossentiner-schwinzer-heide\/wp-json\/wp\/v2\/posts\/2288"}],"collection":[{"href":"https:\/\/www.naturparkmagazin.de\/nossentiner-schwinzer-heide\/wp-json\/wp\/v2\/posts"}],"about":[{"href":"https:\/\/www.naturparkmagazin.de\/nossentiner-schwinzer-heide\/wp-json\/wp\/v2\/types\/post"}],"author":[{"embeddable":true,"href":"https:\/\/www.naturparkmagazin.de\/nossentiner-schwinzer-heide\/wp-json\/wp\/v2\/users\/84"}],"replies":[{"embeddable":true,"href":"https:\/\/www.naturparkmagazin.de\/nossentiner-schwinzer-heide\/wp-json\/wp\/v2\/comments?post=2288"}],"version-history":[{"count":3,"href":"https:\/\/www.naturparkmagazin.de\/nossentiner-schwinzer-heide\/wp-json\/wp\/v2\/posts\/2288\/revisions"}],"predecessor-version":[{"id":2300,"href":"https:\/\/www.naturparkmagazin.de\/nossentiner-schwinzer-heide\/wp-json\/wp\/v2\/posts\/2288\/revisions\/2300"}],"wp:featuredmedia":[{"embeddable":true,"href":"https:\/\/www.naturparkmagazin.de\/nossentiner-schwinzer-heide\/wp-json\/wp\/v2\/media\/2289"}],"wp:attachment":[{"href":"https:\/\/www.naturparkmagazin.de\/nossentiner-schwinzer-heide\/wp-json\/wp\/v2\/media?parent=2288"}],"wp:term":[{"taxonomy":"category","embeddable":true,"href":"https:\/\/www.naturparkmagazin.de\/nossentiner-schwinzer-heide\/wp-json\/wp\/v2\/categories?post=2288"},{"taxonomy":"post_tag","embeddable":true,"href":"https:\/\/www.naturparkmagazin.de\/nossentiner-schwinzer-heide\/wp-json\/wp\/v2\/tags?post=2288"}],"curies":[{"name":"wp","href":"https:\/\/api.w.org\/{rel}","templated":true}]}}