{"id":2301,"date":"2019-02-13T15:13:02","date_gmt":"2019-02-13T14:13:02","guid":{"rendered":"https:\/\/www.naturparkmagazin.de\/nossentiner-schwinzer-heide\/?p=2301"},"modified":"2019-03-06T15:19:22","modified_gmt":"2019-03-06T14:19:22","slug":"karower-meiler-11-15-maerz-wegen-umbau-geschlossen","status":"publish","type":"post","link":"https:\/\/www.naturparkmagazin.de\/nossentiner-schwinzer-heide\/karower-meiler-11-15-maerz-wegen-umbau-geschlossen\/","title":{"rendered":"Karower Meiler 11.-15. M\u00e4rz wegen Umbau geschlossen"},"content":{"rendered":"<p><a href=\"https:\/\/www.naturparkmagazin.de\/nossentiner-schwinzer-heide\/wp-content\/uploads\/sites\/28\/Sicherungskopie_von_Umbau.jpg\"><img decoding=\"async\" loading=\"lazy\" class=\"alignnone size-medium wp-image-2302\" src=\"https:\/\/www.naturparkmagazin.de\/nossentiner-schwinzer-heide\/wp-content\/uploads\/sites\/28\/Sicherungskopie_von_Umbau-620x414.jpg\" alt=\"Sicherungskopie_von_Umbau\" width=\"620\" height=\"414\" srcset=\"https:\/\/www.naturparkmagazin.de\/nossentiner-schwinzer-heide\/wp-content\/uploads\/sites\/28\/Sicherungskopie_von_Umbau-620x414.jpg 620w, https:\/\/www.naturparkmagazin.de\/nossentiner-schwinzer-heide\/wp-content\/uploads\/sites\/28\/Sicherungskopie_von_Umbau-300x200.jpg 300w, https:\/\/www.naturparkmagazin.de\/nossentiner-schwinzer-heide\/wp-content\/uploads\/sites\/28\/Sicherungskopie_von_Umbau-940x627.jpg 940w, https:\/\/www.naturparkmagazin.de\/nossentiner-schwinzer-heide\/wp-content\/uploads\/sites\/28\/Sicherungskopie_von_Umbau-670x447.jpg 670w, https:\/\/www.naturparkmagazin.de\/nossentiner-schwinzer-heide\/wp-content\/uploads\/sites\/28\/Sicherungskopie_von_Umbau-200x133.jpg 200w\" sizes=\"(max-width: 620px) 100vw, 620px\" \/><\/a><\/p>\n<p>Im Naturparkzentrum Karower Meiler wird die Dauerausstellung \u00fcberarbeitet. F\u00fcr den Umbau wird der Karower Meiler vom 11. bis 15. M\u00e4rz geschlossen. Ab Montag, 18.3.2019, ist das Besucherzentrum wieder 10-16 Uhr ge\u00f6ffnet (M\u00e4rz: Mo-Fr 10-16 Uhr, ab April: t\u00e4glich 10-16 Uhr).<\/p>\n<p>Der Vortrag am 13.3. findet trotzdem wie geplant statt.<\/p>\n<p>&nbsp;<\/p>\n","protected":false},"excerpt":{"rendered":"<p>Im Naturparkzentrum Karower Meiler wird die Dauerausstellung \u00fcberarbeitet. F\u00fcr den Umbau wird der Karower Meiler vom 11. bis 15. M\u00e4rz geschlossen. Ab Montag, 18.3.2019, ist das Besucherzentrum wieder 10-16 Uhr ge\u00f6ffnet (M\u00e4rz: Mo-Fr 10-16 Uhr, ab April: t\u00e4glich 10-16 Uhr). Der Vortrag am 13.3. findet trotzdem wie geplant statt. &nbsp;<\/p>\n","protected":false},"author":84,"featured_media":2302,"comment_status":"open","ping_status":"open","sticky":false,"template":"","format":"standard","meta":[],"categories":[7],"tags":[],"yoast_head":"<!-- This site is optimized with the Yoast SEO plugin v19.10 - https:\/\/yoast.com\/wordpress\/plugins\/seo\/ -->\n<title>Karower Meiler 11.-15. M\u00e4rz wegen Umbau geschlossen - Naturpark Nossentiner\/Schwinzer Heide<\/title>\n<meta name=\"robots\" content=\"index, follow, max-snippet:-1, max-image-preview:large, max-video-preview:-1\" \/>\n<link rel=\"canonical\" href=\"https:\/\/www.naturparkmagazin.de\/nossentiner-schwinzer-heide\/karower-meiler-11-15-maerz-wegen-umbau-geschlossen\/\" \/>\n<meta property=\"og:locale\" content=\"de_DE\" \/>\n<meta property=\"og:type\" content=\"article\" \/>\n<meta property=\"og:title\" content=\"Karower Meiler 11.-15. M\u00e4rz wegen Umbau geschlossen - Naturpark Nossentiner\/Schwinzer Heide\" \/>\n<meta property=\"og:description\" content=\"Im Naturparkzentrum Karower Meiler wird die Dauerausstellung \u00fcberarbeitet. F\u00fcr den Umbau wird der Karower Meiler vom 11. bis 15. M\u00e4rz geschlossen. Ab Montag, 18.3.2019, ist das Besucherzentrum wieder 10-16 Uhr ge\u00f6ffnet (M\u00e4rz: Mo-Fr 10-16 Uhr, ab April: t\u00e4glich 10-16 Uhr). Der Vortrag am 13.3. findet trotzdem wie geplant statt. &nbsp;\" \/>\n<meta property=\"og:url\" content=\"https:\/\/www.naturparkmagazin.de\/nossentiner-schwinzer-heide\/karower-meiler-11-15-maerz-wegen-umbau-geschlossen\/\" \/>\n<meta property=\"og:site_name\" content=\"Naturpark Nossentiner\/Schwinzer Heide\" \/>\n<meta property=\"article:published_time\" content=\"2019-02-13T14:13:02+00:00\" \/>\n<meta property=\"article:modified_time\" content=\"2019-03-06T14:19:22+00:00\" \/>\n<meta property=\"og:image\" content=\"https:\/\/www.naturparkmagazin.de\/nossentiner-schwinzer-heide\/wp-content\/uploads\/sites\/28\/Sicherungskopie_von_Umbau.jpg\" \/>\n\t<meta property=\"og:image:width\" content=\"3454\" \/>\n\t<meta property=\"og:image:height\" content=\"2305\" \/>\n\t<meta property=\"og:image:type\" content=\"image\/jpeg\" \/>\n<meta name=\"author\" content=\"evelinkartheuser\" \/>\n<meta name=\"twitter:label1\" content=\"Verfasst von\" \/>\n\t<meta name=\"twitter:data1\" content=\"evelinkartheuser\" \/>\n<script type=\"application\/ld+json\" class=\"yoast-schema-graph\">{\"@context\":\"https:\/\/schema.org\",\"@graph\":[{\"@type\":\"WebPage\",\"@id\":\"https:\/\/www.naturparkmagazin.de\/nossentiner-schwinzer-heide\/karower-meiler-11-15-maerz-wegen-umbau-geschlossen\/\",\"url\":\"https:\/\/www.naturparkmagazin.de\/nossentiner-schwinzer-heide\/karower-meiler-11-15-maerz-wegen-umbau-geschlossen\/\",\"name\":\"Karower Meiler 11.-15. M\u00e4rz wegen Umbau geschlossen - Naturpark Nossentiner\/Schwinzer Heide\",\"isPartOf\":{\"@id\":\"https:\/\/www.naturparkmagazin.de\/nossentiner-schwinzer-heide\/#website\"},\"datePublished\":\"2019-02-13T14:13:02+00:00\",\"dateModified\":\"2019-03-06T14:19:22+00:00\",\"author\":{\"@id\":\"https:\/\/www.naturparkmagazin.de\/nossentiner-schwinzer-heide\/#\/schema\/person\/6e5721221b13b6f827e696f29ff18008\"},\"breadcrumb\":{\"@id\":\"https:\/\/www.naturparkmagazin.de\/nossentiner-schwinzer-heide\/karower-meiler-11-15-maerz-wegen-umbau-geschlossen\/#breadcrumb\"},\"inLanguage\":\"de\",\"potentialAction\":[{\"@type\":\"ReadAction\",\"target\":[\"https:\/\/www.naturparkmagazin.de\/nossentiner-schwinzer-heide\/karower-meiler-11-15-maerz-wegen-umbau-geschlossen\/\"]}]},{\"@type\":\"BreadcrumbList\",\"@id\":\"https:\/\/www.naturparkmagazin.de\/nossentiner-schwinzer-heide\/karower-meiler-11-15-maerz-wegen-umbau-geschlossen\/#breadcrumb\",\"itemListElement\":[{\"@type\":\"ListItem\",\"position\":1,\"name\":\"Home\",\"item\":\"https:\/\/www.naturparkmagazin.de\/nossentiner-schwinzer-heide\/\"},{\"@type\":\"ListItem\",\"position\":2,\"name\":\"Karower Meiler 11.-15. M\u00e4rz wegen Umbau geschlossen\"}]},{\"@type\":\"WebSite\",\"@id\":\"https:\/\/www.naturparkmagazin.de\/nossentiner-schwinzer-heide\/#website\",\"url\":\"https:\/\/www.naturparkmagazin.de\/nossentiner-schwinzer-heide\/\",\"name\":\"Naturpark Nossentiner\/Schwinzer Heide\",\"description\":\"\",\"potentialAction\":[{\"@type\":\"SearchAction\",\"target\":{\"@type\":\"EntryPoint\",\"urlTemplate\":\"https:\/\/www.naturparkmagazin.de\/nossentiner-schwinzer-heide\/?s={search_term_string}\"},\"query-input\":\"required name=search_term_string\"}],\"inLanguage\":\"de\"},{\"@type\":\"Person\",\"@id\":\"https:\/\/www.naturparkmagazin.de\/nossentiner-schwinzer-heide\/#\/schema\/person\/6e5721221b13b6f827e696f29ff18008\",\"name\":\"evelinkartheuser\",\"url\":\"https:\/\/www.naturparkmagazin.de\/nossentiner-schwinzer-heide\/author\/evelinkartheuser\/\"}]}<\/script>\n<!-- \/ Yoast SEO plugin. -->","yoast_head_json":{"title":"Karower Meiler 11.-15. M\u00e4rz wegen Umbau geschlossen - Naturpark Nossentiner\/Schwinzer Heide","robots":{"index":"index","follow":"follow","max-snippet":"max-snippet:-1","max-image-preview":"max-image-preview:large","max-video-preview":"max-video-preview:-1"},"canonical":"https:\/\/www.naturparkmagazin.de\/nossentiner-schwinzer-heide\/karower-meiler-11-15-maerz-wegen-umbau-geschlossen\/","og_locale":"de_DE","og_type":"article","og_title":"Karower Meiler 11.-15. M\u00e4rz wegen Umbau geschlossen - Naturpark Nossentiner\/Schwinzer Heide","og_description":"Im Naturparkzentrum Karower Meiler wird die Dauerausstellung \u00fcberarbeitet. F\u00fcr den Umbau wird der Karower Meiler vom 11. bis 15. M\u00e4rz geschlossen. Ab Montag, 18.3.2019, ist das Besucherzentrum wieder 10-16 Uhr ge\u00f6ffnet (M\u00e4rz: Mo-Fr 10-16 Uhr, ab April: t\u00e4glich 10-16 Uhr). Der Vortrag am 13.3. findet trotzdem wie geplant statt. &nbsp;","og_url":"https:\/\/www.naturparkmagazin.de\/nossentiner-schwinzer-heide\/karower-meiler-11-15-maerz-wegen-umbau-geschlossen\/","og_site_name":"Naturpark Nossentiner\/Schwinzer Heide","article_published_time":"2019-02-13T14:13:02+00:00","article_modified_time":"2019-03-06T14:19:22+00:00","og_image":[{"width":3454,"height":2305,"url":"https:\/\/www.naturparkmagazin.de\/nossentiner-schwinzer-heide\/wp-content\/uploads\/sites\/28\/Sicherungskopie_von_Umbau.jpg","type":"image\/jpeg"}],"author":"evelinkartheuser","twitter_misc":{"Verfasst von":"evelinkartheuser"},"schema":{"@context":"https:\/\/schema.org","@graph":[{"@type":"WebPage","@id":"https:\/\/www.naturparkmagazin.de\/nossentiner-schwinzer-heide\/karower-meiler-11-15-maerz-wegen-umbau-geschlossen\/","url":"https:\/\/www.naturparkmagazin.de\/nossentiner-schwinzer-heide\/karower-meiler-11-15-maerz-wegen-umbau-geschlossen\/","name":"Karower Meiler 11.-15. M\u00e4rz wegen Umbau geschlossen - Naturpark Nossentiner\/Schwinzer Heide","isPartOf":{"@id":"https:\/\/www.naturparkmagazin.de\/nossentiner-schwinzer-heide\/#website"},"datePublished":"2019-02-13T14:13:02+00:00","dateModified":"2019-03-06T14:19:22+00:00","author":{"@id":"https:\/\/www.naturparkmagazin.de\/nossentiner-schwinzer-heide\/#\/schema\/person\/6e5721221b13b6f827e696f29ff18008"},"breadcrumb":{"@id":"https:\/\/www.naturparkmagazin.de\/nossentiner-schwinzer-heide\/karower-meiler-11-15-maerz-wegen-umbau-geschlossen\/#breadcrumb"},"inLanguage":"de","potentialAction":[{"@type":"ReadAction","target":["https:\/\/www.naturparkmagazin.de\/nossentiner-schwinzer-heide\/karower-meiler-11-15-maerz-wegen-umbau-geschlossen\/"]}]},{"@type":"BreadcrumbList","@id":"https:\/\/www.naturparkmagazin.de\/nossentiner-schwinzer-heide\/karower-meiler-11-15-maerz-wegen-umbau-geschlossen\/#breadcrumb","itemListElement":[{"@type":"ListItem","position":1,"name":"Home","item":"https:\/\/www.naturparkmagazin.de\/nossentiner-schwinzer-heide\/"},{"@type":"ListItem","position":2,"name":"Karower Meiler 11.-15. M\u00e4rz wegen Umbau geschlossen"}]},{"@type":"WebSite","@id":"https:\/\/www.naturparkmagazin.de\/nossentiner-schwinzer-heide\/#website","url":"https:\/\/www.naturparkmagazin.de\/nossentiner-schwinzer-heide\/","name":"Naturpark Nossentiner\/Schwinzer Heide","description":"","potentialAction":[{"@type":"SearchAction","target":{"@type":"EntryPoint","urlTemplate":"https:\/\/www.naturparkmagazin.de\/nossentiner-schwinzer-heide\/?s={search_term_string}"},"query-input":"required name=search_term_string"}],"inLanguage":"de"},{"@type":"Person","@id":"https:\/\/www.naturparkmagazin.de\/nossentiner-schwinzer-heide\/#\/schema\/person\/6e5721221b13b6f827e696f29ff18008","name":"evelinkartheuser","url":"https:\/\/www.naturparkmagazin.de\/nossentiner-schwinzer-heide\/author\/evelinkartheuser\/"}]}},"_links":{"self":[{"href":"https:\/\/www.naturparkmagazin.de\/nossentiner-schwinzer-heide\/wp-json\/wp\/v2\/posts\/2301"}],"collection":[{"href":"https:\/\/www.naturparkmagazin.de\/nossentiner-schwinzer-heide\/wp-json\/wp\/v2\/posts"}],"about":[{"href":"https:\/\/www.naturparkmagazin.de\/nossentiner-schwinzer-heide\/wp-json\/wp\/v2\/types\/post"}],"author":[{"embeddable":true,"href":"https:\/\/www.naturparkmagazin.de\/nossentiner-schwinzer-heide\/wp-json\/wp\/v2\/users\/84"}],"replies":[{"embeddable":true,"href":"https:\/\/www.naturparkmagazin.de\/nossentiner-schwinzer-heide\/wp-json\/wp\/v2\/comments?post=2301"}],"version-history":[{"count":3,"href":"https:\/\/www.naturparkmagazin.de\/nossentiner-schwinzer-heide\/wp-json\/wp\/v2\/posts\/2301\/revisions"}],"predecessor-version":[{"id":2305,"href":"https:\/\/www.naturparkmagazin.de\/nossentiner-schwinzer-heide\/wp-json\/wp\/v2\/posts\/2301\/revisions\/2305"}],"wp:featuredmedia":[{"embeddable":true,"href":"https:\/\/www.naturparkmagazin.de\/nossentiner-schwinzer-heide\/wp-json\/wp\/v2\/media\/2302"}],"wp:attachment":[{"href":"https:\/\/www.naturparkmagazin.de\/nossentiner-schwinzer-heide\/wp-json\/wp\/v2\/media?parent=2301"}],"wp:term":[{"taxonomy":"category","embeddable":true,"href":"https:\/\/www.naturparkmagazin.de\/nossentiner-schwinzer-heide\/wp-json\/wp\/v2\/categories?post=2301"},{"taxonomy":"post_tag","embeddable":true,"href":"https:\/\/www.naturparkmagazin.de\/nossentiner-schwinzer-heide\/wp-json\/wp\/v2\/tags?post=2301"}],"curies":[{"name":"wp","href":"https:\/\/api.w.org\/{rel}","templated":true}]}}