{"id":2307,"date":"2019-02-20T13:24:22","date_gmt":"2019-02-20T12:24:22","guid":{"rendered":"https:\/\/www.naturparkmagazin.de\/nossentiner-schwinzer-heide\/?p=2307"},"modified":"2019-03-28T13:26:37","modified_gmt":"2019-03-28T12:26:37","slug":"treff-der-deutschsprachigen-sternenparks-im-naturpark-nossentinerschwinzer-heide","status":"publish","type":"post","link":"https:\/\/www.naturparkmagazin.de\/nossentiner-schwinzer-heide\/treff-der-deutschsprachigen-sternenparks-im-naturpark-nossentinerschwinzer-heide\/","title":{"rendered":"Treff der deutschsprachigen Sternenparks im Naturpark Nossentiner\/Schwinzer Heide"},"content":{"rendered":"<p>Am 10.\/11. M\u00e4rz fand im Naturpark Nossentiner\/Schwinzer Heide, eine der \u201edunkelsten\u201c Regionen Deutschlands, das Jahres-Treffen der deutschsprachigen Sternenparks statt.\u00a0 24 Vertreter der bereits ausgewiesenen und der geplanten Sternenparks aus Deutschland, \u00d6sterreich und der Schweiz trafen sich hier zum Informationsaustausch \u00fcber die verschiedenen Sternenparkprojekte, gemeinsame Pl\u00e4ne und neueste Forschungsergebnisse zum Thema Beleuchtung.<\/p>\n<p><a href=\"https:\/\/www.naturparkmagazin.de\/nossentiner-schwinzer-heide\/wp-content\/uploads\/sites\/28\/WP_20190310_16_31_09_Rich.jpg\"><img decoding=\"async\" loading=\"lazy\" class=\"alignnone size-medium wp-image-2309\" src=\"https:\/\/www.naturparkmagazin.de\/nossentiner-schwinzer-heide\/wp-content\/uploads\/sites\/28\/WP_20190310_16_31_09_Rich-620x347.jpg\" alt=\"WP_20190310_16_31_09_Rich\" width=\"620\" height=\"347\" srcset=\"https:\/\/www.naturparkmagazin.de\/nossentiner-schwinzer-heide\/wp-content\/uploads\/sites\/28\/WP_20190310_16_31_09_Rich-620x347.jpg 620w, https:\/\/www.naturparkmagazin.de\/nossentiner-schwinzer-heide\/wp-content\/uploads\/sites\/28\/WP_20190310_16_31_09_Rich-300x168.jpg 300w, https:\/\/www.naturparkmagazin.de\/nossentiner-schwinzer-heide\/wp-content\/uploads\/sites\/28\/WP_20190310_16_31_09_Rich-940x526.jpg 940w, https:\/\/www.naturparkmagazin.de\/nossentiner-schwinzer-heide\/wp-content\/uploads\/sites\/28\/WP_20190310_16_31_09_Rich-670x375.jpg 670w, https:\/\/www.naturparkmagazin.de\/nossentiner-schwinzer-heide\/wp-content\/uploads\/sites\/28\/WP_20190310_16_31_09_Rich-200x112.jpg 200w, https:\/\/www.naturparkmagazin.de\/nossentiner-schwinzer-heide\/wp-content\/uploads\/sites\/28\/WP_20190310_16_31_09_Rich.jpg 1024w\" sizes=\"(max-width: 620px) 100vw, 620px\" \/><\/a><\/p>\n<p>Gerade vor dem Hintergrund der Umr\u00fcstung der Stra\u00dfenbeleuchtung auf LED, die jetzt in vielen Kommunen anstehen, sind Untersuchungen der Auswirkungen von Beleuchtung sehr interessant. So berichteten die Teilnehmer aus ihren Regionen von guten und schlechten Beispielen.<\/p>\n<p>LED-Lampen k\u00f6nnen eine Menge Geld sparen, jedoch sollte auf verschiedene Aspekte bei der Umr\u00fcstung geachtet werden:<\/p>\n<ul>\n<li><strong>Lichtlenkung<\/strong>: Der wichtigste Aspekt bei der Lampen-Auswahl ist die Abstrahlung. Um st\u00f6rende Blendeffekte f\u00fcr Verkehrsteilnehmer und Anwohner zu vermeiden, sollten Lampen m\u00f6glichst nur nach unten, mit mindestens 15 Grad unter der Horizontale, strahlen. Hausw\u00e4nde sollten m\u00f6glichst nicht beleuchtet werden, um den Anwohnern gesunden Schlaf zu erm\u00f6glichen. Auch eine Abstrahlung in den Himmel sollte vermieden werden, die eine unsinnige Lichtverschmutzung darstellt und nicht nur den Blick in den Sternenhimmel, sondern auch viele Tiere beeintr\u00e4chtigt.<\/li>\n<li><strong>Lichtfarbe<\/strong>: Leuchten entfalten mit einer Lichtfarbe von mehr als 3000 K (Kelvin) durch den erh\u00f6hten Blauanteil eine besondere Anziehungskraft auf Insekten. F\u00fcr diese k\u00f6nnen sie zur t\u00f6dlichen Falle werden. Besonders an Gew\u00e4ssern ist dies ein gro\u00dfes Problem. Deshalb sollte bei der Auswahl der Leuchten auf m\u00f6glichst auf eine <strong>warmwei\u00dfe Lichtfarbe<\/strong> von 1800 K bis maximal 3000\u00a0K geachtet werden. Sehr gut sind hier auch Amber-LED-Leuchten.<\/li>\n<li><strong>Lichtst\u00e4rke<\/strong>: Das menschliche Auge ist erstaunlich anpassungsf\u00e4hig. Oft kommen wir mit relativ wenig Licht aus, um uns zu orientieren. Besonders helle Beleuchtung l\u00e4sst uns zwar im Lichtkegel gut sehen, aber die Umgebung ringsherum wird dadurch gef\u00fchlt dunkler. Besonders problematisch sind auch starke Hell-Dunkel-Wechsel. Wo immer m\u00f6glich, sollte gleichm\u00e4\u00dfig und auf niedrigem Niveau beleuchtet werden.<\/li>\n<li><strong>Abschaltung<\/strong>: Die Beleuchtung soll bedarfsorientiert geschaltet werden und beispielsweise in den sp\u00e4ten Nachtstunden (etwa 23 \u2013 5 Uhr) merklich reduziert (mehr als 50 %) oder abgeschaltet werden.<\/li>\n<\/ul>\n<p>An verschiedenen Demonstrations-Leuchten konnten sich die Teilnehmer ein Bild \u00fcber Lichtqualit\u00e4t und Abstrahlverhalten verschiedener Lampentypen verschaffen.<\/p>\n<p><a href=\"https:\/\/www.naturparkmagazin.de\/nossentiner-schwinzer-heide\/wp-content\/uploads\/sites\/28\/WP_20190310_21_00_56_Rich.jpg\"><img decoding=\"async\" loading=\"lazy\" class=\"alignnone  wp-image-2311\" src=\"https:\/\/www.naturparkmagazin.de\/nossentiner-schwinzer-heide\/wp-content\/uploads\/sites\/28\/WP_20190310_21_00_56_Rich-620x506.jpg\" alt=\"WP_20190310_21_00_56_Rich\" width=\"466\" height=\"380\" srcset=\"https:\/\/www.naturparkmagazin.de\/nossentiner-schwinzer-heide\/wp-content\/uploads\/sites\/28\/WP_20190310_21_00_56_Rich-620x506.jpg 620w, https:\/\/www.naturparkmagazin.de\/nossentiner-schwinzer-heide\/wp-content\/uploads\/sites\/28\/WP_20190310_21_00_56_Rich-300x245.jpg 300w, https:\/\/www.naturparkmagazin.de\/nossentiner-schwinzer-heide\/wp-content\/uploads\/sites\/28\/WP_20190310_21_00_56_Rich-670x547.jpg 670w, https:\/\/www.naturparkmagazin.de\/nossentiner-schwinzer-heide\/wp-content\/uploads\/sites\/28\/WP_20190310_21_00_56_Rich-200x163.jpg 200w, https:\/\/www.naturparkmagazin.de\/nossentiner-schwinzer-heide\/wp-content\/uploads\/sites\/28\/WP_20190310_21_00_56_Rich.jpg 695w\" sizes=\"(max-width: 466px) 100vw, 466px\" \/><\/a><\/p>\n<p>Besonders interessant war auch ein Film \u00fcber die Beleuchtungsumstellung in 2 Gemeinden in \u00d6sterreich.\u00a0 Hier finden Sie den Youtube-Link zum Film &#8222;Licht im Einklang mit Mensch und Natur \u2013 Zukunftsweisende Au\u00dfenbeleuchtung statt Lichtverschmutzung&#8220;:<\/p>\n<div class=\"BorlabsCookie _brlbs-cb-youtube\">\n<div class=\"_brlbs-content-blocker\">\n<div class=\"_brlbs-embed _brlbs-video-youtube\"> <img decoding=\"async\" class=\"_brlbs-thumbnail\" src=\"https:\/\/www.naturparkmagazin.de\/nossentiner-schwinzer-heide\/wp-content\/plugins\/borlabs-cookie\/assets\/images\/cb-no-thumbnail.png\" alt=\"YouTube\"> <\/p>\n<div class=\"_brlbs-caption\">\n<p>Mit dem Laden des Videos akzeptieren Sie die Datenschutzerkl\u00e4rung von YouTube.<a href=\"https:\/\/policies.google.com\/privacy\" target=\"_blank\" rel=\"nofollow noopener noreferrer\">Mehr erfahren<\/a><\/p>\n<p><a class=\"_brlbs-btn _brlbs-icon-play-white\" href=\"#\" data-borlabs-cookie-unblock role=\"button\">Video laden<\/a><\/p>\n<p><label><input type=\"checkbox\" name=\"unblockAll\" value=\"1\" checked> <small>YouTube immer entsperren<\/small><\/label><\/p>\n<\/p><\/div>\n<\/p><\/div>\n<\/p><\/div>\n<div class=\"borlabs-hide\" data-borlabs-cookie-type=\"content-blocker\" data-borlabs-cookie-id=\"youtube\"><script type=\"text\/template\">PGlmcmFtZSB3aWR0aD0iNjIwIiBoZWlnaHQ9IjM0OSIgc3JjPSJodHRwczovL3d3dy55b3V0dWJlLW5vY29va2llLmNvbS9lbWJlZC8zMGt5TE1Pc0ZFUT9mZWF0dXJlPW9lbWJlZCIgZnJhbWVib3JkZXI9IjAiIGFsbG93PSJhY2NlbGVyb21ldGVyOyBhdXRvcGxheTsgZW5jcnlwdGVkLW1lZGlhOyBneXJvc2NvcGU7IHBpY3R1cmUtaW4tcGljdHVyZSIgYWxsb3dmdWxsc2NyZWVuPjwvaWZyYW1lPg==<\/script><\/div>\n<\/div>\n","protected":false},"excerpt":{"rendered":"<p>Am 10.\/11. M\u00e4rz fand im Naturpark Nossentiner\/Schwinzer Heide, eine der \u201edunkelsten\u201c Regionen Deutschlands, das Jahres-Treffen der deutschsprachigen Sternenparks statt.\u00a0 24 Vertreter der bereits ausgewiesenen und der geplanten Sternenparks aus Deutschland, \u00d6sterreich und der Schweiz trafen sich hier zum Informationsaustausch \u00fcber die verschiedenen Sternenparkprojekte, gemeinsame Pl\u00e4ne und neueste Forschungsergebnisse zum Thema Beleuchtung. Gerade vor dem Hintergrund<\/p>\n","protected":false},"author":84,"featured_media":2311,"comment_status":"open","ping_status":"open","sticky":false,"template":"","format":"standard","meta":[],"categories":[7],"tags":[1461],"yoast_head":"<!-- This site is optimized with the Yoast SEO plugin v19.10 - https:\/\/yoast.com\/wordpress\/plugins\/seo\/ -->\n<title>Treff der deutschsprachigen Sternenparks im Naturpark Nossentiner\/Schwinzer Heide - Naturpark Nossentiner\/Schwinzer Heide<\/title>\n<meta name=\"robots\" content=\"index, follow, max-snippet:-1, max-image-preview:large, max-video-preview:-1\" \/>\n<link rel=\"canonical\" href=\"https:\/\/www.naturparkmagazin.de\/nossentiner-schwinzer-heide\/treff-der-deutschsprachigen-sternenparks-im-naturpark-nossentinerschwinzer-heide\/\" \/>\n<meta property=\"og:locale\" content=\"de_DE\" \/>\n<meta property=\"og:type\" content=\"article\" \/>\n<meta property=\"og:title\" content=\"Treff der deutschsprachigen Sternenparks im Naturpark Nossentiner\/Schwinzer Heide - Naturpark Nossentiner\/Schwinzer Heide\" \/>\n<meta property=\"og:description\" content=\"Am 10.\/11. M\u00e4rz fand im Naturpark Nossentiner\/Schwinzer Heide, eine der \u201edunkelsten\u201c Regionen Deutschlands, das Jahres-Treffen der deutschsprachigen Sternenparks statt.\u00a0 24 Vertreter der bereits ausgewiesenen und der geplanten Sternenparks aus Deutschland, \u00d6sterreich und der Schweiz trafen sich hier zum Informationsaustausch \u00fcber die verschiedenen Sternenparkprojekte, gemeinsame Pl\u00e4ne und neueste Forschungsergebnisse zum Thema Beleuchtung. Gerade vor dem Hintergrund\" \/>\n<meta property=\"og:url\" content=\"https:\/\/www.naturparkmagazin.de\/nossentiner-schwinzer-heide\/treff-der-deutschsprachigen-sternenparks-im-naturpark-nossentinerschwinzer-heide\/\" \/>\n<meta property=\"og:site_name\" content=\"Naturpark Nossentiner\/Schwinzer Heide\" \/>\n<meta property=\"article:published_time\" content=\"2019-02-20T12:24:22+00:00\" \/>\n<meta property=\"article:modified_time\" content=\"2019-03-28T12:26:37+00:00\" \/>\n<meta property=\"og:image\" content=\"https:\/\/www.naturparkmagazin.de\/nossentiner-schwinzer-heide\/wp-content\/uploads\/sites\/28\/WP_20190310_21_00_56_Rich.jpg\" \/>\n\t<meta property=\"og:image:width\" content=\"695\" \/>\n\t<meta property=\"og:image:height\" content=\"567\" \/>\n\t<meta property=\"og:image:type\" content=\"image\/jpeg\" \/>\n<meta name=\"author\" content=\"evelinkartheuser\" \/>\n<meta name=\"twitter:label1\" content=\"Verfasst von\" \/>\n\t<meta name=\"twitter:data1\" content=\"evelinkartheuser\" \/>\n\t<meta name=\"twitter:label2\" content=\"Gesch\u00e4tzte Lesezeit\" \/>\n\t<meta name=\"twitter:data2\" content=\"2\u00a0Minuten\" \/>\n<script type=\"application\/ld+json\" class=\"yoast-schema-graph\">{\"@context\":\"https:\/\/schema.org\",\"@graph\":[{\"@type\":\"WebPage\",\"@id\":\"https:\/\/www.naturparkmagazin.de\/nossentiner-schwinzer-heide\/treff-der-deutschsprachigen-sternenparks-im-naturpark-nossentinerschwinzer-heide\/\",\"url\":\"https:\/\/www.naturparkmagazin.de\/nossentiner-schwinzer-heide\/treff-der-deutschsprachigen-sternenparks-im-naturpark-nossentinerschwinzer-heide\/\",\"name\":\"Treff der deutschsprachigen Sternenparks im Naturpark Nossentiner\/Schwinzer Heide - Naturpark Nossentiner\/Schwinzer Heide\",\"isPartOf\":{\"@id\":\"https:\/\/www.naturparkmagazin.de\/nossentiner-schwinzer-heide\/#website\"},\"datePublished\":\"2019-02-20T12:24:22+00:00\",\"dateModified\":\"2019-03-28T12:26:37+00:00\",\"author\":{\"@id\":\"https:\/\/www.naturparkmagazin.de\/nossentiner-schwinzer-heide\/#\/schema\/person\/6e5721221b13b6f827e696f29ff18008\"},\"breadcrumb\":{\"@id\":\"https:\/\/www.naturparkmagazin.de\/nossentiner-schwinzer-heide\/treff-der-deutschsprachigen-sternenparks-im-naturpark-nossentinerschwinzer-heide\/#breadcrumb\"},\"inLanguage\":\"de\",\"potentialAction\":[{\"@type\":\"ReadAction\",\"target\":[\"https:\/\/www.naturparkmagazin.de\/nossentiner-schwinzer-heide\/treff-der-deutschsprachigen-sternenparks-im-naturpark-nossentinerschwinzer-heide\/\"]}]},{\"@type\":\"BreadcrumbList\",\"@id\":\"https:\/\/www.naturparkmagazin.de\/nossentiner-schwinzer-heide\/treff-der-deutschsprachigen-sternenparks-im-naturpark-nossentinerschwinzer-heide\/#breadcrumb\",\"itemListElement\":[{\"@type\":\"ListItem\",\"position\":1,\"name\":\"Home\",\"item\":\"https:\/\/www.naturparkmagazin.de\/nossentiner-schwinzer-heide\/\"},{\"@type\":\"ListItem\",\"position\":2,\"name\":\"Treff der deutschsprachigen Sternenparks im Naturpark Nossentiner\/Schwinzer Heide\"}]},{\"@type\":\"WebSite\",\"@id\":\"https:\/\/www.naturparkmagazin.de\/nossentiner-schwinzer-heide\/#website\",\"url\":\"https:\/\/www.naturparkmagazin.de\/nossentiner-schwinzer-heide\/\",\"name\":\"Naturpark Nossentiner\/Schwinzer Heide\",\"description\":\"\",\"potentialAction\":[{\"@type\":\"SearchAction\",\"target\":{\"@type\":\"EntryPoint\",\"urlTemplate\":\"https:\/\/www.naturparkmagazin.de\/nossentiner-schwinzer-heide\/?s={search_term_string}\"},\"query-input\":\"required name=search_term_string\"}],\"inLanguage\":\"de\"},{\"@type\":\"Person\",\"@id\":\"https:\/\/www.naturparkmagazin.de\/nossentiner-schwinzer-heide\/#\/schema\/person\/6e5721221b13b6f827e696f29ff18008\",\"name\":\"evelinkartheuser\",\"url\":\"https:\/\/www.naturparkmagazin.de\/nossentiner-schwinzer-heide\/author\/evelinkartheuser\/\"}]}<\/script>\n<!-- \/ Yoast SEO plugin. -->","yoast_head_json":{"title":"Treff der deutschsprachigen Sternenparks im Naturpark Nossentiner\/Schwinzer Heide - Naturpark Nossentiner\/Schwinzer Heide","robots":{"index":"index","follow":"follow","max-snippet":"max-snippet:-1","max-image-preview":"max-image-preview:large","max-video-preview":"max-video-preview:-1"},"canonical":"https:\/\/www.naturparkmagazin.de\/nossentiner-schwinzer-heide\/treff-der-deutschsprachigen-sternenparks-im-naturpark-nossentinerschwinzer-heide\/","og_locale":"de_DE","og_type":"article","og_title":"Treff der deutschsprachigen Sternenparks im Naturpark Nossentiner\/Schwinzer Heide - Naturpark Nossentiner\/Schwinzer Heide","og_description":"Am 10.\/11. M\u00e4rz fand im Naturpark Nossentiner\/Schwinzer Heide, eine der \u201edunkelsten\u201c Regionen Deutschlands, das Jahres-Treffen der deutschsprachigen Sternenparks statt.\u00a0 24 Vertreter der bereits ausgewiesenen und der geplanten Sternenparks aus Deutschland, \u00d6sterreich und der Schweiz trafen sich hier zum Informationsaustausch \u00fcber die verschiedenen Sternenparkprojekte, gemeinsame Pl\u00e4ne und neueste Forschungsergebnisse zum Thema Beleuchtung. Gerade vor dem Hintergrund","og_url":"https:\/\/www.naturparkmagazin.de\/nossentiner-schwinzer-heide\/treff-der-deutschsprachigen-sternenparks-im-naturpark-nossentinerschwinzer-heide\/","og_site_name":"Naturpark Nossentiner\/Schwinzer Heide","article_published_time":"2019-02-20T12:24:22+00:00","article_modified_time":"2019-03-28T12:26:37+00:00","og_image":[{"width":695,"height":567,"url":"https:\/\/www.naturparkmagazin.de\/nossentiner-schwinzer-heide\/wp-content\/uploads\/sites\/28\/WP_20190310_21_00_56_Rich.jpg","type":"image\/jpeg"}],"author":"evelinkartheuser","twitter_misc":{"Verfasst von":"evelinkartheuser","Gesch\u00e4tzte Lesezeit":"2\u00a0Minuten"},"schema":{"@context":"https:\/\/schema.org","@graph":[{"@type":"WebPage","@id":"https:\/\/www.naturparkmagazin.de\/nossentiner-schwinzer-heide\/treff-der-deutschsprachigen-sternenparks-im-naturpark-nossentinerschwinzer-heide\/","url":"https:\/\/www.naturparkmagazin.de\/nossentiner-schwinzer-heide\/treff-der-deutschsprachigen-sternenparks-im-naturpark-nossentinerschwinzer-heide\/","name":"Treff der deutschsprachigen Sternenparks im Naturpark Nossentiner\/Schwinzer Heide - Naturpark Nossentiner\/Schwinzer Heide","isPartOf":{"@id":"https:\/\/www.naturparkmagazin.de\/nossentiner-schwinzer-heide\/#website"},"datePublished":"2019-02-20T12:24:22+00:00","dateModified":"2019-03-28T12:26:37+00:00","author":{"@id":"https:\/\/www.naturparkmagazin.de\/nossentiner-schwinzer-heide\/#\/schema\/person\/6e5721221b13b6f827e696f29ff18008"},"breadcrumb":{"@id":"https:\/\/www.naturparkmagazin.de\/nossentiner-schwinzer-heide\/treff-der-deutschsprachigen-sternenparks-im-naturpark-nossentinerschwinzer-heide\/#breadcrumb"},"inLanguage":"de","potentialAction":[{"@type":"ReadAction","target":["https:\/\/www.naturparkmagazin.de\/nossentiner-schwinzer-heide\/treff-der-deutschsprachigen-sternenparks-im-naturpark-nossentinerschwinzer-heide\/"]}]},{"@type":"BreadcrumbList","@id":"https:\/\/www.naturparkmagazin.de\/nossentiner-schwinzer-heide\/treff-der-deutschsprachigen-sternenparks-im-naturpark-nossentinerschwinzer-heide\/#breadcrumb","itemListElement":[{"@type":"ListItem","position":1,"name":"Home","item":"https:\/\/www.naturparkmagazin.de\/nossentiner-schwinzer-heide\/"},{"@type":"ListItem","position":2,"name":"Treff der deutschsprachigen Sternenparks im Naturpark Nossentiner\/Schwinzer Heide"}]},{"@type":"WebSite","@id":"https:\/\/www.naturparkmagazin.de\/nossentiner-schwinzer-heide\/#website","url":"https:\/\/www.naturparkmagazin.de\/nossentiner-schwinzer-heide\/","name":"Naturpark Nossentiner\/Schwinzer Heide","description":"","potentialAction":[{"@type":"SearchAction","target":{"@type":"EntryPoint","urlTemplate":"https:\/\/www.naturparkmagazin.de\/nossentiner-schwinzer-heide\/?s={search_term_string}"},"query-input":"required name=search_term_string"}],"inLanguage":"de"},{"@type":"Person","@id":"https:\/\/www.naturparkmagazin.de\/nossentiner-schwinzer-heide\/#\/schema\/person\/6e5721221b13b6f827e696f29ff18008","name":"evelinkartheuser","url":"https:\/\/www.naturparkmagazin.de\/nossentiner-schwinzer-heide\/author\/evelinkartheuser\/"}]}},"_links":{"self":[{"href":"https:\/\/www.naturparkmagazin.de\/nossentiner-schwinzer-heide\/wp-json\/wp\/v2\/posts\/2307"}],"collection":[{"href":"https:\/\/www.naturparkmagazin.de\/nossentiner-schwinzer-heide\/wp-json\/wp\/v2\/posts"}],"about":[{"href":"https:\/\/www.naturparkmagazin.de\/nossentiner-schwinzer-heide\/wp-json\/wp\/v2\/types\/post"}],"author":[{"embeddable":true,"href":"https:\/\/www.naturparkmagazin.de\/nossentiner-schwinzer-heide\/wp-json\/wp\/v2\/users\/84"}],"replies":[{"embeddable":true,"href":"https:\/\/www.naturparkmagazin.de\/nossentiner-schwinzer-heide\/wp-json\/wp\/v2\/comments?post=2307"}],"version-history":[{"count":4,"href":"https:\/\/www.naturparkmagazin.de\/nossentiner-schwinzer-heide\/wp-json\/wp\/v2\/posts\/2307\/revisions"}],"predecessor-version":[{"id":2314,"href":"https:\/\/www.naturparkmagazin.de\/nossentiner-schwinzer-heide\/wp-json\/wp\/v2\/posts\/2307\/revisions\/2314"}],"wp:featuredmedia":[{"embeddable":true,"href":"https:\/\/www.naturparkmagazin.de\/nossentiner-schwinzer-heide\/wp-json\/wp\/v2\/media\/2311"}],"wp:attachment":[{"href":"https:\/\/www.naturparkmagazin.de\/nossentiner-schwinzer-heide\/wp-json\/wp\/v2\/media?parent=2307"}],"wp:term":[{"taxonomy":"category","embeddable":true,"href":"https:\/\/www.naturparkmagazin.de\/nossentiner-schwinzer-heide\/wp-json\/wp\/v2\/categories?post=2307"},{"taxonomy":"post_tag","embeddable":true,"href":"https:\/\/www.naturparkmagazin.de\/nossentiner-schwinzer-heide\/wp-json\/wp\/v2\/tags?post=2307"}],"curies":[{"name":"wp","href":"https:\/\/api.w.org\/{rel}","templated":true}]}}