{"id":2334,"date":"2019-04-16T22:09:23","date_gmt":"2019-04-16T20:09:23","guid":{"rendered":"https:\/\/www.naturparkmagazin.de\/nossentiner-schwinzer-heide\/?p=2334"},"modified":"2019-04-29T07:58:05","modified_gmt":"2019-04-29T05:58:05","slug":"30-jahre-naturpark-fotos-gesucht","status":"publish","type":"post","link":"https:\/\/www.naturparkmagazin.de\/nossentiner-schwinzer-heide\/30-jahre-naturpark-fotos-gesucht\/","title":{"rendered":"30 Jahre Naturpark \u2013 Fotos gesucht!"},"content":{"rendered":"<p>2020 wird unser Naturpark Nossentiner\/Schwinzer Heide 30 Jahre alt. Er wurde am 24. September 1990 im Rahmen des Nationalparkprogramms festgesetzt und ist damit einer der \u00e4ltesten Naturparke Ostdeutschlands. Bereits ein Jahr sp\u00e4ter gr\u00fcndete sich der F\u00f6rderverein des Naturparks. Dieser inzwischen zahlreiche Mitglieder z\u00e4hlende\u00a0 Verein ist seitdem ein starker Partner des Naturparks. Viele Naturschutzprojekte konnten umgesetzt werden.<\/p>\n<p>Was hat sich seit 1990 in der Naturparkregion ver\u00e4ndert? Wie haben sich die Landschaft, die D\u00f6rfer, die W\u00e4lder, die Menschen und ihre Lebensgewohnheiten gewandelt? Anl\u00e4sslich des Jubil\u00e4ums m\u00f6chte der Naturpark einen Bildband herausgeben. Daf\u00fcr werden Bilder aus den letzten 30 Jahren und insbesondere Bildvergleiche gesucht.<\/p>\n<p>Wenn auch Sie gern fotografieren und vielleicht in Ihrem Fotoarchiv Sch\u00e4tze schlummern, k\u00f6nnen Sie sich an diesem Projekt beteiligen. Sprechen Sie uns an oder senden Sie uns Ihre Bilder:<\/p>\n<p>Email: info-nsh@lung.mv-regierung.de<\/p>\n<p>Tel. 03873-87 390-0\u00a0\u00a0\u00a0 oder\u00a0\u00a0 0172\/3825985<\/p>\n<p>&nbsp;<\/p>\n<div id=\"attachment_2336\" style=\"width: 630px\" class=\"wp-caption alignnone\"><a href=\"https:\/\/www.naturparkmagazin.de\/nossentiner-schwinzer-heide\/wp-content\/uploads\/sites\/28\/Drewitzer-See-1994.jpg\" rel=\"http:\/\/www.landschaftswandel-mv.de\/wandelmotive\/gewaesser\/item\/drewitzer-see.html\"><img aria-describedby=\"caption-attachment-2336\" decoding=\"async\" loading=\"lazy\" class=\"wp-image-2336 size-medium\" src=\"https:\/\/www.naturparkmagazin.de\/nossentiner-schwinzer-heide\/wp-content\/uploads\/sites\/28\/Drewitzer-See-1994-620x420.jpg\" alt=\"\" width=\"620\" height=\"420\" srcset=\"https:\/\/www.naturparkmagazin.de\/nossentiner-schwinzer-heide\/wp-content\/uploads\/sites\/28\/Drewitzer-See-1994-620x420.jpg 620w, https:\/\/www.naturparkmagazin.de\/nossentiner-schwinzer-heide\/wp-content\/uploads\/sites\/28\/Drewitzer-See-1994-300x203.jpg 300w, https:\/\/www.naturparkmagazin.de\/nossentiner-schwinzer-heide\/wp-content\/uploads\/sites\/28\/Drewitzer-See-1994-940x636.jpg 940w, https:\/\/www.naturparkmagazin.de\/nossentiner-schwinzer-heide\/wp-content\/uploads\/sites\/28\/Drewitzer-See-1994-670x454.jpg 670w, https:\/\/www.naturparkmagazin.de\/nossentiner-schwinzer-heide\/wp-content\/uploads\/sites\/28\/Drewitzer-See-1994-200x135.jpg 200w, https:\/\/www.naturparkmagazin.de\/nossentiner-schwinzer-heide\/wp-content\/uploads\/sites\/28\/Drewitzer-See-1994.jpg 1000w\" sizes=\"(max-width: 620px) 100vw, 620px\" \/><\/a><p id=\"caption-attachment-2336\" class=\"wp-caption-text\">Historischer Blick von Alt Schwerin auf den Drewitzer See 1994. Inzwischen versperrt hier ein hoher Geh\u00f6lzstreifen den Blick auf den See.<\/p><\/div>\n<p><span style=\"color: #ff0000\">Weitere Bilder zum Landschaftswandel an diesem Ort sind auf folgender Seite ver\u00f6ffentlicht:<\/span><\/p>\n<p><a href=\"http:\/\/www.landschaftswandel-mv.de\/wandelmotive\/gewaesser\/item\/drewitzer-see.html\">http:\/\/www.landschaftswandel-mv.de\/wandelmotive\/gewaesser\/item\/drewitzer-see.html<\/a><\/p>\n<p>&nbsp;<\/p>\n<p>&nbsp;<\/p>\n<p>&nbsp;<\/p>\n<p>&nbsp;<\/p>\n","protected":false},"excerpt":{"rendered":"<p>2020 wird unser Naturpark Nossentiner\/Schwinzer Heide 30 Jahre alt. Er wurde am 24. September 1990 im Rahmen des Nationalparkprogramms festgesetzt und ist damit einer der \u00e4ltesten Naturparke Ostdeutschlands. Bereits ein Jahr sp\u00e4ter gr\u00fcndete sich der F\u00f6rderverein des Naturparks. Dieser inzwischen zahlreiche Mitglieder z\u00e4hlende\u00a0 Verein ist seitdem ein starker Partner des Naturparks. Viele Naturschutzprojekte konnten umgesetzt<\/p>\n","protected":false},"author":84,"featured_media":2336,"comment_status":"open","ping_status":"open","sticky":false,"template":"","format":"standard","meta":[],"categories":[7],"tags":[],"yoast_head":"<!-- This site is optimized with the Yoast SEO plugin v19.10 - https:\/\/yoast.com\/wordpress\/plugins\/seo\/ -->\n<title>30 Jahre Naturpark \u2013 Fotos gesucht! - Naturpark Nossentiner\/Schwinzer Heide<\/title>\n<meta name=\"robots\" content=\"index, follow, max-snippet:-1, max-image-preview:large, max-video-preview:-1\" \/>\n<link rel=\"canonical\" href=\"https:\/\/www.naturparkmagazin.de\/nossentiner-schwinzer-heide\/30-jahre-naturpark-fotos-gesucht\/\" \/>\n<meta property=\"og:locale\" content=\"de_DE\" \/>\n<meta property=\"og:type\" content=\"article\" \/>\n<meta property=\"og:title\" content=\"30 Jahre Naturpark \u2013 Fotos gesucht! - Naturpark Nossentiner\/Schwinzer Heide\" \/>\n<meta property=\"og:description\" content=\"2020 wird unser Naturpark Nossentiner\/Schwinzer Heide 30 Jahre alt. Er wurde am 24. September 1990 im Rahmen des Nationalparkprogramms festgesetzt und ist damit einer der \u00e4ltesten Naturparke Ostdeutschlands. Bereits ein Jahr sp\u00e4ter gr\u00fcndete sich der F\u00f6rderverein des Naturparks. Dieser inzwischen zahlreiche Mitglieder z\u00e4hlende\u00a0 Verein ist seitdem ein starker Partner des Naturparks. Viele Naturschutzprojekte konnten umgesetzt\" \/>\n<meta property=\"og:url\" content=\"https:\/\/www.naturparkmagazin.de\/nossentiner-schwinzer-heide\/30-jahre-naturpark-fotos-gesucht\/\" \/>\n<meta property=\"og:site_name\" content=\"Naturpark Nossentiner\/Schwinzer Heide\" \/>\n<meta property=\"article:published_time\" content=\"2019-04-16T20:09:23+00:00\" \/>\n<meta property=\"article:modified_time\" content=\"2019-04-29T05:58:05+00:00\" \/>\n<meta property=\"og:image\" content=\"https:\/\/www.naturparkmagazin.de\/nossentiner-schwinzer-heide\/wp-content\/uploads\/sites\/28\/Drewitzer-See-1994.jpg\" \/>\n\t<meta property=\"og:image:width\" content=\"1000\" \/>\n\t<meta property=\"og:image:height\" content=\"677\" \/>\n\t<meta property=\"og:image:type\" content=\"image\/jpeg\" \/>\n<meta name=\"author\" content=\"evelinkartheuser\" \/>\n<meta name=\"twitter:label1\" content=\"Verfasst von\" \/>\n\t<meta name=\"twitter:data1\" content=\"evelinkartheuser\" \/>\n\t<meta name=\"twitter:label2\" content=\"Gesch\u00e4tzte Lesezeit\" \/>\n\t<meta name=\"twitter:data2\" content=\"1\u00a0Minute\" \/>\n<script type=\"application\/ld+json\" class=\"yoast-schema-graph\">{\"@context\":\"https:\/\/schema.org\",\"@graph\":[{\"@type\":\"WebPage\",\"@id\":\"https:\/\/www.naturparkmagazin.de\/nossentiner-schwinzer-heide\/30-jahre-naturpark-fotos-gesucht\/\",\"url\":\"https:\/\/www.naturparkmagazin.de\/nossentiner-schwinzer-heide\/30-jahre-naturpark-fotos-gesucht\/\",\"name\":\"30 Jahre Naturpark \u2013 Fotos gesucht! - Naturpark Nossentiner\/Schwinzer Heide\",\"isPartOf\":{\"@id\":\"https:\/\/www.naturparkmagazin.de\/nossentiner-schwinzer-heide\/#website\"},\"datePublished\":\"2019-04-16T20:09:23+00:00\",\"dateModified\":\"2019-04-29T05:58:05+00:00\",\"author\":{\"@id\":\"https:\/\/www.naturparkmagazin.de\/nossentiner-schwinzer-heide\/#\/schema\/person\/6e5721221b13b6f827e696f29ff18008\"},\"breadcrumb\":{\"@id\":\"https:\/\/www.naturparkmagazin.de\/nossentiner-schwinzer-heide\/30-jahre-naturpark-fotos-gesucht\/#breadcrumb\"},\"inLanguage\":\"de\",\"potentialAction\":[{\"@type\":\"ReadAction\",\"target\":[\"https:\/\/www.naturparkmagazin.de\/nossentiner-schwinzer-heide\/30-jahre-naturpark-fotos-gesucht\/\"]}]},{\"@type\":\"BreadcrumbList\",\"@id\":\"https:\/\/www.naturparkmagazin.de\/nossentiner-schwinzer-heide\/30-jahre-naturpark-fotos-gesucht\/#breadcrumb\",\"itemListElement\":[{\"@type\":\"ListItem\",\"position\":1,\"name\":\"Home\",\"item\":\"https:\/\/www.naturparkmagazin.de\/nossentiner-schwinzer-heide\/\"},{\"@type\":\"ListItem\",\"position\":2,\"name\":\"30 Jahre Naturpark \u2013 Fotos gesucht!\"}]},{\"@type\":\"WebSite\",\"@id\":\"https:\/\/www.naturparkmagazin.de\/nossentiner-schwinzer-heide\/#website\",\"url\":\"https:\/\/www.naturparkmagazin.de\/nossentiner-schwinzer-heide\/\",\"name\":\"Naturpark Nossentiner\/Schwinzer Heide\",\"description\":\"\",\"potentialAction\":[{\"@type\":\"SearchAction\",\"target\":{\"@type\":\"EntryPoint\",\"urlTemplate\":\"https:\/\/www.naturparkmagazin.de\/nossentiner-schwinzer-heide\/?s={search_term_string}\"},\"query-input\":\"required name=search_term_string\"}],\"inLanguage\":\"de\"},{\"@type\":\"Person\",\"@id\":\"https:\/\/www.naturparkmagazin.de\/nossentiner-schwinzer-heide\/#\/schema\/person\/6e5721221b13b6f827e696f29ff18008\",\"name\":\"evelinkartheuser\",\"url\":\"https:\/\/www.naturparkmagazin.de\/nossentiner-schwinzer-heide\/author\/evelinkartheuser\/\"}]}<\/script>\n<!-- \/ Yoast SEO plugin. -->","yoast_head_json":{"title":"30 Jahre Naturpark \u2013 Fotos gesucht! - Naturpark Nossentiner\/Schwinzer Heide","robots":{"index":"index","follow":"follow","max-snippet":"max-snippet:-1","max-image-preview":"max-image-preview:large","max-video-preview":"max-video-preview:-1"},"canonical":"https:\/\/www.naturparkmagazin.de\/nossentiner-schwinzer-heide\/30-jahre-naturpark-fotos-gesucht\/","og_locale":"de_DE","og_type":"article","og_title":"30 Jahre Naturpark \u2013 Fotos gesucht! - Naturpark Nossentiner\/Schwinzer Heide","og_description":"2020 wird unser Naturpark Nossentiner\/Schwinzer Heide 30 Jahre alt. Er wurde am 24. September 1990 im Rahmen des Nationalparkprogramms festgesetzt und ist damit einer der \u00e4ltesten Naturparke Ostdeutschlands. Bereits ein Jahr sp\u00e4ter gr\u00fcndete sich der F\u00f6rderverein des Naturparks. Dieser inzwischen zahlreiche Mitglieder z\u00e4hlende\u00a0 Verein ist seitdem ein starker Partner des Naturparks. Viele Naturschutzprojekte konnten umgesetzt","og_url":"https:\/\/www.naturparkmagazin.de\/nossentiner-schwinzer-heide\/30-jahre-naturpark-fotos-gesucht\/","og_site_name":"Naturpark Nossentiner\/Schwinzer Heide","article_published_time":"2019-04-16T20:09:23+00:00","article_modified_time":"2019-04-29T05:58:05+00:00","og_image":[{"width":1000,"height":677,"url":"https:\/\/www.naturparkmagazin.de\/nossentiner-schwinzer-heide\/wp-content\/uploads\/sites\/28\/Drewitzer-See-1994.jpg","type":"image\/jpeg"}],"author":"evelinkartheuser","twitter_misc":{"Verfasst von":"evelinkartheuser","Gesch\u00e4tzte Lesezeit":"1\u00a0Minute"},"schema":{"@context":"https:\/\/schema.org","@graph":[{"@type":"WebPage","@id":"https:\/\/www.naturparkmagazin.de\/nossentiner-schwinzer-heide\/30-jahre-naturpark-fotos-gesucht\/","url":"https:\/\/www.naturparkmagazin.de\/nossentiner-schwinzer-heide\/30-jahre-naturpark-fotos-gesucht\/","name":"30 Jahre Naturpark \u2013 Fotos gesucht! - Naturpark Nossentiner\/Schwinzer Heide","isPartOf":{"@id":"https:\/\/www.naturparkmagazin.de\/nossentiner-schwinzer-heide\/#website"},"datePublished":"2019-04-16T20:09:23+00:00","dateModified":"2019-04-29T05:58:05+00:00","author":{"@id":"https:\/\/www.naturparkmagazin.de\/nossentiner-schwinzer-heide\/#\/schema\/person\/6e5721221b13b6f827e696f29ff18008"},"breadcrumb":{"@id":"https:\/\/www.naturparkmagazin.de\/nossentiner-schwinzer-heide\/30-jahre-naturpark-fotos-gesucht\/#breadcrumb"},"inLanguage":"de","potentialAction":[{"@type":"ReadAction","target":["https:\/\/www.naturparkmagazin.de\/nossentiner-schwinzer-heide\/30-jahre-naturpark-fotos-gesucht\/"]}]},{"@type":"BreadcrumbList","@id":"https:\/\/www.naturparkmagazin.de\/nossentiner-schwinzer-heide\/30-jahre-naturpark-fotos-gesucht\/#breadcrumb","itemListElement":[{"@type":"ListItem","position":1,"name":"Home","item":"https:\/\/www.naturparkmagazin.de\/nossentiner-schwinzer-heide\/"},{"@type":"ListItem","position":2,"name":"30 Jahre Naturpark \u2013 Fotos gesucht!"}]},{"@type":"WebSite","@id":"https:\/\/www.naturparkmagazin.de\/nossentiner-schwinzer-heide\/#website","url":"https:\/\/www.naturparkmagazin.de\/nossentiner-schwinzer-heide\/","name":"Naturpark Nossentiner\/Schwinzer Heide","description":"","potentialAction":[{"@type":"SearchAction","target":{"@type":"EntryPoint","urlTemplate":"https:\/\/www.naturparkmagazin.de\/nossentiner-schwinzer-heide\/?s={search_term_string}"},"query-input":"required name=search_term_string"}],"inLanguage":"de"},{"@type":"Person","@id":"https:\/\/www.naturparkmagazin.de\/nossentiner-schwinzer-heide\/#\/schema\/person\/6e5721221b13b6f827e696f29ff18008","name":"evelinkartheuser","url":"https:\/\/www.naturparkmagazin.de\/nossentiner-schwinzer-heide\/author\/evelinkartheuser\/"}]}},"_links":{"self":[{"href":"https:\/\/www.naturparkmagazin.de\/nossentiner-schwinzer-heide\/wp-json\/wp\/v2\/posts\/2334"}],"collection":[{"href":"https:\/\/www.naturparkmagazin.de\/nossentiner-schwinzer-heide\/wp-json\/wp\/v2\/posts"}],"about":[{"href":"https:\/\/www.naturparkmagazin.de\/nossentiner-schwinzer-heide\/wp-json\/wp\/v2\/types\/post"}],"author":[{"embeddable":true,"href":"https:\/\/www.naturparkmagazin.de\/nossentiner-schwinzer-heide\/wp-json\/wp\/v2\/users\/84"}],"replies":[{"embeddable":true,"href":"https:\/\/www.naturparkmagazin.de\/nossentiner-schwinzer-heide\/wp-json\/wp\/v2\/comments?post=2334"}],"version-history":[{"count":5,"href":"https:\/\/www.naturparkmagazin.de\/nossentiner-schwinzer-heide\/wp-json\/wp\/v2\/posts\/2334\/revisions"}],"predecessor-version":[{"id":2341,"href":"https:\/\/www.naturparkmagazin.de\/nossentiner-schwinzer-heide\/wp-json\/wp\/v2\/posts\/2334\/revisions\/2341"}],"wp:featuredmedia":[{"embeddable":true,"href":"https:\/\/www.naturparkmagazin.de\/nossentiner-schwinzer-heide\/wp-json\/wp\/v2\/media\/2336"}],"wp:attachment":[{"href":"https:\/\/www.naturparkmagazin.de\/nossentiner-schwinzer-heide\/wp-json\/wp\/v2\/media?parent=2334"}],"wp:term":[{"taxonomy":"category","embeddable":true,"href":"https:\/\/www.naturparkmagazin.de\/nossentiner-schwinzer-heide\/wp-json\/wp\/v2\/categories?post=2334"},{"taxonomy":"post_tag","embeddable":true,"href":"https:\/\/www.naturparkmagazin.de\/nossentiner-schwinzer-heide\/wp-json\/wp\/v2\/tags?post=2334"}],"curies":[{"name":"wp","href":"https:\/\/api.w.org\/{rel}","templated":true}]}}