{"id":2346,"date":"2019-04-12T08:25:31","date_gmt":"2019-04-12T06:25:31","guid":{"rendered":"https:\/\/www.naturparkmagazin.de\/nossentiner-schwinzer-heide\/?p=2346"},"modified":"2019-04-29T10:44:55","modified_gmt":"2019-04-29T08:44:55","slug":"tag-des-baumes-2019","status":"publish","type":"post","link":"https:\/\/www.naturparkmagazin.de\/nossentiner-schwinzer-heide\/tag-des-baumes-2019\/","title":{"rendered":"Tag des Baumes 2019"},"content":{"rendered":"<p>Der Tag des Baumes am 25. April 2019 war wieder ein voller Erfolg.<\/p>\n<p>Die SVZ berichtet in ihrer Zeitung f\u00fcr L\u00fcbz-Goldberg-Plau am 29.04.2019:<\/p>\n<p>&nbsp;<\/p>\n<p><a href=\"https:\/\/www.naturparkmagazin.de\/nossentiner-schwinzer-heide\/wp-content\/uploads\/sites\/28\/2019_TdBaumes.jpg\"><img decoding=\"async\" loading=\"lazy\" class=\"alignnone size-medium wp-image-2347\" src=\"https:\/\/www.naturparkmagazin.de\/nossentiner-schwinzer-heide\/wp-content\/uploads\/sites\/28\/2019_TdBaumes-620x466.jpg\" alt=\"2019_TdBaumes\" width=\"620\" height=\"466\" srcset=\"https:\/\/www.naturparkmagazin.de\/nossentiner-schwinzer-heide\/wp-content\/uploads\/sites\/28\/2019_TdBaumes-620x466.jpg 620w, https:\/\/www.naturparkmagazin.de\/nossentiner-schwinzer-heide\/wp-content\/uploads\/sites\/28\/2019_TdBaumes-300x226.jpg 300w, https:\/\/www.naturparkmagazin.de\/nossentiner-schwinzer-heide\/wp-content\/uploads\/sites\/28\/2019_TdBaumes-940x707.jpg 940w, https:\/\/www.naturparkmagazin.de\/nossentiner-schwinzer-heide\/wp-content\/uploads\/sites\/28\/2019_TdBaumes-580x435.jpg 580w, https:\/\/www.naturparkmagazin.de\/nossentiner-schwinzer-heide\/wp-content\/uploads\/sites\/28\/2019_TdBaumes-420x315.jpg 420w, https:\/\/www.naturparkmagazin.de\/nossentiner-schwinzer-heide\/wp-content\/uploads\/sites\/28\/2019_TdBaumes-180x135.jpg 180w, https:\/\/www.naturparkmagazin.de\/nossentiner-schwinzer-heide\/wp-content\/uploads\/sites\/28\/2019_TdBaumes-95x71.jpg 95w, https:\/\/www.naturparkmagazin.de\/nossentiner-schwinzer-heide\/wp-content\/uploads\/sites\/28\/2019_TdBaumes-670x504.jpg 670w, https:\/\/www.naturparkmagazin.de\/nossentiner-schwinzer-heide\/wp-content\/uploads\/sites\/28\/2019_TdBaumes-200x150.jpg 200w, https:\/\/www.naturparkmagazin.de\/nossentiner-schwinzer-heide\/wp-content\/uploads\/sites\/28\/2019_TdBaumes.jpg 943w\" sizes=\"(max-width: 620px) 100vw, 620px\" \/><\/a><\/p>\n<p>Autor: Niels Troelenberg, SVZ<\/p>\n<p>Karow\/Dobbertin. Das Laub raschelt, die \u00c4ste und Zweige knacken unter dem Druck der Schuhsohlen. Langsam bewegen sich die Menschen im Wald einen H\u00fcgel hinauf. Nach einigen Metern zeichnen sich die Konturen des ersten Giganten ab. Kurze Zeit sp\u00e4ter stehen die Menschen vor dem Baumriesen, der hier seit einigen hundert Jahren die \u00c4ste in den Wind h\u00e4lt. Die Eiche ist bereits abgestorben, doch ihre Erscheinung ist immer noch sehr beeindruckend.<\/p>\n<p>Anl\u00e4sslich des Tages des Baumes lud der Naturpark Nossentiner\/Schwinzer Heide dazu ein, mit Naturparkleiter Ralf Koch einige Baumriesen der Region zu besuchen. Koch begr\u00fc\u00dfte die gut 20 Teilnehmer am Karower Meiler und erkl\u00e4rte, dass es den Tag des Baumes bereits seit 1952 in Deutschland gebe und es eine kleine Tradition sei, die Baumriesen zu besuchen anstatt einen Baum zu pflanzen. Dann stellte er kurz die geplante Tagestour vor und schon ging es los.<\/p>\n<p>Erstes Ziel war die Wenden-Eiche bei L\u00fcschow, die laut Koch 2010 abgestorben ist und damals einen Stammumfang von 5,35 Meter hatte. Der Grund f\u00fcr das Absterben sei eine benachbarte Buche, die der Eiche das Licht nahm, das sie dringend ben\u00f6tige. Das Alter der Wenden-Eiche wird auf 400 bis 500 Jahre gesch\u00e4tzt, womit sie im Durchschnitt liegen w\u00fcrde. \u201eDie \u00e4ltesten Eichen k\u00f6nnen bis zu 1000 Jahre alt werden\u201c, sagt der Naturparkchef.<\/p>\n<p>Als n\u00e4chstes ging es an den nord\u00f6stlichen Ortsrand von Dobbertin. Hier steht etwas versteckt die laut Koch dickste Schwarz-Erle Deutschlands. 2010 wurde ein Stammumfang von 6,30 Meter gemessen. Ihr Alter wird auf 150 Jahre gesch\u00e4tzt. Schwarz-Erlen w\u00fcrden sich dadurch auszeichnen, dass sie \u201ean Flie\u00dfgew\u00e4ssern zu Hause\u201c sind und \u201esehr schnell wachsen\u201c. Zudem seien sie \u201ein der Lage, neun bis elf Monate unter Wasser stehen zu k\u00f6nnen\u201c, ohne zu sterben. Der Baum verf\u00fcge \u00fcber \u201eein System von L\u00f6chern im Stammbereich, mit denen er Luft zieht\u201c.<\/p>\n<p>Anschlie\u00dfend fuhr die Gruppe in Richtung Norden. Dort befinden sich in einen Wald bei Kl\u00e4den 18 K\u00fcstendouglasien, die in L-Form gepflanzt worden sind. Der Naturparkleiter erkl\u00e4rte, dass die Art um 1850 von der Westk\u00fcste Nordamerikas nach Europa gekommen ist, um die 60 Meter hoch und bis zu 1400 Jahre alt wird. Da es sich bei der K\u00fcstendouglasie um einen sehr schnell wachsenden Baum handele, sei er holzwirtschaftlich sehr attraktiv. Die B\u00e4ume vor Ort stammen wohl aus dem Ende des 19. Jahrhunderts.<\/p>\n<p>Zum Abschluss dieses informativen Ausfluges machten sich die Teilnehmer auf, die W\u00e4chter-Eiche von Kl\u00e4den zu besuchen. Sie ist mit einem Stammumfang von zirka neun Metern die st\u00e4rkste Eiche des Naturparks.<\/p>\n","protected":false},"excerpt":{"rendered":"<p>Der Tag des Baumes am 25. April 2019 war wieder ein voller Erfolg. Die SVZ berichtet in ihrer Zeitung f\u00fcr L\u00fcbz-Goldberg-Plau am 29.04.2019: &nbsp; Autor: Niels Troelenberg, SVZ Karow\/Dobbertin. Das Laub raschelt, die \u00c4ste und Zweige knacken unter dem Druck der Schuhsohlen. Langsam bewegen sich die Menschen im Wald einen H\u00fcgel hinauf. Nach einigen Metern<\/p>\n","protected":false},"author":84,"featured_media":2347,"comment_status":"open","ping_status":"open","sticky":false,"template":"","format":"standard","meta":[],"categories":[7],"tags":[],"yoast_head":"<!-- This site is optimized with the Yoast SEO plugin v19.10 - https:\/\/yoast.com\/wordpress\/plugins\/seo\/ -->\n<title>Tag des Baumes 2019 - Naturpark Nossentiner\/Schwinzer Heide<\/title>\n<meta name=\"robots\" content=\"index, follow, max-snippet:-1, max-image-preview:large, max-video-preview:-1\" \/>\n<link rel=\"canonical\" href=\"https:\/\/www.naturparkmagazin.de\/nossentiner-schwinzer-heide\/tag-des-baumes-2019\/\" \/>\n<meta property=\"og:locale\" content=\"de_DE\" \/>\n<meta property=\"og:type\" content=\"article\" \/>\n<meta property=\"og:title\" content=\"Tag des Baumes 2019 - Naturpark Nossentiner\/Schwinzer Heide\" \/>\n<meta property=\"og:description\" content=\"Der Tag des Baumes am 25. April 2019 war wieder ein voller Erfolg. Die SVZ berichtet in ihrer Zeitung f\u00fcr L\u00fcbz-Goldberg-Plau am 29.04.2019: &nbsp; Autor: Niels Troelenberg, SVZ Karow\/Dobbertin. Das Laub raschelt, die \u00c4ste und Zweige knacken unter dem Druck der Schuhsohlen. Langsam bewegen sich die Menschen im Wald einen H\u00fcgel hinauf. Nach einigen Metern\" \/>\n<meta property=\"og:url\" content=\"https:\/\/www.naturparkmagazin.de\/nossentiner-schwinzer-heide\/tag-des-baumes-2019\/\" \/>\n<meta property=\"og:site_name\" content=\"Naturpark Nossentiner\/Schwinzer Heide\" \/>\n<meta property=\"article:published_time\" content=\"2019-04-12T06:25:31+00:00\" \/>\n<meta property=\"article:modified_time\" content=\"2019-04-29T08:44:55+00:00\" \/>\n<meta property=\"og:image\" content=\"https:\/\/www.naturparkmagazin.de\/nossentiner-schwinzer-heide\/wp-content\/uploads\/sites\/28\/2019_TdBaumes.jpg\" \/>\n\t<meta property=\"og:image:width\" content=\"943\" \/>\n\t<meta property=\"og:image:height\" content=\"709\" \/>\n\t<meta property=\"og:image:type\" content=\"image\/jpeg\" \/>\n<meta name=\"author\" content=\"evelinkartheuser\" \/>\n<meta name=\"twitter:label1\" content=\"Verfasst von\" \/>\n\t<meta name=\"twitter:data1\" content=\"evelinkartheuser\" \/>\n\t<meta name=\"twitter:label2\" content=\"Gesch\u00e4tzte Lesezeit\" \/>\n\t<meta name=\"twitter:data2\" content=\"2\u00a0Minuten\" \/>\n<script type=\"application\/ld+json\" class=\"yoast-schema-graph\">{\"@context\":\"https:\/\/schema.org\",\"@graph\":[{\"@type\":\"WebPage\",\"@id\":\"https:\/\/www.naturparkmagazin.de\/nossentiner-schwinzer-heide\/tag-des-baumes-2019\/\",\"url\":\"https:\/\/www.naturparkmagazin.de\/nossentiner-schwinzer-heide\/tag-des-baumes-2019\/\",\"name\":\"Tag des Baumes 2019 - Naturpark Nossentiner\/Schwinzer Heide\",\"isPartOf\":{\"@id\":\"https:\/\/www.naturparkmagazin.de\/nossentiner-schwinzer-heide\/#website\"},\"datePublished\":\"2019-04-12T06:25:31+00:00\",\"dateModified\":\"2019-04-29T08:44:55+00:00\",\"author\":{\"@id\":\"https:\/\/www.naturparkmagazin.de\/nossentiner-schwinzer-heide\/#\/schema\/person\/6e5721221b13b6f827e696f29ff18008\"},\"breadcrumb\":{\"@id\":\"https:\/\/www.naturparkmagazin.de\/nossentiner-schwinzer-heide\/tag-des-baumes-2019\/#breadcrumb\"},\"inLanguage\":\"de\",\"potentialAction\":[{\"@type\":\"ReadAction\",\"target\":[\"https:\/\/www.naturparkmagazin.de\/nossentiner-schwinzer-heide\/tag-des-baumes-2019\/\"]}]},{\"@type\":\"BreadcrumbList\",\"@id\":\"https:\/\/www.naturparkmagazin.de\/nossentiner-schwinzer-heide\/tag-des-baumes-2019\/#breadcrumb\",\"itemListElement\":[{\"@type\":\"ListItem\",\"position\":1,\"name\":\"Home\",\"item\":\"https:\/\/www.naturparkmagazin.de\/nossentiner-schwinzer-heide\/\"},{\"@type\":\"ListItem\",\"position\":2,\"name\":\"Tag des Baumes 2019\"}]},{\"@type\":\"WebSite\",\"@id\":\"https:\/\/www.naturparkmagazin.de\/nossentiner-schwinzer-heide\/#website\",\"url\":\"https:\/\/www.naturparkmagazin.de\/nossentiner-schwinzer-heide\/\",\"name\":\"Naturpark Nossentiner\/Schwinzer Heide\",\"description\":\"\",\"potentialAction\":[{\"@type\":\"SearchAction\",\"target\":{\"@type\":\"EntryPoint\",\"urlTemplate\":\"https:\/\/www.naturparkmagazin.de\/nossentiner-schwinzer-heide\/?s={search_term_string}\"},\"query-input\":\"required name=search_term_string\"}],\"inLanguage\":\"de\"},{\"@type\":\"Person\",\"@id\":\"https:\/\/www.naturparkmagazin.de\/nossentiner-schwinzer-heide\/#\/schema\/person\/6e5721221b13b6f827e696f29ff18008\",\"name\":\"evelinkartheuser\",\"url\":\"https:\/\/www.naturparkmagazin.de\/nossentiner-schwinzer-heide\/author\/evelinkartheuser\/\"}]}<\/script>\n<!-- \/ Yoast SEO plugin. -->","yoast_head_json":{"title":"Tag des Baumes 2019 - Naturpark Nossentiner\/Schwinzer Heide","robots":{"index":"index","follow":"follow","max-snippet":"max-snippet:-1","max-image-preview":"max-image-preview:large","max-video-preview":"max-video-preview:-1"},"canonical":"https:\/\/www.naturparkmagazin.de\/nossentiner-schwinzer-heide\/tag-des-baumes-2019\/","og_locale":"de_DE","og_type":"article","og_title":"Tag des Baumes 2019 - Naturpark Nossentiner\/Schwinzer Heide","og_description":"Der Tag des Baumes am 25. April 2019 war wieder ein voller Erfolg. Die SVZ berichtet in ihrer Zeitung f\u00fcr L\u00fcbz-Goldberg-Plau am 29.04.2019: &nbsp; Autor: Niels Troelenberg, SVZ Karow\/Dobbertin. Das Laub raschelt, die \u00c4ste und Zweige knacken unter dem Druck der Schuhsohlen. Langsam bewegen sich die Menschen im Wald einen H\u00fcgel hinauf. Nach einigen Metern","og_url":"https:\/\/www.naturparkmagazin.de\/nossentiner-schwinzer-heide\/tag-des-baumes-2019\/","og_site_name":"Naturpark Nossentiner\/Schwinzer Heide","article_published_time":"2019-04-12T06:25:31+00:00","article_modified_time":"2019-04-29T08:44:55+00:00","og_image":[{"width":943,"height":709,"url":"https:\/\/www.naturparkmagazin.de\/nossentiner-schwinzer-heide\/wp-content\/uploads\/sites\/28\/2019_TdBaumes.jpg","type":"image\/jpeg"}],"author":"evelinkartheuser","twitter_misc":{"Verfasst von":"evelinkartheuser","Gesch\u00e4tzte Lesezeit":"2\u00a0Minuten"},"schema":{"@context":"https:\/\/schema.org","@graph":[{"@type":"WebPage","@id":"https:\/\/www.naturparkmagazin.de\/nossentiner-schwinzer-heide\/tag-des-baumes-2019\/","url":"https:\/\/www.naturparkmagazin.de\/nossentiner-schwinzer-heide\/tag-des-baumes-2019\/","name":"Tag des Baumes 2019 - Naturpark Nossentiner\/Schwinzer Heide","isPartOf":{"@id":"https:\/\/www.naturparkmagazin.de\/nossentiner-schwinzer-heide\/#website"},"datePublished":"2019-04-12T06:25:31+00:00","dateModified":"2019-04-29T08:44:55+00:00","author":{"@id":"https:\/\/www.naturparkmagazin.de\/nossentiner-schwinzer-heide\/#\/schema\/person\/6e5721221b13b6f827e696f29ff18008"},"breadcrumb":{"@id":"https:\/\/www.naturparkmagazin.de\/nossentiner-schwinzer-heide\/tag-des-baumes-2019\/#breadcrumb"},"inLanguage":"de","potentialAction":[{"@type":"ReadAction","target":["https:\/\/www.naturparkmagazin.de\/nossentiner-schwinzer-heide\/tag-des-baumes-2019\/"]}]},{"@type":"BreadcrumbList","@id":"https:\/\/www.naturparkmagazin.de\/nossentiner-schwinzer-heide\/tag-des-baumes-2019\/#breadcrumb","itemListElement":[{"@type":"ListItem","position":1,"name":"Home","item":"https:\/\/www.naturparkmagazin.de\/nossentiner-schwinzer-heide\/"},{"@type":"ListItem","position":2,"name":"Tag des Baumes 2019"}]},{"@type":"WebSite","@id":"https:\/\/www.naturparkmagazin.de\/nossentiner-schwinzer-heide\/#website","url":"https:\/\/www.naturparkmagazin.de\/nossentiner-schwinzer-heide\/","name":"Naturpark Nossentiner\/Schwinzer Heide","description":"","potentialAction":[{"@type":"SearchAction","target":{"@type":"EntryPoint","urlTemplate":"https:\/\/www.naturparkmagazin.de\/nossentiner-schwinzer-heide\/?s={search_term_string}"},"query-input":"required name=search_term_string"}],"inLanguage":"de"},{"@type":"Person","@id":"https:\/\/www.naturparkmagazin.de\/nossentiner-schwinzer-heide\/#\/schema\/person\/6e5721221b13b6f827e696f29ff18008","name":"evelinkartheuser","url":"https:\/\/www.naturparkmagazin.de\/nossentiner-schwinzer-heide\/author\/evelinkartheuser\/"}]}},"_links":{"self":[{"href":"https:\/\/www.naturparkmagazin.de\/nossentiner-schwinzer-heide\/wp-json\/wp\/v2\/posts\/2346"}],"collection":[{"href":"https:\/\/www.naturparkmagazin.de\/nossentiner-schwinzer-heide\/wp-json\/wp\/v2\/posts"}],"about":[{"href":"https:\/\/www.naturparkmagazin.de\/nossentiner-schwinzer-heide\/wp-json\/wp\/v2\/types\/post"}],"author":[{"embeddable":true,"href":"https:\/\/www.naturparkmagazin.de\/nossentiner-schwinzer-heide\/wp-json\/wp\/v2\/users\/84"}],"replies":[{"embeddable":true,"href":"https:\/\/www.naturparkmagazin.de\/nossentiner-schwinzer-heide\/wp-json\/wp\/v2\/comments?post=2346"}],"version-history":[{"count":1,"href":"https:\/\/www.naturparkmagazin.de\/nossentiner-schwinzer-heide\/wp-json\/wp\/v2\/posts\/2346\/revisions"}],"predecessor-version":[{"id":2348,"href":"https:\/\/www.naturparkmagazin.de\/nossentiner-schwinzer-heide\/wp-json\/wp\/v2\/posts\/2346\/revisions\/2348"}],"wp:featuredmedia":[{"embeddable":true,"href":"https:\/\/www.naturparkmagazin.de\/nossentiner-schwinzer-heide\/wp-json\/wp\/v2\/media\/2347"}],"wp:attachment":[{"href":"https:\/\/www.naturparkmagazin.de\/nossentiner-schwinzer-heide\/wp-json\/wp\/v2\/media?parent=2346"}],"wp:term":[{"taxonomy":"category","embeddable":true,"href":"https:\/\/www.naturparkmagazin.de\/nossentiner-schwinzer-heide\/wp-json\/wp\/v2\/categories?post=2346"},{"taxonomy":"post_tag","embeddable":true,"href":"https:\/\/www.naturparkmagazin.de\/nossentiner-schwinzer-heide\/wp-json\/wp\/v2\/tags?post=2346"}],"curies":[{"name":"wp","href":"https:\/\/api.w.org\/{rel}","templated":true}]}}