{"id":2349,"date":"2019-04-12T09:41:03","date_gmt":"2019-04-12T07:41:03","guid":{"rendered":"https:\/\/www.naturparkmagazin.de\/nossentiner-schwinzer-heide\/?p=2349"},"modified":"2019-04-29T10:45:56","modified_gmt":"2019-04-29T08:45:56","slug":"viele-teilnehmer-beim-obstbaum-veredelungskurs-im-naturpark","status":"publish","type":"post","link":"https:\/\/www.naturparkmagazin.de\/nossentiner-schwinzer-heide\/viele-teilnehmer-beim-obstbaum-veredelungskurs-im-naturpark\/","title":{"rendered":"Viele Teilnehmer beim Obstbaum-Veredelungskurs im Naturpark"},"content":{"rendered":"<p>Am 30.3.2019 fand im Naturparkzentrum Karower Meiler der erste Obstbaum-Veredelungskurs im Naturpark statt. 23 Teilnehmer erfuhren von den Referenten R\u00fcdiger Brandt und Ronny M\u00fcller viel \u00fcber Theorie und Praxis der Veredelung. Dirk M\u00fcller informierte \u00fcber das Streuobstnetzwerk und Sortenerhalt in M-V. Denn gerade durch regen Austausch der Sorten k\u00f6nnen letztere erhalten werden.<\/p>\n<div id=\"attachment_2351\" style=\"width: 630px\" class=\"wp-caption alignnone\"><a href=\"https:\/\/www.naturparkmagazin.de\/nossentiner-schwinzer-heide\/wp-content\/uploads\/sites\/28\/WP_20190330_09_22_08_Rich.jpg\"><img aria-describedby=\"caption-attachment-2351\" decoding=\"async\" loading=\"lazy\" class=\"wp-image-2351 size-medium\" src=\"https:\/\/www.naturparkmagazin.de\/nossentiner-schwinzer-heide\/wp-content\/uploads\/sites\/28\/WP_20190330_09_22_08_Rich-620x348.jpg\" alt=\"WP_20190330_09_22_08_Rich\" width=\"620\" height=\"348\" srcset=\"https:\/\/www.naturparkmagazin.de\/nossentiner-schwinzer-heide\/wp-content\/uploads\/sites\/28\/WP_20190330_09_22_08_Rich-620x348.jpg 620w, https:\/\/www.naturparkmagazin.de\/nossentiner-schwinzer-heide\/wp-content\/uploads\/sites\/28\/WP_20190330_09_22_08_Rich-300x169.jpg 300w, https:\/\/www.naturparkmagazin.de\/nossentiner-schwinzer-heide\/wp-content\/uploads\/sites\/28\/WP_20190330_09_22_08_Rich-940x528.jpg 940w, https:\/\/www.naturparkmagazin.de\/nossentiner-schwinzer-heide\/wp-content\/uploads\/sites\/28\/WP_20190330_09_22_08_Rich-670x377.jpg 670w, https:\/\/www.naturparkmagazin.de\/nossentiner-schwinzer-heide\/wp-content\/uploads\/sites\/28\/WP_20190330_09_22_08_Rich-200x112.jpg 200w, https:\/\/www.naturparkmagazin.de\/nossentiner-schwinzer-heide\/wp-content\/uploads\/sites\/28\/WP_20190330_09_22_08_Rich.jpg 1000w\" sizes=\"(max-width: 620px) 100vw, 620px\" \/><\/a><p id=\"caption-attachment-2351\" class=\"wp-caption-text\">Vor der Praxis kommt die Theorie: R\u00fcdiger Brandt erkl\u00e4rt die Grundlagen des Kronenaufbaus und verschiedene Veredelungstechniken.<\/p><\/div>\n<p>Anschlie\u00dfend wurde die Veredelungstechnik Kopulation ge\u00fcbt. Bei herrlichem warmen Fr\u00fchlingswetter konnte drau\u00dfen gearbeitet werden. Nach vielen mehr oder weniger gelungenen Versuchen konnten die Teilnehmer selbst kleine veredelte B\u00e4ume herstellen und daf\u00fcr aus verschiedenen Unterlagen und Edelreisern w\u00e4hlen.<\/p>\n<div id=\"attachment_2352\" style=\"width: 630px\" class=\"wp-caption alignnone\"><a href=\"https:\/\/www.naturparkmagazin.de\/nossentiner-schwinzer-heide\/wp-content\/uploads\/sites\/28\/WP_20190330_13_16_31_Rich.jpg\"><img aria-describedby=\"caption-attachment-2352\" decoding=\"async\" loading=\"lazy\" class=\"wp-image-2352 size-medium\" src=\"https:\/\/www.naturparkmagazin.de\/nossentiner-schwinzer-heide\/wp-content\/uploads\/sites\/28\/WP_20190330_13_16_31_Rich-620x349.jpg\" alt=\"WP_20190330_13_16_31_Rich\" width=\"620\" height=\"349\" srcset=\"https:\/\/www.naturparkmagazin.de\/nossentiner-schwinzer-heide\/wp-content\/uploads\/sites\/28\/WP_20190330_13_16_31_Rich-620x349.jpg 620w, https:\/\/www.naturparkmagazin.de\/nossentiner-schwinzer-heide\/wp-content\/uploads\/sites\/28\/WP_20190330_13_16_31_Rich-300x169.jpg 300w, https:\/\/www.naturparkmagazin.de\/nossentiner-schwinzer-heide\/wp-content\/uploads\/sites\/28\/WP_20190330_13_16_31_Rich-940x529.jpg 940w, https:\/\/www.naturparkmagazin.de\/nossentiner-schwinzer-heide\/wp-content\/uploads\/sites\/28\/WP_20190330_13_16_31_Rich-670x377.jpg 670w, https:\/\/www.naturparkmagazin.de\/nossentiner-schwinzer-heide\/wp-content\/uploads\/sites\/28\/WP_20190330_13_16_31_Rich-200x113.jpg 200w, https:\/\/www.naturparkmagazin.de\/nossentiner-schwinzer-heide\/wp-content\/uploads\/sites\/28\/WP_20190330_13_16_31_Rich.jpg 1000w\" sizes=\"(max-width: 620px) 100vw, 620px\" \/><\/a><p id=\"caption-attachment-2352\" class=\"wp-caption-text\">Der Schnitt muss sitzen: glatt und gerade. Und nicht im Daumen!<\/p><\/div>\n<div id=\"attachment_2356\" style=\"width: 630px\" class=\"wp-caption alignnone\"><a href=\"https:\/\/www.naturparkmagazin.de\/nossentiner-schwinzer-heide\/wp-content\/uploads\/sites\/28\/WP_20190330_14_53_07_Rich.jpg\"><img aria-describedby=\"caption-attachment-2356\" decoding=\"async\" loading=\"lazy\" class=\"wp-image-2356 size-medium\" src=\"https:\/\/www.naturparkmagazin.de\/nossentiner-schwinzer-heide\/wp-content\/uploads\/sites\/28\/WP_20190330_14_53_07_Rich-620x349.jpg\" alt=\"WP_20190330_14_53_07_Rich\" width=\"620\" height=\"349\" srcset=\"https:\/\/www.naturparkmagazin.de\/nossentiner-schwinzer-heide\/wp-content\/uploads\/sites\/28\/WP_20190330_14_53_07_Rich-620x349.jpg 620w, https:\/\/www.naturparkmagazin.de\/nossentiner-schwinzer-heide\/wp-content\/uploads\/sites\/28\/WP_20190330_14_53_07_Rich-300x169.jpg 300w, https:\/\/www.naturparkmagazin.de\/nossentiner-schwinzer-heide\/wp-content\/uploads\/sites\/28\/WP_20190330_14_53_07_Rich-940x529.jpg 940w, https:\/\/www.naturparkmagazin.de\/nossentiner-schwinzer-heide\/wp-content\/uploads\/sites\/28\/WP_20190330_14_53_07_Rich-670x377.jpg 670w, https:\/\/www.naturparkmagazin.de\/nossentiner-schwinzer-heide\/wp-content\/uploads\/sites\/28\/WP_20190330_14_53_07_Rich-200x113.jpg 200w, https:\/\/www.naturparkmagazin.de\/nossentiner-schwinzer-heide\/wp-content\/uploads\/sites\/28\/WP_20190330_14_53_07_Rich.jpg 1000w\" sizes=\"(max-width: 620px) 100vw, 620px\" \/><\/a><p id=\"caption-attachment-2356\" class=\"wp-caption-text\">Schauveredelung durch Ronny M\u00fcller an k\u00fcnftigen Sortenerhalter-B\u00e4umen im Garten des Naturparkzentrums<\/p><\/div>\n<p>Wir bedanken uns bei der Landeslehrst\u00e4tte M-V, die diesen Kurs unterst\u00fctzt hat.<\/p>\n<p>Aufgrund des regen Interesses am Thema &#8211; rund 15 Interessenten musste aufgrund der begrenzten Teilnehmerzahl abgesagt werden &#8211; hoffen wir, den Kurs im n\u00e4chsten Jahr wiederholen zu k\u00f6nnen.<\/p>\n<p>&nbsp;<\/p>\n<p>&nbsp;<\/p>\n","protected":false},"excerpt":{"rendered":"<p>Am 30.3.2019 fand im Naturparkzentrum Karower Meiler der erste Obstbaum-Veredelungskurs im Naturpark statt. 23 Teilnehmer erfuhren von den Referenten R\u00fcdiger Brandt und Ronny M\u00fcller viel \u00fcber Theorie und Praxis der Veredelung. Dirk M\u00fcller informierte \u00fcber das Streuobstnetzwerk und Sortenerhalt in M-V. Denn gerade durch regen Austausch der Sorten k\u00f6nnen letztere erhalten werden. Anschlie\u00dfend wurde die<\/p>\n","protected":false},"author":84,"featured_media":2356,"comment_status":"open","ping_status":"open","sticky":false,"template":"","format":"standard","meta":[],"categories":[11],"tags":[],"yoast_head":"<!-- This site is optimized with the Yoast SEO plugin v19.10 - https:\/\/yoast.com\/wordpress\/plugins\/seo\/ -->\n<title>Viele Teilnehmer beim Obstbaum-Veredelungskurs im Naturpark - Naturpark Nossentiner\/Schwinzer Heide<\/title>\n<meta name=\"robots\" content=\"index, follow, max-snippet:-1, max-image-preview:large, max-video-preview:-1\" \/>\n<link rel=\"canonical\" href=\"https:\/\/www.naturparkmagazin.de\/nossentiner-schwinzer-heide\/viele-teilnehmer-beim-obstbaum-veredelungskurs-im-naturpark\/\" \/>\n<meta property=\"og:locale\" content=\"de_DE\" \/>\n<meta property=\"og:type\" content=\"article\" \/>\n<meta property=\"og:title\" content=\"Viele Teilnehmer beim Obstbaum-Veredelungskurs im Naturpark - Naturpark Nossentiner\/Schwinzer Heide\" \/>\n<meta property=\"og:description\" content=\"Am 30.3.2019 fand im Naturparkzentrum Karower Meiler der erste Obstbaum-Veredelungskurs im Naturpark statt. 23 Teilnehmer erfuhren von den Referenten R\u00fcdiger Brandt und Ronny M\u00fcller viel \u00fcber Theorie und Praxis der Veredelung. Dirk M\u00fcller informierte \u00fcber das Streuobstnetzwerk und Sortenerhalt in M-V. Denn gerade durch regen Austausch der Sorten k\u00f6nnen letztere erhalten werden. Anschlie\u00dfend wurde die\" \/>\n<meta property=\"og:url\" content=\"https:\/\/www.naturparkmagazin.de\/nossentiner-schwinzer-heide\/viele-teilnehmer-beim-obstbaum-veredelungskurs-im-naturpark\/\" \/>\n<meta property=\"og:site_name\" content=\"Naturpark Nossentiner\/Schwinzer Heide\" \/>\n<meta property=\"article:published_time\" content=\"2019-04-12T07:41:03+00:00\" \/>\n<meta property=\"article:modified_time\" content=\"2019-04-29T08:45:56+00:00\" \/>\n<meta property=\"og:image\" content=\"https:\/\/www.naturparkmagazin.de\/nossentiner-schwinzer-heide\/wp-content\/uploads\/sites\/28\/WP_20190330_14_53_07_Rich.jpg\" \/>\n\t<meta property=\"og:image:width\" content=\"1000\" \/>\n\t<meta property=\"og:image:height\" content=\"563\" \/>\n\t<meta property=\"og:image:type\" content=\"image\/jpeg\" \/>\n<meta name=\"author\" content=\"evelinkartheuser\" \/>\n<meta name=\"twitter:label1\" content=\"Verfasst von\" \/>\n\t<meta name=\"twitter:data1\" content=\"evelinkartheuser\" \/>\n\t<meta name=\"twitter:label2\" content=\"Gesch\u00e4tzte Lesezeit\" \/>\n\t<meta name=\"twitter:data2\" content=\"1\u00a0Minute\" \/>\n<script type=\"application\/ld+json\" class=\"yoast-schema-graph\">{\"@context\":\"https:\/\/schema.org\",\"@graph\":[{\"@type\":\"WebPage\",\"@id\":\"https:\/\/www.naturparkmagazin.de\/nossentiner-schwinzer-heide\/viele-teilnehmer-beim-obstbaum-veredelungskurs-im-naturpark\/\",\"url\":\"https:\/\/www.naturparkmagazin.de\/nossentiner-schwinzer-heide\/viele-teilnehmer-beim-obstbaum-veredelungskurs-im-naturpark\/\",\"name\":\"Viele Teilnehmer beim Obstbaum-Veredelungskurs im Naturpark - Naturpark Nossentiner\/Schwinzer Heide\",\"isPartOf\":{\"@id\":\"https:\/\/www.naturparkmagazin.de\/nossentiner-schwinzer-heide\/#website\"},\"datePublished\":\"2019-04-12T07:41:03+00:00\",\"dateModified\":\"2019-04-29T08:45:56+00:00\",\"author\":{\"@id\":\"https:\/\/www.naturparkmagazin.de\/nossentiner-schwinzer-heide\/#\/schema\/person\/6e5721221b13b6f827e696f29ff18008\"},\"breadcrumb\":{\"@id\":\"https:\/\/www.naturparkmagazin.de\/nossentiner-schwinzer-heide\/viele-teilnehmer-beim-obstbaum-veredelungskurs-im-naturpark\/#breadcrumb\"},\"inLanguage\":\"de\",\"potentialAction\":[{\"@type\":\"ReadAction\",\"target\":[\"https:\/\/www.naturparkmagazin.de\/nossentiner-schwinzer-heide\/viele-teilnehmer-beim-obstbaum-veredelungskurs-im-naturpark\/\"]}]},{\"@type\":\"BreadcrumbList\",\"@id\":\"https:\/\/www.naturparkmagazin.de\/nossentiner-schwinzer-heide\/viele-teilnehmer-beim-obstbaum-veredelungskurs-im-naturpark\/#breadcrumb\",\"itemListElement\":[{\"@type\":\"ListItem\",\"position\":1,\"name\":\"Home\",\"item\":\"https:\/\/www.naturparkmagazin.de\/nossentiner-schwinzer-heide\/\"},{\"@type\":\"ListItem\",\"position\":2,\"name\":\"Viele Teilnehmer beim Obstbaum-Veredelungskurs im Naturpark\"}]},{\"@type\":\"WebSite\",\"@id\":\"https:\/\/www.naturparkmagazin.de\/nossentiner-schwinzer-heide\/#website\",\"url\":\"https:\/\/www.naturparkmagazin.de\/nossentiner-schwinzer-heide\/\",\"name\":\"Naturpark Nossentiner\/Schwinzer Heide\",\"description\":\"\",\"potentialAction\":[{\"@type\":\"SearchAction\",\"target\":{\"@type\":\"EntryPoint\",\"urlTemplate\":\"https:\/\/www.naturparkmagazin.de\/nossentiner-schwinzer-heide\/?s={search_term_string}\"},\"query-input\":\"required name=search_term_string\"}],\"inLanguage\":\"de\"},{\"@type\":\"Person\",\"@id\":\"https:\/\/www.naturparkmagazin.de\/nossentiner-schwinzer-heide\/#\/schema\/person\/6e5721221b13b6f827e696f29ff18008\",\"name\":\"evelinkartheuser\",\"url\":\"https:\/\/www.naturparkmagazin.de\/nossentiner-schwinzer-heide\/author\/evelinkartheuser\/\"}]}<\/script>\n<!-- \/ Yoast SEO plugin. -->","yoast_head_json":{"title":"Viele Teilnehmer beim Obstbaum-Veredelungskurs im Naturpark - Naturpark Nossentiner\/Schwinzer Heide","robots":{"index":"index","follow":"follow","max-snippet":"max-snippet:-1","max-image-preview":"max-image-preview:large","max-video-preview":"max-video-preview:-1"},"canonical":"https:\/\/www.naturparkmagazin.de\/nossentiner-schwinzer-heide\/viele-teilnehmer-beim-obstbaum-veredelungskurs-im-naturpark\/","og_locale":"de_DE","og_type":"article","og_title":"Viele Teilnehmer beim Obstbaum-Veredelungskurs im Naturpark - Naturpark Nossentiner\/Schwinzer Heide","og_description":"Am 30.3.2019 fand im Naturparkzentrum Karower Meiler der erste Obstbaum-Veredelungskurs im Naturpark statt. 23 Teilnehmer erfuhren von den Referenten R\u00fcdiger Brandt und Ronny M\u00fcller viel \u00fcber Theorie und Praxis der Veredelung. Dirk M\u00fcller informierte \u00fcber das Streuobstnetzwerk und Sortenerhalt in M-V. Denn gerade durch regen Austausch der Sorten k\u00f6nnen letztere erhalten werden. Anschlie\u00dfend wurde die","og_url":"https:\/\/www.naturparkmagazin.de\/nossentiner-schwinzer-heide\/viele-teilnehmer-beim-obstbaum-veredelungskurs-im-naturpark\/","og_site_name":"Naturpark Nossentiner\/Schwinzer Heide","article_published_time":"2019-04-12T07:41:03+00:00","article_modified_time":"2019-04-29T08:45:56+00:00","og_image":[{"width":1000,"height":563,"url":"https:\/\/www.naturparkmagazin.de\/nossentiner-schwinzer-heide\/wp-content\/uploads\/sites\/28\/WP_20190330_14_53_07_Rich.jpg","type":"image\/jpeg"}],"author":"evelinkartheuser","twitter_misc":{"Verfasst von":"evelinkartheuser","Gesch\u00e4tzte Lesezeit":"1\u00a0Minute"},"schema":{"@context":"https:\/\/schema.org","@graph":[{"@type":"WebPage","@id":"https:\/\/www.naturparkmagazin.de\/nossentiner-schwinzer-heide\/viele-teilnehmer-beim-obstbaum-veredelungskurs-im-naturpark\/","url":"https:\/\/www.naturparkmagazin.de\/nossentiner-schwinzer-heide\/viele-teilnehmer-beim-obstbaum-veredelungskurs-im-naturpark\/","name":"Viele Teilnehmer beim Obstbaum-Veredelungskurs im Naturpark - Naturpark Nossentiner\/Schwinzer Heide","isPartOf":{"@id":"https:\/\/www.naturparkmagazin.de\/nossentiner-schwinzer-heide\/#website"},"datePublished":"2019-04-12T07:41:03+00:00","dateModified":"2019-04-29T08:45:56+00:00","author":{"@id":"https:\/\/www.naturparkmagazin.de\/nossentiner-schwinzer-heide\/#\/schema\/person\/6e5721221b13b6f827e696f29ff18008"},"breadcrumb":{"@id":"https:\/\/www.naturparkmagazin.de\/nossentiner-schwinzer-heide\/viele-teilnehmer-beim-obstbaum-veredelungskurs-im-naturpark\/#breadcrumb"},"inLanguage":"de","potentialAction":[{"@type":"ReadAction","target":["https:\/\/www.naturparkmagazin.de\/nossentiner-schwinzer-heide\/viele-teilnehmer-beim-obstbaum-veredelungskurs-im-naturpark\/"]}]},{"@type":"BreadcrumbList","@id":"https:\/\/www.naturparkmagazin.de\/nossentiner-schwinzer-heide\/viele-teilnehmer-beim-obstbaum-veredelungskurs-im-naturpark\/#breadcrumb","itemListElement":[{"@type":"ListItem","position":1,"name":"Home","item":"https:\/\/www.naturparkmagazin.de\/nossentiner-schwinzer-heide\/"},{"@type":"ListItem","position":2,"name":"Viele Teilnehmer beim Obstbaum-Veredelungskurs im Naturpark"}]},{"@type":"WebSite","@id":"https:\/\/www.naturparkmagazin.de\/nossentiner-schwinzer-heide\/#website","url":"https:\/\/www.naturparkmagazin.de\/nossentiner-schwinzer-heide\/","name":"Naturpark Nossentiner\/Schwinzer Heide","description":"","potentialAction":[{"@type":"SearchAction","target":{"@type":"EntryPoint","urlTemplate":"https:\/\/www.naturparkmagazin.de\/nossentiner-schwinzer-heide\/?s={search_term_string}"},"query-input":"required name=search_term_string"}],"inLanguage":"de"},{"@type":"Person","@id":"https:\/\/www.naturparkmagazin.de\/nossentiner-schwinzer-heide\/#\/schema\/person\/6e5721221b13b6f827e696f29ff18008","name":"evelinkartheuser","url":"https:\/\/www.naturparkmagazin.de\/nossentiner-schwinzer-heide\/author\/evelinkartheuser\/"}]}},"_links":{"self":[{"href":"https:\/\/www.naturparkmagazin.de\/nossentiner-schwinzer-heide\/wp-json\/wp\/v2\/posts\/2349"}],"collection":[{"href":"https:\/\/www.naturparkmagazin.de\/nossentiner-schwinzer-heide\/wp-json\/wp\/v2\/posts"}],"about":[{"href":"https:\/\/www.naturparkmagazin.de\/nossentiner-schwinzer-heide\/wp-json\/wp\/v2\/types\/post"}],"author":[{"embeddable":true,"href":"https:\/\/www.naturparkmagazin.de\/nossentiner-schwinzer-heide\/wp-json\/wp\/v2\/users\/84"}],"replies":[{"embeddable":true,"href":"https:\/\/www.naturparkmagazin.de\/nossentiner-schwinzer-heide\/wp-json\/wp\/v2\/comments?post=2349"}],"version-history":[{"count":5,"href":"https:\/\/www.naturparkmagazin.de\/nossentiner-schwinzer-heide\/wp-json\/wp\/v2\/posts\/2349\/revisions"}],"predecessor-version":[{"id":2360,"href":"https:\/\/www.naturparkmagazin.de\/nossentiner-schwinzer-heide\/wp-json\/wp\/v2\/posts\/2349\/revisions\/2360"}],"wp:featuredmedia":[{"embeddable":true,"href":"https:\/\/www.naturparkmagazin.de\/nossentiner-schwinzer-heide\/wp-json\/wp\/v2\/media\/2356"}],"wp:attachment":[{"href":"https:\/\/www.naturparkmagazin.de\/nossentiner-schwinzer-heide\/wp-json\/wp\/v2\/media?parent=2349"}],"wp:term":[{"taxonomy":"category","embeddable":true,"href":"https:\/\/www.naturparkmagazin.de\/nossentiner-schwinzer-heide\/wp-json\/wp\/v2\/categories?post=2349"},{"taxonomy":"post_tag","embeddable":true,"href":"https:\/\/www.naturparkmagazin.de\/nossentiner-schwinzer-heide\/wp-json\/wp\/v2\/tags?post=2349"}],"curies":[{"name":"wp","href":"https:\/\/api.w.org\/{rel}","templated":true}]}}