{"id":2385,"date":"2019-05-17T17:06:12","date_gmt":"2019-05-17T15:06:12","guid":{"rendered":"https:\/\/www.naturparkmagazin.de\/nossentiner-schwinzer-heide\/?p=2385"},"modified":"2019-05-28T17:31:20","modified_gmt":"2019-05-28T15:31:20","slug":"goldbergs-grundschule-wird-naturparkschule-3","status":"publish","type":"post","link":"https:\/\/www.naturparkmagazin.de\/nossentiner-schwinzer-heide\/goldbergs-grundschule-wird-naturparkschule-3\/","title":{"rendered":"Goldbergs Grundschule wird Naturparkschule"},"content":{"rendered":"<p>Am 27. Mai 2019 gab es gleich\u00a0zwei Gr\u00fcnde zum Feiern: zum einen das 20-j\u00e4hrige Bestehen der Schule als Grundschule, zum anderen die Ernennung zur Naturparkschule.<\/p>\n<p>&#8222;Naturpark-Schule&#8220; ist eine bundesweite Auszeichnung des Verbandes der Naturparke, welche an Schulen innerhalb der einzelnen Naturpark verliehen werden kann. An die Verleihung sind Kriterien gebunden, welche in einer Kooperationsvereinbarung ihren Niederschlag finden. Diese enth\u00e4lt konkrete Anforderungen, welche beide Seiten in den n\u00e4chsten f\u00fcnf Jahren erf\u00fcllen sollen, um dem Titel \u201eNaturpark- Schule\u201c gerecht zu werden. So soll das Thema \u201eNaturpark-Schule\u201c als Schulentwicklungsvorhaben umgesetzt werden. Eine j\u00e4hrliche Schulung des Lehrerkollegiums z\u00e4hlt ebenso dazu wie das Vorhaben, jede Klasse einmal pro Jahr in Form eines Projektes oder einer Exkursion mit den Aktivit\u00e4ten bzw. Gegebenheiten des Naturparkes vertraut zu machen. Themenbezogenes und f\u00e4cher\u00fcbergreifendes Arbeiten wird angestrebt. Die Lerninhalte werden mit den g\u00fcltigen Bildungs- oder Lehrpl\u00e4nen abgestimmt. Der Naturpark stellt Umweltbildungsmaterialien zur Verf\u00fcgung und unterst\u00fctzt bei der Organisation der betreffenden Veranstaltungen.<\/p>\n<p>Das neue Kapitel \u201eNaturparkschule\u201c wurde mit einem von den Sch\u00fclern und Lehrern vielf\u00e4ltig zusammengestellten Programm gestartet. Der Naturpark \u00fcbergab als offizielles Zeichen f\u00fcr die Anerkennung als Naturpark-Schule ein Schild \u201eNaturpark Nossentiner\/ Schwinzer Heide\u201c mit der Naturparkeule. Au\u00dferdem \u00fcbergab Ralf Koch eine kleine Stieleiche. Sie steht symbolisch f\u00fcr eine lange Zusammenarbeit, die im Laufe der Jahre sich mehr und mehr entwickeln wird. Beim n\u00e4chsten Junior-Ranger-Treffen unter der Leitung von der Wachleiterin Irena Zarff wird die kleine Naturpark-Eiche beim gr\u00fcnen Klassenzimmer in Goldberg fachgerecht eingepflanzt.<\/p>\n<div id=\"attachment_2369\" style=\"width: 630px\" class=\"wp-caption alignnone\"><a href=\"https:\/\/www.naturparkmagazin.de\/nossentiner-schwinzer-heide\/wp-content\/uploads\/sites\/28\/IMG_4914.jpg\"><img aria-describedby=\"caption-attachment-2369\" decoding=\"async\" loading=\"lazy\" class=\"wp-image-2369 size-medium\" src=\"https:\/\/www.naturparkmagazin.de\/nossentiner-schwinzer-heide\/wp-content\/uploads\/sites\/28\/IMG_4914-620x413.jpg\" alt=\"IMG_4914\" width=\"620\" height=\"413\" srcset=\"https:\/\/www.naturparkmagazin.de\/nossentiner-schwinzer-heide\/wp-content\/uploads\/sites\/28\/IMG_4914-620x413.jpg 620w, https:\/\/www.naturparkmagazin.de\/nossentiner-schwinzer-heide\/wp-content\/uploads\/sites\/28\/IMG_4914-300x200.jpg 300w, https:\/\/www.naturparkmagazin.de\/nossentiner-schwinzer-heide\/wp-content\/uploads\/sites\/28\/IMG_4914-940x627.jpg 940w, https:\/\/www.naturparkmagazin.de\/nossentiner-schwinzer-heide\/wp-content\/uploads\/sites\/28\/IMG_4914-670x447.jpg 670w, https:\/\/www.naturparkmagazin.de\/nossentiner-schwinzer-heide\/wp-content\/uploads\/sites\/28\/IMG_4914-200x133.jpg 200w, https:\/\/www.naturparkmagazin.de\/nossentiner-schwinzer-heide\/wp-content\/uploads\/sites\/28\/IMG_4914.jpg 1200w\" sizes=\"(max-width: 620px) 100vw, 620px\" \/><\/a><p id=\"caption-attachment-2369\" class=\"wp-caption-text\">Naturparkleiter Ralf Koch \u00fcberreicht Schulleiterin Annett W\u00fcster das Zertifikat&#8230;<\/p><\/div>\n<p>&nbsp;<\/p>\n<div id=\"attachment_2368\" style=\"width: 630px\" class=\"wp-caption alignnone\"><a href=\"https:\/\/www.naturparkmagazin.de\/nossentiner-schwinzer-heide\/wp-content\/uploads\/sites\/28\/IMG_4908.jpg\"><img aria-describedby=\"caption-attachment-2368\" decoding=\"async\" loading=\"lazy\" class=\"wp-image-2368 size-medium\" src=\"https:\/\/www.naturparkmagazin.de\/nossentiner-schwinzer-heide\/wp-content\/uploads\/sites\/28\/IMG_4908-620x413.jpg\" alt=\"IMG_4908\" width=\"620\" height=\"413\" srcset=\"https:\/\/www.naturparkmagazin.de\/nossentiner-schwinzer-heide\/wp-content\/uploads\/sites\/28\/IMG_4908-620x413.jpg 620w, https:\/\/www.naturparkmagazin.de\/nossentiner-schwinzer-heide\/wp-content\/uploads\/sites\/28\/IMG_4908-300x200.jpg 300w, https:\/\/www.naturparkmagazin.de\/nossentiner-schwinzer-heide\/wp-content\/uploads\/sites\/28\/IMG_4908-940x627.jpg 940w, https:\/\/www.naturparkmagazin.de\/nossentiner-schwinzer-heide\/wp-content\/uploads\/sites\/28\/IMG_4908-670x447.jpg 670w, https:\/\/www.naturparkmagazin.de\/nossentiner-schwinzer-heide\/wp-content\/uploads\/sites\/28\/IMG_4908-200x133.jpg 200w, https:\/\/www.naturparkmagazin.de\/nossentiner-schwinzer-heide\/wp-content\/uploads\/sites\/28\/IMG_4908.jpg 1200w\" sizes=\"(max-width: 620px) 100vw, 620px\" \/><\/a><p id=\"caption-attachment-2368\" class=\"wp-caption-text\">&#8230; und die Naturparkeule<\/p><\/div>\n<div id=\"attachment_2372\" style=\"width: 630px\" class=\"wp-caption alignnone\"><a href=\"https:\/\/www.naturparkmagazin.de\/nossentiner-schwinzer-heide\/wp-content\/uploads\/sites\/28\/IMG_4622.jpg\"><img aria-describedby=\"caption-attachment-2372\" decoding=\"async\" loading=\"lazy\" class=\"wp-image-2372 size-medium\" src=\"https:\/\/www.naturparkmagazin.de\/nossentiner-schwinzer-heide\/wp-content\/uploads\/sites\/28\/IMG_4622-620x413.jpg\" alt=\"IMG_4622\" width=\"620\" height=\"413\" srcset=\"https:\/\/www.naturparkmagazin.de\/nossentiner-schwinzer-heide\/wp-content\/uploads\/sites\/28\/IMG_4622-620x413.jpg 620w, https:\/\/www.naturparkmagazin.de\/nossentiner-schwinzer-heide\/wp-content\/uploads\/sites\/28\/IMG_4622-300x200.jpg 300w, https:\/\/www.naturparkmagazin.de\/nossentiner-schwinzer-heide\/wp-content\/uploads\/sites\/28\/IMG_4622-940x627.jpg 940w, https:\/\/www.naturparkmagazin.de\/nossentiner-schwinzer-heide\/wp-content\/uploads\/sites\/28\/IMG_4622-670x447.jpg 670w, https:\/\/www.naturparkmagazin.de\/nossentiner-schwinzer-heide\/wp-content\/uploads\/sites\/28\/IMG_4622-200x133.jpg 200w, https:\/\/www.naturparkmagazin.de\/nossentiner-schwinzer-heide\/wp-content\/uploads\/sites\/28\/IMG_4622.jpg 1200w\" sizes=\"(max-width: 620px) 100vw, 620px\" \/><\/a><p id=\"caption-attachment-2372\" class=\"wp-caption-text\">Die Kinder feierten das Ereignis geb\u00fchrend mit einem umfangreichen B\u00fchnenprogramm<\/p><\/div>\n<div id=\"attachment_2373\" style=\"width: 630px\" class=\"wp-caption alignnone\"><a href=\"https:\/\/www.naturparkmagazin.de\/nossentiner-schwinzer-heide\/wp-content\/uploads\/sites\/28\/IMG_4904.jpg\"><img aria-describedby=\"caption-attachment-2373\" decoding=\"async\" loading=\"lazy\" class=\"wp-image-2373 size-medium\" src=\"https:\/\/www.naturparkmagazin.de\/nossentiner-schwinzer-heide\/wp-content\/uploads\/sites\/28\/IMG_4904-620x413.jpg\" alt=\"IMG_4904\" width=\"620\" height=\"413\" srcset=\"https:\/\/www.naturparkmagazin.de\/nossentiner-schwinzer-heide\/wp-content\/uploads\/sites\/28\/IMG_4904-620x413.jpg 620w, https:\/\/www.naturparkmagazin.de\/nossentiner-schwinzer-heide\/wp-content\/uploads\/sites\/28\/IMG_4904-300x200.jpg 300w, https:\/\/www.naturparkmagazin.de\/nossentiner-schwinzer-heide\/wp-content\/uploads\/sites\/28\/IMG_4904-940x627.jpg 940w, https:\/\/www.naturparkmagazin.de\/nossentiner-schwinzer-heide\/wp-content\/uploads\/sites\/28\/IMG_4904-670x447.jpg 670w, https:\/\/www.naturparkmagazin.de\/nossentiner-schwinzer-heide\/wp-content\/uploads\/sites\/28\/IMG_4904-200x133.jpg 200w, https:\/\/www.naturparkmagazin.de\/nossentiner-schwinzer-heide\/wp-content\/uploads\/sites\/28\/IMG_4904.jpg 1200w\" sizes=\"(max-width: 620px) 100vw, 620px\" \/><\/a><p id=\"caption-attachment-2373\" class=\"wp-caption-text\">Symbolisch f\u00fcr eine gute Zusammenarbeit wurde der Schule eine kleine Stieleiche \u00fcberreicht.<\/p><\/div>\n<div id=\"attachment_2370\" style=\"width: 630px\" class=\"wp-caption alignnone\"><a href=\"https:\/\/www.naturparkmagazin.de\/nossentiner-schwinzer-heide\/wp-content\/uploads\/sites\/28\/IMG_4921.jpg\"><img aria-describedby=\"caption-attachment-2370\" decoding=\"async\" loading=\"lazy\" class=\"wp-image-2370 size-medium\" src=\"https:\/\/www.naturparkmagazin.de\/nossentiner-schwinzer-heide\/wp-content\/uploads\/sites\/28\/IMG_4921-620x413.jpg\" alt=\"IMG_4921\" width=\"620\" height=\"413\" srcset=\"https:\/\/www.naturparkmagazin.de\/nossentiner-schwinzer-heide\/wp-content\/uploads\/sites\/28\/IMG_4921-620x413.jpg 620w, https:\/\/www.naturparkmagazin.de\/nossentiner-schwinzer-heide\/wp-content\/uploads\/sites\/28\/IMG_4921-300x200.jpg 300w, https:\/\/www.naturparkmagazin.de\/nossentiner-schwinzer-heide\/wp-content\/uploads\/sites\/28\/IMG_4921-940x627.jpg 940w, https:\/\/www.naturparkmagazin.de\/nossentiner-schwinzer-heide\/wp-content\/uploads\/sites\/28\/IMG_4921-670x447.jpg 670w, https:\/\/www.naturparkmagazin.de\/nossentiner-schwinzer-heide\/wp-content\/uploads\/sites\/28\/IMG_4921-200x133.jpg 200w, https:\/\/www.naturparkmagazin.de\/nossentiner-schwinzer-heide\/wp-content\/uploads\/sites\/28\/IMG_4921.jpg 1200w\" sizes=\"(max-width: 620px) 100vw, 620px\" \/><\/a><p id=\"caption-attachment-2370\" class=\"wp-caption-text\">Die Kinder bedankten sich mit einer Wandzeitung f\u00fcr den Projekttag &#8222;Wetter und Klima&#8220;, den sie im April im Naturpark erlebten<\/p><\/div>\n<p>Die SVZ berichtet in ihrer Ausgabe vom 28.5.2019:<\/p>\n<p>Im Zeichen des Uhus &#8211; John-Brinckman-Schule in Goldberg ist jetzt auch eine Naturparkschule<\/p>\n<p><!-- byline.tl --><!-- END byline.tl --><\/p>\n<div class=\"content\"><!-- image-gallery-slider.tl --><\/p>\n<div id=\"portraitSlides\" class=\"slides-container portrait\">\n<div class=\"slides\">\n<div class=\"slideimage imagecontent top-large-image-container portrait large\">\n<div style=\"width: 761px\" class=\"wp-caption alignnone\"><img decoding=\"async\" loading=\"lazy\" src=\"https:\/\/www.e-pages.dk\/lubzgoldbergplau\/2045\/assets\/a220046947i0005_max1024x.jpg\" alt=\"Das Erkennungszeichen dabei: Ralf  Koch  (r.) \u00fcbergab neben dem Dokument  auch das Naturparksymbol  an Annett W\u00fcster.  Mona Laudan\" width=\"751\" height=\"1004\" \/><p class=\"wp-caption-text\">Das Erkennungszeichen dabei: Ralf Koch (r.) \u00fcbergab neben dem Dokument auch das Naturparksymbol an Annett W\u00fcster. Foto: Mona Laudan<\/p><\/div>\n<div class=\"image-gallery-teaser large\"><\/div>\n<\/div>\n<\/div>\n<div class=\"slides-progressbar\">\u00a0<i>Mona Laudan,<\/i> <span class=\"place\">Goldberg.<\/span> \u201eAlles, was ich anfassen und sehen kann, pr\u00e4gt sich besser ein.\u201c Mit diesem Satz unterstrich Schulleiterin Annett W\u00fcster die Wichtigkeit, Kinder schon fr\u00fch mit der sie umgebenden Natur vertraut zu machen. Genau deswegen machten sich Sch\u00fcler und Lehrer in den letzten zwei Jahren auf den Weg, die W\u00e4lder und Wiesen in ihrer Heimat einer n\u00e4heren Betrachtung zu unterziehen. So besch\u00e4ftigten sich Teile der Sch\u00fclerschaft in einem Projekt bereits mit den Flederm\u00e4usen. Auch wurde im Rahmen der Umweltwanderwoche das feste Schuhwerk herausgeholt und bei einem Projekttag zum Thema \u201eKlima und Wald\u201c in Wooster Teerofen die Natur erkundet. Als verl\u00e4sslicher Partner mit im Boot: der Naturpark Nossentiner\/Schwinzer Heide. Leiter Ralf Koch und Kerstin Breuer, eine der beiden Stellvertreter, statteten so passend zum 20-j\u00e4hrigen Jubil\u00e4um, welches mit einem kleinen Programm in der Aula begangen wurde, der Schule einen Besuch ab. Mit im Gep\u00e4ck: die Zertifizierung zur Naturparkschule. Davon gibt es in Kooperation mit dem Naturpark noch eine weitere in Krakow am See.<\/div>\n<\/div>\n<div class=\"content-body no-drop-caps\">\n<p>Laut Koch sind Kriterien f\u00fcr solch eine Benennung, dass sich die Bildungseinrichtung \u201emit den Zielen des Naturparks identifiziert\u201c. Des Weiteren muss sie auch im Unterricht \u201eerkennbar in T\u00e4tigkeit und im Handeln den Natur- und Umweltschutz behandeln\u201c. Auch eine Weiterbildung der Lehrer sei wichtig. All das erf\u00fcllte die Grundschule mit Bravour und bekam neben der Zertifizierung auch noch einen jungen Eichenbaum geschenkt. Dieser soll in den Schulhof gepflanzt werden. Ein St\u00fcckchen erlebbare Natur \u2013 eben zum Sehen und auch zum Anfassen.<\/p>\n<\/div>\n<\/div>\n<p>&nbsp;<\/p>\n<p>&nbsp;<\/p>\n","protected":false},"excerpt":{"rendered":"<p>Am 27. Mai 2019 gab es gleich\u00a0zwei Gr\u00fcnde zum Feiern: zum einen das 20-j\u00e4hrige Bestehen der Schule als Grundschule, zum anderen die Ernennung zur Naturparkschule. &#8222;Naturpark-Schule&#8220; ist eine bundesweite Auszeichnung des Verbandes der Naturparke, welche an Schulen innerhalb der einzelnen Naturpark verliehen werden kann. An die Verleihung sind Kriterien gebunden, welche in einer Kooperationsvereinbarung ihren<\/p>\n","protected":false},"author":84,"featured_media":2393,"comment_status":"open","ping_status":"open","sticky":false,"template":"","format":"standard","meta":[],"categories":[7],"tags":[],"yoast_head":"<!-- This site is optimized with the Yoast SEO plugin v19.10 - https:\/\/yoast.com\/wordpress\/plugins\/seo\/ -->\n<title>Goldbergs Grundschule wird Naturparkschule - Naturpark Nossentiner\/Schwinzer Heide<\/title>\n<meta name=\"description\" content=\"Am 27.5.2019 gab es mehrere Gr\u00fcnde zum Feiern: zum einem das 20-j\u00e4hrige Bestehen der Schule als Grundschule und zum anderen die Ernennung zur Naturparkschule.\" \/>\n<meta name=\"robots\" content=\"index, follow, max-snippet:-1, max-image-preview:large, max-video-preview:-1\" \/>\n<link rel=\"canonical\" href=\"https:\/\/www.naturparkmagazin.de\/nossentiner-schwinzer-heide\/goldbergs-grundschule-wird-naturparkschule-3\/\" \/>\n<meta property=\"og:locale\" content=\"de_DE\" \/>\n<meta property=\"og:type\" content=\"article\" \/>\n<meta property=\"og:title\" content=\"Goldbergs Grundschule wird Naturparkschule - Naturpark Nossentiner\/Schwinzer Heide\" \/>\n<meta property=\"og:description\" content=\"Am 27.5.2019 gab es mehrere Gr\u00fcnde zum Feiern: zum einem das 20-j\u00e4hrige Bestehen der Schule als Grundschule und zum anderen die Ernennung zur Naturparkschule.\" \/>\n<meta property=\"og:url\" content=\"https:\/\/www.naturparkmagazin.de\/nossentiner-schwinzer-heide\/goldbergs-grundschule-wird-naturparkschule-3\/\" \/>\n<meta property=\"og:site_name\" content=\"Naturpark Nossentiner\/Schwinzer Heide\" \/>\n<meta property=\"article:published_time\" content=\"2019-05-17T15:06:12+00:00\" \/>\n<meta property=\"article:modified_time\" content=\"2019-05-28T15:31:20+00:00\" \/>\n<meta property=\"og:image\" content=\"https:\/\/www.naturparkmagazin.de\/nossentiner-schwinzer-heide\/wp-content\/uploads\/sites\/28\/Naturparkschule_Foto_Mona_Laudan.jpg\" \/>\n\t<meta property=\"og:image:width\" content=\"751\" \/>\n\t<meta property=\"og:image:height\" content=\"1004\" \/>\n\t<meta property=\"og:image:type\" content=\"image\/jpeg\" \/>\n<meta name=\"author\" content=\"evelinkartheuser\" \/>\n<meta name=\"twitter:label1\" content=\"Verfasst von\" \/>\n\t<meta name=\"twitter:data1\" content=\"evelinkartheuser\" \/>\n\t<meta name=\"twitter:label2\" content=\"Gesch\u00e4tzte Lesezeit\" \/>\n\t<meta name=\"twitter:data2\" content=\"3\u00a0Minuten\" \/>\n<script type=\"application\/ld+json\" class=\"yoast-schema-graph\">{\"@context\":\"https:\/\/schema.org\",\"@graph\":[{\"@type\":\"WebPage\",\"@id\":\"https:\/\/www.naturparkmagazin.de\/nossentiner-schwinzer-heide\/goldbergs-grundschule-wird-naturparkschule-3\/\",\"url\":\"https:\/\/www.naturparkmagazin.de\/nossentiner-schwinzer-heide\/goldbergs-grundschule-wird-naturparkschule-3\/\",\"name\":\"Goldbergs Grundschule wird Naturparkschule - Naturpark Nossentiner\/Schwinzer Heide\",\"isPartOf\":{\"@id\":\"https:\/\/www.naturparkmagazin.de\/nossentiner-schwinzer-heide\/#website\"},\"datePublished\":\"2019-05-17T15:06:12+00:00\",\"dateModified\":\"2019-05-28T15:31:20+00:00\",\"author\":{\"@id\":\"https:\/\/www.naturparkmagazin.de\/nossentiner-schwinzer-heide\/#\/schema\/person\/6e5721221b13b6f827e696f29ff18008\"},\"description\":\"Am 27.5.2019 gab es mehrere Gr\u00fcnde zum Feiern: zum einem das 20-j\u00e4hrige Bestehen der Schule als Grundschule und zum anderen die Ernennung zur Naturparkschule.\",\"breadcrumb\":{\"@id\":\"https:\/\/www.naturparkmagazin.de\/nossentiner-schwinzer-heide\/goldbergs-grundschule-wird-naturparkschule-3\/#breadcrumb\"},\"inLanguage\":\"de\",\"potentialAction\":[{\"@type\":\"ReadAction\",\"target\":[\"https:\/\/www.naturparkmagazin.de\/nossentiner-schwinzer-heide\/goldbergs-grundschule-wird-naturparkschule-3\/\"]}]},{\"@type\":\"BreadcrumbList\",\"@id\":\"https:\/\/www.naturparkmagazin.de\/nossentiner-schwinzer-heide\/goldbergs-grundschule-wird-naturparkschule-3\/#breadcrumb\",\"itemListElement\":[{\"@type\":\"ListItem\",\"position\":1,\"name\":\"Home\",\"item\":\"https:\/\/www.naturparkmagazin.de\/nossentiner-schwinzer-heide\/\"},{\"@type\":\"ListItem\",\"position\":2,\"name\":\"Goldbergs Grundschule wird Naturparkschule\"}]},{\"@type\":\"WebSite\",\"@id\":\"https:\/\/www.naturparkmagazin.de\/nossentiner-schwinzer-heide\/#website\",\"url\":\"https:\/\/www.naturparkmagazin.de\/nossentiner-schwinzer-heide\/\",\"name\":\"Naturpark Nossentiner\/Schwinzer Heide\",\"description\":\"\",\"potentialAction\":[{\"@type\":\"SearchAction\",\"target\":{\"@type\":\"EntryPoint\",\"urlTemplate\":\"https:\/\/www.naturparkmagazin.de\/nossentiner-schwinzer-heide\/?s={search_term_string}\"},\"query-input\":\"required name=search_term_string\"}],\"inLanguage\":\"de\"},{\"@type\":\"Person\",\"@id\":\"https:\/\/www.naturparkmagazin.de\/nossentiner-schwinzer-heide\/#\/schema\/person\/6e5721221b13b6f827e696f29ff18008\",\"name\":\"evelinkartheuser\",\"url\":\"https:\/\/www.naturparkmagazin.de\/nossentiner-schwinzer-heide\/author\/evelinkartheuser\/\"}]}<\/script>\n<!-- \/ Yoast SEO plugin. -->","yoast_head_json":{"title":"Goldbergs Grundschule wird Naturparkschule - Naturpark Nossentiner\/Schwinzer Heide","description":"Am 27.5.2019 gab es mehrere Gr\u00fcnde zum Feiern: zum einem das 20-j\u00e4hrige Bestehen der Schule als Grundschule und zum anderen die Ernennung zur Naturparkschule.","robots":{"index":"index","follow":"follow","max-snippet":"max-snippet:-1","max-image-preview":"max-image-preview:large","max-video-preview":"max-video-preview:-1"},"canonical":"https:\/\/www.naturparkmagazin.de\/nossentiner-schwinzer-heide\/goldbergs-grundschule-wird-naturparkschule-3\/","og_locale":"de_DE","og_type":"article","og_title":"Goldbergs Grundschule wird Naturparkschule - Naturpark Nossentiner\/Schwinzer Heide","og_description":"Am 27.5.2019 gab es mehrere Gr\u00fcnde zum Feiern: zum einem das 20-j\u00e4hrige Bestehen der Schule als Grundschule und zum anderen die Ernennung zur Naturparkschule.","og_url":"https:\/\/www.naturparkmagazin.de\/nossentiner-schwinzer-heide\/goldbergs-grundschule-wird-naturparkschule-3\/","og_site_name":"Naturpark Nossentiner\/Schwinzer Heide","article_published_time":"2019-05-17T15:06:12+00:00","article_modified_time":"2019-05-28T15:31:20+00:00","og_image":[{"width":751,"height":1004,"url":"https:\/\/www.naturparkmagazin.de\/nossentiner-schwinzer-heide\/wp-content\/uploads\/sites\/28\/Naturparkschule_Foto_Mona_Laudan.jpg","type":"image\/jpeg"}],"author":"evelinkartheuser","twitter_misc":{"Verfasst von":"evelinkartheuser","Gesch\u00e4tzte Lesezeit":"3\u00a0Minuten"},"schema":{"@context":"https:\/\/schema.org","@graph":[{"@type":"WebPage","@id":"https:\/\/www.naturparkmagazin.de\/nossentiner-schwinzer-heide\/goldbergs-grundschule-wird-naturparkschule-3\/","url":"https:\/\/www.naturparkmagazin.de\/nossentiner-schwinzer-heide\/goldbergs-grundschule-wird-naturparkschule-3\/","name":"Goldbergs Grundschule wird Naturparkschule - Naturpark Nossentiner\/Schwinzer Heide","isPartOf":{"@id":"https:\/\/www.naturparkmagazin.de\/nossentiner-schwinzer-heide\/#website"},"datePublished":"2019-05-17T15:06:12+00:00","dateModified":"2019-05-28T15:31:20+00:00","author":{"@id":"https:\/\/www.naturparkmagazin.de\/nossentiner-schwinzer-heide\/#\/schema\/person\/6e5721221b13b6f827e696f29ff18008"},"description":"Am 27.5.2019 gab es mehrere Gr\u00fcnde zum Feiern: zum einem das 20-j\u00e4hrige Bestehen der Schule als Grundschule und zum anderen die Ernennung zur Naturparkschule.","breadcrumb":{"@id":"https:\/\/www.naturparkmagazin.de\/nossentiner-schwinzer-heide\/goldbergs-grundschule-wird-naturparkschule-3\/#breadcrumb"},"inLanguage":"de","potentialAction":[{"@type":"ReadAction","target":["https:\/\/www.naturparkmagazin.de\/nossentiner-schwinzer-heide\/goldbergs-grundschule-wird-naturparkschule-3\/"]}]},{"@type":"BreadcrumbList","@id":"https:\/\/www.naturparkmagazin.de\/nossentiner-schwinzer-heide\/goldbergs-grundschule-wird-naturparkschule-3\/#breadcrumb","itemListElement":[{"@type":"ListItem","position":1,"name":"Home","item":"https:\/\/www.naturparkmagazin.de\/nossentiner-schwinzer-heide\/"},{"@type":"ListItem","position":2,"name":"Goldbergs Grundschule wird Naturparkschule"}]},{"@type":"WebSite","@id":"https:\/\/www.naturparkmagazin.de\/nossentiner-schwinzer-heide\/#website","url":"https:\/\/www.naturparkmagazin.de\/nossentiner-schwinzer-heide\/","name":"Naturpark Nossentiner\/Schwinzer Heide","description":"","potentialAction":[{"@type":"SearchAction","target":{"@type":"EntryPoint","urlTemplate":"https:\/\/www.naturparkmagazin.de\/nossentiner-schwinzer-heide\/?s={search_term_string}"},"query-input":"required name=search_term_string"}],"inLanguage":"de"},{"@type":"Person","@id":"https:\/\/www.naturparkmagazin.de\/nossentiner-schwinzer-heide\/#\/schema\/person\/6e5721221b13b6f827e696f29ff18008","name":"evelinkartheuser","url":"https:\/\/www.naturparkmagazin.de\/nossentiner-schwinzer-heide\/author\/evelinkartheuser\/"}]}},"_links":{"self":[{"href":"https:\/\/www.naturparkmagazin.de\/nossentiner-schwinzer-heide\/wp-json\/wp\/v2\/posts\/2385"}],"collection":[{"href":"https:\/\/www.naturparkmagazin.de\/nossentiner-schwinzer-heide\/wp-json\/wp\/v2\/posts"}],"about":[{"href":"https:\/\/www.naturparkmagazin.de\/nossentiner-schwinzer-heide\/wp-json\/wp\/v2\/types\/post"}],"author":[{"embeddable":true,"href":"https:\/\/www.naturparkmagazin.de\/nossentiner-schwinzer-heide\/wp-json\/wp\/v2\/users\/84"}],"replies":[{"embeddable":true,"href":"https:\/\/www.naturparkmagazin.de\/nossentiner-schwinzer-heide\/wp-json\/wp\/v2\/comments?post=2385"}],"version-history":[{"count":4,"href":"https:\/\/www.naturparkmagazin.de\/nossentiner-schwinzer-heide\/wp-json\/wp\/v2\/posts\/2385\/revisions"}],"predecessor-version":[{"id":2389,"href":"https:\/\/www.naturparkmagazin.de\/nossentiner-schwinzer-heide\/wp-json\/wp\/v2\/posts\/2385\/revisions\/2389"}],"wp:featuredmedia":[{"embeddable":true,"href":"https:\/\/www.naturparkmagazin.de\/nossentiner-schwinzer-heide\/wp-json\/wp\/v2\/media\/2393"}],"wp:attachment":[{"href":"https:\/\/www.naturparkmagazin.de\/nossentiner-schwinzer-heide\/wp-json\/wp\/v2\/media?parent=2385"}],"wp:term":[{"taxonomy":"category","embeddable":true,"href":"https:\/\/www.naturparkmagazin.de\/nossentiner-schwinzer-heide\/wp-json\/wp\/v2\/categories?post=2385"},{"taxonomy":"post_tag","embeddable":true,"href":"https:\/\/www.naturparkmagazin.de\/nossentiner-schwinzer-heide\/wp-json\/wp\/v2\/tags?post=2385"}],"curies":[{"name":"wp","href":"https:\/\/api.w.org\/{rel}","templated":true}]}}