{"id":2415,"date":"2019-06-18T16:49:10","date_gmt":"2019-06-18T14:49:10","guid":{"rendered":"https:\/\/www.naturparkmagazin.de\/nossentiner-schwinzer-heide\/?p=2415"},"modified":"2019-06-27T17:25:03","modified_gmt":"2019-06-27T15:25:03","slug":"naturparkzentrum-wird-zum-steinzeitdorf","status":"publish","type":"post","link":"https:\/\/www.naturparkmagazin.de\/nossentiner-schwinzer-heide\/naturparkzentrum-wird-zum-steinzeitdorf\/","title":{"rendered":"Naturparkzentrum wird zum Steinzeitdorf"},"content":{"rendered":"<h2>Steinzeit-Kinderfest im Naturpark Nossentiner\/Schwinzer Heide mit Modelleisenbahn-Ausstellung<\/h2>\n<p>Am Samstag, dem 29.06.2019, verwandelt sich das Naturparkzentrum Karower Meiler in ein Steinzeitdorf. Klein und Gro\u00df k\u00f6nnen sich in verschiedenen Steinzeit-Techniken versuchen: So kann in einer steinzeitlichen Trogm\u00fchle Mehl gemahlen und anschlie\u00dfend als Kn\u00fcppelkuchen verarbeitet werden, Pfeil und Bogen gebaut werden, die Kinder k\u00f6nnen sich in H\u00f6hlenmalerei versuchen, die passenden H\u00f6hlenlampen dazu bauen, es kann Steinzeitschmuck gebastelt werden und vieles mehr. Auch einen Schie\u00dfstand wird es geben, von dem aus die jungen J\u00e4ger auf ein Wildschwein zielen k\u00f6nnen. Wie schwierig es ist, ohne k\u00fcnstliche Hilfsmittel und nur mit Naturmaterialien Feuer zu erzeugen, k\u00f6nnen die Besucher selbst ausprobieren. Nat\u00fcrlich ist auch f\u00fcr das leibliche Wohl gesorgt.<\/p>\n<div id=\"attachment_2418\" style=\"width: 434px\" class=\"wp-caption alignnone\"><a href=\"https:\/\/www.naturparkmagazin.de\/nossentiner-schwinzer-heide\/wp-content\/uploads\/sites\/28\/Mahlen-mit-der-Trogm\u00fchle_1.jpg\"><img aria-describedby=\"caption-attachment-2418\" decoding=\"async\" loading=\"lazy\" class=\"wp-image-2418\" src=\"https:\/\/www.naturparkmagazin.de\/nossentiner-schwinzer-heide\/wp-content\/uploads\/sites\/28\/Mahlen-mit-der-Trogm\u00fchle_1-620x572.jpg\" alt=\"Mahlen mit der Trogm\u00fchle_1\" width=\"424\" height=\"391\" srcset=\"https:\/\/www.naturparkmagazin.de\/nossentiner-schwinzer-heide\/wp-content\/uploads\/sites\/28\/Mahlen-mit-der-Trogm\u00fchle_1-620x572.jpg 620w, https:\/\/www.naturparkmagazin.de\/nossentiner-schwinzer-heide\/wp-content\/uploads\/sites\/28\/Mahlen-mit-der-Trogm\u00fchle_1-300x277.jpg 300w, https:\/\/www.naturparkmagazin.de\/nossentiner-schwinzer-heide\/wp-content\/uploads\/sites\/28\/Mahlen-mit-der-Trogm\u00fchle_1-940x868.jpg 940w, https:\/\/www.naturparkmagazin.de\/nossentiner-schwinzer-heide\/wp-content\/uploads\/sites\/28\/Mahlen-mit-der-Trogm\u00fchle_1-670x619.jpg 670w, https:\/\/www.naturparkmagazin.de\/nossentiner-schwinzer-heide\/wp-content\/uploads\/sites\/28\/Mahlen-mit-der-Trogm\u00fchle_1-200x185.jpg 200w, https:\/\/www.naturparkmagazin.de\/nossentiner-schwinzer-heide\/wp-content\/uploads\/sites\/28\/Mahlen-mit-der-Trogm\u00fchle_1.jpg 1109w\" sizes=\"(max-width: 424px) 100vw, 424px\" \/><\/a><p id=\"caption-attachment-2418\" class=\"wp-caption-text\">Mahlen mit der Trogm\u00fchle ist schwierig!<\/p><\/div>\n<p>Als besonderes Highlight gibt es in diesem Jahr etwas Unsteinzeitliches zu bestaunen: eine 10 Meter lange Modelleisenbahnstrecke. Sie wird im Karower Meiler von Mitgliedern des Karow-L\u00fcbzer Modellbahnclubs e.V. aufgebaut.<\/p>\n<p>&nbsp;<\/p>\n<div id=\"attachment_2417\" style=\"width: 441px\" class=\"wp-caption alignnone\"><a href=\"https:\/\/www.naturparkmagazin.de\/nossentiner-schwinzer-heide\/wp-content\/uploads\/sites\/28\/Feuermachen_auf_Steinzeitart.jpg\"><img aria-describedby=\"caption-attachment-2417\" decoding=\"async\" loading=\"lazy\" class=\"wp-image-2417\" src=\"https:\/\/www.naturparkmagazin.de\/nossentiner-schwinzer-heide\/wp-content\/uploads\/sites\/28\/Feuermachen_auf_Steinzeitart-620x465.jpg\" alt=\"Feuermachen_auf_Steinzeitart\" width=\"431\" height=\"323\" srcset=\"https:\/\/www.naturparkmagazin.de\/nossentiner-schwinzer-heide\/wp-content\/uploads\/sites\/28\/Feuermachen_auf_Steinzeitart-620x465.jpg 620w, https:\/\/www.naturparkmagazin.de\/nossentiner-schwinzer-heide\/wp-content\/uploads\/sites\/28\/Feuermachen_auf_Steinzeitart-300x225.jpg 300w, https:\/\/www.naturparkmagazin.de\/nossentiner-schwinzer-heide\/wp-content\/uploads\/sites\/28\/Feuermachen_auf_Steinzeitart-940x705.jpg 940w, https:\/\/www.naturparkmagazin.de\/nossentiner-schwinzer-heide\/wp-content\/uploads\/sites\/28\/Feuermachen_auf_Steinzeitart-580x435.jpg 580w, https:\/\/www.naturparkmagazin.de\/nossentiner-schwinzer-heide\/wp-content\/uploads\/sites\/28\/Feuermachen_auf_Steinzeitart-420x315.jpg 420w, https:\/\/www.naturparkmagazin.de\/nossentiner-schwinzer-heide\/wp-content\/uploads\/sites\/28\/Feuermachen_auf_Steinzeitart-180x135.jpg 180w, https:\/\/www.naturparkmagazin.de\/nossentiner-schwinzer-heide\/wp-content\/uploads\/sites\/28\/Feuermachen_auf_Steinzeitart-95x71.jpg 95w, https:\/\/www.naturparkmagazin.de\/nossentiner-schwinzer-heide\/wp-content\/uploads\/sites\/28\/Feuermachen_auf_Steinzeitart-670x503.jpg 670w, https:\/\/www.naturparkmagazin.de\/nossentiner-schwinzer-heide\/wp-content\/uploads\/sites\/28\/Feuermachen_auf_Steinzeitart-200x150.jpg 200w, https:\/\/www.naturparkmagazin.de\/nossentiner-schwinzer-heide\/wp-content\/uploads\/sites\/28\/Feuermachen_auf_Steinzeitart.jpg 1280w\" sizes=\"(max-width: 431px) 100vw, 431px\" \/><\/a><p id=\"caption-attachment-2417\" class=\"wp-caption-text\">Feuer machen auf Steinzeit-Art<\/p><\/div>\n<p><a href=\"https:\/\/www.naturparkmagazin.de\/nossentiner-schwinzer-heide\/wp-content\/uploads\/sites\/28\/Plakat_Kinderfest2019.jpg\"><img decoding=\"async\" loading=\"lazy\" class=\"alignnone size-medium wp-image-2420\" src=\"https:\/\/www.naturparkmagazin.de\/nossentiner-schwinzer-heide\/wp-content\/uploads\/sites\/28\/Plakat_Kinderfest2019-620x876.jpg\" alt=\"Plakat_Kinderfest2019\" width=\"620\" height=\"876\" srcset=\"https:\/\/www.naturparkmagazin.de\/nossentiner-schwinzer-heide\/wp-content\/uploads\/sites\/28\/Plakat_Kinderfest2019-620x876.jpg 620w, https:\/\/www.naturparkmagazin.de\/nossentiner-schwinzer-heide\/wp-content\/uploads\/sites\/28\/Plakat_Kinderfest2019-300x424.jpg 300w, https:\/\/www.naturparkmagazin.de\/nossentiner-schwinzer-heide\/wp-content\/uploads\/sites\/28\/Plakat_Kinderfest2019-940x1329.jpg 940w, https:\/\/www.naturparkmagazin.de\/nossentiner-schwinzer-heide\/wp-content\/uploads\/sites\/28\/Plakat_Kinderfest2019-670x947.jpg 670w, https:\/\/www.naturparkmagazin.de\/nossentiner-schwinzer-heide\/wp-content\/uploads\/sites\/28\/Plakat_Kinderfest2019-200x283.jpg 200w\" sizes=\"(max-width: 620px) 100vw, 620px\" \/><\/a><\/p>\n","protected":false},"excerpt":{"rendered":"<p>Steinzeit-Kinderfest im Naturpark Nossentiner\/Schwinzer Heide mit Modelleisenbahn-Ausstellung Am Samstag, dem 29.06.2019, verwandelt sich das Naturparkzentrum Karower Meiler in ein Steinzeitdorf. Klein und Gro\u00df k\u00f6nnen sich in verschiedenen Steinzeit-Techniken versuchen: So kann in einer steinzeitlichen Trogm\u00fchle Mehl gemahlen und anschlie\u00dfend als Kn\u00fcppelkuchen verarbeitet werden, Pfeil und Bogen gebaut werden, die Kinder k\u00f6nnen sich in H\u00f6hlenmalerei versuchen,<\/p>\n","protected":false},"author":84,"featured_media":2418,"comment_status":"open","ping_status":"open","sticky":false,"template":"","format":"standard","meta":[],"categories":[11],"tags":[],"yoast_head":"<!-- This site is optimized with the Yoast SEO plugin v19.10 - https:\/\/yoast.com\/wordpress\/plugins\/seo\/ -->\n<title>Naturparkzentrum wird zum Steinzeitdorf - Naturpark Nossentiner\/Schwinzer Heide<\/title>\n<meta name=\"robots\" content=\"index, follow, max-snippet:-1, max-image-preview:large, max-video-preview:-1\" \/>\n<link rel=\"canonical\" href=\"https:\/\/www.naturparkmagazin.de\/nossentiner-schwinzer-heide\/naturparkzentrum-wird-zum-steinzeitdorf\/\" \/>\n<meta property=\"og:locale\" content=\"de_DE\" \/>\n<meta property=\"og:type\" content=\"article\" \/>\n<meta property=\"og:title\" content=\"Naturparkzentrum wird zum Steinzeitdorf - Naturpark Nossentiner\/Schwinzer Heide\" \/>\n<meta property=\"og:description\" content=\"Steinzeit-Kinderfest im Naturpark Nossentiner\/Schwinzer Heide mit Modelleisenbahn-Ausstellung Am Samstag, dem 29.06.2019, verwandelt sich das Naturparkzentrum Karower Meiler in ein Steinzeitdorf. Klein und Gro\u00df k\u00f6nnen sich in verschiedenen Steinzeit-Techniken versuchen: So kann in einer steinzeitlichen Trogm\u00fchle Mehl gemahlen und anschlie\u00dfend als Kn\u00fcppelkuchen verarbeitet werden, Pfeil und Bogen gebaut werden, die Kinder k\u00f6nnen sich in H\u00f6hlenmalerei versuchen,\" \/>\n<meta property=\"og:url\" content=\"https:\/\/www.naturparkmagazin.de\/nossentiner-schwinzer-heide\/naturparkzentrum-wird-zum-steinzeitdorf\/\" \/>\n<meta property=\"og:site_name\" content=\"Naturpark Nossentiner\/Schwinzer Heide\" \/>\n<meta property=\"article:published_time\" content=\"2019-06-18T14:49:10+00:00\" \/>\n<meta property=\"article:modified_time\" content=\"2019-06-27T15:25:03+00:00\" \/>\n<meta property=\"og:image\" content=\"https:\/\/www.naturparkmagazin.de\/nossentiner-schwinzer-heide\/wp-content\/uploads\/sites\/28\/Mahlen-mit-der-Trogm\u00fchle_1.jpg\" \/>\n\t<meta property=\"og:image:width\" content=\"1109\" \/>\n\t<meta property=\"og:image:height\" content=\"1024\" \/>\n\t<meta property=\"og:image:type\" content=\"image\/jpeg\" \/>\n<meta name=\"author\" content=\"evelinkartheuser\" \/>\n<meta name=\"twitter:label1\" content=\"Verfasst von\" \/>\n\t<meta name=\"twitter:data1\" content=\"evelinkartheuser\" \/>\n\t<meta name=\"twitter:label2\" content=\"Gesch\u00e4tzte Lesezeit\" \/>\n\t<meta name=\"twitter:data2\" content=\"1\u00a0Minute\" \/>\n<script type=\"application\/ld+json\" class=\"yoast-schema-graph\">{\"@context\":\"https:\/\/schema.org\",\"@graph\":[{\"@type\":\"WebPage\",\"@id\":\"https:\/\/www.naturparkmagazin.de\/nossentiner-schwinzer-heide\/naturparkzentrum-wird-zum-steinzeitdorf\/\",\"url\":\"https:\/\/www.naturparkmagazin.de\/nossentiner-schwinzer-heide\/naturparkzentrum-wird-zum-steinzeitdorf\/\",\"name\":\"Naturparkzentrum wird zum Steinzeitdorf - Naturpark Nossentiner\/Schwinzer Heide\",\"isPartOf\":{\"@id\":\"https:\/\/www.naturparkmagazin.de\/nossentiner-schwinzer-heide\/#website\"},\"datePublished\":\"2019-06-18T14:49:10+00:00\",\"dateModified\":\"2019-06-27T15:25:03+00:00\",\"author\":{\"@id\":\"https:\/\/www.naturparkmagazin.de\/nossentiner-schwinzer-heide\/#\/schema\/person\/6e5721221b13b6f827e696f29ff18008\"},\"breadcrumb\":{\"@id\":\"https:\/\/www.naturparkmagazin.de\/nossentiner-schwinzer-heide\/naturparkzentrum-wird-zum-steinzeitdorf\/#breadcrumb\"},\"inLanguage\":\"de\",\"potentialAction\":[{\"@type\":\"ReadAction\",\"target\":[\"https:\/\/www.naturparkmagazin.de\/nossentiner-schwinzer-heide\/naturparkzentrum-wird-zum-steinzeitdorf\/\"]}]},{\"@type\":\"BreadcrumbList\",\"@id\":\"https:\/\/www.naturparkmagazin.de\/nossentiner-schwinzer-heide\/naturparkzentrum-wird-zum-steinzeitdorf\/#breadcrumb\",\"itemListElement\":[{\"@type\":\"ListItem\",\"position\":1,\"name\":\"Home\",\"item\":\"https:\/\/www.naturparkmagazin.de\/nossentiner-schwinzer-heide\/\"},{\"@type\":\"ListItem\",\"position\":2,\"name\":\"Naturparkzentrum wird zum Steinzeitdorf\"}]},{\"@type\":\"WebSite\",\"@id\":\"https:\/\/www.naturparkmagazin.de\/nossentiner-schwinzer-heide\/#website\",\"url\":\"https:\/\/www.naturparkmagazin.de\/nossentiner-schwinzer-heide\/\",\"name\":\"Naturpark Nossentiner\/Schwinzer Heide\",\"description\":\"\",\"potentialAction\":[{\"@type\":\"SearchAction\",\"target\":{\"@type\":\"EntryPoint\",\"urlTemplate\":\"https:\/\/www.naturparkmagazin.de\/nossentiner-schwinzer-heide\/?s={search_term_string}\"},\"query-input\":\"required name=search_term_string\"}],\"inLanguage\":\"de\"},{\"@type\":\"Person\",\"@id\":\"https:\/\/www.naturparkmagazin.de\/nossentiner-schwinzer-heide\/#\/schema\/person\/6e5721221b13b6f827e696f29ff18008\",\"name\":\"evelinkartheuser\",\"url\":\"https:\/\/www.naturparkmagazin.de\/nossentiner-schwinzer-heide\/author\/evelinkartheuser\/\"}]}<\/script>\n<!-- \/ Yoast SEO plugin. -->","yoast_head_json":{"title":"Naturparkzentrum wird zum Steinzeitdorf - Naturpark Nossentiner\/Schwinzer Heide","robots":{"index":"index","follow":"follow","max-snippet":"max-snippet:-1","max-image-preview":"max-image-preview:large","max-video-preview":"max-video-preview:-1"},"canonical":"https:\/\/www.naturparkmagazin.de\/nossentiner-schwinzer-heide\/naturparkzentrum-wird-zum-steinzeitdorf\/","og_locale":"de_DE","og_type":"article","og_title":"Naturparkzentrum wird zum Steinzeitdorf - Naturpark Nossentiner\/Schwinzer Heide","og_description":"Steinzeit-Kinderfest im Naturpark Nossentiner\/Schwinzer Heide mit Modelleisenbahn-Ausstellung Am Samstag, dem 29.06.2019, verwandelt sich das Naturparkzentrum Karower Meiler in ein Steinzeitdorf. Klein und Gro\u00df k\u00f6nnen sich in verschiedenen Steinzeit-Techniken versuchen: So kann in einer steinzeitlichen Trogm\u00fchle Mehl gemahlen und anschlie\u00dfend als Kn\u00fcppelkuchen verarbeitet werden, Pfeil und Bogen gebaut werden, die Kinder k\u00f6nnen sich in H\u00f6hlenmalerei versuchen,","og_url":"https:\/\/www.naturparkmagazin.de\/nossentiner-schwinzer-heide\/naturparkzentrum-wird-zum-steinzeitdorf\/","og_site_name":"Naturpark Nossentiner\/Schwinzer Heide","article_published_time":"2019-06-18T14:49:10+00:00","article_modified_time":"2019-06-27T15:25:03+00:00","og_image":[{"width":1109,"height":1024,"url":"https:\/\/www.naturparkmagazin.de\/nossentiner-schwinzer-heide\/wp-content\/uploads\/sites\/28\/Mahlen-mit-der-Trogm\u00fchle_1.jpg","type":"image\/jpeg"}],"author":"evelinkartheuser","twitter_misc":{"Verfasst von":"evelinkartheuser","Gesch\u00e4tzte Lesezeit":"1\u00a0Minute"},"schema":{"@context":"https:\/\/schema.org","@graph":[{"@type":"WebPage","@id":"https:\/\/www.naturparkmagazin.de\/nossentiner-schwinzer-heide\/naturparkzentrum-wird-zum-steinzeitdorf\/","url":"https:\/\/www.naturparkmagazin.de\/nossentiner-schwinzer-heide\/naturparkzentrum-wird-zum-steinzeitdorf\/","name":"Naturparkzentrum wird zum Steinzeitdorf - Naturpark Nossentiner\/Schwinzer Heide","isPartOf":{"@id":"https:\/\/www.naturparkmagazin.de\/nossentiner-schwinzer-heide\/#website"},"datePublished":"2019-06-18T14:49:10+00:00","dateModified":"2019-06-27T15:25:03+00:00","author":{"@id":"https:\/\/www.naturparkmagazin.de\/nossentiner-schwinzer-heide\/#\/schema\/person\/6e5721221b13b6f827e696f29ff18008"},"breadcrumb":{"@id":"https:\/\/www.naturparkmagazin.de\/nossentiner-schwinzer-heide\/naturparkzentrum-wird-zum-steinzeitdorf\/#breadcrumb"},"inLanguage":"de","potentialAction":[{"@type":"ReadAction","target":["https:\/\/www.naturparkmagazin.de\/nossentiner-schwinzer-heide\/naturparkzentrum-wird-zum-steinzeitdorf\/"]}]},{"@type":"BreadcrumbList","@id":"https:\/\/www.naturparkmagazin.de\/nossentiner-schwinzer-heide\/naturparkzentrum-wird-zum-steinzeitdorf\/#breadcrumb","itemListElement":[{"@type":"ListItem","position":1,"name":"Home","item":"https:\/\/www.naturparkmagazin.de\/nossentiner-schwinzer-heide\/"},{"@type":"ListItem","position":2,"name":"Naturparkzentrum wird zum Steinzeitdorf"}]},{"@type":"WebSite","@id":"https:\/\/www.naturparkmagazin.de\/nossentiner-schwinzer-heide\/#website","url":"https:\/\/www.naturparkmagazin.de\/nossentiner-schwinzer-heide\/","name":"Naturpark Nossentiner\/Schwinzer Heide","description":"","potentialAction":[{"@type":"SearchAction","target":{"@type":"EntryPoint","urlTemplate":"https:\/\/www.naturparkmagazin.de\/nossentiner-schwinzer-heide\/?s={search_term_string}"},"query-input":"required name=search_term_string"}],"inLanguage":"de"},{"@type":"Person","@id":"https:\/\/www.naturparkmagazin.de\/nossentiner-schwinzer-heide\/#\/schema\/person\/6e5721221b13b6f827e696f29ff18008","name":"evelinkartheuser","url":"https:\/\/www.naturparkmagazin.de\/nossentiner-schwinzer-heide\/author\/evelinkartheuser\/"}]}},"_links":{"self":[{"href":"https:\/\/www.naturparkmagazin.de\/nossentiner-schwinzer-heide\/wp-json\/wp\/v2\/posts\/2415"}],"collection":[{"href":"https:\/\/www.naturparkmagazin.de\/nossentiner-schwinzer-heide\/wp-json\/wp\/v2\/posts"}],"about":[{"href":"https:\/\/www.naturparkmagazin.de\/nossentiner-schwinzer-heide\/wp-json\/wp\/v2\/types\/post"}],"author":[{"embeddable":true,"href":"https:\/\/www.naturparkmagazin.de\/nossentiner-schwinzer-heide\/wp-json\/wp\/v2\/users\/84"}],"replies":[{"embeddable":true,"href":"https:\/\/www.naturparkmagazin.de\/nossentiner-schwinzer-heide\/wp-json\/wp\/v2\/comments?post=2415"}],"version-history":[{"count":4,"href":"https:\/\/www.naturparkmagazin.de\/nossentiner-schwinzer-heide\/wp-json\/wp\/v2\/posts\/2415\/revisions"}],"predecessor-version":[{"id":2423,"href":"https:\/\/www.naturparkmagazin.de\/nossentiner-schwinzer-heide\/wp-json\/wp\/v2\/posts\/2415\/revisions\/2423"}],"wp:featuredmedia":[{"embeddable":true,"href":"https:\/\/www.naturparkmagazin.de\/nossentiner-schwinzer-heide\/wp-json\/wp\/v2\/media\/2418"}],"wp:attachment":[{"href":"https:\/\/www.naturparkmagazin.de\/nossentiner-schwinzer-heide\/wp-json\/wp\/v2\/media?parent=2415"}],"wp:term":[{"taxonomy":"category","embeddable":true,"href":"https:\/\/www.naturparkmagazin.de\/nossentiner-schwinzer-heide\/wp-json\/wp\/v2\/categories?post=2415"},{"taxonomy":"post_tag","embeddable":true,"href":"https:\/\/www.naturparkmagazin.de\/nossentiner-schwinzer-heide\/wp-json\/wp\/v2\/tags?post=2415"}],"curies":[{"name":"wp","href":"https:\/\/api.w.org\/{rel}","templated":true}]}}