{"id":2424,"date":"2019-06-27T17:21:53","date_gmt":"2019-06-27T15:21:53","guid":{"rendered":"https:\/\/www.naturparkmagazin.de\/nossentiner-schwinzer-heide\/?p=2424"},"modified":"2019-07-01T12:54:01","modified_gmt":"2019-07-01T10:54:01","slug":"landwirtschaftsminister-till-backhaus-eroeffnet-umgestalteten-meiler-und-neuen-fledermauspfad","status":"publish","type":"post","link":"https:\/\/www.naturparkmagazin.de\/nossentiner-schwinzer-heide\/landwirtschaftsminister-till-backhaus-eroeffnet-umgestalteten-meiler-und-neuen-fledermauspfad\/","title":{"rendered":"Landwirtschaftsminister Till Backhaus er\u00f6ffnet umgestalteten Meiler und neuen Fledermauspfad"},"content":{"rendered":"<p>Am 25.6.2019\u00a0er\u00f6ffnete Landwirtschaftsminister Till Backhaus die umgestaltete Ausstellung im Naturparkzentrum Karower Meiler. Das Au\u00dfengel\u00e4nde wurde ebenfalls umgestaltet und um viele sch\u00f6ne Details erweitert. Ein Teich wurde geschaffen, der auch gleich durch Rotbauchunken, Libellen und anderen Tieren besiedelt wurde. Hier laden jetzt bei sch\u00f6nem Wetter Liegen zum Verweilen ein.<\/p>\n<p>Im Karower Meiler wurden einige Schautafeln umgestaltet und zwei Dioramen erneuert. Auch k\u00f6nnen die Besucher nun regionale Produkte erwerben.<\/p>\n<p><a href=\"https:\/\/www.naturparkmagazin.de\/nossentiner-schwinzer-heide\/wp-content\/uploads\/sites\/28\/Er\u00f6ffnung_04.jpg\"><img decoding=\"async\" loading=\"lazy\" class=\"alignnone  wp-image-2425\" src=\"https:\/\/www.naturparkmagazin.de\/nossentiner-schwinzer-heide\/wp-content\/uploads\/sites\/28\/Er\u00f6ffnung_04-620x465.jpg\" alt=\"Er\u00f6ffnung_04\" width=\"566\" height=\"424\" srcset=\"https:\/\/www.naturparkmagazin.de\/nossentiner-schwinzer-heide\/wp-content\/uploads\/sites\/28\/Er\u00f6ffnung_04-620x465.jpg 620w, https:\/\/www.naturparkmagazin.de\/nossentiner-schwinzer-heide\/wp-content\/uploads\/sites\/28\/Er\u00f6ffnung_04-300x225.jpg 300w, https:\/\/www.naturparkmagazin.de\/nossentiner-schwinzer-heide\/wp-content\/uploads\/sites\/28\/Er\u00f6ffnung_04-940x705.jpg 940w, https:\/\/www.naturparkmagazin.de\/nossentiner-schwinzer-heide\/wp-content\/uploads\/sites\/28\/Er\u00f6ffnung_04-580x435.jpg 580w, https:\/\/www.naturparkmagazin.de\/nossentiner-schwinzer-heide\/wp-content\/uploads\/sites\/28\/Er\u00f6ffnung_04-420x315.jpg 420w, https:\/\/www.naturparkmagazin.de\/nossentiner-schwinzer-heide\/wp-content\/uploads\/sites\/28\/Er\u00f6ffnung_04-180x135.jpg 180w, https:\/\/www.naturparkmagazin.de\/nossentiner-schwinzer-heide\/wp-content\/uploads\/sites\/28\/Er\u00f6ffnung_04-95x71.jpg 95w, https:\/\/www.naturparkmagazin.de\/nossentiner-schwinzer-heide\/wp-content\/uploads\/sites\/28\/Er\u00f6ffnung_04-670x503.jpg 670w, https:\/\/www.naturparkmagazin.de\/nossentiner-schwinzer-heide\/wp-content\/uploads\/sites\/28\/Er\u00f6ffnung_04-200x150.jpg 200w, https:\/\/www.naturparkmagazin.de\/nossentiner-schwinzer-heide\/wp-content\/uploads\/sites\/28\/Er\u00f6ffnung_04.jpg 1024w\" sizes=\"(max-width: 566px) 100vw, 566px\" \/><\/a><\/p>\n<p>Besonders f\u00fcr Kinder ist der Karower Meiler aber nun ein echtes Highlight: Ein Wasserspielplatz l\u00e4dt zum Spielen und Experimentieren ein. Auch eine Tierfreunde-Werkstatt gibt es. Hier k\u00f6nnen Kinder zum Beispiel Nisthilfen bauen. Auf dem Entdeckerpfad rings um das Besucherzentrum k\u00f6nnen sich die Kinder zum &#8222;Juniorranger auf Entdeckertour&#8220; qualifizieren. &#8211; Die Umgestaltung hatte ein Gesamtvolumen von rund 150.000 \u20ac und wurde \u00fcber die ELER-F\u00f6rderung \/ Infrastruktur-Richtlinie gef\u00f6rdert.<\/p>\n<p>&nbsp;<\/p>\n<p><a href=\"https:\/\/www.naturparkmagazin.de\/nossentiner-schwinzer-heide\/wp-content\/uploads\/sites\/28\/Er\u00f6ffnung_06.jpg\"><img decoding=\"async\" loading=\"lazy\" class=\"alignnone  wp-image-2426\" src=\"https:\/\/www.naturparkmagazin.de\/nossentiner-schwinzer-heide\/wp-content\/uploads\/sites\/28\/Er\u00f6ffnung_06-620x465.jpg\" alt=\"Er\u00f6ffnung_06\" width=\"520\" height=\"390\" srcset=\"https:\/\/www.naturparkmagazin.de\/nossentiner-schwinzer-heide\/wp-content\/uploads\/sites\/28\/Er\u00f6ffnung_06-620x465.jpg 620w, https:\/\/www.naturparkmagazin.de\/nossentiner-schwinzer-heide\/wp-content\/uploads\/sites\/28\/Er\u00f6ffnung_06-300x225.jpg 300w, https:\/\/www.naturparkmagazin.de\/nossentiner-schwinzer-heide\/wp-content\/uploads\/sites\/28\/Er\u00f6ffnung_06-940x705.jpg 940w, https:\/\/www.naturparkmagazin.de\/nossentiner-schwinzer-heide\/wp-content\/uploads\/sites\/28\/Er\u00f6ffnung_06-580x435.jpg 580w, https:\/\/www.naturparkmagazin.de\/nossentiner-schwinzer-heide\/wp-content\/uploads\/sites\/28\/Er\u00f6ffnung_06-420x315.jpg 420w, https:\/\/www.naturparkmagazin.de\/nossentiner-schwinzer-heide\/wp-content\/uploads\/sites\/28\/Er\u00f6ffnung_06-180x135.jpg 180w, https:\/\/www.naturparkmagazin.de\/nossentiner-schwinzer-heide\/wp-content\/uploads\/sites\/28\/Er\u00f6ffnung_06-95x71.jpg 95w, https:\/\/www.naturparkmagazin.de\/nossentiner-schwinzer-heide\/wp-content\/uploads\/sites\/28\/Er\u00f6ffnung_06-670x503.jpg 670w, https:\/\/www.naturparkmagazin.de\/nossentiner-schwinzer-heide\/wp-content\/uploads\/sites\/28\/Er\u00f6ffnung_06-200x150.jpg 200w, https:\/\/www.naturparkmagazin.de\/nossentiner-schwinzer-heide\/wp-content\/uploads\/sites\/28\/Er\u00f6ffnung_06.jpg 1024w\" sizes=\"(max-width: 520px) 100vw, 520px\" \/><\/a><\/p>\n<p>Anschlie\u00dfend wurde der neu geschaffene Fledermauspfad in Bossow durch den Minister er\u00f6ffnet. Hier k\u00f6nnen die Besucher vieles \u00fcber Flederm\u00e4use und ihre Lebensweise lernen. Der Lehrpfad setzt dabei auf Erleben: Wie f\u00fchlt es sich an, sich im Dunkeln zu orientieren? Oder dicht an dicht mit Artgenossen in einem Kasten zu h\u00e4ngen? Tr\u00e4gt der Schall je nach Tonh\u00f6he unterschiedlich weit? Minister Backhaus probierte trotz gro\u00dfer Hitze gleich eine Station selbst aus.<\/p>\n<p>Auch der Fledermauslehrpfad wurde mit rund 50.000 \u20ac durch die Infrastruktur-Richtlinie \/ ELER gef\u00f6rdert.<\/p>\n<p>&nbsp;<\/p>\n<p><a href=\"https:\/\/www.naturparkmagazin.de\/nossentiner-schwinzer-heide\/wp-content\/uploads\/sites\/28\/Bossow_08.jpg\"><img decoding=\"async\" loading=\"lazy\" class=\"alignnone size-medium wp-image-2427\" src=\"https:\/\/www.naturparkmagazin.de\/nossentiner-schwinzer-heide\/wp-content\/uploads\/sites\/28\/Bossow_08-620x465.jpg\" alt=\"Bossow_08\" width=\"620\" height=\"465\" srcset=\"https:\/\/www.naturparkmagazin.de\/nossentiner-schwinzer-heide\/wp-content\/uploads\/sites\/28\/Bossow_08-620x465.jpg 620w, https:\/\/www.naturparkmagazin.de\/nossentiner-schwinzer-heide\/wp-content\/uploads\/sites\/28\/Bossow_08-300x225.jpg 300w, https:\/\/www.naturparkmagazin.de\/nossentiner-schwinzer-heide\/wp-content\/uploads\/sites\/28\/Bossow_08-940x705.jpg 940w, https:\/\/www.naturparkmagazin.de\/nossentiner-schwinzer-heide\/wp-content\/uploads\/sites\/28\/Bossow_08-580x435.jpg 580w, https:\/\/www.naturparkmagazin.de\/nossentiner-schwinzer-heide\/wp-content\/uploads\/sites\/28\/Bossow_08-420x315.jpg 420w, https:\/\/www.naturparkmagazin.de\/nossentiner-schwinzer-heide\/wp-content\/uploads\/sites\/28\/Bossow_08-180x135.jpg 180w, https:\/\/www.naturparkmagazin.de\/nossentiner-schwinzer-heide\/wp-content\/uploads\/sites\/28\/Bossow_08-95x71.jpg 95w, https:\/\/www.naturparkmagazin.de\/nossentiner-schwinzer-heide\/wp-content\/uploads\/sites\/28\/Bossow_08-670x503.jpg 670w, https:\/\/www.naturparkmagazin.de\/nossentiner-schwinzer-heide\/wp-content\/uploads\/sites\/28\/Bossow_08-200x150.jpg 200w, https:\/\/www.naturparkmagazin.de\/nossentiner-schwinzer-heide\/wp-content\/uploads\/sites\/28\/Bossow_08.jpg 1024w\" sizes=\"(max-width: 620px) 100vw, 620px\" \/><\/a><\/p>\n<p><a href=\"https:\/\/www.naturparkmagazin.de\/nossentiner-schwinzer-heide\/wp-content\/uploads\/sites\/28\/Bossow_012.jpg\"><img decoding=\"async\" loading=\"lazy\" class=\"alignnone size-medium wp-image-2429\" src=\"https:\/\/www.naturparkmagazin.de\/nossentiner-schwinzer-heide\/wp-content\/uploads\/sites\/28\/Bossow_012-620x465.jpg\" alt=\"Bossow_012\" width=\"620\" height=\"465\" srcset=\"https:\/\/www.naturparkmagazin.de\/nossentiner-schwinzer-heide\/wp-content\/uploads\/sites\/28\/Bossow_012-620x465.jpg 620w, https:\/\/www.naturparkmagazin.de\/nossentiner-schwinzer-heide\/wp-content\/uploads\/sites\/28\/Bossow_012-300x225.jpg 300w, https:\/\/www.naturparkmagazin.de\/nossentiner-schwinzer-heide\/wp-content\/uploads\/sites\/28\/Bossow_012-940x705.jpg 940w, https:\/\/www.naturparkmagazin.de\/nossentiner-schwinzer-heide\/wp-content\/uploads\/sites\/28\/Bossow_012-580x435.jpg 580w, https:\/\/www.naturparkmagazin.de\/nossentiner-schwinzer-heide\/wp-content\/uploads\/sites\/28\/Bossow_012-420x315.jpg 420w, https:\/\/www.naturparkmagazin.de\/nossentiner-schwinzer-heide\/wp-content\/uploads\/sites\/28\/Bossow_012-180x135.jpg 180w, https:\/\/www.naturparkmagazin.de\/nossentiner-schwinzer-heide\/wp-content\/uploads\/sites\/28\/Bossow_012-95x71.jpg 95w, https:\/\/www.naturparkmagazin.de\/nossentiner-schwinzer-heide\/wp-content\/uploads\/sites\/28\/Bossow_012-670x503.jpg 670w, https:\/\/www.naturparkmagazin.de\/nossentiner-schwinzer-heide\/wp-content\/uploads\/sites\/28\/Bossow_012-200x150.jpg 200w, https:\/\/www.naturparkmagazin.de\/nossentiner-schwinzer-heide\/wp-content\/uploads\/sites\/28\/Bossow_012.jpg 1024w\" sizes=\"(max-width: 620px) 100vw, 620px\" \/><\/a><\/p>\n<p>Die SVZ berichtet ebenfalls \u00fcber dieses Ereignis:<\/p>\n<h2 class=\"NG_titel\">Hoher Besuch zum Auftakt<\/h2>\n<h3 class=\"NG_unterzeile\">Landwirtschaftsminister Till Backhaus er\u00f6ffnet umgestalteten Karower Meiler und Fledermaus<span class=\"bx\">&#8211;<\/span>Pfad in Bossow<\/h3>\n<h4 class=\"NG_ort\">Ein Beitrag von Niels Troelenberg<\/h4>\n<p>Karow. Mecklenburg<span class=\"bx\">&#8211;<\/span>Vorpommerns Landwirtschaftsminister Till Backhaus er\u00f6ffnete gestern Vormittag den umgestalteten Karower Meiler. Im Anschluss fand die Er\u00f6ffnung des Fledermaus<span class=\"bx\">&#8211;<\/span>Pfades in Bossow statt.<\/p>\n<p>Naturparkleiter Ralf Koch sagte zur Begr\u00fc\u00dfung, dass man wieder einen kleinen Abschnitt geschafft habe und, dass es nach 15 Jahren an der Zeit gewesen sei, den Karower Meiler \u201eauch ein bisschen zu entschlacken\u201c.<\/p>\n<p>Backhaus hob die Bedeutung des Naturschutzes hervor und welche Vorteile dadurch f\u00fcr den Tourismus entstehen. So habe man in Mecklenburg beispielsweise die saubersten Seen. Des Weiteren lobte er die gute Arbeit des Naturparks vor allem im Hinblick auf die Nachwuchsarbeit.<\/p>\n<p>Danach f\u00fchrte Mitarbeiterin Kerstin Breuer den Minister \u00fcber die Anlage, die im Jahr von bis zu 15\u00a0000 Menschen besucht wird. Sie wies auf die neuerdings zum Verkauf stehenden regionalen Produkte hin, erkl\u00e4rte das Konzept der umgestalteten Ausstellung und zeigte das neu gestaltete Au\u00dfengel\u00e4nde mit Wasserspielstrecke, Teich und Tierfreundewerkstatt.<\/p>\n<p>Anschlie\u00dfend ging es weiter zum neuen Fledermaus<span class=\"bx\">&#8211;<\/span>Pfad nach Bossow . Das Besondere an dem Pfad ist laut Koch, dass dort nicht nur Schautafeln stehen, sondern, dass Kinder das Leben der Tiere aktiv erleben k\u00f6nnen.<\/p>\n<p>&nbsp;<\/p>\n","protected":false},"excerpt":{"rendered":"<p>Am 25.6.2019\u00a0er\u00f6ffnete Landwirtschaftsminister Till Backhaus die umgestaltete Ausstellung im Naturparkzentrum Karower Meiler. Das Au\u00dfengel\u00e4nde wurde ebenfalls umgestaltet und um viele sch\u00f6ne Details erweitert. Ein Teich wurde geschaffen, der auch gleich durch Rotbauchunken, Libellen und anderen Tieren besiedelt wurde. Hier laden jetzt bei sch\u00f6nem Wetter Liegen zum Verweilen ein. Im Karower Meiler wurden einige Schautafeln umgestaltet<\/p>\n","protected":false},"author":84,"featured_media":2426,"comment_status":"open","ping_status":"open","sticky":false,"template":"","format":"standard","meta":[],"categories":[7],"tags":[],"yoast_head":"<!-- This site is optimized with the Yoast SEO plugin v19.10 - https:\/\/yoast.com\/wordpress\/plugins\/seo\/ -->\n<title>Landwirtschaftsminister Till Backhaus er\u00f6ffnet umgestalteten Meiler und neuen Fledermauspfad - Naturpark Nossentiner\/Schwinzer Heide<\/title>\n<meta name=\"robots\" content=\"index, follow, max-snippet:-1, max-image-preview:large, max-video-preview:-1\" \/>\n<link rel=\"canonical\" href=\"https:\/\/www.naturparkmagazin.de\/nossentiner-schwinzer-heide\/landwirtschaftsminister-till-backhaus-eroeffnet-umgestalteten-meiler-und-neuen-fledermauspfad\/\" \/>\n<meta property=\"og:locale\" content=\"de_DE\" \/>\n<meta property=\"og:type\" content=\"article\" \/>\n<meta property=\"og:title\" content=\"Landwirtschaftsminister Till Backhaus er\u00f6ffnet umgestalteten Meiler und neuen Fledermauspfad - Naturpark Nossentiner\/Schwinzer Heide\" \/>\n<meta property=\"og:description\" content=\"Am 25.6.2019\u00a0er\u00f6ffnete Landwirtschaftsminister Till Backhaus die umgestaltete Ausstellung im Naturparkzentrum Karower Meiler. Das Au\u00dfengel\u00e4nde wurde ebenfalls umgestaltet und um viele sch\u00f6ne Details erweitert. Ein Teich wurde geschaffen, der auch gleich durch Rotbauchunken, Libellen und anderen Tieren besiedelt wurde. Hier laden jetzt bei sch\u00f6nem Wetter Liegen zum Verweilen ein. Im Karower Meiler wurden einige Schautafeln umgestaltet\" \/>\n<meta property=\"og:url\" content=\"https:\/\/www.naturparkmagazin.de\/nossentiner-schwinzer-heide\/landwirtschaftsminister-till-backhaus-eroeffnet-umgestalteten-meiler-und-neuen-fledermauspfad\/\" \/>\n<meta property=\"og:site_name\" content=\"Naturpark Nossentiner\/Schwinzer Heide\" \/>\n<meta property=\"article:published_time\" content=\"2019-06-27T15:21:53+00:00\" \/>\n<meta property=\"article:modified_time\" content=\"2019-07-01T10:54:01+00:00\" \/>\n<meta property=\"og:image\" content=\"https:\/\/www.naturparkmagazin.de\/nossentiner-schwinzer-heide\/wp-content\/uploads\/sites\/28\/Er\u00f6ffnung_06.jpg\" \/>\n\t<meta property=\"og:image:width\" content=\"1024\" \/>\n\t<meta property=\"og:image:height\" content=\"768\" \/>\n\t<meta property=\"og:image:type\" content=\"image\/jpeg\" \/>\n<meta name=\"author\" content=\"evelinkartheuser\" \/>\n<meta name=\"twitter:label1\" content=\"Verfasst von\" \/>\n\t<meta name=\"twitter:data1\" content=\"evelinkartheuser\" \/>\n\t<meta name=\"twitter:label2\" content=\"Gesch\u00e4tzte Lesezeit\" \/>\n\t<meta name=\"twitter:data2\" content=\"2\u00a0Minuten\" \/>\n<script type=\"application\/ld+json\" class=\"yoast-schema-graph\">{\"@context\":\"https:\/\/schema.org\",\"@graph\":[{\"@type\":\"WebPage\",\"@id\":\"https:\/\/www.naturparkmagazin.de\/nossentiner-schwinzer-heide\/landwirtschaftsminister-till-backhaus-eroeffnet-umgestalteten-meiler-und-neuen-fledermauspfad\/\",\"url\":\"https:\/\/www.naturparkmagazin.de\/nossentiner-schwinzer-heide\/landwirtschaftsminister-till-backhaus-eroeffnet-umgestalteten-meiler-und-neuen-fledermauspfad\/\",\"name\":\"Landwirtschaftsminister Till Backhaus er\u00f6ffnet umgestalteten Meiler und neuen Fledermauspfad - Naturpark Nossentiner\/Schwinzer Heide\",\"isPartOf\":{\"@id\":\"https:\/\/www.naturparkmagazin.de\/nossentiner-schwinzer-heide\/#website\"},\"datePublished\":\"2019-06-27T15:21:53+00:00\",\"dateModified\":\"2019-07-01T10:54:01+00:00\",\"author\":{\"@id\":\"https:\/\/www.naturparkmagazin.de\/nossentiner-schwinzer-heide\/#\/schema\/person\/6e5721221b13b6f827e696f29ff18008\"},\"breadcrumb\":{\"@id\":\"https:\/\/www.naturparkmagazin.de\/nossentiner-schwinzer-heide\/landwirtschaftsminister-till-backhaus-eroeffnet-umgestalteten-meiler-und-neuen-fledermauspfad\/#breadcrumb\"},\"inLanguage\":\"de\",\"potentialAction\":[{\"@type\":\"ReadAction\",\"target\":[\"https:\/\/www.naturparkmagazin.de\/nossentiner-schwinzer-heide\/landwirtschaftsminister-till-backhaus-eroeffnet-umgestalteten-meiler-und-neuen-fledermauspfad\/\"]}]},{\"@type\":\"BreadcrumbList\",\"@id\":\"https:\/\/www.naturparkmagazin.de\/nossentiner-schwinzer-heide\/landwirtschaftsminister-till-backhaus-eroeffnet-umgestalteten-meiler-und-neuen-fledermauspfad\/#breadcrumb\",\"itemListElement\":[{\"@type\":\"ListItem\",\"position\":1,\"name\":\"Home\",\"item\":\"https:\/\/www.naturparkmagazin.de\/nossentiner-schwinzer-heide\/\"},{\"@type\":\"ListItem\",\"position\":2,\"name\":\"Landwirtschaftsminister Till Backhaus er\u00f6ffnet umgestalteten Meiler und neuen Fledermauspfad\"}]},{\"@type\":\"WebSite\",\"@id\":\"https:\/\/www.naturparkmagazin.de\/nossentiner-schwinzer-heide\/#website\",\"url\":\"https:\/\/www.naturparkmagazin.de\/nossentiner-schwinzer-heide\/\",\"name\":\"Naturpark Nossentiner\/Schwinzer Heide\",\"description\":\"\",\"potentialAction\":[{\"@type\":\"SearchAction\",\"target\":{\"@type\":\"EntryPoint\",\"urlTemplate\":\"https:\/\/www.naturparkmagazin.de\/nossentiner-schwinzer-heide\/?s={search_term_string}\"},\"query-input\":\"required name=search_term_string\"}],\"inLanguage\":\"de\"},{\"@type\":\"Person\",\"@id\":\"https:\/\/www.naturparkmagazin.de\/nossentiner-schwinzer-heide\/#\/schema\/person\/6e5721221b13b6f827e696f29ff18008\",\"name\":\"evelinkartheuser\",\"url\":\"https:\/\/www.naturparkmagazin.de\/nossentiner-schwinzer-heide\/author\/evelinkartheuser\/\"}]}<\/script>\n<!-- \/ Yoast SEO plugin. -->","yoast_head_json":{"title":"Landwirtschaftsminister Till Backhaus er\u00f6ffnet umgestalteten Meiler und neuen Fledermauspfad - Naturpark Nossentiner\/Schwinzer Heide","robots":{"index":"index","follow":"follow","max-snippet":"max-snippet:-1","max-image-preview":"max-image-preview:large","max-video-preview":"max-video-preview:-1"},"canonical":"https:\/\/www.naturparkmagazin.de\/nossentiner-schwinzer-heide\/landwirtschaftsminister-till-backhaus-eroeffnet-umgestalteten-meiler-und-neuen-fledermauspfad\/","og_locale":"de_DE","og_type":"article","og_title":"Landwirtschaftsminister Till Backhaus er\u00f6ffnet umgestalteten Meiler und neuen Fledermauspfad - Naturpark Nossentiner\/Schwinzer Heide","og_description":"Am 25.6.2019\u00a0er\u00f6ffnete Landwirtschaftsminister Till Backhaus die umgestaltete Ausstellung im Naturparkzentrum Karower Meiler. Das Au\u00dfengel\u00e4nde wurde ebenfalls umgestaltet und um viele sch\u00f6ne Details erweitert. Ein Teich wurde geschaffen, der auch gleich durch Rotbauchunken, Libellen und anderen Tieren besiedelt wurde. Hier laden jetzt bei sch\u00f6nem Wetter Liegen zum Verweilen ein. Im Karower Meiler wurden einige Schautafeln umgestaltet","og_url":"https:\/\/www.naturparkmagazin.de\/nossentiner-schwinzer-heide\/landwirtschaftsminister-till-backhaus-eroeffnet-umgestalteten-meiler-und-neuen-fledermauspfad\/","og_site_name":"Naturpark Nossentiner\/Schwinzer Heide","article_published_time":"2019-06-27T15:21:53+00:00","article_modified_time":"2019-07-01T10:54:01+00:00","og_image":[{"width":1024,"height":768,"url":"https:\/\/www.naturparkmagazin.de\/nossentiner-schwinzer-heide\/wp-content\/uploads\/sites\/28\/Er\u00f6ffnung_06.jpg","type":"image\/jpeg"}],"author":"evelinkartheuser","twitter_misc":{"Verfasst von":"evelinkartheuser","Gesch\u00e4tzte Lesezeit":"2\u00a0Minuten"},"schema":{"@context":"https:\/\/schema.org","@graph":[{"@type":"WebPage","@id":"https:\/\/www.naturparkmagazin.de\/nossentiner-schwinzer-heide\/landwirtschaftsminister-till-backhaus-eroeffnet-umgestalteten-meiler-und-neuen-fledermauspfad\/","url":"https:\/\/www.naturparkmagazin.de\/nossentiner-schwinzer-heide\/landwirtschaftsminister-till-backhaus-eroeffnet-umgestalteten-meiler-und-neuen-fledermauspfad\/","name":"Landwirtschaftsminister Till Backhaus er\u00f6ffnet umgestalteten Meiler und neuen Fledermauspfad - Naturpark Nossentiner\/Schwinzer Heide","isPartOf":{"@id":"https:\/\/www.naturparkmagazin.de\/nossentiner-schwinzer-heide\/#website"},"datePublished":"2019-06-27T15:21:53+00:00","dateModified":"2019-07-01T10:54:01+00:00","author":{"@id":"https:\/\/www.naturparkmagazin.de\/nossentiner-schwinzer-heide\/#\/schema\/person\/6e5721221b13b6f827e696f29ff18008"},"breadcrumb":{"@id":"https:\/\/www.naturparkmagazin.de\/nossentiner-schwinzer-heide\/landwirtschaftsminister-till-backhaus-eroeffnet-umgestalteten-meiler-und-neuen-fledermauspfad\/#breadcrumb"},"inLanguage":"de","potentialAction":[{"@type":"ReadAction","target":["https:\/\/www.naturparkmagazin.de\/nossentiner-schwinzer-heide\/landwirtschaftsminister-till-backhaus-eroeffnet-umgestalteten-meiler-und-neuen-fledermauspfad\/"]}]},{"@type":"BreadcrumbList","@id":"https:\/\/www.naturparkmagazin.de\/nossentiner-schwinzer-heide\/landwirtschaftsminister-till-backhaus-eroeffnet-umgestalteten-meiler-und-neuen-fledermauspfad\/#breadcrumb","itemListElement":[{"@type":"ListItem","position":1,"name":"Home","item":"https:\/\/www.naturparkmagazin.de\/nossentiner-schwinzer-heide\/"},{"@type":"ListItem","position":2,"name":"Landwirtschaftsminister Till Backhaus er\u00f6ffnet umgestalteten Meiler und neuen Fledermauspfad"}]},{"@type":"WebSite","@id":"https:\/\/www.naturparkmagazin.de\/nossentiner-schwinzer-heide\/#website","url":"https:\/\/www.naturparkmagazin.de\/nossentiner-schwinzer-heide\/","name":"Naturpark Nossentiner\/Schwinzer Heide","description":"","potentialAction":[{"@type":"SearchAction","target":{"@type":"EntryPoint","urlTemplate":"https:\/\/www.naturparkmagazin.de\/nossentiner-schwinzer-heide\/?s={search_term_string}"},"query-input":"required name=search_term_string"}],"inLanguage":"de"},{"@type":"Person","@id":"https:\/\/www.naturparkmagazin.de\/nossentiner-schwinzer-heide\/#\/schema\/person\/6e5721221b13b6f827e696f29ff18008","name":"evelinkartheuser","url":"https:\/\/www.naturparkmagazin.de\/nossentiner-schwinzer-heide\/author\/evelinkartheuser\/"}]}},"_links":{"self":[{"href":"https:\/\/www.naturparkmagazin.de\/nossentiner-schwinzer-heide\/wp-json\/wp\/v2\/posts\/2424"}],"collection":[{"href":"https:\/\/www.naturparkmagazin.de\/nossentiner-schwinzer-heide\/wp-json\/wp\/v2\/posts"}],"about":[{"href":"https:\/\/www.naturparkmagazin.de\/nossentiner-schwinzer-heide\/wp-json\/wp\/v2\/types\/post"}],"author":[{"embeddable":true,"href":"https:\/\/www.naturparkmagazin.de\/nossentiner-schwinzer-heide\/wp-json\/wp\/v2\/users\/84"}],"replies":[{"embeddable":true,"href":"https:\/\/www.naturparkmagazin.de\/nossentiner-schwinzer-heide\/wp-json\/wp\/v2\/comments?post=2424"}],"version-history":[{"count":9,"href":"https:\/\/www.naturparkmagazin.de\/nossentiner-schwinzer-heide\/wp-json\/wp\/v2\/posts\/2424\/revisions"}],"predecessor-version":[{"id":2439,"href":"https:\/\/www.naturparkmagazin.de\/nossentiner-schwinzer-heide\/wp-json\/wp\/v2\/posts\/2424\/revisions\/2439"}],"wp:featuredmedia":[{"embeddable":true,"href":"https:\/\/www.naturparkmagazin.de\/nossentiner-schwinzer-heide\/wp-json\/wp\/v2\/media\/2426"}],"wp:attachment":[{"href":"https:\/\/www.naturparkmagazin.de\/nossentiner-schwinzer-heide\/wp-json\/wp\/v2\/media?parent=2424"}],"wp:term":[{"taxonomy":"category","embeddable":true,"href":"https:\/\/www.naturparkmagazin.de\/nossentiner-schwinzer-heide\/wp-json\/wp\/v2\/categories?post=2424"},{"taxonomy":"post_tag","embeddable":true,"href":"https:\/\/www.naturparkmagazin.de\/nossentiner-schwinzer-heide\/wp-json\/wp\/v2\/tags?post=2424"}],"curies":[{"name":"wp","href":"https:\/\/api.w.org\/{rel}","templated":true}]}}