{"id":2443,"date":"2019-07-02T10:01:48","date_gmt":"2019-07-02T08:01:48","guid":{"rendered":"https:\/\/www.naturparkmagazin.de\/nossentiner-schwinzer-heide\/?p=2443"},"modified":"2019-07-02T11:20:40","modified_gmt":"2019-07-02T09:20:40","slug":"neue-ausstellung-wie-der-wolf-ins-buch-kommt-eroeffnung-am-4-7","status":"publish","type":"post","link":"https:\/\/www.naturparkmagazin.de\/nossentiner-schwinzer-heide\/neue-ausstellung-wie-der-wolf-ins-buch-kommt-eroeffnung-am-4-7\/","title":{"rendered":"Neue Ausstellung: Wie der Wolf ins Buch kommt. Er\u00f6ffnung am 4.7."},"content":{"rendered":"<div id=\"attachment_2448\" style=\"width: 630px\" class=\"wp-caption alignnone\"><a href=\"https:\/\/www.naturparkmagazin.de\/nossentiner-schwinzer-heide\/wp-content\/uploads\/sites\/28\/KristinaAndresWolf-.jpg\"><img aria-describedby=\"caption-attachment-2448\" decoding=\"async\" loading=\"lazy\" class=\"wp-image-2448 size-medium\" src=\"https:\/\/www.naturparkmagazin.de\/nossentiner-schwinzer-heide\/wp-content\/uploads\/sites\/28\/KristinaAndresWolf--620x447.jpg\" alt=\"KristinaAndresWolf\" width=\"620\" height=\"447\" srcset=\"https:\/\/www.naturparkmagazin.de\/nossentiner-schwinzer-heide\/wp-content\/uploads\/sites\/28\/KristinaAndresWolf--620x447.jpg 620w, https:\/\/www.naturparkmagazin.de\/nossentiner-schwinzer-heide\/wp-content\/uploads\/sites\/28\/KristinaAndresWolf--300x216.jpg 300w, https:\/\/www.naturparkmagazin.de\/nossentiner-schwinzer-heide\/wp-content\/uploads\/sites\/28\/KristinaAndresWolf--940x677.jpg 940w, https:\/\/www.naturparkmagazin.de\/nossentiner-schwinzer-heide\/wp-content\/uploads\/sites\/28\/KristinaAndresWolf--670x483.jpg 670w, https:\/\/www.naturparkmagazin.de\/nossentiner-schwinzer-heide\/wp-content\/uploads\/sites\/28\/KristinaAndresWolf--200x144.jpg 200w, https:\/\/www.naturparkmagazin.de\/nossentiner-schwinzer-heide\/wp-content\/uploads\/sites\/28\/KristinaAndresWolf-.jpg 1280w\" sizes=\"(max-width: 620px) 100vw, 620px\" \/><\/a><p id=\"caption-attachment-2448\" class=\"wp-caption-text\">(c) Kristina Andres, Illustration aus &#8222;Suppe, satt, es war einmal&#8220;, Hinstorff Verlag Rostock 2018<\/p><\/div>\n<p><a href=\"https:\/\/www.naturparkmagazin.de\/nossentiner-schwinzer-heide\/wp-content\/uploads\/sites\/28\/Plakat_Andres2.jpg\">\u00a0<\/a><\/p>\n<p>Seit Jahrhunderten muss der Wolf in Erz\u00e4hlungen und bildlichen Darstellungen die Rolle des Unbekannten, B\u00f6sen, Unkontrollierbaren \u00fcbernehmen. Auch Matilda, die kleine Heldin in dem Buch \u00bbSuppe, satt, es war einmal\u00ab, bekommt es mit den wilden W\u00f6lfen vor ihrer Haust\u00fcr zu tun. Das Kind findet einen ganz eigenen, charmanten Weg, die Wilden zu b\u00e4ndigen und hat am Ende einen schlafenden Hund unter ihrem Bett &#8230;<\/p>\n<p>Der Naturpark Nossentiner\/Schwinzer Heide zeigt nun, wie der Wolf \u201eins Buch\u201c kommt. Die Ausstellung im Naturparkzentrum Karower Meiler gibt Einblick in das Werden eines Buches von der Skizze bis zur Reinzeichnung. Sie wird vom 4. Juli bis 15. August zu sehen sein.<\/p>\n<p>&nbsp;<\/p>\n<div id=\"attachment_2449\" style=\"width: 234px\" class=\"wp-caption alignright\"><a href=\"https:\/\/www.naturparkmagazin.de\/nossentiner-schwinzer-heide\/wp-content\/uploads\/sites\/28\/KristinaAndres2019_Foto-.jpg\"><img aria-describedby=\"caption-attachment-2449\" decoding=\"async\" loading=\"lazy\" class=\"  wp-image-2449\" src=\"https:\/\/www.naturparkmagazin.de\/nossentiner-schwinzer-heide\/wp-content\/uploads\/sites\/28\/KristinaAndres2019_Foto--620x608.jpg\" alt=\"KristinaAndres2019_Foto\" width=\"224\" height=\"220\" srcset=\"https:\/\/www.naturparkmagazin.de\/nossentiner-schwinzer-heide\/wp-content\/uploads\/sites\/28\/KristinaAndres2019_Foto--620x608.jpg 620w, https:\/\/www.naturparkmagazin.de\/nossentiner-schwinzer-heide\/wp-content\/uploads\/sites\/28\/KristinaAndres2019_Foto--300x294.jpg 300w, https:\/\/www.naturparkmagazin.de\/nossentiner-schwinzer-heide\/wp-content\/uploads\/sites\/28\/KristinaAndres2019_Foto--940x921.jpg 940w, https:\/\/www.naturparkmagazin.de\/nossentiner-schwinzer-heide\/wp-content\/uploads\/sites\/28\/KristinaAndres2019_Foto--30x30.jpg 30w, https:\/\/www.naturparkmagazin.de\/nossentiner-schwinzer-heide\/wp-content\/uploads\/sites\/28\/KristinaAndres2019_Foto--670x657.jpg 670w, https:\/\/www.naturparkmagazin.de\/nossentiner-schwinzer-heide\/wp-content\/uploads\/sites\/28\/KristinaAndres2019_Foto--200x196.jpg 200w, https:\/\/www.naturparkmagazin.de\/nossentiner-schwinzer-heide\/wp-content\/uploads\/sites\/28\/KristinaAndres2019_Foto-.jpg 1045w\" sizes=\"(max-width: 224px) 100vw, 224px\" \/><\/a><p id=\"caption-attachment-2449\" class=\"wp-caption-text\">K\u00fcnstlerin Kristina Andres. Foto: Thomas Gallien<\/p><\/div>\n<p>Die K\u00fcnstlerin Kristina Andres studierte Malerei und Grafik an der Hochschule f\u00fcr Bildende K\u00fcnste in Hamburg. Seit 15 Jahren zeichnet und schreibt sie haupts\u00e4chlich B\u00fccher f\u00fcr Kinder. Ihre B\u00fccher wurden und werden in viele Sprachen \u00fcbersetzt und sind bereits vielfach ausgezeichnet. Tiere spielen in ihren Werken eine gro\u00dfe Rolle, wie zum Beispiel der Wolf, der ja in letzter Zeit auch hier die Gem\u00fcter bewegt. \u00bbWir sind uns alle \u00e4hnlich in dem, was wir tun. Egal, ob wir auf zwei oder vier oder mehr Beinen unterwegs sind. Davon m\u00f6chte ich erz\u00e4hlen. Denn wenn wir nicht begreifen, dass das Tier neben uns denkt und f\u00fchlt, wie soll sich unser Umgang mit der Natur \u00e4ndern? Und \u00e4ndern muss er sich, ansonsten wird die Welt, wie wir sie kennen, auf immer verloren gehen.\u00ab, sagt die K\u00fcnstlerin.Die Ausstellung wird am Donnerstag, 4. Juli 2019, \u00a0um 17.00 Uhr er\u00f6ffnet. Dabei wird die K\u00fcnstlerin aus ihrem Werk lesen. Interessierte sind herzlich willkommen.<\/p>\n<p>&nbsp;<\/p>\n<p><a href=\"https:\/\/www.naturparkmagazin.de\/nossentiner-schwinzer-heide\/wp-content\/uploads\/sites\/28\/Plakat_Andres2.jpg\"><img decoding=\"async\" loading=\"lazy\" class=\"alignnone size-medium wp-image-2453\" src=\"https:\/\/www.naturparkmagazin.de\/nossentiner-schwinzer-heide\/wp-content\/uploads\/sites\/28\/Plakat_Andres2-620x876.jpg\" alt=\"Plakat_Andres\" width=\"620\" height=\"876\" srcset=\"https:\/\/www.naturparkmagazin.de\/nossentiner-schwinzer-heide\/wp-content\/uploads\/sites\/28\/Plakat_Andres2-620x876.jpg 620w, https:\/\/www.naturparkmagazin.de\/nossentiner-schwinzer-heide\/wp-content\/uploads\/sites\/28\/Plakat_Andres2-300x424.jpg 300w, https:\/\/www.naturparkmagazin.de\/nossentiner-schwinzer-heide\/wp-content\/uploads\/sites\/28\/Plakat_Andres2-940x1328.jpg 940w, https:\/\/www.naturparkmagazin.de\/nossentiner-schwinzer-heide\/wp-content\/uploads\/sites\/28\/Plakat_Andres2-670x946.jpg 670w, https:\/\/www.naturparkmagazin.de\/nossentiner-schwinzer-heide\/wp-content\/uploads\/sites\/28\/Plakat_Andres2-200x282.jpg 200w\" sizes=\"(max-width: 620px) 100vw, 620px\" \/><\/a><\/p>\n<p>&nbsp;<\/p>\n<p>&nbsp;<\/p>\n<p>&nbsp;<\/p>\n<p>&nbsp;<\/p>\n","protected":false},"excerpt":{"rendered":"<p>\u00a0 Seit Jahrhunderten muss der Wolf in Erz\u00e4hlungen und bildlichen Darstellungen die Rolle des Unbekannten, B\u00f6sen, Unkontrollierbaren \u00fcbernehmen. Auch Matilda, die kleine Heldin in dem Buch \u00bbSuppe, satt, es war einmal\u00ab, bekommt es mit den wilden W\u00f6lfen vor ihrer Haust\u00fcr zu tun. Das Kind findet einen ganz eigenen, charmanten Weg, die Wilden zu b\u00e4ndigen und<\/p>\n","protected":false},"author":84,"featured_media":2453,"comment_status":"open","ping_status":"open","sticky":false,"template":"","format":"standard","meta":[],"categories":[617],"tags":[],"yoast_head":"<!-- This site is optimized with the Yoast SEO plugin v19.10 - https:\/\/yoast.com\/wordpress\/plugins\/seo\/ -->\n<title>Neue Ausstellung: Wie der Wolf ins Buch kommt. Er\u00f6ffnung am 4.7. - Naturpark Nossentiner\/Schwinzer Heide<\/title>\n<meta name=\"robots\" content=\"index, follow, max-snippet:-1, max-image-preview:large, max-video-preview:-1\" \/>\n<link rel=\"canonical\" href=\"https:\/\/www.naturparkmagazin.de\/nossentiner-schwinzer-heide\/neue-ausstellung-wie-der-wolf-ins-buch-kommt-eroeffnung-am-4-7\/\" \/>\n<meta property=\"og:locale\" content=\"de_DE\" \/>\n<meta property=\"og:type\" content=\"article\" \/>\n<meta property=\"og:title\" content=\"Neue Ausstellung: Wie der Wolf ins Buch kommt. Er\u00f6ffnung am 4.7. - Naturpark Nossentiner\/Schwinzer Heide\" \/>\n<meta property=\"og:description\" content=\"\u00a0 Seit Jahrhunderten muss der Wolf in Erz\u00e4hlungen und bildlichen Darstellungen die Rolle des Unbekannten, B\u00f6sen, Unkontrollierbaren \u00fcbernehmen. Auch Matilda, die kleine Heldin in dem Buch \u00bbSuppe, satt, es war einmal\u00ab, bekommt es mit den wilden W\u00f6lfen vor ihrer Haust\u00fcr zu tun. Das Kind findet einen ganz eigenen, charmanten Weg, die Wilden zu b\u00e4ndigen und\" \/>\n<meta property=\"og:url\" content=\"https:\/\/www.naturparkmagazin.de\/nossentiner-schwinzer-heide\/neue-ausstellung-wie-der-wolf-ins-buch-kommt-eroeffnung-am-4-7\/\" \/>\n<meta property=\"og:site_name\" content=\"Naturpark Nossentiner\/Schwinzer Heide\" \/>\n<meta property=\"article:published_time\" content=\"2019-07-02T08:01:48+00:00\" \/>\n<meta property=\"article:modified_time\" content=\"2019-07-02T09:20:40+00:00\" \/>\n<meta property=\"og:image\" content=\"https:\/\/www.naturparkmagazin.de\/nossentiner-schwinzer-heide\/wp-content\/uploads\/sites\/28\/Plakat_Andres2.jpg\" \/>\n\t<meta property=\"og:image:width\" content=\"2488\" \/>\n\t<meta property=\"og:image:height\" content=\"3514\" \/>\n\t<meta property=\"og:image:type\" content=\"image\/jpeg\" \/>\n<meta name=\"author\" content=\"evelinkartheuser\" \/>\n<meta name=\"twitter:label1\" content=\"Verfasst von\" \/>\n\t<meta name=\"twitter:data1\" content=\"evelinkartheuser\" \/>\n\t<meta name=\"twitter:label2\" content=\"Gesch\u00e4tzte Lesezeit\" \/>\n\t<meta name=\"twitter:data2\" content=\"2\u00a0Minuten\" \/>\n<script type=\"application\/ld+json\" class=\"yoast-schema-graph\">{\"@context\":\"https:\/\/schema.org\",\"@graph\":[{\"@type\":\"WebPage\",\"@id\":\"https:\/\/www.naturparkmagazin.de\/nossentiner-schwinzer-heide\/neue-ausstellung-wie-der-wolf-ins-buch-kommt-eroeffnung-am-4-7\/\",\"url\":\"https:\/\/www.naturparkmagazin.de\/nossentiner-schwinzer-heide\/neue-ausstellung-wie-der-wolf-ins-buch-kommt-eroeffnung-am-4-7\/\",\"name\":\"Neue Ausstellung: Wie der Wolf ins Buch kommt. Er\u00f6ffnung am 4.7. - Naturpark Nossentiner\/Schwinzer Heide\",\"isPartOf\":{\"@id\":\"https:\/\/www.naturparkmagazin.de\/nossentiner-schwinzer-heide\/#website\"},\"datePublished\":\"2019-07-02T08:01:48+00:00\",\"dateModified\":\"2019-07-02T09:20:40+00:00\",\"author\":{\"@id\":\"https:\/\/www.naturparkmagazin.de\/nossentiner-schwinzer-heide\/#\/schema\/person\/6e5721221b13b6f827e696f29ff18008\"},\"breadcrumb\":{\"@id\":\"https:\/\/www.naturparkmagazin.de\/nossentiner-schwinzer-heide\/neue-ausstellung-wie-der-wolf-ins-buch-kommt-eroeffnung-am-4-7\/#breadcrumb\"},\"inLanguage\":\"de\",\"potentialAction\":[{\"@type\":\"ReadAction\",\"target\":[\"https:\/\/www.naturparkmagazin.de\/nossentiner-schwinzer-heide\/neue-ausstellung-wie-der-wolf-ins-buch-kommt-eroeffnung-am-4-7\/\"]}]},{\"@type\":\"BreadcrumbList\",\"@id\":\"https:\/\/www.naturparkmagazin.de\/nossentiner-schwinzer-heide\/neue-ausstellung-wie-der-wolf-ins-buch-kommt-eroeffnung-am-4-7\/#breadcrumb\",\"itemListElement\":[{\"@type\":\"ListItem\",\"position\":1,\"name\":\"Home\",\"item\":\"https:\/\/www.naturparkmagazin.de\/nossentiner-schwinzer-heide\/\"},{\"@type\":\"ListItem\",\"position\":2,\"name\":\"Neue Ausstellung: Wie der Wolf ins Buch kommt. Er\u00f6ffnung am 4.7.\"}]},{\"@type\":\"WebSite\",\"@id\":\"https:\/\/www.naturparkmagazin.de\/nossentiner-schwinzer-heide\/#website\",\"url\":\"https:\/\/www.naturparkmagazin.de\/nossentiner-schwinzer-heide\/\",\"name\":\"Naturpark Nossentiner\/Schwinzer Heide\",\"description\":\"\",\"potentialAction\":[{\"@type\":\"SearchAction\",\"target\":{\"@type\":\"EntryPoint\",\"urlTemplate\":\"https:\/\/www.naturparkmagazin.de\/nossentiner-schwinzer-heide\/?s={search_term_string}\"},\"query-input\":\"required name=search_term_string\"}],\"inLanguage\":\"de\"},{\"@type\":\"Person\",\"@id\":\"https:\/\/www.naturparkmagazin.de\/nossentiner-schwinzer-heide\/#\/schema\/person\/6e5721221b13b6f827e696f29ff18008\",\"name\":\"evelinkartheuser\",\"url\":\"https:\/\/www.naturparkmagazin.de\/nossentiner-schwinzer-heide\/author\/evelinkartheuser\/\"}]}<\/script>\n<!-- \/ Yoast SEO plugin. -->","yoast_head_json":{"title":"Neue Ausstellung: Wie der Wolf ins Buch kommt. Er\u00f6ffnung am 4.7. - Naturpark Nossentiner\/Schwinzer Heide","robots":{"index":"index","follow":"follow","max-snippet":"max-snippet:-1","max-image-preview":"max-image-preview:large","max-video-preview":"max-video-preview:-1"},"canonical":"https:\/\/www.naturparkmagazin.de\/nossentiner-schwinzer-heide\/neue-ausstellung-wie-der-wolf-ins-buch-kommt-eroeffnung-am-4-7\/","og_locale":"de_DE","og_type":"article","og_title":"Neue Ausstellung: Wie der Wolf ins Buch kommt. Er\u00f6ffnung am 4.7. - Naturpark Nossentiner\/Schwinzer Heide","og_description":"\u00a0 Seit Jahrhunderten muss der Wolf in Erz\u00e4hlungen und bildlichen Darstellungen die Rolle des Unbekannten, B\u00f6sen, Unkontrollierbaren \u00fcbernehmen. Auch Matilda, die kleine Heldin in dem Buch \u00bbSuppe, satt, es war einmal\u00ab, bekommt es mit den wilden W\u00f6lfen vor ihrer Haust\u00fcr zu tun. Das Kind findet einen ganz eigenen, charmanten Weg, die Wilden zu b\u00e4ndigen und","og_url":"https:\/\/www.naturparkmagazin.de\/nossentiner-schwinzer-heide\/neue-ausstellung-wie-der-wolf-ins-buch-kommt-eroeffnung-am-4-7\/","og_site_name":"Naturpark Nossentiner\/Schwinzer Heide","article_published_time":"2019-07-02T08:01:48+00:00","article_modified_time":"2019-07-02T09:20:40+00:00","og_image":[{"width":2488,"height":3514,"url":"https:\/\/www.naturparkmagazin.de\/nossentiner-schwinzer-heide\/wp-content\/uploads\/sites\/28\/Plakat_Andres2.jpg","type":"image\/jpeg"}],"author":"evelinkartheuser","twitter_misc":{"Verfasst von":"evelinkartheuser","Gesch\u00e4tzte Lesezeit":"2\u00a0Minuten"},"schema":{"@context":"https:\/\/schema.org","@graph":[{"@type":"WebPage","@id":"https:\/\/www.naturparkmagazin.de\/nossentiner-schwinzer-heide\/neue-ausstellung-wie-der-wolf-ins-buch-kommt-eroeffnung-am-4-7\/","url":"https:\/\/www.naturparkmagazin.de\/nossentiner-schwinzer-heide\/neue-ausstellung-wie-der-wolf-ins-buch-kommt-eroeffnung-am-4-7\/","name":"Neue Ausstellung: Wie der Wolf ins Buch kommt. Er\u00f6ffnung am 4.7. - Naturpark Nossentiner\/Schwinzer Heide","isPartOf":{"@id":"https:\/\/www.naturparkmagazin.de\/nossentiner-schwinzer-heide\/#website"},"datePublished":"2019-07-02T08:01:48+00:00","dateModified":"2019-07-02T09:20:40+00:00","author":{"@id":"https:\/\/www.naturparkmagazin.de\/nossentiner-schwinzer-heide\/#\/schema\/person\/6e5721221b13b6f827e696f29ff18008"},"breadcrumb":{"@id":"https:\/\/www.naturparkmagazin.de\/nossentiner-schwinzer-heide\/neue-ausstellung-wie-der-wolf-ins-buch-kommt-eroeffnung-am-4-7\/#breadcrumb"},"inLanguage":"de","potentialAction":[{"@type":"ReadAction","target":["https:\/\/www.naturparkmagazin.de\/nossentiner-schwinzer-heide\/neue-ausstellung-wie-der-wolf-ins-buch-kommt-eroeffnung-am-4-7\/"]}]},{"@type":"BreadcrumbList","@id":"https:\/\/www.naturparkmagazin.de\/nossentiner-schwinzer-heide\/neue-ausstellung-wie-der-wolf-ins-buch-kommt-eroeffnung-am-4-7\/#breadcrumb","itemListElement":[{"@type":"ListItem","position":1,"name":"Home","item":"https:\/\/www.naturparkmagazin.de\/nossentiner-schwinzer-heide\/"},{"@type":"ListItem","position":2,"name":"Neue Ausstellung: Wie der Wolf ins Buch kommt. Er\u00f6ffnung am 4.7."}]},{"@type":"WebSite","@id":"https:\/\/www.naturparkmagazin.de\/nossentiner-schwinzer-heide\/#website","url":"https:\/\/www.naturparkmagazin.de\/nossentiner-schwinzer-heide\/","name":"Naturpark Nossentiner\/Schwinzer Heide","description":"","potentialAction":[{"@type":"SearchAction","target":{"@type":"EntryPoint","urlTemplate":"https:\/\/www.naturparkmagazin.de\/nossentiner-schwinzer-heide\/?s={search_term_string}"},"query-input":"required name=search_term_string"}],"inLanguage":"de"},{"@type":"Person","@id":"https:\/\/www.naturparkmagazin.de\/nossentiner-schwinzer-heide\/#\/schema\/person\/6e5721221b13b6f827e696f29ff18008","name":"evelinkartheuser","url":"https:\/\/www.naturparkmagazin.de\/nossentiner-schwinzer-heide\/author\/evelinkartheuser\/"}]}},"_links":{"self":[{"href":"https:\/\/www.naturparkmagazin.de\/nossentiner-schwinzer-heide\/wp-json\/wp\/v2\/posts\/2443"}],"collection":[{"href":"https:\/\/www.naturparkmagazin.de\/nossentiner-schwinzer-heide\/wp-json\/wp\/v2\/posts"}],"about":[{"href":"https:\/\/www.naturparkmagazin.de\/nossentiner-schwinzer-heide\/wp-json\/wp\/v2\/types\/post"}],"author":[{"embeddable":true,"href":"https:\/\/www.naturparkmagazin.de\/nossentiner-schwinzer-heide\/wp-json\/wp\/v2\/users\/84"}],"replies":[{"embeddable":true,"href":"https:\/\/www.naturparkmagazin.de\/nossentiner-schwinzer-heide\/wp-json\/wp\/v2\/comments?post=2443"}],"version-history":[{"count":8,"href":"https:\/\/www.naturparkmagazin.de\/nossentiner-schwinzer-heide\/wp-json\/wp\/v2\/posts\/2443\/revisions"}],"predecessor-version":[{"id":2456,"href":"https:\/\/www.naturparkmagazin.de\/nossentiner-schwinzer-heide\/wp-json\/wp\/v2\/posts\/2443\/revisions\/2456"}],"wp:featuredmedia":[{"embeddable":true,"href":"https:\/\/www.naturparkmagazin.de\/nossentiner-schwinzer-heide\/wp-json\/wp\/v2\/media\/2453"}],"wp:attachment":[{"href":"https:\/\/www.naturparkmagazin.de\/nossentiner-schwinzer-heide\/wp-json\/wp\/v2\/media?parent=2443"}],"wp:term":[{"taxonomy":"category","embeddable":true,"href":"https:\/\/www.naturparkmagazin.de\/nossentiner-schwinzer-heide\/wp-json\/wp\/v2\/categories?post=2443"},{"taxonomy":"post_tag","embeddable":true,"href":"https:\/\/www.naturparkmagazin.de\/nossentiner-schwinzer-heide\/wp-json\/wp\/v2\/tags?post=2443"}],"curies":[{"name":"wp","href":"https:\/\/api.w.org\/{rel}","templated":true}]}}